{"id":14194,"date":"2025-07-10T11:16:04","date_gmt":"2025-07-10T09:16:04","guid":{"rendered":"https:\/\/www.comundi.fr\/mag-des-competences\/?p=14194"},"modified":"2025-07-10T12:43:09","modified_gmt":"2025-07-10T10:43:09","slug":"pourquoi-investir-dans-la-formation-des-soft-skills-pendant-la-saison-creuse","status":"publish","type":"post","link":"https:\/\/www.comundi.fr\/mag-des-competences\/pourquoi-investir-dans-la-formation-des-soft-skills-pendant-la-saison-creuse\/","title":{"rendered":"Pourquoi investir dans la formation des soft skills pendant la saison creuse ?"},"content":{"rendered":"\n<p>Pour exercer un m\u00e9tier, les hard skills, qui regroupent l&rsquo;expertise technique et les comp\u00e9tences m\u00e9thodologiques, tiennent une place centrale. Pourtant, de nos jours, ils ne suffisent plus pour \u00e9voluer dans un contexte de pluralit\u00e9 et de complexit\u00e9 accrue. Les comp\u00e9tences comportementales jouent aussi un r\u00f4le primordial. Elles sont indispensables pour faire face aux changements rapides et permanents du monde professionnel qui g\u00e9n\u00e8rent des incertitudes. Aussi, <strong>investir dans une <a href=\"https:\/\/www.comundi.fr\/developpement-personnel.html\">formation soft skills<\/a> pendant la saison creuse devient une n\u00e9cessit\u00e9.<\/strong><\/p>\n\n\n\n<h2>Les soft skills comme garants de l&#8217;employabilit\u00e9 et de l&rsquo;\u00e9panouissement au travail<\/h2>\n\n\n\n<p>Dans le monde du travail actuel, le savoir-faire m\u00e9tier n&rsquo;assure plus le succ\u00e8s professionnel. Aussi dou\u00e9 soit un collaborateur, <strong><a href=\"https:\/\/www.comundi.fr\/mag-des-competences\/les-soft-skills-dans-lentreprise\/\">les comp\u00e9tences relationnelles et interpersonnelles sont incontournables<\/a>.<\/strong> Les recruteurs les priorisent d\u00e9sormais. Selon les statistiques reprises par l&rsquo;OCDE, les hard skills sont une dur\u00e9e de vie allant de 12 \u00e0 18 mois, tandis que les comp\u00e9tences douces ne d\u00e9clinent que peu. Suivre une <strong>formation soft skills pendant les vacances <\/strong>constitue ainsi un investissement utile \u00e0 court comme \u00e0 long terme.<\/p>\n\n\n\n<p>Un capital \u00e9lev\u00e9 de comp\u00e9tences comportementales vous permet de mieux vous adapter aux diverses transformations du monde professionnel. L&rsquo;adaptabilit\u00e9 vous rend beaucoup plus r\u00e9silient face aux changements. Plus ouvert aux progr\u00e8s incessants de la technologie, vous devenez plus performant dans votre vie quotidienne. De ce fait, elles contribuent aussi \u00e0 votre \u00e9panouissement. D&rsquo;une part, <strong>elles favorisent la r\u00e9alisation de soi et participent activement \u00e0 l&rsquo;\u00e9quilibre personnel<\/strong>. D&rsquo;autre part, elles vous permettent de rester un \u00e9l\u00e9ment cl\u00e9 pour votre entreprise.<\/p>\n\n\n\n<h2>Les comp\u00e9tences humaines et comportementales pour la mobilit\u00e9 professionnelle<\/h2>\n\n\n\n<p>Les nombreuses avanc\u00e9es technologiques de ces derni\u00e8res d\u00e9cennies modifient in\u00e9luctablement les processus organisationnels et core business, ainsi que les strat\u00e9gies des entreprises. La transformation digitale et l&rsquo;automatisation des t\u00e2ches les obligent \u00e0 adopter des modalit\u00e9s de travail innovantes. De m\u00eame, de nouveaux profils \u00e9mergent pour combler les besoins. En d&rsquo;autres termes, la requalification et la reconversion dans les 5 \u00e0 10 ann\u00e9es \u00e0 venir constituent une r\u00e9elle n\u00e9cessit\u00e9 pour 50 % des employ\u00e9s.<\/p>\n\n\n\n<p>Par ailleurs, l&rsquo;\u00e9volution des emplois de demain incite la majorit\u00e9 des recruteurs \u00e0 anticiper d\u00e8s maintenant les demandes des employeurs. Le rapport du Forum \u00e9conomique mondial pr\u00e9voit la suppression de 92&nbsp;millions d\u2019emplois dans le monde et la cr\u00e9ation de 170&nbsp;millions de nouveaux postes d\u2019ici \u00e0 2030. En revanche, L\u2019IA demeure \u00e0 ce jour incapable de remplacer l&rsquo;Homme et ses \u00e9motions.<a href=\"https:\/\/www.comundi.fr\/mag-des-competences\/ia-comment-rester-indispensable-dans-un-monde-ou-la-technologie-evolue-a-toute-vitesse\/\"> C\u2019est pourquoi une <strong>formation soft skills pendant les vacances<\/strong> <strong>est un moyen privil\u00e9gi\u00e9 pour faire face \u00e0 ce profond bouleversement des besoins en ressources humaines<\/strong><\/a>.<\/p>\n\n\n\n<h2>Un vaste \u00e9ventail de formats de formation pour des besoins et des objectifs vari\u00e9s<\/h2>\n\n\n\n<p>Entre charge de travail \u00e9lev\u00e9e et obligations personnelles, il vous est souvent difficile de trouver du temps pour vous former. Les p\u00e9riodes creuses peuvent \u00eatre le moment id\u00e9al. Diff\u00e9rents formats existent pour vous permettre d&rsquo;acqu\u00e9rir ou de renforcer vos comp\u00e9tences douces.<\/p>\n\n\n\n<h3>Coaching<\/h3>\n\n\n\n<p>Il s&rsquo;agit d&rsquo;une m\u00e9thode de formation individualis\u00e9e qui poss\u00e8de plusieurs atouts. D&rsquo;abord, le coach met en place un accompagnement sur mesure en fonction des objectifs fix\u00e9s au d\u00e9part. Ensuite, le coaching favorise une mont\u00e9e en comp\u00e9tences en ad\u00e9quation avec les besoins sp\u00e9cifiques identifi\u00e9s.<\/p>\n\n\n\n<h3>Atelier collaboratif<\/h3>\n\n\n\n<p>Les ateliers collaboratifs privil\u00e9gient une d\u00e9marche bas\u00e9e sur le partage d&rsquo;exp\u00e9rience pour aider les participants \u00e0 progresser. Chacun apporte ainsi son v\u00e9cu avec des cas pratiques. Ils peuvent prendre la forme d&rsquo;un atelier entre pairs, d&rsquo;un atelier de co-d\u00e9veloppement, d&rsquo;un s\u00e9minaire, d&rsquo;un webinaire, etc.<\/p>\n\n\n\n<h3>Formation courte<\/h3>\n\n\n\n<p>Les formations de courte dur\u00e9e connaissent \u00e0 l&rsquo;heure actuelle un essor important. Plus impactantes et plus adapt\u00e9es aux besoins des salari\u00e9s, elles pr\u00e9sentent un double avantage. Elles r\u00e9pondent \u00e0 l&rsquo;imp\u00e9ratif d&rsquo;optimisation du d\u00e9lai de formation tout en permettant une mise en pratique rapide.<\/p>\n\n\n\n<h2>Les comp\u00e9tences comportementales cl\u00e9s b\u00e9n\u00e9fiques pour l&rsquo;individu et son \u00e9quipe<\/h2>\n\n\n\n<p>Les comp\u00e9tences douces ont longtemps \u00e9t\u00e9 consid\u00e9r\u00e9es comme partie int\u00e9grante de la nature et de la personnalit\u00e9 d&rsquo;un individu. Autrement dit, elles ne peuvent faire l&rsquo;objet d&rsquo;un apprentissage. Pourtant, cette id\u00e9e est fausse car il est possible d\u2019acqu\u00e9rir ces comp\u00e9tences gr\u00e2ce \u00e0 des formations. Vous pouvez faire votre choix de formation en fonction de vos priorit\u00e9s et de vos objectifs. Voici les soft skills les plus recherch\u00e9es aujourd\u2019hui.<\/p>\n\n\n\n<h3>La communication<\/h3>\n\n\n\n<p>Pr\u00e9sente partout dans notre quotidien, aussi bien au travail que dans la vie priv\u00e9e, la communication tient une place pr\u00e9pond\u00e9rante pour votre int\u00e9gration dans une nouvelle structure. Une<a href=\"https:\/\/www.comundi.fr\/mag-des-competences\/comment-bien-communiquer-dans-une-equipe\/\"> \u00e9quipe qui fonctionne est une \u00e9quipe qui sait bien communiquer. <\/a>La communication repr\u00e9sente le socle d&rsquo;une culture de travail flexible et satisfaisante gr\u00e2ce au partage et \u00e0 la remont\u00e9e d&rsquo;informations pertinentes. <a href=\"https:\/\/www.comundi.fr\/mag-des-competences\/pourquoi-miser-sur-les-soft-skills-pour-construire-des-equipes-performantes\/\">Elle est essentielle \u00e0 la performance de l\u2019entreprise.<\/a><\/p>\n\n\n\n<h3>L\u2019adaptabilit\u00e9<\/h3>\n\n\n\n<p>Comp\u00e9tence souvent sous-estim\u00e9e, l&rsquo;adaptabilit\u00e9 reste pourtant cruciale pour votre r\u00e9ussite au travail. Elle fait r\u00e9f\u00e9rence \u00e0 votre capacit\u00e9 d&rsquo;apprentissage et d&rsquo;assimilation dans un nouveau domaine. Elle inclut aussi le renforcement des acquis, la flexibilit\u00e9 et l&rsquo;adoption de nouveaux comportements par rapport \u00e0 des situations changeantes.<\/p>\n\n\n\n<h3>L\u2019esprit critique<\/h3>\n\n\n\n<p>Quels que soient votre poste et votre r\u00f4le au sein d&rsquo;une entreprise, avoir l&rsquo;esprit critique vous aide \u00e0 trouver des solutions novatrices. Vous remettez en question les id\u00e9es et les concepts \u00e9tablis dans l&rsquo;organisation. Vous prenez le temps de faire des analyses structur\u00e9es et approfondies pour des r\u00e9sultats cr\u00e9atifs.<\/p>\n\n\n\n<h3>La cr\u00e9ativit\u00e9<\/h3>\n\n\n\n<p><a href=\"https:\/\/www.comundi.fr\/mag-des-competences\/comment-developper-sa-creativite-au-travail-et-cultiver-lesprit-dinnovation\/\">La cr\u00e9ativit\u00e9 <\/a>figure sans nul doute parmi les comp\u00e9tences humaines les plus importantes dans le monde professionnel. Elle vous incite \u00e0 sortir des sentiers battus et travailler de concert pour aboutir \u00e0 des innovations. Plusieurs formations permettent d&rsquo;acqu\u00e9rir des comp\u00e9tences cr\u00e9atives comme le mind-mapping et la pens\u00e9e imaginative.<\/p>\n\n\n\n<p>Faire une <strong>formation au soft skills pendant la saison creuse vous permet donc de profiter d\u2019un moment d\u2019accalmie pour acqu\u00e9rir ou renforcer vos comp\u00e9tences<\/strong> tout en limitant l\u2019impact de votre absence sur votre travail.<\/p>\n","protected":false},"excerpt":{"rendered":"<p>Pour exercer un m\u00e9tier, les hard skills, qui regroupent l&rsquo;expertise technique et les comp\u00e9tences m\u00e9thodologiques, tiennent une place centrale. Pourtant, de nos jours, ils ne suffisent plus pour \u00e9voluer dans un contexte de pluralit\u00e9 et de complexit\u00e9 accrue. Les comp\u00e9tences comportementales jouent aussi un r\u00f4le primordial. Elles sont indispensables pour faire face aux changements rapides [&hellip;]<\/p>\n","protected":false},"author":8,"featured_media":11797,"comment_status":"open","ping_status":"open","sticky":false,"template":"","format":"standard","meta":{"_mi_skip_tracking":false},"categories":[185,201],"yoast_head":"<!-- This site is optimized with the Yoast SEO plugin v16.1 - https:\/\/yoast.com\/wordpress\/plugins\/seo\/ -->\n<title>Pourquoi investir dans la formation des soft skills pendant la saison creuse ? - Mag des comp\u00e9tences - Comundi<\/title>\n<meta name=\"description\" content=\"Les soft skills sont d\u00e9sormais essentielles. D\u00e9couvrez pourquoi et comment investir dans une formation soft skills pendant la saison creuse.\" \/>\n<meta name=\"robots\" content=\"index, follow, max-snippet:-1, max-image-preview:large, max-video-preview:-1\" \/>\n<link rel=\"canonical\" href=\"https:\/\/www.comundi.fr\/mag-des-competences\/pourquoi-investir-dans-la-formation-des-soft-skills-pendant-la-saison-creuse\/\" \/>\n<meta property=\"og:locale\" content=\"fr_FR\" \/>\n<meta property=\"og:type\" content=\"article\" \/>\n<meta property=\"og:title\" content=\"Pourquoi investir dans la formation des soft skills pendant la saison creuse ? - Mag des comp\u00e9tences - Comundi\" \/>\n<meta property=\"og:description\" content=\"Les soft skills sont d\u00e9sormais essentielles. D\u00e9couvrez pourquoi et comment investir dans une formation soft skills pendant la saison creuse.\" \/>\n<meta property=\"og:url\" content=\"https:\/\/www.comundi.fr\/mag-des-competences\/pourquoi-investir-dans-la-formation-des-soft-skills-pendant-la-saison-creuse\/\" \/>\n<meta property=\"og:site_name\" content=\"Mag des comp\u00e9tences - Comundi\" \/>\n<meta property=\"article:publisher\" content=\"https:\/\/www.facebook.com\/Comundi\/?fref=ts\" \/>\n<meta property=\"article:published_time\" content=\"2025-07-10T09:16:04+00:00\" \/>\n<meta property=\"article:modified_time\" content=\"2025-07-10T10:43:09+00:00\" \/>\n<meta property=\"og:image\" content=\"https:\/\/www.comundi.fr\/mag-des-competences\/wp-content\/uploads\/2023\/09\/6-solutions-pour-faire-remonter-les-besoins-en-formation-soft-skills.jpg\" \/>\n\t<meta property=\"og:image:width\" content=\"1200\" \/>\n\t<meta property=\"og:image:height\" content=\"675\" \/>\n<meta name=\"twitter:card\" content=\"summary_large_image\" \/>\n<meta name=\"twitter:creator\" content=\"@ComundiActu\" \/>\n<meta name=\"twitter:site\" content=\"@ComundiActu\" \/>\n<meta name=\"twitter:label1\" content=\"Dur\u00e9e de lecture est.\">\n\t<meta name=\"twitter:data1\" content=\"5 minutes\">\n<script type=\"application\/ld+json\" class=\"yoast-schema-graph\">{\"@context\":\"https:\/\/schema.org\",\"@graph\":[{\"@type\":\"Organization\",\"@id\":\"https:\/\/www.comundi.fr\/mag-des-competences\/#organization\",\"name\":\"Comundi\",\"url\":\"https:\/\/www.comundi.fr\/mag-des-competences\/\",\"sameAs\":[\"https:\/\/www.facebook.com\/Comundi\/?fref=ts\",\"https:\/\/www.linkedin.com\/company\/comundi\/\",\"https:\/\/www.youtube.com\/user\/ComundiFormations\",\"https:\/\/twitter.com\/ComundiActu\"],\"logo\":{\"@type\":\"ImageObject\",\"@id\":\"https:\/\/www.comundi.fr\/mag-des-competences\/#logo\",\"inLanguage\":\"fr-FR\",\"url\":\"https:\/\/www.comundi.fr\/mag-des-competences\/wp-content\/uploads\/2018\/01\/comundi.png\",\"contentUrl\":\"https:\/\/www.comundi.fr\/mag-des-competences\/wp-content\/uploads\/2018\/01\/comundi.png\",\"width\":300,\"height\":300,\"caption\":\"Comundi\"},\"image\":{\"@id\":\"https:\/\/www.comundi.fr\/mag-des-competences\/#logo\"}},{\"@type\":\"WebSite\",\"@id\":\"https:\/\/www.comundi.fr\/mag-des-competences\/#website\",\"url\":\"https:\/\/www.comundi.fr\/mag-des-competences\/\",\"name\":\"Mag des comp\\u00e9tences - Comundi\",\"description\":\"Le magazine des m\\u00e9tiers de demain\",\"publisher\":{\"@id\":\"https:\/\/www.comundi.fr\/mag-des-competences\/#organization\"},\"potentialAction\":[{\"@type\":\"SearchAction\",\"target\":\"https:\/\/www.comundi.fr\/mag-des-competences\/?s={search_term_string}\",\"query-input\":\"required name=search_term_string\"}],\"inLanguage\":\"fr-FR\"},{\"@type\":\"ImageObject\",\"@id\":\"https:\/\/www.comundi.fr\/mag-des-competences\/pourquoi-investir-dans-la-formation-des-soft-skills-pendant-la-saison-creuse\/#primaryimage\",\"inLanguage\":\"fr-FR\",\"url\":\"https:\/\/www.comundi.fr\/mag-des-competences\/wp-content\/uploads\/2023\/09\/6-solutions-pour-faire-remonter-les-besoins-en-formation-soft-skills.jpg\",\"contentUrl\":\"https:\/\/www.comundi.fr\/mag-des-competences\/wp-content\/uploads\/2023\/09\/6-solutions-pour-faire-remonter-les-besoins-en-formation-soft-skills.jpg\",\"width\":1200,\"height\":675,\"caption\":\"Les besoins en formation soft skills\"},{\"@type\":\"WebPage\",\"@id\":\"https:\/\/www.comundi.fr\/mag-des-competences\/pourquoi-investir-dans-la-formation-des-soft-skills-pendant-la-saison-creuse\/#webpage\",\"url\":\"https:\/\/www.comundi.fr\/mag-des-competences\/pourquoi-investir-dans-la-formation-des-soft-skills-pendant-la-saison-creuse\/\",\"name\":\"Pourquoi investir dans la formation des soft skills pendant la saison creuse ? - Mag des comp\\u00e9tences - Comundi\",\"isPartOf\":{\"@id\":\"https:\/\/www.comundi.fr\/mag-des-competences\/#website\"},\"primaryImageOfPage\":{\"@id\":\"https:\/\/www.comundi.fr\/mag-des-competences\/pourquoi-investir-dans-la-formation-des-soft-skills-pendant-la-saison-creuse\/#primaryimage\"},\"datePublished\":\"2025-07-10T09:16:04+00:00\",\"dateModified\":\"2025-07-10T10:43:09+00:00\",\"description\":\"Les soft skills sont d\\u00e9sormais essentielles. D\\u00e9couvrez pourquoi et comment investir dans une formation soft skills pendant la saison creuse.\",\"breadcrumb\":{\"@id\":\"https:\/\/www.comundi.fr\/mag-des-competences\/pourquoi-investir-dans-la-formation-des-soft-skills-pendant-la-saison-creuse\/#breadcrumb\"},\"inLanguage\":\"fr-FR\",\"potentialAction\":[{\"@type\":\"ReadAction\",\"target\":[\"https:\/\/www.comundi.fr\/mag-des-competences\/pourquoi-investir-dans-la-formation-des-soft-skills-pendant-la-saison-creuse\/\"]}]},{\"@type\":\"BreadcrumbList\",\"@id\":\"https:\/\/www.comundi.fr\/mag-des-competences\/pourquoi-investir-dans-la-formation-des-soft-skills-pendant-la-saison-creuse\/#breadcrumb\",\"itemListElement\":[{\"@type\":\"ListItem\",\"position\":1,\"item\":{\"@type\":\"WebPage\",\"@id\":\"https:\/\/www.comundi.fr\/mag-des-competences\/\",\"url\":\"https:\/\/www.comundi.fr\/mag-des-competences\/\",\"name\":\"Accueil\"}},{\"@type\":\"ListItem\",\"position\":2,\"item\":{\"@type\":\"WebPage\",\"@id\":\"https:\/\/www.comundi.fr\/mag-des-competences\/pourquoi-investir-dans-la-formation-des-soft-skills-pendant-la-saison-creuse\/\",\"url\":\"https:\/\/www.comundi.fr\/mag-des-competences\/pourquoi-investir-dans-la-formation-des-soft-skills-pendant-la-saison-creuse\/\",\"name\":\"Pourquoi investir dans la formation des soft skills pendant la saison creuse ?\"}}]},{\"@type\":\"Article\",\"@id\":\"https:\/\/www.comundi.fr\/mag-des-competences\/pourquoi-investir-dans-la-formation-des-soft-skills-pendant-la-saison-creuse\/#article\",\"isPartOf\":{\"@id\":\"https:\/\/www.comundi.fr\/mag-des-competences\/pourquoi-investir-dans-la-formation-des-soft-skills-pendant-la-saison-creuse\/#webpage\"},\"author\":{\"@id\":\"https:\/\/www.comundi.fr\/mag-des-competences\/#\/schema\/person\/d08f5c2cf9de6fcfd33c30314745578e\"},\"headline\":\"Pourquoi investir dans la formation des soft skills pendant la saison creuse ?\",\"datePublished\":\"2025-07-10T09:16:04+00:00\",\"dateModified\":\"2025-07-10T10:43:09+00:00\",\"mainEntityOfPage\":{\"@id\":\"https:\/\/www.comundi.fr\/mag-des-competences\/pourquoi-investir-dans-la-formation-des-soft-skills-pendant-la-saison-creuse\/#webpage\"},\"commentCount\":0,\"publisher\":{\"@id\":\"https:\/\/www.comundi.fr\/mag-des-competences\/#organization\"},\"image\":{\"@id\":\"https:\/\/www.comundi.fr\/mag-des-competences\/pourquoi-investir-dans-la-formation-des-soft-skills-pendant-la-saison-creuse\/#primaryimage\"},\"articleSection\":\"D\\u00e9veloppement personnel,Formation professionnelle\",\"inLanguage\":\"fr-FR\",\"potentialAction\":[{\"@type\":\"CommentAction\",\"name\":\"Comment\",\"target\":[\"https:\/\/www.comundi.fr\/mag-des-competences\/pourquoi-investir-dans-la-formation-des-soft-skills-pendant-la-saison-creuse\/#respond\"]}]},{\"@type\":\"Person\",\"@id\":\"https:\/\/www.comundi.fr\/mag-des-competences\/#\/schema\/person\/d08f5c2cf9de6fcfd33c30314745578e\",\"name\":\"Comundi\",\"image\":{\"@type\":\"ImageObject\",\"@id\":\"https:\/\/www.comundi.fr\/mag-des-competences\/#personlogo\",\"inLanguage\":\"fr-FR\",\"url\":\"https:\/\/secure.gravatar.com\/avatar\/da2835ae7b2c1279e8e897d242f4cda6?s=96&d=mm&r=g\",\"contentUrl\":\"https:\/\/secure.gravatar.com\/avatar\/da2835ae7b2c1279e8e897d242f4cda6?s=96&d=mm&r=g\",\"caption\":\"Comundi\"}}]}<\/script>\n<!-- \/ Yoast SEO plugin. -->","amp_enabled":true,"_links":{"self":[{"href":"https:\/\/www.comundi.fr\/mag-des-competences\/wp-json\/wp\/v2\/posts\/14194"}],"collection":[{"href":"https:\/\/www.comundi.fr\/mag-des-competences\/wp-json\/wp\/v2\/posts"}],"about":[{"href":"https:\/\/www.comundi.fr\/mag-des-competences\/wp-json\/wp\/v2\/types\/post"}],"author":[{"embeddable":true,"href":"https:\/\/www.comundi.fr\/mag-des-competences\/wp-json\/wp\/v2\/users\/8"}],"replies":[{"embeddable":true,"href":"https:\/\/www.comundi.fr\/mag-des-competences\/wp-json\/wp\/v2\/comments?post=14194"}],"version-history":[{"count":3,"href":"https:\/\/www.comundi.fr\/mag-des-competences\/wp-json\/wp\/v2\/posts\/14194\/revisions"}],"predecessor-version":[{"id":14197,"href":"https:\/\/www.comundi.fr\/mag-des-competences\/wp-json\/wp\/v2\/posts\/14194\/revisions\/14197"}],"wp:featuredmedia":[{"embeddable":true,"href":"https:\/\/www.comundi.fr\/mag-des-competences\/wp-json\/wp\/v2\/media\/11797"}],"wp:attachment":[{"href":"https:\/\/www.comundi.fr\/mag-des-competences\/wp-json\/wp\/v2\/media?parent=14194"}],"wp:term":[{"taxonomy":"category","embeddable":true,"href":"https:\/\/www.comundi.fr\/mag-des-competences\/wp-json\/wp\/v2\/categories?post=14194"}],"curies":[{"name":"wp","href":"https:\/\/api.w.org\/{rel}","templated":true}]}}