{"id":14180,"date":"2025-07-04T08:50:00","date_gmt":"2025-07-04T06:50:00","guid":{"rendered":"https:\/\/www.comundi.fr\/mag-des-competences\/?p=14180"},"modified":"2025-07-04T13:27:59","modified_gmt":"2025-07-04T11:27:59","slug":"temoignage-dapprenti-le-plus-important-est-laccompagnement","status":"publish","type":"post","link":"https:\/\/www.comundi.fr\/mag-des-competences\/temoignage-dapprenti-le-plus-important-est-laccompagnement\/","title":{"rendered":"T\u00e9moignage d\u2019apprenti : \u201cle plus important est l\u2019accompagnement\u201d"},"content":{"rendered":"\n<p>D\u00e9couvrez l\u2019interview de <strong>Baptiste<\/strong>, apprenti chez <strong><a href=\"http:\/\/www.comundi.fr\">Comundi<\/a><\/strong>, qui nous parle de son exp\u00e9rience sur la formation en apprentissage.\u00a0<\/p>\n\n\n\n<h2><strong>Pourquoi avoir choisi l&rsquo;apprentissage comme m\u00e9thode de formation ?&nbsp;<\/strong><\/h2>\n\n\n\n<p>En tant que jeune adulte, l\u2019apprentissage est pour moi un moyen d\u2019entrer petit \u00e0 petit dans le monde du travail. En tant qu&rsquo;alternant, <strong>l\u2019apprentissage th\u00e9orique et pratique permet d\u2019acqu\u00e9rir de r\u00e9elles comp\u00e9tences<\/strong>, ce qui est appr\u00e9ci\u00e9 par les entreprises lors des embauches. En effet, lors des recherches emplois, nous pouvons souvent retrouver la mention \u201cexp\u00e9rience exig\u00e9e\u201d, l\u2019apprenti peut donc d\u00e9fendre sa place avec l\u2019exp\u00e9rience pratique qu\u2019il a re\u00e7u et l\u2019exp\u00e9rience th\u00e9orique r\u00e9cemment acquise. De plus, l\u2019apprenti a \u00e9t\u00e9 form\u00e9 aux nouvelles pratiques\/techniques et peut apporter un gain de connaissances \u00e0 une entreprise.<\/p>\n\n\n\n<p>Un des avantages majeurs est \u00e9galement le salaire que nous pouvons percevoir, commencer \u00e0 g\u00e9n\u00e9rer de l\u2019argent et savoir le g\u00e9rer peut \u00eatre b\u00e9n\u00e9fique, surtout chez des familles qui n\u2019ont pas les moyens de pouvoir payer des \u00e9tudes.&nbsp;&nbsp;<\/p>\n\n\n\n<h2><strong>Quel est selon vous l&rsquo;\u00e9l\u00e9ment le plus important dans ce type de formation ?<\/strong><\/h2>\n\n\n\n<p>Pour moi,<strong> le plus important dans ce type de formation serait l\u2019accompagnement que nous pouvons recevoir.<\/strong> Il y a l\u2019accompagnement des <a href=\"https:\/\/www.comundi.fr\/mag-des-competences\/quelles-sont-les-5-qualites-pour-etre-un-bon-formateur\/\">formateurs <\/a>de l\u2019\u00e9cole et l\u2019accompagnement au sein d\u2019une entreprise. Cela nous permet de savoir o\u00f9 nous nous dirigeons et en quoi notre m\u00e9tier va consister. Un accompagnement de qualit\u00e9 permet de produire un travail de qualit\u00e9.\u00a0<\/p>\n\n\n\n<p>Chez <strong>Comundi<\/strong>, j\u2019ai ressenti cet accompagnement, que ce soit au sein du p\u00f4le administratif ou celui du marketing, ce qui m\u2019a permis d&rsquo;acqu\u00e9rir des connaissances b\u00e9n\u00e9fiques \u00e0 mon apprentissage \u00e0 travers diff\u00e9rentes missions propos\u00e9es par l\u2019entreprise.<\/p>\n\n\n\n<p><a href=\"https:\/\/www.comundi.fr\/mag-des-competences\/quest-ce-que-le-tutorat-en-entreprise\/\">Par le biais de cet accompagnement, j\u2019ai pu m\u2019adapter plus facilement et plus rapidement au monde du travail<\/a>, j\u2019ai pu remarquer que je me sentais \u00e0 l\u2019aise au bout de 1 an.\u00a0<\/p>\n\n\n\n<p>Je dirais que l\u2019apprentissage th\u00e9orique a \u00e9t\u00e9 b\u00e9n\u00e9fique \u00e0 30% dans ma formation et la pratique \u00e0 70%.<\/p>\n\n\n\n<h2><strong>Quelle est la plus grande difficult\u00e9 que vous avez rencontr\u00e9e et comment l&rsquo;avez-vous surmont\u00e9e ?<\/strong><\/h2>\n\n\n\n<p>La plus grande difficult\u00e9 que j\u2019ai rencontr\u00e9e lors de mon alternance a \u00e9t\u00e9 de r\u00e9ussir \u00e0 garder une posture professionnelle malgr\u00e9 mon jeune \u00e2ge (Langage &#8211; Posture corporel &#8211; R\u00e9action au m\u00e9contentement &#8211; etc\u2026). Je l&rsquo;ai tout simplement surmont\u00e9 avec le temps, mais aussi en discutant avec certains coll\u00e8gues plus exp\u00e9riment\u00e9s qui m\u2019ont aid\u00e9 \u00e0 gagner en maturit\u00e9. En effet, plusieurs de mes coll\u00e8gues m\u2019ont donn\u00e9 diff\u00e9rents conseils comme <a href=\"https:\/\/www.comundi.fr\/mag-des-competences\/intelligence-emotionnelle-quelle-est-son-utilite-en-entreprise\/\">g\u00e9rer mes \u00e9motions<\/a> et garder mon calme en situation de stress, mais aussi d\u2019adapter mon langage quand je suis en entreprise. Au d\u00e9but, j\u2019ai eu du mal \u00e0 appliquer ces conseils, mais avec le temps, c\u2019est venu tout seul.<\/p>\n\n\n\n<h2><strong>Quels conseils donneriez-vous \u00e0 de futurs apprentis ?<\/strong><\/h2>\n\n\n\n<p>Le conseil que je leur donnerai, c\u2019est de choisir une entreprise qu\u2019ils aiment vraiment afin qu\u2019ils soient \u00e9panouis dans leur travail. De plus, cet \u00e9panouissement se refl\u00e8te dans leur performance. Leur envie d\u2019apprendre sera d\u00e9cupl\u00e9e et leur r\u00e9sultat aussi. Lors de mes trois ann\u00e9es d&rsquo;exp\u00e9riences chez <strong>Comundi<\/strong>, j\u2019ai appr\u00e9ci\u00e9 plusieurs choses comme <a href=\"https:\/\/www.comundi.fr\/mag-des-competences\/comment-bien-communiquer-dans-une-equipe\/\">la communication avec les diff\u00e9rentes \u00e9quipes <\/a>des diff\u00e9rents p\u00f4les ainsi que la formation de mes tutrices. J\u2019ai aussi ador\u00e9 la confiance qu&rsquo;ils m&rsquo;ont accord\u00e9e en me donnant un jour de t\u00e9l\u00e9travail par semaine, ce qui se fait rare pour les alternants.\u00a0<\/p>\n","protected":false},"excerpt":{"rendered":"<p>D\u00e9couvrez l\u2019interview de Baptiste, apprenti chez Comundi, qui nous parle de son exp\u00e9rience sur la formation en apprentissage.\u00a0 Pourquoi avoir choisi l&rsquo;apprentissage comme m\u00e9thode de formation ?&nbsp; En tant que jeune adulte, l\u2019apprentissage est pour moi un moyen d\u2019entrer petit \u00e0 petit dans le monde du travail. En tant qu&rsquo;alternant, l\u2019apprentissage th\u00e9orique et pratique permet [&hellip;]<\/p>\n","protected":false},"author":8,"featured_media":14181,"comment_status":"open","ping_status":"open","sticky":false,"template":"","format":"standard","meta":{"_mi_skip_tracking":false},"categories":[201],"yoast_head":"<!-- This site is optimized with the Yoast SEO plugin v16.1 - https:\/\/yoast.com\/wordpress\/plugins\/seo\/ -->\n<title>T\u00e9moignage d\u2019apprenti : \u201cle plus important est l\u2019accompagnement\u201d - Mag des comp\u00e9tences - Comundi<\/title>\n<meta name=\"description\" content=\"L&#039;apprentissage est une m\u00e9thode d&#039;apprentissage qui a de nombreux avantages. D\u00e9couvrez le t\u00e9moignage de notre apprenti dans cette interview.\" \/>\n<meta name=\"robots\" content=\"index, follow, max-snippet:-1, max-image-preview:large, max-video-preview:-1\" \/>\n<link rel=\"canonical\" href=\"https:\/\/www.comundi.fr\/mag-des-competences\/temoignage-dapprenti-le-plus-important-est-laccompagnement\/\" \/>\n<meta property=\"og:locale\" content=\"fr_FR\" \/>\n<meta property=\"og:type\" content=\"article\" \/>\n<meta property=\"og:title\" content=\"T\u00e9moignage d\u2019apprenti : \u201cle plus important est l\u2019accompagnement\u201d - Mag des comp\u00e9tences - Comundi\" \/>\n<meta property=\"og:description\" content=\"L&#039;apprentissage est une m\u00e9thode d&#039;apprentissage qui a de nombreux avantages. D\u00e9couvrez le t\u00e9moignage de notre apprenti dans cette interview.\" \/>\n<meta property=\"og:url\" content=\"https:\/\/www.comundi.fr\/mag-des-competences\/temoignage-dapprenti-le-plus-important-est-laccompagnement\/\" \/>\n<meta property=\"og:site_name\" content=\"Mag des comp\u00e9tences - Comundi\" \/>\n<meta property=\"article:publisher\" content=\"https:\/\/www.facebook.com\/Comundi\/?fref=ts\" \/>\n<meta property=\"article:published_time\" content=\"2025-07-04T06:50:00+00:00\" \/>\n<meta property=\"article:modified_time\" content=\"2025-07-04T11:27:59+00:00\" \/>\n<meta property=\"og:image\" content=\"https:\/\/www.comundi.fr\/mag-des-competences\/wp-content\/uploads\/2025\/07\/Temoignage-dapprenti.jpg\" \/>\n\t<meta property=\"og:image:width\" content=\"1200\" \/>\n\t<meta property=\"og:image:height\" content=\"675\" \/>\n<meta name=\"twitter:card\" content=\"summary_large_image\" \/>\n<meta name=\"twitter:creator\" content=\"@ComundiActu\" \/>\n<meta name=\"twitter:site\" content=\"@ComundiActu\" \/>\n<meta name=\"twitter:label1\" content=\"Dur\u00e9e de lecture est.\">\n\t<meta name=\"twitter:data1\" content=\"3 minutes\">\n<script type=\"application\/ld+json\" class=\"yoast-schema-graph\">{\"@context\":\"https:\/\/schema.org\",\"@graph\":[{\"@type\":\"Organization\",\"@id\":\"https:\/\/www.comundi.fr\/mag-des-competences\/#organization\",\"name\":\"Comundi\",\"url\":\"https:\/\/www.comundi.fr\/mag-des-competences\/\",\"sameAs\":[\"https:\/\/www.facebook.com\/Comundi\/?fref=ts\",\"https:\/\/www.linkedin.com\/company\/comundi\/\",\"https:\/\/www.youtube.com\/user\/ComundiFormations\",\"https:\/\/twitter.com\/ComundiActu\"],\"logo\":{\"@type\":\"ImageObject\",\"@id\":\"https:\/\/www.comundi.fr\/mag-des-competences\/#logo\",\"inLanguage\":\"fr-FR\",\"url\":\"https:\/\/www.comundi.fr\/mag-des-competences\/wp-content\/uploads\/2018\/01\/comundi.png\",\"contentUrl\":\"https:\/\/www.comundi.fr\/mag-des-competences\/wp-content\/uploads\/2018\/01\/comundi.png\",\"width\":300,\"height\":300,\"caption\":\"Comundi\"},\"image\":{\"@id\":\"https:\/\/www.comundi.fr\/mag-des-competences\/#logo\"}},{\"@type\":\"WebSite\",\"@id\":\"https:\/\/www.comundi.fr\/mag-des-competences\/#website\",\"url\":\"https:\/\/www.comundi.fr\/mag-des-competences\/\",\"name\":\"Mag des comp\\u00e9tences - Comundi\",\"description\":\"Le magazine des m\\u00e9tiers de demain\",\"publisher\":{\"@id\":\"https:\/\/www.comundi.fr\/mag-des-competences\/#organization\"},\"potentialAction\":[{\"@type\":\"SearchAction\",\"target\":\"https:\/\/www.comundi.fr\/mag-des-competences\/?s={search_term_string}\",\"query-input\":\"required name=search_term_string\"}],\"inLanguage\":\"fr-FR\"},{\"@type\":\"ImageObject\",\"@id\":\"https:\/\/www.comundi.fr\/mag-des-competences\/temoignage-dapprenti-le-plus-important-est-laccompagnement\/#primaryimage\",\"inLanguage\":\"fr-FR\",\"url\":\"https:\/\/www.comundi.fr\/mag-des-competences\/wp-content\/uploads\/2025\/07\/Temoignage-dapprenti.jpg\",\"contentUrl\":\"https:\/\/www.comundi.fr\/mag-des-competences\/wp-content\/uploads\/2025\/07\/Temoignage-dapprenti.jpg\",\"width\":1200,\"height\":675,\"caption\":\"T\\u00e9moignage d'apprenti\"},{\"@type\":\"WebPage\",\"@id\":\"https:\/\/www.comundi.fr\/mag-des-competences\/temoignage-dapprenti-le-plus-important-est-laccompagnement\/#webpage\",\"url\":\"https:\/\/www.comundi.fr\/mag-des-competences\/temoignage-dapprenti-le-plus-important-est-laccompagnement\/\",\"name\":\"T\\u00e9moignage d\\u2019apprenti : \\u201cle plus important est l\\u2019accompagnement\\u201d - Mag des comp\\u00e9tences - Comundi\",\"isPartOf\":{\"@id\":\"https:\/\/www.comundi.fr\/mag-des-competences\/#website\"},\"primaryImageOfPage\":{\"@id\":\"https:\/\/www.comundi.fr\/mag-des-competences\/temoignage-dapprenti-le-plus-important-est-laccompagnement\/#primaryimage\"},\"datePublished\":\"2025-07-04T06:50:00+00:00\",\"dateModified\":\"2025-07-04T11:27:59+00:00\",\"description\":\"L'apprentissage est une m\\u00e9thode d'apprentissage qui a de nombreux avantages. D\\u00e9couvrez le t\\u00e9moignage de notre apprenti dans cette interview.\",\"breadcrumb\":{\"@id\":\"https:\/\/www.comundi.fr\/mag-des-competences\/temoignage-dapprenti-le-plus-important-est-laccompagnement\/#breadcrumb\"},\"inLanguage\":\"fr-FR\",\"potentialAction\":[{\"@type\":\"ReadAction\",\"target\":[\"https:\/\/www.comundi.fr\/mag-des-competences\/temoignage-dapprenti-le-plus-important-est-laccompagnement\/\"]}]},{\"@type\":\"BreadcrumbList\",\"@id\":\"https:\/\/www.comundi.fr\/mag-des-competences\/temoignage-dapprenti-le-plus-important-est-laccompagnement\/#breadcrumb\",\"itemListElement\":[{\"@type\":\"ListItem\",\"position\":1,\"item\":{\"@type\":\"WebPage\",\"@id\":\"https:\/\/www.comundi.fr\/mag-des-competences\/\",\"url\":\"https:\/\/www.comundi.fr\/mag-des-competences\/\",\"name\":\"Accueil\"}},{\"@type\":\"ListItem\",\"position\":2,\"item\":{\"@type\":\"WebPage\",\"@id\":\"https:\/\/www.comundi.fr\/mag-des-competences\/temoignage-dapprenti-le-plus-important-est-laccompagnement\/\",\"url\":\"https:\/\/www.comundi.fr\/mag-des-competences\/temoignage-dapprenti-le-plus-important-est-laccompagnement\/\",\"name\":\"T\\u00e9moignage d\\u2019apprenti : \\u201cle plus important est l\\u2019accompagnement\\u201d\"}}]},{\"@type\":\"Article\",\"@id\":\"https:\/\/www.comundi.fr\/mag-des-competences\/temoignage-dapprenti-le-plus-important-est-laccompagnement\/#article\",\"isPartOf\":{\"@id\":\"https:\/\/www.comundi.fr\/mag-des-competences\/temoignage-dapprenti-le-plus-important-est-laccompagnement\/#webpage\"},\"author\":{\"@id\":\"https:\/\/www.comundi.fr\/mag-des-competences\/#\/schema\/person\/d08f5c2cf9de6fcfd33c30314745578e\"},\"headline\":\"T\\u00e9moignage d\\u2019apprenti : \\u201cle plus important est l\\u2019accompagnement\\u201d\",\"datePublished\":\"2025-07-04T06:50:00+00:00\",\"dateModified\":\"2025-07-04T11:27:59+00:00\",\"mainEntityOfPage\":{\"@id\":\"https:\/\/www.comundi.fr\/mag-des-competences\/temoignage-dapprenti-le-plus-important-est-laccompagnement\/#webpage\"},\"commentCount\":0,\"publisher\":{\"@id\":\"https:\/\/www.comundi.fr\/mag-des-competences\/#organization\"},\"image\":{\"@id\":\"https:\/\/www.comundi.fr\/mag-des-competences\/temoignage-dapprenti-le-plus-important-est-laccompagnement\/#primaryimage\"},\"articleSection\":\"Formation professionnelle\",\"inLanguage\":\"fr-FR\",\"potentialAction\":[{\"@type\":\"CommentAction\",\"name\":\"Comment\",\"target\":[\"https:\/\/www.comundi.fr\/mag-des-competences\/temoignage-dapprenti-le-plus-important-est-laccompagnement\/#respond\"]}]},{\"@type\":\"Person\",\"@id\":\"https:\/\/www.comundi.fr\/mag-des-competences\/#\/schema\/person\/d08f5c2cf9de6fcfd33c30314745578e\",\"name\":\"Comundi\",\"image\":{\"@type\":\"ImageObject\",\"@id\":\"https:\/\/www.comundi.fr\/mag-des-competences\/#personlogo\",\"inLanguage\":\"fr-FR\",\"url\":\"https:\/\/secure.gravatar.com\/avatar\/da2835ae7b2c1279e8e897d242f4cda6?s=96&d=mm&r=g\",\"contentUrl\":\"https:\/\/secure.gravatar.com\/avatar\/da2835ae7b2c1279e8e897d242f4cda6?s=96&d=mm&r=g\",\"caption\":\"Comundi\"}}]}<\/script>\n<!-- \/ Yoast SEO plugin. -->","amp_enabled":true,"_links":{"self":[{"href":"https:\/\/www.comundi.fr\/mag-des-competences\/wp-json\/wp\/v2\/posts\/14180"}],"collection":[{"href":"https:\/\/www.comundi.fr\/mag-des-competences\/wp-json\/wp\/v2\/posts"}],"about":[{"href":"https:\/\/www.comundi.fr\/mag-des-competences\/wp-json\/wp\/v2\/types\/post"}],"author":[{"embeddable":true,"href":"https:\/\/www.comundi.fr\/mag-des-competences\/wp-json\/wp\/v2\/users\/8"}],"replies":[{"embeddable":true,"href":"https:\/\/www.comundi.fr\/mag-des-competences\/wp-json\/wp\/v2\/comments?post=14180"}],"version-history":[{"count":4,"href":"https:\/\/www.comundi.fr\/mag-des-competences\/wp-json\/wp\/v2\/posts\/14180\/revisions"}],"predecessor-version":[{"id":14187,"href":"https:\/\/www.comundi.fr\/mag-des-competences\/wp-json\/wp\/v2\/posts\/14180\/revisions\/14187"}],"wp:featuredmedia":[{"embeddable":true,"href":"https:\/\/www.comundi.fr\/mag-des-competences\/wp-json\/wp\/v2\/media\/14181"}],"wp:attachment":[{"href":"https:\/\/www.comundi.fr\/mag-des-competences\/wp-json\/wp\/v2\/media?parent=14180"}],"wp:term":[{"taxonomy":"category","embeddable":true,"href":"https:\/\/www.comundi.fr\/mag-des-competences\/wp-json\/wp\/v2\/categories?post=14180"}],"curies":[{"name":"wp","href":"https:\/\/api.w.org\/{rel}","templated":true}]}}