{"id":14144,"date":"2025-06-25T08:50:00","date_gmt":"2025-06-25T06:50:00","guid":{"rendered":"https:\/\/www.comundi.fr\/mag-des-competences\/?p=14144"},"modified":"2025-06-25T22:37:41","modified_gmt":"2025-06-25T20:37:41","slug":"sante-mentale-au-travail-les-5-erreurs-a-ne-plus-commettre-et-comment-s-en-sortir","status":"publish","type":"post","link":"https:\/\/www.comundi.fr\/mag-des-competences\/sante-mentale-au-travail-les-5-erreurs-a-ne-plus-commettre-et-comment-s-en-sortir\/","title":{"rendered":"Sant\u00e9 mentale au travail : les 5 erreurs \u00e0 ne plus commettre (et comment s\u2019en sortir)"},"content":{"rendered":"\n<p>La sant\u00e9 mentale des salari\u00e9s n\u2019a jamais \u00e9t\u00e9 aussi pr\u00e9occupante. Pourtant, de nombreuses entreprises passent encore \u00e0 c\u00f4t\u00e9 de l\u2019essentiel. En croyant bien faire, elles reproduisent des erreurs qui freinent, voire bloquent toute am\u00e9lioration durable du bien-\u00eatre psychique au travail.<\/p>\n\n\n\n<p>Le 18 septembre 2025, <strong><a href=\"http:\/\/www.comundi.fr\">Comundi <\/a><\/strong>organise une journ\u00e9e 100 % \u00e0 distance pour faire le point sur ce qui fonctionne (ou pas) et aider les responsables RH et QVCT \u00e0 mettre en \u0153uvre des solutions concr\u00e8tes. 15 experts de la sant\u00e9 mentale au travail partageront leurs retours d\u2019exp\u00e9rience, sans filtre. Une journ\u00e9e \u00e0 ne pas manquer pour \u00e9viter les pi\u00e8ges les plus courants !<\/p>\n\n\n\n<h2><strong>Les erreurs les plus fr\u00e9quentes des entreprises en mati\u00e8re de sant\u00e9 mentale<\/strong><\/h2>\n\n\n\n<h3>1\/ S\u2019attaquer aux sympt\u00f4mes sans jamais traiter les causes<\/h3>\n\n\n\n<p>Face \u00e0 l\u2019augmentation des <a href=\"https:\/\/www.comundi.fr\/mag-des-competences\/burnout-attention-danger\/\">burn-out<\/a>, des arr\u00eats de travail ou de la d\u00e9motivation, beaucoup d\u2019entreprises r\u00e9agissent dans l\u2019urgence : cellule d\u2019\u00e9coute, coaching individuel, formation \u00e0 la <a href=\"https:\/\/www.comundi.fr\/mag-des-competences\/yoga-tai-chi-shiatsu-quelle-pratique-pour-mieux-gerer-son-stress-au-travail\/\">gestion du stress<\/a>\u2026 Des actions utiles, mais insuffisantes. Car elles ne s\u2019attaquent pas aux causes organisationnelles du mal-\u00eatre : surcharge de travail, objectifs flous, management toxique, absence d\u2019autonomie ou de reconnaissance. En somme, on soigne les sympt\u00f4mes sans repenser le syst\u00e8me.<\/p>\n\n\n\n<h3>2\/Oublier d\u2019accompagner les managers<\/h3>\n\n\n\n<p>\u00c0 force de centrer les actions de sensibilisation sur les collaborateurs, les entreprises laissent de c\u00f4t\u00e9 une population pourtant en premi\u00e8re ligne : les managers. Or, ce sont souvent eux qui encaissent les tensions, amortissent les injonctions paradoxales et soutiennent les \u00e9quipes, sans accompagnement suffisant.<\/p>\n\n\n\n<p>Pour cause, selon un <a href=\"https:\/\/www.ukg.com\/resources\/white-paper\/mental-health-work-managers-and-money\">sondage men\u00e9 en France par le Workforce Institute de UKG<\/a>, les managers sont en moyenne plus anxieux que leurs \u00e9quipes, avec 25 % d\u2019entre eux qui se sentent souvent, voire constamment, \u00e9puis\u00e9s. Pire : pr\u00e8s de 4 managers sur 10 sont en situation de burn out. Une r\u00e9alit\u00e9 alarmante, d\u2019autant plus que des managers fragilis\u00e9s ont bien plus de mal \u00e0 prendre soin des autres. Soutenir leur sant\u00e9 mentale est une condition sine qua non pour faire bouger les lignes dans l\u2019entreprise.<\/p>\n\n\n\n<h3>3\/Multiplier les initiatives bien-\u00eatre d\u00e9connect\u00e9es du quotidien<\/h3>\n\n\n\n<p>Journ\u00e9e yoga, atelier sophrologie, fruits frais \u00e0 disposition\u2026 Ces initiatives sont souvent bien intentionn\u00e9es, mais elles ne peuvent constituer une strat\u00e9gie \u00e0 elles seules. En se concentrant uniquement sur le \u201cfeel good\u201d, les entreprises passent \u00e0 c\u00f4t\u00e9 du c\u0153ur du sujet : les conditions r\u00e9elles de travail. Offrir un massage assis \u00e0 une \u00e9quipe en sous-effectif chronique, ce n\u2019est pas du bien-\u00eatre.<\/p>\n\n\n\n<h3>4\/Parler de sant\u00e9 mentale uniquement en temps de crise<\/h3>\n\n\n\n<p>Il est tentant d\u2019attendre une alerte (absent\u00e9isme, suicide, burn-out) pour agir. Mais cette posture r\u00e9active est risqu\u00e9e. Elle alimente la stigmatisation et emp\u00eache toute pr\u00e9vention efficace. La sant\u00e9 mentale doit faire partie int\u00e9grante de la politique RH, au m\u00eame titre que la s\u00e9curit\u00e9 physique. Cela passe par des actions de pr\u00e9vention des risques et des mesures positives de QVCT.<\/p>\n\n\n\n<h3>5\/Se contenter de mesurer l\u2019absent\u00e9isme comme seul indicateur<\/h3>\n\n\n\n<p>Certes, l\u2019absent\u00e9isme est un signal. Mais il est tardif, parfois trop. Se contenter de ce seul indicateur revient \u00e0 observer un thermom\u00e8tre sans chercher la source de la fi\u00e8vre. Pour d\u00e9tecter en amont les signaux faibles, il est n\u00e9cessaire de croiser les donn\u00e9es (entretiens, turn-over, enqu\u00eates internes\u2026) et dialoguer r\u00e9guli\u00e8rement avec les salari\u00e9s.<\/p>\n\n\n\n<h2><strong>Une journ\u00e9e pour sortir de l\u2019impasse et passer \u00e0 l\u2019action<\/strong><\/h2>\n\n\n\n<p>Pour aider les entreprises \u00e0 \u00e9viter ces erreurs et \u00e0 b\u00e2tir une strat\u00e9gie efficace, <strong>Comundi <\/strong>vous donne rendez-vous <strong>le 18 septembre 2025<\/strong>, lors d\u2019un \u00e9v\u00e9nement 100 % en ligne. Cette journ\u00e9e s\u2019adresse \u00e0 tous les professionnels en charge de la qualit\u00e9 de vie au travail, des ressources humaines, de la pr\u00e9vention et du dialogue social.<\/p>\n\n\n\n<p>Nos 15 intervenants, experts en psychologie du travail, DRH, pr\u00e9venteurs, consultants et juristes, viendront raconter leurs succ\u00e8s, mais aussi leurs \u00e9checs, et les le\u00e7ons qu\u2019ils en ont tir\u00e9es.<\/p>\n\n\n\n<p><strong>Au programme de cette journ\u00e9e :<\/strong><\/p>\n\n\n\n<ul><li>Une <strong>matin\u00e9e de conf\u00e9rences<\/strong> pour comprendre les enjeux et se situer : comment agir sans aggraver la situation ? Quels leviers activer pour articuler <a href=\"https:\/\/www.comundi.fr\/mag-des-competences\/performance-bien-etre-et-teletravail-comment-preserver-la-sante-de-vos-salaries\/\">performance et bien-\u00eatre <\/a>? Quels risques juridiques si rien n\u2019est fait ?<\/li><li>Un <strong>apr\u00e8s-midi de tables rondes<\/strong> pour d\u00e9couvrir des retours d\u2019exp\u00e9rience et ouvrir le dialogue : accompagner les salari\u00e9s fragilis\u00e9s, lever les tabous autour de la sant\u00e9 mentale, agir collectivement, repenser le travail\u2026 autant de sujets abord\u00e9s \u00e0 travers des cas pratiques.<br><\/li><\/ul>\n\n\n\n<p>Cette journ\u00e9e est con\u00e7ue pour vous aider \u00e0 sortir des actions gadgets et poser les fondations d\u2019une vraie culture du travail sain et soutenable. N\u2019attendez plus et faites partie des entreprises qui prennent soin de la sant\u00e9 mentale de leurs \u00e9quipes !<\/p>\n\n\n\n<p><a href=\"https:\/\/www.comundi.fr\/formations\/journee-d-actualite-sante-mentale-en-entreprise.html\">Inscrivez-vous d\u00e8s maintenant \u00e0 notre \u00e9v\u00e9nement du 18 septembre<\/a><\/p>\n","protected":false},"excerpt":{"rendered":"<p>La sant\u00e9 mentale des salari\u00e9s n\u2019a jamais \u00e9t\u00e9 aussi pr\u00e9occupante. Pourtant, de nombreuses entreprises passent encore \u00e0 c\u00f4t\u00e9 de l\u2019essentiel. En croyant bien faire, elles reproduisent des erreurs qui freinent, voire bloquent toute am\u00e9lioration durable du bien-\u00eatre psychique au travail. Le 18 septembre 2025, Comundi organise une journ\u00e9e 100 % \u00e0 distance pour faire le [&hellip;]<\/p>\n","protected":false},"author":8,"featured_media":14105,"comment_status":"open","ping_status":"open","sticky":false,"template":"","format":"standard","meta":{"_mi_skip_tracking":false},"categories":[179],"yoast_head":"<!-- This site is optimized with the Yoast SEO plugin v16.1 - https:\/\/yoast.com\/wordpress\/plugins\/seo\/ -->\n<title>Sant\u00e9 mentale au travail : les 5 erreurs \u00e0 ne plus commettre (et comment s\u2019en sortir) - Mag des comp\u00e9tences - Comundi<\/title>\n<meta name=\"description\" content=\"D\u00e9couvrez les erreurs les plus fr\u00e9quentes en mati\u00e8re de sant\u00e9 mentale au travail et comment pour pr\u00e9server le bien-\u00eatre des salari\u00e9s.\" \/>\n<meta name=\"robots\" content=\"index, follow, max-snippet:-1, max-image-preview:large, max-video-preview:-1\" \/>\n<link rel=\"canonical\" href=\"https:\/\/www.comundi.fr\/mag-des-competences\/sante-mentale-au-travail-les-5-erreurs-a-ne-plus-commettre-et-comment-s-en-sortir\/\" \/>\n<meta property=\"og:locale\" content=\"fr_FR\" \/>\n<meta property=\"og:type\" content=\"article\" \/>\n<meta property=\"og:title\" content=\"Sant\u00e9 mentale au travail : les 5 erreurs \u00e0 ne plus commettre (et comment s\u2019en sortir) - Mag des comp\u00e9tences - Comundi\" \/>\n<meta property=\"og:description\" content=\"D\u00e9couvrez les erreurs les plus fr\u00e9quentes en mati\u00e8re de sant\u00e9 mentale au travail et comment pour pr\u00e9server le bien-\u00eatre des salari\u00e9s.\" \/>\n<meta property=\"og:url\" content=\"https:\/\/www.comundi.fr\/mag-des-competences\/sante-mentale-au-travail-les-5-erreurs-a-ne-plus-commettre-et-comment-s-en-sortir\/\" \/>\n<meta property=\"og:site_name\" content=\"Mag des comp\u00e9tences - Comundi\" \/>\n<meta property=\"article:publisher\" content=\"https:\/\/www.facebook.com\/Comundi\/?fref=ts\" \/>\n<meta property=\"article:published_time\" content=\"2025-06-25T06:50:00+00:00\" \/>\n<meta property=\"article:modified_time\" content=\"2025-06-25T20:37:41+00:00\" \/>\n<meta property=\"og:image\" content=\"https:\/\/www.comundi.fr\/mag-des-competences\/wp-content\/uploads\/2025\/06\/Journee-de-la-sante-mentale.jpg\" \/>\n\t<meta property=\"og:image:width\" content=\"1200\" \/>\n\t<meta property=\"og:image:height\" content=\"675\" \/>\n<meta name=\"twitter:card\" content=\"summary_large_image\" \/>\n<meta name=\"twitter:creator\" content=\"@ComundiActu\" \/>\n<meta name=\"twitter:site\" content=\"@ComundiActu\" \/>\n<meta name=\"twitter:label1\" content=\"Dur\u00e9e de lecture est.\">\n\t<meta name=\"twitter:data1\" content=\"4 minutes\">\n<script type=\"application\/ld+json\" class=\"yoast-schema-graph\">{\"@context\":\"https:\/\/schema.org\",\"@graph\":[{\"@type\":\"Organization\",\"@id\":\"https:\/\/www.comundi.fr\/mag-des-competences\/#organization\",\"name\":\"Comundi\",\"url\":\"https:\/\/www.comundi.fr\/mag-des-competences\/\",\"sameAs\":[\"https:\/\/www.facebook.com\/Comundi\/?fref=ts\",\"https:\/\/www.linkedin.com\/company\/comundi\/\",\"https:\/\/www.youtube.com\/user\/ComundiFormations\",\"https:\/\/twitter.com\/ComundiActu\"],\"logo\":{\"@type\":\"ImageObject\",\"@id\":\"https:\/\/www.comundi.fr\/mag-des-competences\/#logo\",\"inLanguage\":\"fr-FR\",\"url\":\"https:\/\/www.comundi.fr\/mag-des-competences\/wp-content\/uploads\/2018\/01\/comundi.png\",\"contentUrl\":\"https:\/\/www.comundi.fr\/mag-des-competences\/wp-content\/uploads\/2018\/01\/comundi.png\",\"width\":300,\"height\":300,\"caption\":\"Comundi\"},\"image\":{\"@id\":\"https:\/\/www.comundi.fr\/mag-des-competences\/#logo\"}},{\"@type\":\"WebSite\",\"@id\":\"https:\/\/www.comundi.fr\/mag-des-competences\/#website\",\"url\":\"https:\/\/www.comundi.fr\/mag-des-competences\/\",\"name\":\"Mag des comp\\u00e9tences - Comundi\",\"description\":\"Le magazine des m\\u00e9tiers de demain\",\"publisher\":{\"@id\":\"https:\/\/www.comundi.fr\/mag-des-competences\/#organization\"},\"potentialAction\":[{\"@type\":\"SearchAction\",\"target\":\"https:\/\/www.comundi.fr\/mag-des-competences\/?s={search_term_string}\",\"query-input\":\"required name=search_term_string\"}],\"inLanguage\":\"fr-FR\"},{\"@type\":\"ImageObject\",\"@id\":\"https:\/\/www.comundi.fr\/mag-des-competences\/sante-mentale-au-travail-les-5-erreurs-a-ne-plus-commettre-et-comment-s-en-sortir\/#primaryimage\",\"inLanguage\":\"fr-FR\",\"url\":\"https:\/\/www.comundi.fr\/mag-des-competences\/wp-content\/uploads\/2025\/06\/Journee-de-la-sante-mentale.jpg\",\"contentUrl\":\"https:\/\/www.comundi.fr\/mag-des-competences\/wp-content\/uploads\/2025\/06\/Journee-de-la-sante-mentale.jpg\",\"width\":1200,\"height\":675,\"caption\":\"Journ\\u00e9e de la sant\\u00e9 mentale\"},{\"@type\":\"WebPage\",\"@id\":\"https:\/\/www.comundi.fr\/mag-des-competences\/sante-mentale-au-travail-les-5-erreurs-a-ne-plus-commettre-et-comment-s-en-sortir\/#webpage\",\"url\":\"https:\/\/www.comundi.fr\/mag-des-competences\/sante-mentale-au-travail-les-5-erreurs-a-ne-plus-commettre-et-comment-s-en-sortir\/\",\"name\":\"Sant\\u00e9 mentale au travail : les 5 erreurs \\u00e0 ne plus commettre (et comment s\\u2019en sortir) - Mag des comp\\u00e9tences - Comundi\",\"isPartOf\":{\"@id\":\"https:\/\/www.comundi.fr\/mag-des-competences\/#website\"},\"primaryImageOfPage\":{\"@id\":\"https:\/\/www.comundi.fr\/mag-des-competences\/sante-mentale-au-travail-les-5-erreurs-a-ne-plus-commettre-et-comment-s-en-sortir\/#primaryimage\"},\"datePublished\":\"2025-06-25T06:50:00+00:00\",\"dateModified\":\"2025-06-25T20:37:41+00:00\",\"description\":\"D\\u00e9couvrez les erreurs les plus fr\\u00e9quentes en mati\\u00e8re de sant\\u00e9 mentale au travail et comment pour pr\\u00e9server le bien-\\u00eatre des salari\\u00e9s.\",\"breadcrumb\":{\"@id\":\"https:\/\/www.comundi.fr\/mag-des-competences\/sante-mentale-au-travail-les-5-erreurs-a-ne-plus-commettre-et-comment-s-en-sortir\/#breadcrumb\"},\"inLanguage\":\"fr-FR\",\"potentialAction\":[{\"@type\":\"ReadAction\",\"target\":[\"https:\/\/www.comundi.fr\/mag-des-competences\/sante-mentale-au-travail-les-5-erreurs-a-ne-plus-commettre-et-comment-s-en-sortir\/\"]}]},{\"@type\":\"BreadcrumbList\",\"@id\":\"https:\/\/www.comundi.fr\/mag-des-competences\/sante-mentale-au-travail-les-5-erreurs-a-ne-plus-commettre-et-comment-s-en-sortir\/#breadcrumb\",\"itemListElement\":[{\"@type\":\"ListItem\",\"position\":1,\"item\":{\"@type\":\"WebPage\",\"@id\":\"https:\/\/www.comundi.fr\/mag-des-competences\/\",\"url\":\"https:\/\/www.comundi.fr\/mag-des-competences\/\",\"name\":\"Accueil\"}},{\"@type\":\"ListItem\",\"position\":2,\"item\":{\"@type\":\"WebPage\",\"@id\":\"https:\/\/www.comundi.fr\/mag-des-competences\/sante-mentale-au-travail-les-5-erreurs-a-ne-plus-commettre-et-comment-s-en-sortir\/\",\"url\":\"https:\/\/www.comundi.fr\/mag-des-competences\/sante-mentale-au-travail-les-5-erreurs-a-ne-plus-commettre-et-comment-s-en-sortir\/\",\"name\":\"Sant\\u00e9 mentale au travail : les 5 erreurs \\u00e0 ne plus commettre (et comment s\\u2019en sortir)\"}}]},{\"@type\":\"Article\",\"@id\":\"https:\/\/www.comundi.fr\/mag-des-competences\/sante-mentale-au-travail-les-5-erreurs-a-ne-plus-commettre-et-comment-s-en-sortir\/#article\",\"isPartOf\":{\"@id\":\"https:\/\/www.comundi.fr\/mag-des-competences\/sante-mentale-au-travail-les-5-erreurs-a-ne-plus-commettre-et-comment-s-en-sortir\/#webpage\"},\"author\":{\"@id\":\"https:\/\/www.comundi.fr\/mag-des-competences\/#\/schema\/person\/d08f5c2cf9de6fcfd33c30314745578e\"},\"headline\":\"Sant\\u00e9 mentale au travail : les 5 erreurs \\u00e0 ne plus commettre (et comment s\\u2019en sortir)\",\"datePublished\":\"2025-06-25T06:50:00+00:00\",\"dateModified\":\"2025-06-25T20:37:41+00:00\",\"mainEntityOfPage\":{\"@id\":\"https:\/\/www.comundi.fr\/mag-des-competences\/sante-mentale-au-travail-les-5-erreurs-a-ne-plus-commettre-et-comment-s-en-sortir\/#webpage\"},\"commentCount\":0,\"publisher\":{\"@id\":\"https:\/\/www.comundi.fr\/mag-des-competences\/#organization\"},\"image\":{\"@id\":\"https:\/\/www.comundi.fr\/mag-des-competences\/sante-mentale-au-travail-les-5-erreurs-a-ne-plus-commettre-et-comment-s-en-sortir\/#primaryimage\"},\"articleSection\":\"Sant\\u00e9 au travail - QVT\",\"inLanguage\":\"fr-FR\",\"potentialAction\":[{\"@type\":\"CommentAction\",\"name\":\"Comment\",\"target\":[\"https:\/\/www.comundi.fr\/mag-des-competences\/sante-mentale-au-travail-les-5-erreurs-a-ne-plus-commettre-et-comment-s-en-sortir\/#respond\"]}]},{\"@type\":\"Person\",\"@id\":\"https:\/\/www.comundi.fr\/mag-des-competences\/#\/schema\/person\/d08f5c2cf9de6fcfd33c30314745578e\",\"name\":\"Comundi\",\"image\":{\"@type\":\"ImageObject\",\"@id\":\"https:\/\/www.comundi.fr\/mag-des-competences\/#personlogo\",\"inLanguage\":\"fr-FR\",\"url\":\"https:\/\/secure.gravatar.com\/avatar\/da2835ae7b2c1279e8e897d242f4cda6?s=96&d=mm&r=g\",\"contentUrl\":\"https:\/\/secure.gravatar.com\/avatar\/da2835ae7b2c1279e8e897d242f4cda6?s=96&d=mm&r=g\",\"caption\":\"Comundi\"}}]}<\/script>\n<!-- \/ Yoast SEO plugin. -->","amp_enabled":true,"_links":{"self":[{"href":"https:\/\/www.comundi.fr\/mag-des-competences\/wp-json\/wp\/v2\/posts\/14144"}],"collection":[{"href":"https:\/\/www.comundi.fr\/mag-des-competences\/wp-json\/wp\/v2\/posts"}],"about":[{"href":"https:\/\/www.comundi.fr\/mag-des-competences\/wp-json\/wp\/v2\/types\/post"}],"author":[{"embeddable":true,"href":"https:\/\/www.comundi.fr\/mag-des-competences\/wp-json\/wp\/v2\/users\/8"}],"replies":[{"embeddable":true,"href":"https:\/\/www.comundi.fr\/mag-des-competences\/wp-json\/wp\/v2\/comments?post=14144"}],"version-history":[{"count":1,"href":"https:\/\/www.comundi.fr\/mag-des-competences\/wp-json\/wp\/v2\/posts\/14144\/revisions"}],"predecessor-version":[{"id":14145,"href":"https:\/\/www.comundi.fr\/mag-des-competences\/wp-json\/wp\/v2\/posts\/14144\/revisions\/14145"}],"wp:featuredmedia":[{"embeddable":true,"href":"https:\/\/www.comundi.fr\/mag-des-competences\/wp-json\/wp\/v2\/media\/14105"}],"wp:attachment":[{"href":"https:\/\/www.comundi.fr\/mag-des-competences\/wp-json\/wp\/v2\/media?parent=14144"}],"wp:term":[{"taxonomy":"category","embeddable":true,"href":"https:\/\/www.comundi.fr\/mag-des-competences\/wp-json\/wp\/v2\/categories?post=14144"}],"curies":[{"name":"wp","href":"https:\/\/api.w.org\/{rel}","templated":true}]}}