{"id":14136,"date":"2025-06-24T08:50:00","date_gmt":"2025-06-24T06:50:00","guid":{"rendered":"https:\/\/www.comundi.fr\/mag-des-competences\/?p=14136"},"modified":"2025-06-24T11:34:05","modified_gmt":"2025-06-24T09:34:05","slug":"au-bureau-les-employes-sont-en-moyenne-interrompus-toutes-les-deux-minutes-dans-leur-travail","status":"publish","type":"post","link":"https:\/\/www.comundi.fr\/mag-des-competences\/au-bureau-les-employes-sont-en-moyenne-interrompus-toutes-les-deux-minutes-dans-leur-travail\/","title":{"rendered":"Au bureau, les employ\u00e9s sont en moyenne interrompus toutes les deux minutes dans leur travail"},"content":{"rendered":"\n<p>Le c\u00e9l\u00e8bre \u00e9diteur de logiciels bureautiques Microsoft constate que les salari\u00e9s ont de plus en plus de difficult\u00e9s \u00e0 d\u00e9connecter. Les r\u00e9unions organis\u00e9es apr\u00e8s 20&nbsp;heures ont significativement augment\u00e9.<\/p>\n\n\n\n<p>Si vous avez le sentiment que vos journ\u00e9es de travail ne se terminent jamais, ce n&rsquo;est peut-\u00eatre pas qu&rsquo;une impression. Le nombre de r\u00e9unions commen\u00e7ant apr\u00e8s 20\u00a0heures a augment\u00e9 de 16\u00a0% depuis l&rsquo;ann\u00e9e derni\u00e8re, et pr\u00e8s d&rsquo;un tiers des actifs surveille encore leur bo\u00eete mail professionnelle pass\u00e9 22\u00a0heures, r\u00e9v\u00e8le une \u00e9tude de\u00a0<a href=\"https:\/\/www.lesechos.fr\/tech-medias\/intelligence-artificielle\/milliers-de-licenciements-chez-microsoft-avec-lia-en-toile-de-fond-2165082\">Microsoft,<\/a>\u00a0l&rsquo;\u00e9diteur de<a href=\"https:\/\/www.comundi.fr\/mag-des-competences\/le-moyen-de-communication-le-plus-efficace-en-entreprise\/\"> l&rsquo;outil de communication professionnelle Teams<\/a>.<\/p>\n\n\n\n<p>Cette \u00e9tude annuelle r\u00e9alis\u00e9e par le g\u00e9ant de la tech agr\u00e8ge anonymement les donn\u00e9es des utilisateurs mondiaux de la suite Microsoft 360. Une enqu\u00eate, r\u00e9alis\u00e9e aupr\u00e8s de 31.000 employ\u00e9s de bureau \u00e0 travers le monde, compl\u00e8te les r\u00e9sultats.<\/p>\n\n\n\n<h2><strong>Regarder ses e-mails le week-end<\/strong><\/h2>\n\n\n\n<p>L&rsquo;\u00e9tude montre qu&rsquo;en plus de travailler tard le soir, les salari\u00e9s ont du mal \u00e0 d\u00e9connecter pendant le week-end.&nbsp;Pr\u00e8s d&rsquo;un actif sur cinq (20&nbsp;%) travaille activement le week-end et consulte ses e-mails avant midi le samedi et le dimanche. 5&nbsp;% des sond\u00e9s sont \u00e9galement actifs sur leur messagerie le dimanche soir, en pr\u00e9vision de la semaine \u00e0 venir, r\u00e9v\u00e8le le rapport de Microsoft. Durant la semaine, les messages envoy\u00e9s sur Teams apr\u00e8s les heures de travail traditionnelles de 9&nbsp;\u00e0 17&nbsp;heures ont augment\u00e9 de 15&nbsp;% depuis l&rsquo;ann\u00e9e derni\u00e8re.<\/p>\n\n\n\n<p>Le groupe californien, qui \u00e9dite \u00e9galement un agenda connect\u00e9, s&rsquo;est aussi int\u00e9ress\u00e9 aux nouvelles habitudes&nbsp;<a href=\"https:\/\/www.lesechos.fr\/idees-debats\/leadership-management\/deux-heures-de-reunion-par-jour-la-dose-maximum-toleree-par-les-salaries-2041865\">en mati\u00e8re de r\u00e9unions.<\/a>&nbsp;Le jour le plus pl\u00e9biscit\u00e9 pour les organiser est le mardi avec un quart de la journ\u00e9e de travail qui leur est consacr\u00e9. Sans surprise &#8211; plusieurs entreprises ayant adopt\u00e9&nbsp;<a href=\"https:\/\/www.lesechos.fr\/travailler-mieux\/vie-au-travail\/focus-friday-ces-entreprises-qui-liberent-la-charge-mentale-des-salaries-le-vendredi-2133090\">le \u00ab focus Friday \u00bb<\/a>&nbsp;&#8211; le vendredi appara\u00eet comme une journ\u00e9e particuli\u00e8rement impopulaire pour pr\u00e9voir des r\u00e9unions. En moyenne, moins d&rsquo;un sixi\u00e8me du calendrier est d\u00e9di\u00e9 aux meetings ce jour-l\u00e0.<\/p>\n\n\n\n<p>L&rsquo;\u00e9tude de Microsoft observe que les r\u00e9unions sont souvent spontan\u00e9es&nbsp;: 57&nbsp;% des appels n&rsquo;ont pas \u00e9t\u00e9 pr\u00e9alablement cal\u00e9s dans l&rsquo;agenda et 10&nbsp;% ont \u00e9t\u00e9 programm\u00e9es \u00e0 la derni\u00e8re minute.<\/p>\n\n\n\n<h2><strong>Une interruption toutes les deux minutes<\/strong><\/h2>\n\n\n\n<p>Si\u00a0<a href=\"https:\/\/www.lesechos.fr\/industrie-services\/services-conseils\/voyages-daffaires-les-agences-ne-sont-plus-au-centre-du-jeu-2121564\">les voyages d&rsquo;affaires ont repris<\/a>\u00a0depuis la pand\u00e9mie de Covid, les usages ont \u00e9t\u00e9 durablement modifi\u00e9s. Les visioconf\u00e9rences apparaissent d\u00e9sormais comme une alternative plus simple, et moins co\u00fbteuse, pour organiser des rencontres entre des participants situ\u00e9s sur diff\u00e9rents continents. Ainsi, <a href=\"https:\/\/www.comundi.fr\/mag-des-competences\/comment-organiser-une-reunion-efficace\/\">les r\u00e9unions s&rsquo;\u00e9tendant sur plusieurs fuseaux horaires repr\u00e9sentent d\u00e9sormais un tiers des meetings<\/a>, soit une augmentation de 8 points depuis\u00a02021. Les \u00ab\u00a0grandes r\u00e9unions\u00a0\u00bb, qui rassemblent plus de 65 personnes, sont le type d&rsquo;\u00e9v\u00e9nements qui a connu la croissance la plus rapide.<\/p>\n\n\n\n<p>Les auteurs de l&rsquo;enqu\u00eate ont \u00e9galement constat\u00e9&nbsp;<a href=\"https:\/\/www.lesechos.fr\/travailler-mieux\/vie-au-travail\/sauf-erreur-de-ma-part-merci-de-faut-il-bannir-ces-formules-passives-agressives-des-e-mails-pros-2161013\">une augmentation des courriels envoy\u00e9s \u00ab en copie \u00bb.<\/a>&nbsp;Alors que les salari\u00e9s re\u00e7oivent en moyenne 117 e-mails par jour, ceux comptant plus de 20 destinataires ont augment\u00e9 de 7&nbsp;% par rapport \u00e0 l&rsquo;an dernier. Des courriels qui sont parfois re\u00e7us \u00ab&nbsp;pour information&nbsp;\u00bb et sont donc parcourus rapidement&nbsp;: la majorit\u00e9 des e-mails sont lus en moins d&rsquo;une minute.<\/p>\n\n\n\n<p>Au-del\u00e0 des e-mails, les employ\u00e9s de bureau sont tr\u00e8s r\u00e9guli\u00e8rement sollicit\u00e9s par les notifications envoy\u00e9es par les messageries professionnelles. Un utilisateur de Teams re\u00e7oit en moyenne 153 messages par jour, soit une augmentation de 6\u00a0% par rapport \u00e0 l&rsquo;an dernier.\u00a0<a href=\"https:\/\/www.comundi.fr\/mag-des-competences\/4-astuces-pour-developper-sa-concentration\/\">Microsoft a constat\u00e9 que les utilisateurs sont en moyenne interrompus toutes les deux minutes par une notification de travail<\/a>, une r\u00e9union ou un nouvel e-mail. \u00ab\u00a0Pour beaucoup, la journ\u00e9e de travail moderne n&rsquo;a ni d\u00e9but ni fin pr\u00e9cis\u00a0\u00bb, constatent les auteurs de l&rsquo;\u00e9tude.<\/p>\n\n\n\n<p><strong>Avec Bloomberg<\/strong><\/p>\n","protected":false},"excerpt":{"rendered":"<p>Le c\u00e9l\u00e8bre \u00e9diteur de logiciels bureautiques Microsoft constate que les salari\u00e9s ont de plus en plus de difficult\u00e9s \u00e0 d\u00e9connecter. Les r\u00e9unions organis\u00e9es apr\u00e8s 20&nbsp;heures ont significativement augment\u00e9. Si vous avez le sentiment que vos journ\u00e9es de travail ne se terminent jamais, ce n&rsquo;est peut-\u00eatre pas qu&rsquo;une impression. Le nombre de r\u00e9unions commen\u00e7ant apr\u00e8s 20\u00a0heures [&hellip;]<\/p>\n","protected":false},"author":6,"featured_media":14137,"comment_status":"open","ping_status":"open","sticky":false,"template":"","format":"standard","meta":{"_mi_skip_tracking":false},"categories":[183],"yoast_head":"<!-- This site is optimized with the Yoast SEO plugin v16.1 - https:\/\/yoast.com\/wordpress\/plugins\/seo\/ -->\n<title>Au bureau, les employ\u00e9s sont en moyenne interrompus toutes les deux minutes dans leur travail - Mag des comp\u00e9tences - Comundi<\/title>\n<meta name=\"description\" content=\"D\u00e9couvrez l&#039;\u00e9tude Microsoft montrant que les salari\u00e9s ont plus de mal \u00e0 d\u00e9connecter et sont r\u00e9guli\u00e8rement interrompus dans leur travail.\" \/>\n<meta name=\"robots\" content=\"noindex, follow\" \/>\n<meta property=\"og:locale\" content=\"fr_FR\" \/>\n<meta property=\"og:type\" content=\"article\" \/>\n<meta property=\"og:title\" content=\"Au bureau, les employ\u00e9s sont en moyenne interrompus toutes les deux minutes dans leur travail - Mag des comp\u00e9tences - Comundi\" \/>\n<meta property=\"og:description\" content=\"D\u00e9couvrez l&#039;\u00e9tude Microsoft montrant que les salari\u00e9s ont plus de mal \u00e0 d\u00e9connecter et sont r\u00e9guli\u00e8rement interrompus dans leur travail.\" \/>\n<meta property=\"og:url\" content=\"https:\/\/www.comundi.fr\/mag-des-competences\/au-bureau-les-employes-sont-en-moyenne-interrompus-toutes-les-deux-minutes-dans-leur-travail\/\" \/>\n<meta property=\"og:site_name\" content=\"Mag des comp\u00e9tences - Comundi\" \/>\n<meta property=\"article:publisher\" content=\"https:\/\/www.facebook.com\/Comundi\/?fref=ts\" \/>\n<meta property=\"article:published_time\" content=\"2025-06-24T06:50:00+00:00\" \/>\n<meta property=\"article:modified_time\" content=\"2025-06-24T09:34:05+00:00\" \/>\n<meta property=\"og:image\" content=\"https:\/\/www.comundi.fr\/mag-des-competences\/wp-content\/uploads\/2025\/06\/Les-employes-sont-en-moyenne-interrompus-toutes-les-deux-minutes-dans-leur-travail.jpg\" \/>\n\t<meta property=\"og:image:width\" content=\"1200\" \/>\n\t<meta property=\"og:image:height\" content=\"675\" \/>\n<meta name=\"twitter:card\" content=\"summary_large_image\" \/>\n<meta name=\"twitter:creator\" content=\"@ComundiActu\" \/>\n<meta name=\"twitter:site\" content=\"@ComundiActu\" \/>\n<meta name=\"twitter:label1\" content=\"Dur\u00e9e de lecture est.\">\n\t<meta name=\"twitter:data1\" content=\"3 minutes\">\n<script type=\"application\/ld+json\" class=\"yoast-schema-graph\">{\"@context\":\"https:\/\/schema.org\",\"@graph\":[{\"@type\":\"Organization\",\"@id\":\"https:\/\/www.comundi.fr\/mag-des-competences\/#organization\",\"name\":\"Comundi\",\"url\":\"https:\/\/www.comundi.fr\/mag-des-competences\/\",\"sameAs\":[\"https:\/\/www.facebook.com\/Comundi\/?fref=ts\",\"https:\/\/www.linkedin.com\/company\/comundi\/\",\"https:\/\/www.youtube.com\/user\/ComundiFormations\",\"https:\/\/twitter.com\/ComundiActu\"],\"logo\":{\"@type\":\"ImageObject\",\"@id\":\"https:\/\/www.comundi.fr\/mag-des-competences\/#logo\",\"inLanguage\":\"fr-FR\",\"url\":\"https:\/\/www.comundi.fr\/mag-des-competences\/wp-content\/uploads\/2018\/01\/comundi.png\",\"contentUrl\":\"https:\/\/www.comundi.fr\/mag-des-competences\/wp-content\/uploads\/2018\/01\/comundi.png\",\"width\":300,\"height\":300,\"caption\":\"Comundi\"},\"image\":{\"@id\":\"https:\/\/www.comundi.fr\/mag-des-competences\/#logo\"}},{\"@type\":\"WebSite\",\"@id\":\"https:\/\/www.comundi.fr\/mag-des-competences\/#website\",\"url\":\"https:\/\/www.comundi.fr\/mag-des-competences\/\",\"name\":\"Mag des comp\\u00e9tences - Comundi\",\"description\":\"Le magazine des m\\u00e9tiers de demain\",\"publisher\":{\"@id\":\"https:\/\/www.comundi.fr\/mag-des-competences\/#organization\"},\"potentialAction\":[{\"@type\":\"SearchAction\",\"target\":\"https:\/\/www.comundi.fr\/mag-des-competences\/?s={search_term_string}\",\"query-input\":\"required name=search_term_string\"}],\"inLanguage\":\"fr-FR\"},{\"@type\":\"ImageObject\",\"@id\":\"https:\/\/www.comundi.fr\/mag-des-competences\/au-bureau-les-employes-sont-en-moyenne-interrompus-toutes-les-deux-minutes-dans-leur-travail\/#primaryimage\",\"inLanguage\":\"fr-FR\",\"url\":\"https:\/\/www.comundi.fr\/mag-des-competences\/wp-content\/uploads\/2025\/06\/Les-employes-sont-en-moyenne-interrompus-toutes-les-deux-minutes-dans-leur-travail.jpg\",\"contentUrl\":\"https:\/\/www.comundi.fr\/mag-des-competences\/wp-content\/uploads\/2025\/06\/Les-employes-sont-en-moyenne-interrompus-toutes-les-deux-minutes-dans-leur-travail.jpg\",\"width\":1200,\"height\":675,\"caption\":\"Les employ\\u00e9s sont en moyenne interrompus toutes les deux minutes dans leur travail\"},{\"@type\":\"WebPage\",\"@id\":\"https:\/\/www.comundi.fr\/mag-des-competences\/au-bureau-les-employes-sont-en-moyenne-interrompus-toutes-les-deux-minutes-dans-leur-travail\/#webpage\",\"url\":\"https:\/\/www.comundi.fr\/mag-des-competences\/au-bureau-les-employes-sont-en-moyenne-interrompus-toutes-les-deux-minutes-dans-leur-travail\/\",\"name\":\"Au bureau, les employ\\u00e9s sont en moyenne interrompus toutes les deux minutes dans leur travail - Mag des comp\\u00e9tences - Comundi\",\"isPartOf\":{\"@id\":\"https:\/\/www.comundi.fr\/mag-des-competences\/#website\"},\"primaryImageOfPage\":{\"@id\":\"https:\/\/www.comundi.fr\/mag-des-competences\/au-bureau-les-employes-sont-en-moyenne-interrompus-toutes-les-deux-minutes-dans-leur-travail\/#primaryimage\"},\"datePublished\":\"2025-06-24T06:50:00+00:00\",\"dateModified\":\"2025-06-24T09:34:05+00:00\",\"description\":\"D\\u00e9couvrez l'\\u00e9tude Microsoft montrant que les salari\\u00e9s ont plus de mal \\u00e0 d\\u00e9connecter et sont r\\u00e9guli\\u00e8rement interrompus dans leur travail.\",\"breadcrumb\":{\"@id\":\"https:\/\/www.comundi.fr\/mag-des-competences\/au-bureau-les-employes-sont-en-moyenne-interrompus-toutes-les-deux-minutes-dans-leur-travail\/#breadcrumb\"},\"inLanguage\":\"fr-FR\",\"potentialAction\":[{\"@type\":\"ReadAction\",\"target\":[\"https:\/\/www.comundi.fr\/mag-des-competences\/au-bureau-les-employes-sont-en-moyenne-interrompus-toutes-les-deux-minutes-dans-leur-travail\/\"]}]},{\"@type\":\"BreadcrumbList\",\"@id\":\"https:\/\/www.comundi.fr\/mag-des-competences\/au-bureau-les-employes-sont-en-moyenne-interrompus-toutes-les-deux-minutes-dans-leur-travail\/#breadcrumb\",\"itemListElement\":[{\"@type\":\"ListItem\",\"position\":1,\"item\":{\"@type\":\"WebPage\",\"@id\":\"https:\/\/www.comundi.fr\/mag-des-competences\/\",\"url\":\"https:\/\/www.comundi.fr\/mag-des-competences\/\",\"name\":\"Accueil\"}},{\"@type\":\"ListItem\",\"position\":2,\"item\":{\"@type\":\"WebPage\",\"@id\":\"https:\/\/www.comundi.fr\/mag-des-competences\/au-bureau-les-employes-sont-en-moyenne-interrompus-toutes-les-deux-minutes-dans-leur-travail\/\",\"url\":\"https:\/\/www.comundi.fr\/mag-des-competences\/au-bureau-les-employes-sont-en-moyenne-interrompus-toutes-les-deux-minutes-dans-leur-travail\/\",\"name\":\"Au bureau, les employ\\u00e9s sont en moyenne interrompus toutes les deux minutes dans leur travail\"}}]},{\"@type\":\"Article\",\"@id\":\"https:\/\/www.comundi.fr\/mag-des-competences\/au-bureau-les-employes-sont-en-moyenne-interrompus-toutes-les-deux-minutes-dans-leur-travail\/#article\",\"isPartOf\":{\"@id\":\"https:\/\/www.comundi.fr\/mag-des-competences\/au-bureau-les-employes-sont-en-moyenne-interrompus-toutes-les-deux-minutes-dans-leur-travail\/#webpage\"},\"author\":{\"@id\":\"https:\/\/www.comundi.fr\/mag-des-competences\/#\/schema\/person\/96b8f219e4cddee126473c6fbcc0e089\"},\"headline\":\"Au bureau, les employ\\u00e9s sont en moyenne interrompus toutes les deux minutes dans leur travail\",\"datePublished\":\"2025-06-24T06:50:00+00:00\",\"dateModified\":\"2025-06-24T09:34:05+00:00\",\"mainEntityOfPage\":{\"@id\":\"https:\/\/www.comundi.fr\/mag-des-competences\/au-bureau-les-employes-sont-en-moyenne-interrompus-toutes-les-deux-minutes-dans-leur-travail\/#webpage\"},\"commentCount\":0,\"publisher\":{\"@id\":\"https:\/\/www.comundi.fr\/mag-des-competences\/#organization\"},\"image\":{\"@id\":\"https:\/\/www.comundi.fr\/mag-des-competences\/au-bureau-les-employes-sont-en-moyenne-interrompus-toutes-les-deux-minutes-dans-leur-travail\/#primaryimage\"},\"articleSection\":\"Efficacit\\u00e9 professionnelle\",\"inLanguage\":\"fr-FR\",\"potentialAction\":[{\"@type\":\"CommentAction\",\"name\":\"Comment\",\"target\":[\"https:\/\/www.comundi.fr\/mag-des-competences\/au-bureau-les-employes-sont-en-moyenne-interrompus-toutes-les-deux-minutes-dans-leur-travail\/#respond\"]}]},{\"@type\":\"Person\",\"@id\":\"https:\/\/www.comundi.fr\/mag-des-competences\/#\/schema\/person\/96b8f219e4cddee126473c6fbcc0e089\",\"name\":\"Les Echos\",\"image\":{\"@type\":\"ImageObject\",\"@id\":\"https:\/\/www.comundi.fr\/mag-des-competences\/#personlogo\",\"inLanguage\":\"fr-FR\",\"url\":\"https:\/\/secure.gravatar.com\/avatar\/041d1b3114ce5dce17eaefa721d4ed06?s=96&d=mm&r=g\",\"contentUrl\":\"https:\/\/secure.gravatar.com\/avatar\/041d1b3114ce5dce17eaefa721d4ed06?s=96&d=mm&r=g\",\"caption\":\"Les Echos\"}}]}<\/script>\n<!-- \/ Yoast SEO plugin. -->","amp_enabled":true,"_links":{"self":[{"href":"https:\/\/www.comundi.fr\/mag-des-competences\/wp-json\/wp\/v2\/posts\/14136"}],"collection":[{"href":"https:\/\/www.comundi.fr\/mag-des-competences\/wp-json\/wp\/v2\/posts"}],"about":[{"href":"https:\/\/www.comundi.fr\/mag-des-competences\/wp-json\/wp\/v2\/types\/post"}],"author":[{"embeddable":true,"href":"https:\/\/www.comundi.fr\/mag-des-competences\/wp-json\/wp\/v2\/users\/6"}],"replies":[{"embeddable":true,"href":"https:\/\/www.comundi.fr\/mag-des-competences\/wp-json\/wp\/v2\/comments?post=14136"}],"version-history":[{"count":3,"href":"https:\/\/www.comundi.fr\/mag-des-competences\/wp-json\/wp\/v2\/posts\/14136\/revisions"}],"predecessor-version":[{"id":14143,"href":"https:\/\/www.comundi.fr\/mag-des-competences\/wp-json\/wp\/v2\/posts\/14136\/revisions\/14143"}],"wp:featuredmedia":[{"embeddable":true,"href":"https:\/\/www.comundi.fr\/mag-des-competences\/wp-json\/wp\/v2\/media\/14137"}],"wp:attachment":[{"href":"https:\/\/www.comundi.fr\/mag-des-competences\/wp-json\/wp\/v2\/media?parent=14136"}],"wp:term":[{"taxonomy":"category","embeddable":true,"href":"https:\/\/www.comundi.fr\/mag-des-competences\/wp-json\/wp\/v2\/categories?post=14136"}],"curies":[{"name":"wp","href":"https:\/\/api.w.org\/{rel}","templated":true}]}}