{"id":14121,"date":"2025-06-19T08:50:00","date_gmt":"2025-06-19T06:50:00","guid":{"rendered":"https:\/\/www.comundi.fr\/mag-des-competences\/?p=14121"},"modified":"2025-06-18T19:38:58","modified_gmt":"2025-06-18T17:38:58","slug":"savoir-dire-non-au-travail","status":"publish","type":"post","link":"https:\/\/www.comundi.fr\/mag-des-competences\/savoir-dire-non-au-travail\/","title":{"rendered":"Savoir dire \u00ab\u00a0non\u00a0\u00bb au travail"},"content":{"rendered":"\n<p>Oser dire \u00ab\u00a0non\u00a0\u00bb \u00e0 un manager ou \u00e0 un coll\u00e8gue rel\u00e8ve souvent d&rsquo;une mission impossible pour beaucoup. Cette incapacit\u00e9 d\u00e9coule de l&rsquo;envie de ne pas d\u00e9cevoir ou de la peur de cr\u00e9er un conflit. Pourtant, <strong>savoir dire \u00ab\u00a0non\u00a0\u00bb au travail<\/strong> <strong>quand il le faut constitue une qualit\u00e9.<\/strong> Elle prot\u00e8ge notamment contre les risques de burn-out et ses effets n\u00e9fastes.<\/p>\n\n\n\n<p>Pourquoi et comment dire \u00ab\u00a0non\u00a0\u00bb au travail sans heurter ses coll\u00e8gues\u00a0? Voil\u00e0 nos conseils.<\/p>\n\n\n\n<h2>Pourquoi est-il important de savoir dire \u00ab\u00a0non\u00a0\u00bb\u00a0au travail ?<\/h2>\n\n\n\n<p>Dans le milieu professionnel, la r\u00e9ticence \u00e0 dire \u00ab\u00a0non\u00a0\u00bb n&rsquo;est pas sans cons\u00e9quence. Elle engendre du stress et de la frustration qui entra\u00eenent un mal-\u00eatre au fil du temps. Pourtant, un refus mesur\u00e9 vaut mieux qu&rsquo;un \u00ab oui \u00bb ou un \u00ab peut-\u00eatre \u00bb \u00e0 rattraper. Savoir poser vos limites rev\u00eat une grande importance.<\/p>\n\n\n\n<h3>Gestion efficace du temps et performance<\/h3>\n\n\n\n<p>Acc\u00e9der \u00e0 une demande d&rsquo;un sup\u00e9rieur vous conduit \u00e0 ex\u00e9cuter des t\u00e2ches non planifi\u00e9es.<a href=\"https:\/\/www.comundi.fr\/mag-des-competences\/exercices-pratiques-pour-ameliorer-votre-gestion-du-temps-et-des-priorites\/\"> Cela vous prend du temps et votre \u00e9nergie dans certains cas<\/a>.<strong> Savoir dire \u00ab\u00a0non\u00a0\u00bb au travail offre ainsi un double avantage<\/strong>. <strong>Vous optimisez votre productivit\u00e9 tout en pr\u00e9servant votre capital bien-\u00eatre<\/strong>. Vous ne vous sentez pas submerg\u00e9 et \u00e9puis\u00e9. Vous pouvez atteindre les objectifs qui vous ont \u00e9t\u00e9 assign\u00e9s avec assurance et d\u00e9termination.<\/p>\n\n\n\n<h3>Renforcement de l&rsquo;estime de soi<\/h3>\n\n\n\n<p>Refuser une demande qui va \u00e0 l&rsquo;encontre de vos valeurs ou vous met mal \u00e0 l&rsquo;aise n\u00e9cessite du courage et de l&rsquo;assurance. En refusant certaines demandes, inconsciemment, <strong>vous vous respectez et vous vous affirmez<\/strong>. Cela contribue \u00e0 <strong>renforcer votre confiance<\/strong> en vous et nouer des relations sociales saines. <a href=\"https:\/\/www.comundi.fr\/mag-des-competences\/pourquoi-et-comment-developper-lestime-de-soi\/\">Une meilleure estime de soi favorise l&rsquo;\u00e9panouissement <\/a>au quotidien et facilite la gestion des \u00e9motions.<\/p>\n\n\n\n<h2>\u00c0 quels moments faut-il savoir dire \u00ab\u00a0non\u00a0\u00bb au travail ?<\/h2>\n\n\n\n<p>Accepter des engagements constitue une mani\u00e8re naturelle d&rsquo;int\u00e9grer une nouvelle \u00e9quipe. Vous montrez votre envie de participer \u00e0 l&rsquo;effort collectif. Cela ne doit pas pour autant vous emp\u00eacher d\u2019en refuser certains. Toutefois, il est crucial que ces refus soient motiv\u00e9s et exceptionnels.<\/p>\n\n\n\n<h3>Surcharge de travail<\/h3>\n\n\n\n<p>Publi\u00e9 en septembre 2024, le barom\u00e8tre Empreinte Humaine affirme que 42% des salari\u00e9s se disent en d\u00e9tresse psychologique mod\u00e9r\u00e9e ou \u00e9lev\u00e9e et 30% sont concern\u00e9s par le <a href=\"https:\/\/www.comundi.fr\/mag-des-competences\/burnout-attention-danger\/\">syndrome de burn-out<\/a>. Aussi, pour votre bien-\u00eatre et celui de l&rsquo;\u00e9quipe, <strong>savoir dire \u00ab\u00a0non\u00a0\u00bb au travail<\/strong> <strong>est primordial lorsque vous \u00eates d\u00e9j\u00e0 occup\u00e9 et que vous avez d\u00e9j\u00e0 une charge de travail importante.<\/strong><\/p>\n\n\n\n<p>En effet, vous pouvez tr\u00e8s vite \u00eatre d\u00e9bord\u00e9 en acceptant des t\u00e2ches suppl\u00e9mentaires. D&rsquo;une part, cela nuit \u00e0 votre efficacit\u00e9. D&rsquo;autre part, les livrables ne r\u00e9pondent pas aux exigences qualit\u00e9 de l&rsquo;entreprise.<\/p>\n\n\n\n<h3>D\u00e9l\u00e9gation possible<\/h3>\n\n\n\n<p>Lorsque votre charge de travail est \u00e0 son maximum, une autre solution existe plut\u00f4t que dire oui syst\u00e9matiquement aux demandes des coll\u00e8gues. Il s&rsquo;agit de d\u00e9l\u00e9guer les t\u00e2ches en question \u00e0 d&rsquo;autres collaborateurs selon leur disponibilit\u00e9. Ainsi, vous les refusez tout en satisfaisant les demandes.<\/p>\n\n\n\n<h3>Hors champ de comp\u00e9tences<\/h3>\n\n\n\n<p>De par vos formations et vos exp\u00e9riences, vous avez d\u00e9velopp\u00e9 des talents multiples. Pourtant, les sollicitations qui vous parviennent peuvent parfois sortir de votre champ de comp\u00e9tences. <strong>N&rsquo;h\u00e9sitez pas \u00e0 dire non lorsque vous ne disposez pas des comp\u00e9tences n\u00e9cessaires<\/strong> \u00e0 l\u2019ex\u00e9cution d\u2019une mission. Vous \u00e9vitez ainsi de frustrer votre \u00e9quipe avec un travail b\u00e2cl\u00e9 et de nuire \u00e0 votre image.<\/p>\n\n\n\n<h2>Identifier les moments o\u00f9 refuser de nouvelles responsabilit\u00e9s au travail<\/h2>\n\n\n\n<p>Dans le monde professionnel, formuler un refus ne s&rsquo;av\u00e8re ni facile et ni \u00e9vident. Pour bon nombre de salari\u00e9s, cela s&rsquo;apprend avec le temps et l&rsquo;exp\u00e9rience. Au d\u00e9part, vous n\u2019osez pas refuser une demande de votre sup\u00e9rieur hi\u00e9rarchique ou vous vous culpabilisez de ne pas aider suffisamment vos coll\u00e8gues. Cependant, votre bien-\u00eatre et votre productivit\u00e9 d\u00e9pendent de cette comp\u00e9tence \u00e0 moyen et long terme.<\/p>\n\n\n\n<p>La premi\u00e8re \u00e9tape consiste \u00e0 comprendre pourquoi vous n&rsquo;arrivez pas \u00e0 refuser les diverses demandes d&rsquo;un sup\u00e9rieur ou d&rsquo;autres collaborateurs. Plusieurs facteurs sociaux et psychologiques en sont g\u00e9n\u00e9ralement la cause : les attentes culturelles, les pressions sociales, la peur du rejet, etc.<\/p>\n\n\n\n<p><strong>Pour acqu\u00e9rir cette comp\u00e9tence et<\/strong> <strong>savoir dire non au travail<\/strong>,<strong> il convient ainsi d&rsquo;identifier les origines de votre incapacit\u00e9<\/strong>. Elle constitue le socle d&rsquo;une communication efficace et de relations interpersonnelles saines. Refuser de mani\u00e8re assertive d\u00e9montre le respect de soi et d&rsquo;autrui et contribue \u00e0 une vie professionnelle \u00e9quilibr\u00e9e.<\/p>\n\n\n\n<p>Apprendre \u00e0 r\u00e9pondre par la n\u00e9gative passe aussi par la reconnaissance de vos propres limites. Certains indicateurs ne trompent pas et doivent vous alarmer comme la fatigue constante et l&rsquo;irritabilit\u00e9. La difficult\u00e9 \u00e0 vous d\u00e9tendre et \u00e0 vous d\u00e9connecter du travail est aussi un signe r\u00e9v\u00e9lateur.<\/p>\n\n\n\n<h2>Comment apprendre \u00e0 dire \u00ab\u00a0non\u00a0\u00bb sans se faire des ennemis au travail ?<\/h2>\n\n\n\n<p>Refuser des engagements, surtout \u00e0 r\u00e9p\u00e9tition, est souvent mal per\u00e7u par le manager et les autres membres de l&rsquo;\u00e9quipe. Vous risquez de vous faire des ennemis \u00e0 la longue et d&rsquo;\u00eatre rejet\u00e9. <strong>Savoir dire \u00ab\u00a0non\u00a0\u00bb au travail<\/strong> commence par prendre du recul par rapport \u00e0 chaque demande. Accordez-vous un d\u00e9lai de r\u00e9flexion pour \u00e9tudier chaque demande et \u00e9tablir une liste d&rsquo;arguments en cas de refus. <strong>Prenez le temps d\u2019\u00e9valuer votre charge de travail et votre temps disponible<\/strong>.<\/p>\n\n\n\n<p>Ensuite, apprenez \u00e0 <strong>refuser les demandes avec tact<\/strong> et assumer votre r\u00e9ponse avec sang-froid. Lors de votre refus, <strong>prenez le temps de donner des explications<\/strong> avec calme et sinc\u00e9rit\u00e9 pour bien g\u00e9rer la situation.<\/p>\n\n\n\n<p>Par ailleurs, il est recommand\u00e9 d&rsquo;apprendre \u00e0 vous valoriser pour d\u00e9velopper votre capacit\u00e9 \u00e0 dire non. Ne pas reconna\u00eetre vos valeurs et vos accomplissements vous am\u00e8ne in\u00e9vitablement \u00e0 accepter des responsabilit\u00e9s suppl\u00e9mentaires dans le but de valoriser davantage votre travail. Vous entrez alors dans un cercle vicieux qui d\u00e9bouche sur une surcharge de travail.<\/p>\n\n\n\n<p>Un autre point crucial consiste \u00e0 bien accueillir les r\u00e9actions de vos interlocuteurs apr\u00e8s votre refus. Cette \u00e9tape de votre processus d&rsquo;apprentissage implique une autonomie \u00e9motionnelle pour les comprendre sans remettre en question votre d\u00e9cision. Faites preuve d\u2019empathie et, s\u2019ils insistent, <strong>apprenez \u00e0 rester et ferme en expliquant \u00e0 nouveau les raisons de votre refus si besoin<\/strong>.<\/p>\n\n\n\n<div class=\"wp-block-media-text alignwide is-stacked-on-mobile is-vertically-aligned-top has-black-color has-text-color has-background\" style=\"background-color:#fff1de;grid-template-columns:30% auto\"><figure class=\"wp-block-media-text__media\"><img loading=\"lazy\" width=\"354\" height=\"289\" src=\"https:\/\/www.comundi.fr\/mag-des-competences\/wp-content\/uploads\/2025\/03\/icone-developpement-personnel-1.jpg\" alt=\"icone-developpement-personnel-1\" class=\"wp-image-13650 size-medium\" srcset=\"https:\/\/www.comundi.fr\/mag-des-competences\/wp-content\/uploads\/2025\/03\/icone-developpement-personnel-1.jpg 354w, https:\/\/www.comundi.fr\/mag-des-competences\/wp-content\/uploads\/2025\/03\/icone-developpement-personnel-1-300x245.jpg 300w\" sizes=\"(max-width: 354px) 100vw, 354px\" \/><\/figure><div class=\"wp-block-media-text__content\">\n<p><\/p>\n\n\n\n<p class=\"has-normal-font-size\">Apprenez \u00e0 poser des limites et pr\u00e9server votre \u00e9quilibre.<\/p>\n\n\n\n<div class=\"wp-block-buttons aligncenter\">\n<div class=\"wp-block-button\"><a class=\"wp-block-button__link has-white-color has-text-color has-background\" href=\"https:\/\/www.comundi.fr\/formations\/formation-oser-dire-et-savoir-dire-non.html\" style=\"background-color:#fed9a5\" target=\"_blank\" rel=\"noreferrer noopener\">D\u00e9couvrir la formation<\/a><\/div>\n<\/div>\n<\/div><\/div>\n","protected":false},"excerpt":{"rendered":"<p>Oser dire \u00ab\u00a0non\u00a0\u00bb \u00e0 un manager ou \u00e0 un coll\u00e8gue rel\u00e8ve souvent d&rsquo;une mission impossible pour beaucoup. Cette incapacit\u00e9 d\u00e9coule de l&rsquo;envie de ne pas d\u00e9cevoir ou de la peur de cr\u00e9er un conflit. Pourtant, savoir dire \u00ab\u00a0non\u00a0\u00bb au travail quand il le faut constitue une qualit\u00e9. Elle prot\u00e8ge notamment contre les risques de burn-out [&hellip;]<\/p>\n","protected":false},"author":8,"featured_media":14122,"comment_status":"open","ping_status":"open","sticky":false,"template":"","format":"standard","meta":{"_mi_skip_tracking":false},"categories":[185],"yoast_head":"<!-- This site is optimized with the Yoast SEO plugin v16.1 - https:\/\/yoast.com\/wordpress\/plugins\/seo\/ -->\n<title>Savoir dire &quot;non&quot; au travail - Mag des comp\u00e9tences - Comundi<\/title>\n<meta name=\"description\" content=\"Nombreux sont ceux qui n&#039;arrivent pas \u00e0 dire &quot;non&quot; au travail. Pourtant, il s&#039;agit d&#039;une qualit\u00e9 essentielle. D\u00e9couvrez nos conseils pour y parvenir.\" \/>\n<meta name=\"robots\" content=\"index, follow, max-snippet:-1, max-image-preview:large, max-video-preview:-1\" \/>\n<link rel=\"canonical\" href=\"https:\/\/www.comundi.fr\/mag-des-competences\/savoir-dire-non-au-travail\/\" \/>\n<meta property=\"og:locale\" content=\"fr_FR\" \/>\n<meta property=\"og:type\" content=\"article\" \/>\n<meta property=\"og:title\" content=\"Savoir dire &quot;non&quot; au travail - Mag des comp\u00e9tences - Comundi\" \/>\n<meta property=\"og:description\" content=\"Nombreux sont ceux qui n&#039;arrivent pas \u00e0 dire &quot;non&quot; au travail. Pourtant, il s&#039;agit d&#039;une qualit\u00e9 essentielle. D\u00e9couvrez nos conseils pour y parvenir.\" \/>\n<meta property=\"og:url\" content=\"https:\/\/www.comundi.fr\/mag-des-competences\/savoir-dire-non-au-travail\/\" \/>\n<meta property=\"og:site_name\" content=\"Mag des comp\u00e9tences - Comundi\" \/>\n<meta property=\"article:publisher\" content=\"https:\/\/www.facebook.com\/Comundi\/?fref=ts\" \/>\n<meta property=\"article:published_time\" content=\"2025-06-19T06:50:00+00:00\" \/>\n<meta property=\"article:modified_time\" content=\"2025-06-18T17:38:58+00:00\" \/>\n<meta property=\"og:image\" content=\"https:\/\/www.comundi.fr\/mag-des-competences\/wp-content\/uploads\/2025\/06\/Savoir-dire-non-au-travail.jpg\" \/>\n\t<meta property=\"og:image:width\" content=\"1200\" \/>\n\t<meta property=\"og:image:height\" content=\"675\" \/>\n<meta name=\"twitter:card\" content=\"summary_large_image\" \/>\n<meta name=\"twitter:creator\" content=\"@ComundiActu\" \/>\n<meta name=\"twitter:site\" content=\"@ComundiActu\" \/>\n<meta name=\"twitter:label1\" content=\"Dur\u00e9e de lecture est.\">\n\t<meta name=\"twitter:data1\" content=\"5 minutes\">\n<script type=\"application\/ld+json\" class=\"yoast-schema-graph\">{\"@context\":\"https:\/\/schema.org\",\"@graph\":[{\"@type\":\"Organization\",\"@id\":\"https:\/\/www.comundi.fr\/mag-des-competences\/#organization\",\"name\":\"Comundi\",\"url\":\"https:\/\/www.comundi.fr\/mag-des-competences\/\",\"sameAs\":[\"https:\/\/www.facebook.com\/Comundi\/?fref=ts\",\"https:\/\/www.linkedin.com\/company\/comundi\/\",\"https:\/\/www.youtube.com\/user\/ComundiFormations\",\"https:\/\/twitter.com\/ComundiActu\"],\"logo\":{\"@type\":\"ImageObject\",\"@id\":\"https:\/\/www.comundi.fr\/mag-des-competences\/#logo\",\"inLanguage\":\"fr-FR\",\"url\":\"https:\/\/www.comundi.fr\/mag-des-competences\/wp-content\/uploads\/2018\/01\/comundi.png\",\"contentUrl\":\"https:\/\/www.comundi.fr\/mag-des-competences\/wp-content\/uploads\/2018\/01\/comundi.png\",\"width\":300,\"height\":300,\"caption\":\"Comundi\"},\"image\":{\"@id\":\"https:\/\/www.comundi.fr\/mag-des-competences\/#logo\"}},{\"@type\":\"WebSite\",\"@id\":\"https:\/\/www.comundi.fr\/mag-des-competences\/#website\",\"url\":\"https:\/\/www.comundi.fr\/mag-des-competences\/\",\"name\":\"Mag des comp\\u00e9tences - Comundi\",\"description\":\"Le magazine des m\\u00e9tiers de demain\",\"publisher\":{\"@id\":\"https:\/\/www.comundi.fr\/mag-des-competences\/#organization\"},\"potentialAction\":[{\"@type\":\"SearchAction\",\"target\":\"https:\/\/www.comundi.fr\/mag-des-competences\/?s={search_term_string}\",\"query-input\":\"required name=search_term_string\"}],\"inLanguage\":\"fr-FR\"},{\"@type\":\"ImageObject\",\"@id\":\"https:\/\/www.comundi.fr\/mag-des-competences\/savoir-dire-non-au-travail\/#primaryimage\",\"inLanguage\":\"fr-FR\",\"url\":\"https:\/\/www.comundi.fr\/mag-des-competences\/wp-content\/uploads\/2025\/06\/Savoir-dire-non-au-travail.jpg\",\"contentUrl\":\"https:\/\/www.comundi.fr\/mag-des-competences\/wp-content\/uploads\/2025\/06\/Savoir-dire-non-au-travail.jpg\",\"width\":1200,\"height\":675,\"caption\":\"Savoir dire non au travail\"},{\"@type\":\"WebPage\",\"@id\":\"https:\/\/www.comundi.fr\/mag-des-competences\/savoir-dire-non-au-travail\/#webpage\",\"url\":\"https:\/\/www.comundi.fr\/mag-des-competences\/savoir-dire-non-au-travail\/\",\"name\":\"Savoir dire \\\"non\\\" au travail - Mag des comp\\u00e9tences - Comundi\",\"isPartOf\":{\"@id\":\"https:\/\/www.comundi.fr\/mag-des-competences\/#website\"},\"primaryImageOfPage\":{\"@id\":\"https:\/\/www.comundi.fr\/mag-des-competences\/savoir-dire-non-au-travail\/#primaryimage\"},\"datePublished\":\"2025-06-19T06:50:00+00:00\",\"dateModified\":\"2025-06-18T17:38:58+00:00\",\"description\":\"Nombreux sont ceux qui n'arrivent pas \\u00e0 dire \\\"non\\\" au travail. Pourtant, il s'agit d'une qualit\\u00e9 essentielle. D\\u00e9couvrez nos conseils pour y parvenir.\",\"breadcrumb\":{\"@id\":\"https:\/\/www.comundi.fr\/mag-des-competences\/savoir-dire-non-au-travail\/#breadcrumb\"},\"inLanguage\":\"fr-FR\",\"potentialAction\":[{\"@type\":\"ReadAction\",\"target\":[\"https:\/\/www.comundi.fr\/mag-des-competences\/savoir-dire-non-au-travail\/\"]}]},{\"@type\":\"BreadcrumbList\",\"@id\":\"https:\/\/www.comundi.fr\/mag-des-competences\/savoir-dire-non-au-travail\/#breadcrumb\",\"itemListElement\":[{\"@type\":\"ListItem\",\"position\":1,\"item\":{\"@type\":\"WebPage\",\"@id\":\"https:\/\/www.comundi.fr\/mag-des-competences\/\",\"url\":\"https:\/\/www.comundi.fr\/mag-des-competences\/\",\"name\":\"Accueil\"}},{\"@type\":\"ListItem\",\"position\":2,\"item\":{\"@type\":\"WebPage\",\"@id\":\"https:\/\/www.comundi.fr\/mag-des-competences\/savoir-dire-non-au-travail\/\",\"url\":\"https:\/\/www.comundi.fr\/mag-des-competences\/savoir-dire-non-au-travail\/\",\"name\":\"Savoir dire \\u00ab\\u00a0non\\u00a0\\u00bb au travail\"}}]},{\"@type\":\"Article\",\"@id\":\"https:\/\/www.comundi.fr\/mag-des-competences\/savoir-dire-non-au-travail\/#article\",\"isPartOf\":{\"@id\":\"https:\/\/www.comundi.fr\/mag-des-competences\/savoir-dire-non-au-travail\/#webpage\"},\"author\":{\"@id\":\"https:\/\/www.comundi.fr\/mag-des-competences\/#\/schema\/person\/d08f5c2cf9de6fcfd33c30314745578e\"},\"headline\":\"Savoir dire \\u00ab\\u00a0non\\u00a0\\u00bb au travail\",\"datePublished\":\"2025-06-19T06:50:00+00:00\",\"dateModified\":\"2025-06-18T17:38:58+00:00\",\"mainEntityOfPage\":{\"@id\":\"https:\/\/www.comundi.fr\/mag-des-competences\/savoir-dire-non-au-travail\/#webpage\"},\"commentCount\":0,\"publisher\":{\"@id\":\"https:\/\/www.comundi.fr\/mag-des-competences\/#organization\"},\"image\":{\"@id\":\"https:\/\/www.comundi.fr\/mag-des-competences\/savoir-dire-non-au-travail\/#primaryimage\"},\"articleSection\":\"D\\u00e9veloppement personnel\",\"inLanguage\":\"fr-FR\",\"potentialAction\":[{\"@type\":\"CommentAction\",\"name\":\"Comment\",\"target\":[\"https:\/\/www.comundi.fr\/mag-des-competences\/savoir-dire-non-au-travail\/#respond\"]}]},{\"@type\":\"Person\",\"@id\":\"https:\/\/www.comundi.fr\/mag-des-competences\/#\/schema\/person\/d08f5c2cf9de6fcfd33c30314745578e\",\"name\":\"Comundi\",\"image\":{\"@type\":\"ImageObject\",\"@id\":\"https:\/\/www.comundi.fr\/mag-des-competences\/#personlogo\",\"inLanguage\":\"fr-FR\",\"url\":\"https:\/\/secure.gravatar.com\/avatar\/da2835ae7b2c1279e8e897d242f4cda6?s=96&d=mm&r=g\",\"contentUrl\":\"https:\/\/secure.gravatar.com\/avatar\/da2835ae7b2c1279e8e897d242f4cda6?s=96&d=mm&r=g\",\"caption\":\"Comundi\"}}]}<\/script>\n<!-- \/ Yoast SEO plugin. -->","amp_enabled":true,"_links":{"self":[{"href":"https:\/\/www.comundi.fr\/mag-des-competences\/wp-json\/wp\/v2\/posts\/14121"}],"collection":[{"href":"https:\/\/www.comundi.fr\/mag-des-competences\/wp-json\/wp\/v2\/posts"}],"about":[{"href":"https:\/\/www.comundi.fr\/mag-des-competences\/wp-json\/wp\/v2\/types\/post"}],"author":[{"embeddable":true,"href":"https:\/\/www.comundi.fr\/mag-des-competences\/wp-json\/wp\/v2\/users\/8"}],"replies":[{"embeddable":true,"href":"https:\/\/www.comundi.fr\/mag-des-competences\/wp-json\/wp\/v2\/comments?post=14121"}],"version-history":[{"count":7,"href":"https:\/\/www.comundi.fr\/mag-des-competences\/wp-json\/wp\/v2\/posts\/14121\/revisions"}],"predecessor-version":[{"id":14134,"href":"https:\/\/www.comundi.fr\/mag-des-competences\/wp-json\/wp\/v2\/posts\/14121\/revisions\/14134"}],"wp:featuredmedia":[{"embeddable":true,"href":"https:\/\/www.comundi.fr\/mag-des-competences\/wp-json\/wp\/v2\/media\/14122"}],"wp:attachment":[{"href":"https:\/\/www.comundi.fr\/mag-des-competences\/wp-json\/wp\/v2\/media?parent=14121"}],"wp:term":[{"taxonomy":"category","embeddable":true,"href":"https:\/\/www.comundi.fr\/mag-des-competences\/wp-json\/wp\/v2\/categories?post=14121"}],"curies":[{"name":"wp","href":"https:\/\/api.w.org\/{rel}","templated":true}]}}