{"id":14106,"date":"2025-06-17T08:50:00","date_gmt":"2025-06-17T06:50:00","guid":{"rendered":"https:\/\/www.comundi.fr\/mag-des-competences\/?p=14106"},"modified":"2025-06-17T10:57:17","modified_gmt":"2025-06-17T08:57:17","slug":"des-salaires-a-300-000-euros-les-profils-qualifies-dans-lia-generative-peu-nombreux-et-courtises","status":"publish","type":"post","link":"https:\/\/www.comundi.fr\/mag-des-competences\/des-salaires-a-300-000-euros-les-profils-qualifies-dans-lia-generative-peu-nombreux-et-courtises\/","title":{"rendered":"\u00ab Des salaires \u00e0 300.000 euros \u00bb : les profils qualifi\u00e9s dans l&rsquo;IA g\u00e9n\u00e9rative, \u00ab peu nombreux et courtis\u00e9s \u00bb"},"content":{"rendered":"\n<p>A l&rsquo;heure o\u00f9 les entreprises s&rsquo;int\u00e9ressent de pr\u00e8s \u00e0 l&rsquo;IA g\u00e9n\u00e9rative, les salari\u00e9s les plus qualifi\u00e9s sur le sujet s&rsquo;arrachent, explique Beno\u00eet Binachon, associ\u00e9 de Uman Partners, cabinet de chasse sp\u00e9cialis\u00e9 dans les fonctions data et IA.<\/p>\n\n\n\n<h2><strong>Au vu de l&rsquo;int\u00e9r\u00eat des entreprises pour l&rsquo;intelligence artificielle, les profils comp\u00e9tents en la mati\u00e8re sont-ils les rois du p\u00e9trole&nbsp;?<\/strong><\/h2>\n\n\n\n<p>Oui, en particulier ceux qui ont des connaissances pointues, scientifiques et techniques en IA g\u00e9n\u00e9rative, technologie encore r\u00e9cente. Ils sont peu nombreux, recherch\u00e9s, courtis\u00e9s et peuvent donc pr\u00e9tendre \u00e0 des r\u00e9mun\u00e9rations particuli\u00e8rement \u00e9lev\u00e9es. Ce sont des data scientists, tr\u00e8s matheux, qui ont fait de la recherche et sont dipl\u00f4m\u00e9s d&rsquo;\u00e9coles prestigieuses&nbsp;:&nbsp;<a href=\"https:\/\/www.lesechos.fr\/travailler-mieux\/salaires\/salaire-les-diplomes-de-polytechnique-explosent-le-plafond-surtout-sils-vont-dans-le-prive-2118271\">Polytechnique,<\/a>&nbsp;Normale Sup&rsquo;, Les Mines,&nbsp;<a href=\"https:\/\/www.lesechos.fr\/politique-societe\/education\/centralesupelec-vend-elle-ses-etudiants-aux-entreprises-2046614\">Centrale Sup\u00e9lec\u2026<\/a><\/p>\n\n\n\n<p>Les entreprises leur demandent de cr\u00e9er des mod\u00e8les dits \u00ab&nbsp;fondamentaux&nbsp;\u00bb. Finalement, d&rsquo;effectuer des travaux de chercheurs. Ils ont un r\u00f4le de cr\u00e9ateurs, d&rsquo;inventeurs. S&rsquo;ils sont aussi d\u00e9sirables, c&rsquo;est parce qu&rsquo;il n&rsquo;existe pas encore suffisamment de librairies d&rsquo;algorithmes packag\u00e9s utilisables par des gens moins experts qu&rsquo;eux.<\/p>\n\n\n\n<h2><strong>Quelles sont les entreprises qui les recrutent&nbsp;?<\/strong><\/h2>\n\n\n\n<p>Les grandes entreprises de la tech comme&nbsp;<a href=\"https:\/\/www.lesechos.fr\/tech-medias\/intelligence-artificielle\/meta-lance-sa-propre-application-dia-pour-concurrencer-chatgpt-2162675\">Meta,<\/a><a href=\"https:\/\/www.lesechos.fr\/tech-medias\/intelligence-artificielle\/openai-recrute-le-designer-star-de-liphone-jony-ive-dans-un-accord-a-65-milliards-de-dollars-2166683\"> OpenAI, <\/a><a href=\"https:\/\/www.lesechos.fr\/tech-medias\/intelligence-artificielle\/ibm-ou-le-choix-de-lintelligence-artificielle-tranquille-2149288\">IBM,<\/a><a href=\"https:\/\/www.lesechos.fr\/tech-medias\/intelligence-artificielle\/vision-memoire-personnalisation-microsoft-donne-de-nouveaux-pouvoirs-a-copilot-son-agent-ia-2158347\"> Microsoft<\/a>&nbsp;ou encore&nbsp;<a href=\"https:\/\/www.lesechos.fr\/tech-medias\/intelligence-artificielle\/ia-google-lance-la-contre-offensive-face-a-la-percee-de-chatgpt-2166400\">Google, <\/a>les start-up et les scale-up comme&nbsp;<a href=\"https:\/\/www.lesechos.fr\/start-up\/deals\/mistral-sattaque-a-microsoft-avec-son-appli-ia-pour-les-entreprises-2163994\">Mistral.<\/a>&nbsp;Celles qui ont fait de grosses lev\u00e9es de fonds sont parfois pr\u00eates \u00e0 offrir \u00e0 des managers qui occupent ces postes des salaires \u00e0 200 ou 300.000&nbsp;euros bruts annuels, assortis de stock-options.<\/p>\n\n\n\n<p>Il n&rsquo;y a quasiment que sur ces profils qu&rsquo;elles sont d&rsquo;accord pour mettre autant d&rsquo;argent sur la table. Si elles le font, c&rsquo;est souvent parce que l&rsquo;IA g\u00e9n\u00e9rative fait partie de leur business model, que c&rsquo;est au coeur m\u00eame du produit qu&rsquo;elles commercialisent, parce qu&rsquo;elles ont besoin d&rsquo;avoir leur propre IA sp\u00e9cialis\u00e9e. Mais ces entreprises sont assez peu nombreuses en Europe.<\/p>\n\n\n\n<p>Autre option pour ces profils qualifi\u00e9s&nbsp;: travailler enti\u00e8rement \u00e0 distance pour des entreprises am\u00e9ricaines de la tech, dans lesquelles ils peuvent empocher des r\u00e9mun\u00e9rations similaires \u00e0 celles mentionn\u00e9es plus haut. Pour les entreprises am\u00e9ricaines, embaucher dans l&rsquo;Hexagone et plus largement en Europe, c&rsquo;est avoir de la main-d&rsquo;oeuvre&nbsp;lowcost, car ces profils sont deux fois moins pay\u00e9s que leurs coll\u00e8gues aux Etats-Unis.<\/p>\n\n\n\n<h2><strong>L&rsquo;\u00e2ge d&rsquo;or que rencontrent ces profils va-t-il se tasser ces prochaines ann\u00e9es&nbsp;?<\/strong><\/h2>\n\n\n\n<p>Oui, ce ph\u00e9nom\u00e8ne se tassera un peu. Pas parce qu&rsquo;il y aura plus de gens form\u00e9s, mais parce que la technologie va devenir plus mature. Des solutions et produits bien packag\u00e9s permettront \u00e0 des \u00e9quipes techniques moins qualifi\u00e9es de construire des IA g\u00e9n\u00e9ratives plus facilement, en assemblant des briques pr\u00e9fabriqu\u00e9es.<\/p>\n\n\n\n<h2><strong>Avec la d\u00e9mocratisation de l&rsquo;IA g\u00e9n\u00e9rative, d&rsquo;autres profils sont-ils actuellement recherch\u00e9s&nbsp;?<\/strong><\/h2>\n\n\n\n<p>Beaucoup d&rsquo;entreprises \u00ab\u00a0traditionnelles\u00a0\u00bb, quand elles ont une initiative de transformation data\/IA, recrutent aujourd&rsquo;hui des profils capables de piloter ces changements. Des gens qui ont surtout des capacit\u00e9s de leadership, pas forc\u00e9ment des experts techniques de l&rsquo;IA. Elles vont donc piocher chez des dipl\u00f4m\u00e9s d&rsquo;\u00e9coles d&rsquo;ing\u00e9nieurs, mais aussi de\u00a0<a href=\"https:\/\/www.lesechos.fr\/weekend\/business-story\/luis-vassy-le-pacificateur-de-sciences-po-paris-2139800\">Sciences Po<\/a>\u00a0ou d&rsquo;\u00e9coles de commerce.<\/p>\n\n\n\n<p>Leur r\u00f4le&nbsp;: faire le lien entre les \u00e9quipes techniques, qui fabriquent des produits, et les m\u00e9tiers qui vont \u00eatre transform\u00e9s en interne. Dans une usine d&rsquo;assemblage de voitures, un employeur peut par exemple chercher quelqu&rsquo;un pour piloter le passage d&rsquo;un contr\u00f4le visuel et humain des pare-chocs \u00e0 un contr\u00f4le automatis\u00e9.<\/p>\n\n\n\n<p>La r\u00e9mun\u00e9ration de ces professionnels est \u00e9lev\u00e9e par rapport \u00e0 ceux qui n&rsquo;exercent pas dans la data et l&rsquo;IA. A titre d&rsquo;exemple, un product manager solide dans le secteur peut empocher 100.000&nbsp;euros bruts annuels \u00e0 Paris.&nbsp;Mais leurs salaires n&rsquo;augmentent pas comme ceux des data scientists experts en IA g\u00e9n\u00e9rative. Pourquoi&nbsp;? Car ces derniers sont plus qualifi\u00e9s techniquement et moins nombreux sur le march\u00e9.<\/p>\n\n\n\n<p>Chlo\u00e9 Marriault<\/p>\n","protected":false},"excerpt":{"rendered":"<p>A l&rsquo;heure o\u00f9 les entreprises s&rsquo;int\u00e9ressent de pr\u00e8s \u00e0 l&rsquo;IA g\u00e9n\u00e9rative, les salari\u00e9s les plus qualifi\u00e9s sur le sujet s&rsquo;arrachent, explique Beno\u00eet Binachon, associ\u00e9 de Uman Partners, cabinet de chasse sp\u00e9cialis\u00e9 dans les fonctions data et IA. Au vu de l&rsquo;int\u00e9r\u00eat des entreprises pour l&rsquo;intelligence artificielle, les profils comp\u00e9tents en la mati\u00e8re sont-ils les rois [&hellip;]<\/p>\n","protected":false},"author":6,"featured_media":14109,"comment_status":"open","ping_status":"open","sticky":false,"template":"","format":"standard","meta":{"_mi_skip_tracking":false},"categories":[185],"yoast_head":"<!-- This site is optimized with the Yoast SEO plugin v16.1 - https:\/\/yoast.com\/wordpress\/plugins\/seo\/ -->\n<title>\u00ab Des salaires \u00e0 300.000 euros \u00bb : les profils qualifi\u00e9s dans l&#039;IA g\u00e9n\u00e9rative, \u00ab peu nombreux et courtis\u00e9s \u00bb - Mag des comp\u00e9tences - Comundi<\/title>\n<meta name=\"description\" content=\"D\u00e9couvrez comment les entreprises s&#039;arrachent les salari\u00e9s les plus qualifi\u00e9s sur le sujet sur l&#039;IA g\u00e9n\u00e9rative.\" \/>\n<meta name=\"robots\" content=\"noindex, follow\" \/>\n<meta property=\"og:locale\" content=\"fr_FR\" \/>\n<meta property=\"og:type\" content=\"article\" \/>\n<meta property=\"og:title\" content=\"\u00ab Des salaires \u00e0 300.000 euros \u00bb : les profils qualifi\u00e9s dans l&#039;IA g\u00e9n\u00e9rative, \u00ab peu nombreux et courtis\u00e9s \u00bb - Mag des comp\u00e9tences - Comundi\" \/>\n<meta property=\"og:description\" content=\"D\u00e9couvrez comment les entreprises s&#039;arrachent les salari\u00e9s les plus qualifi\u00e9s sur le sujet sur l&#039;IA g\u00e9n\u00e9rative.\" \/>\n<meta property=\"og:url\" content=\"https:\/\/www.comundi.fr\/mag-des-competences\/des-salaires-a-300-000-euros-les-profils-qualifies-dans-lia-generative-peu-nombreux-et-courtises\/\" \/>\n<meta property=\"og:site_name\" content=\"Mag des comp\u00e9tences - Comundi\" \/>\n<meta property=\"article:publisher\" content=\"https:\/\/www.facebook.com\/Comundi\/?fref=ts\" \/>\n<meta property=\"article:published_time\" content=\"2025-06-17T06:50:00+00:00\" \/>\n<meta property=\"article:modified_time\" content=\"2025-06-17T08:57:17+00:00\" \/>\n<meta property=\"og:image\" content=\"https:\/\/www.comundi.fr\/mag-des-competences\/wp-content\/uploads\/2025\/06\/Les-profils-qualifies-dans-lIA-generative.jpg\" \/>\n\t<meta property=\"og:image:width\" content=\"1200\" \/>\n\t<meta property=\"og:image:height\" content=\"675\" \/>\n<meta name=\"twitter:card\" content=\"summary_large_image\" \/>\n<meta name=\"twitter:creator\" content=\"@ComundiActu\" \/>\n<meta name=\"twitter:site\" content=\"@ComundiActu\" \/>\n<meta name=\"twitter:label1\" content=\"Dur\u00e9e de lecture est.\">\n\t<meta name=\"twitter:data1\" content=\"3 minutes\">\n<script type=\"application\/ld+json\" class=\"yoast-schema-graph\">{\"@context\":\"https:\/\/schema.org\",\"@graph\":[{\"@type\":\"Organization\",\"@id\":\"https:\/\/www.comundi.fr\/mag-des-competences\/#organization\",\"name\":\"Comundi\",\"url\":\"https:\/\/www.comundi.fr\/mag-des-competences\/\",\"sameAs\":[\"https:\/\/www.facebook.com\/Comundi\/?fref=ts\",\"https:\/\/www.linkedin.com\/company\/comundi\/\",\"https:\/\/www.youtube.com\/user\/ComundiFormations\",\"https:\/\/twitter.com\/ComundiActu\"],\"logo\":{\"@type\":\"ImageObject\",\"@id\":\"https:\/\/www.comundi.fr\/mag-des-competences\/#logo\",\"inLanguage\":\"fr-FR\",\"url\":\"https:\/\/www.comundi.fr\/mag-des-competences\/wp-content\/uploads\/2018\/01\/comundi.png\",\"contentUrl\":\"https:\/\/www.comundi.fr\/mag-des-competences\/wp-content\/uploads\/2018\/01\/comundi.png\",\"width\":300,\"height\":300,\"caption\":\"Comundi\"},\"image\":{\"@id\":\"https:\/\/www.comundi.fr\/mag-des-competences\/#logo\"}},{\"@type\":\"WebSite\",\"@id\":\"https:\/\/www.comundi.fr\/mag-des-competences\/#website\",\"url\":\"https:\/\/www.comundi.fr\/mag-des-competences\/\",\"name\":\"Mag des comp\\u00e9tences - Comundi\",\"description\":\"Le magazine des m\\u00e9tiers de demain\",\"publisher\":{\"@id\":\"https:\/\/www.comundi.fr\/mag-des-competences\/#organization\"},\"potentialAction\":[{\"@type\":\"SearchAction\",\"target\":\"https:\/\/www.comundi.fr\/mag-des-competences\/?s={search_term_string}\",\"query-input\":\"required name=search_term_string\"}],\"inLanguage\":\"fr-FR\"},{\"@type\":\"ImageObject\",\"@id\":\"https:\/\/www.comundi.fr\/mag-des-competences\/des-salaires-a-300-000-euros-les-profils-qualifies-dans-lia-generative-peu-nombreux-et-courtises\/#primaryimage\",\"inLanguage\":\"fr-FR\",\"url\":\"https:\/\/www.comundi.fr\/mag-des-competences\/wp-content\/uploads\/2025\/06\/Les-profils-qualifies-dans-lIA-generative.jpg\",\"contentUrl\":\"https:\/\/www.comundi.fr\/mag-des-competences\/wp-content\/uploads\/2025\/06\/Les-profils-qualifies-dans-lIA-generative.jpg\",\"width\":1200,\"height\":675,\"caption\":\"Les profils qualifi\\u00e9s dans l'IA g\\u00e9n\\u00e9rative\"},{\"@type\":\"WebPage\",\"@id\":\"https:\/\/www.comundi.fr\/mag-des-competences\/des-salaires-a-300-000-euros-les-profils-qualifies-dans-lia-generative-peu-nombreux-et-courtises\/#webpage\",\"url\":\"https:\/\/www.comundi.fr\/mag-des-competences\/des-salaires-a-300-000-euros-les-profils-qualifies-dans-lia-generative-peu-nombreux-et-courtises\/\",\"name\":\"\\u00ab Des salaires \\u00e0 300.000 euros \\u00bb : les profils qualifi\\u00e9s dans l'IA g\\u00e9n\\u00e9rative, \\u00ab peu nombreux et courtis\\u00e9s \\u00bb - Mag des comp\\u00e9tences - Comundi\",\"isPartOf\":{\"@id\":\"https:\/\/www.comundi.fr\/mag-des-competences\/#website\"},\"primaryImageOfPage\":{\"@id\":\"https:\/\/www.comundi.fr\/mag-des-competences\/des-salaires-a-300-000-euros-les-profils-qualifies-dans-lia-generative-peu-nombreux-et-courtises\/#primaryimage\"},\"datePublished\":\"2025-06-17T06:50:00+00:00\",\"dateModified\":\"2025-06-17T08:57:17+00:00\",\"description\":\"D\\u00e9couvrez comment les entreprises s'arrachent les salari\\u00e9s les plus qualifi\\u00e9s sur le sujet sur l'IA g\\u00e9n\\u00e9rative.\",\"breadcrumb\":{\"@id\":\"https:\/\/www.comundi.fr\/mag-des-competences\/des-salaires-a-300-000-euros-les-profils-qualifies-dans-lia-generative-peu-nombreux-et-courtises\/#breadcrumb\"},\"inLanguage\":\"fr-FR\",\"potentialAction\":[{\"@type\":\"ReadAction\",\"target\":[\"https:\/\/www.comundi.fr\/mag-des-competences\/des-salaires-a-300-000-euros-les-profils-qualifies-dans-lia-generative-peu-nombreux-et-courtises\/\"]}]},{\"@type\":\"BreadcrumbList\",\"@id\":\"https:\/\/www.comundi.fr\/mag-des-competences\/des-salaires-a-300-000-euros-les-profils-qualifies-dans-lia-generative-peu-nombreux-et-courtises\/#breadcrumb\",\"itemListElement\":[{\"@type\":\"ListItem\",\"position\":1,\"item\":{\"@type\":\"WebPage\",\"@id\":\"https:\/\/www.comundi.fr\/mag-des-competences\/\",\"url\":\"https:\/\/www.comundi.fr\/mag-des-competences\/\",\"name\":\"Accueil\"}},{\"@type\":\"ListItem\",\"position\":2,\"item\":{\"@type\":\"WebPage\",\"@id\":\"https:\/\/www.comundi.fr\/mag-des-competences\/des-salaires-a-300-000-euros-les-profils-qualifies-dans-lia-generative-peu-nombreux-et-courtises\/\",\"url\":\"https:\/\/www.comundi.fr\/mag-des-competences\/des-salaires-a-300-000-euros-les-profils-qualifies-dans-lia-generative-peu-nombreux-et-courtises\/\",\"name\":\"\\u00ab Des salaires \\u00e0 300.000 euros \\u00bb : les profils qualifi\\u00e9s dans l&rsquo;IA g\\u00e9n\\u00e9rative, \\u00ab peu nombreux et courtis\\u00e9s \\u00bb\"}}]},{\"@type\":\"Article\",\"@id\":\"https:\/\/www.comundi.fr\/mag-des-competences\/des-salaires-a-300-000-euros-les-profils-qualifies-dans-lia-generative-peu-nombreux-et-courtises\/#article\",\"isPartOf\":{\"@id\":\"https:\/\/www.comundi.fr\/mag-des-competences\/des-salaires-a-300-000-euros-les-profils-qualifies-dans-lia-generative-peu-nombreux-et-courtises\/#webpage\"},\"author\":{\"@id\":\"https:\/\/www.comundi.fr\/mag-des-competences\/#\/schema\/person\/96b8f219e4cddee126473c6fbcc0e089\"},\"headline\":\"\\u00ab Des salaires \\u00e0 300.000 euros \\u00bb : les profils qualifi\\u00e9s dans l&rsquo;IA g\\u00e9n\\u00e9rative, \\u00ab peu nombreux et courtis\\u00e9s \\u00bb\",\"datePublished\":\"2025-06-17T06:50:00+00:00\",\"dateModified\":\"2025-06-17T08:57:17+00:00\",\"mainEntityOfPage\":{\"@id\":\"https:\/\/www.comundi.fr\/mag-des-competences\/des-salaires-a-300-000-euros-les-profils-qualifies-dans-lia-generative-peu-nombreux-et-courtises\/#webpage\"},\"commentCount\":0,\"publisher\":{\"@id\":\"https:\/\/www.comundi.fr\/mag-des-competences\/#organization\"},\"image\":{\"@id\":\"https:\/\/www.comundi.fr\/mag-des-competences\/des-salaires-a-300-000-euros-les-profils-qualifies-dans-lia-generative-peu-nombreux-et-courtises\/#primaryimage\"},\"articleSection\":\"D\\u00e9veloppement personnel\",\"inLanguage\":\"fr-FR\",\"potentialAction\":[{\"@type\":\"CommentAction\",\"name\":\"Comment\",\"target\":[\"https:\/\/www.comundi.fr\/mag-des-competences\/des-salaires-a-300-000-euros-les-profils-qualifies-dans-lia-generative-peu-nombreux-et-courtises\/#respond\"]}]},{\"@type\":\"Person\",\"@id\":\"https:\/\/www.comundi.fr\/mag-des-competences\/#\/schema\/person\/96b8f219e4cddee126473c6fbcc0e089\",\"name\":\"Les Echos\",\"image\":{\"@type\":\"ImageObject\",\"@id\":\"https:\/\/www.comundi.fr\/mag-des-competences\/#personlogo\",\"inLanguage\":\"fr-FR\",\"url\":\"https:\/\/secure.gravatar.com\/avatar\/041d1b3114ce5dce17eaefa721d4ed06?s=96&d=mm&r=g\",\"contentUrl\":\"https:\/\/secure.gravatar.com\/avatar\/041d1b3114ce5dce17eaefa721d4ed06?s=96&d=mm&r=g\",\"caption\":\"Les Echos\"}}]}<\/script>\n<!-- \/ Yoast SEO plugin. -->","amp_enabled":true,"_links":{"self":[{"href":"https:\/\/www.comundi.fr\/mag-des-competences\/wp-json\/wp\/v2\/posts\/14106"}],"collection":[{"href":"https:\/\/www.comundi.fr\/mag-des-competences\/wp-json\/wp\/v2\/posts"}],"about":[{"href":"https:\/\/www.comundi.fr\/mag-des-competences\/wp-json\/wp\/v2\/types\/post"}],"author":[{"embeddable":true,"href":"https:\/\/www.comundi.fr\/mag-des-competences\/wp-json\/wp\/v2\/users\/6"}],"replies":[{"embeddable":true,"href":"https:\/\/www.comundi.fr\/mag-des-competences\/wp-json\/wp\/v2\/comments?post=14106"}],"version-history":[{"count":3,"href":"https:\/\/www.comundi.fr\/mag-des-competences\/wp-json\/wp\/v2\/posts\/14106\/revisions"}],"predecessor-version":[{"id":14118,"href":"https:\/\/www.comundi.fr\/mag-des-competences\/wp-json\/wp\/v2\/posts\/14106\/revisions\/14118"}],"wp:featuredmedia":[{"embeddable":true,"href":"https:\/\/www.comundi.fr\/mag-des-competences\/wp-json\/wp\/v2\/media\/14109"}],"wp:attachment":[{"href":"https:\/\/www.comundi.fr\/mag-des-competences\/wp-json\/wp\/v2\/media?parent=14106"}],"wp:term":[{"taxonomy":"category","embeddable":true,"href":"https:\/\/www.comundi.fr\/mag-des-competences\/wp-json\/wp\/v2\/categories?post=14106"}],"curies":[{"name":"wp","href":"https:\/\/api.w.org\/{rel}","templated":true}]}}