{"id":14053,"date":"2025-06-10T12:43:17","date_gmt":"2025-06-10T10:43:17","guid":{"rendered":"https:\/\/www.comundi.fr\/mag-des-competences\/?p=14053"},"modified":"2025-06-10T12:54:05","modified_gmt":"2025-06-10T10:54:05","slug":"ces-red-flags-qui-doivent-vous-mettre-la-puce-a-oreille-dans-une-offre-emploi","status":"publish","type":"post","link":"https:\/\/www.comundi.fr\/mag-des-competences\/ces-red-flags-qui-doivent-vous-mettre-la-puce-a-oreille-dans-une-offre-emploi\/","title":{"rendered":"Ces \u00ab red flags \u00bb qui doivent vous mettre la puce \u00e0 l&rsquo;oreille dans une offre d&#8217;emploi"},"content":{"rendered":"\n<p>Dans une annonce d&#8217;emploi, certaines formulations ou l&rsquo;opacit\u00e9 sur certains points (salaire, \u00e9tapes du recrutement\u2026) peuvent \u00eatre mauvais signe.&nbsp;Quand faut-il \u00eatre sur vos gardes&nbsp;? Voire passer votre chemin&nbsp;? Trois experts des ressources humaines r\u00e9pondent.<\/p>\n\n\n\n<p>Quel salaire pourriez-vous empocher en occupant ce poste qui vous fait envie&nbsp;? Si de plus en plus d&rsquo;entreprises donnent des informations sur la r\u00e9mun\u00e9ration dans leurs offres d&#8217;emploi, beaucoup d&rsquo;entre elles ne le font pas.<\/p>\n\n\n\n<p>Karim Hechmi, fondateur de l&rsquo;entreprise en conseil RH FindYourWay, se m\u00e9fie de ces offres qui restent floues, par exemple en se contentant de la mention \u00ab&nbsp;r\u00e9mun\u00e9ration selon profil&nbsp;\u00bb. \u00ab&nbsp;Si on n&rsquo;a pas d&rsquo;information, cela veut souvent dire qu&rsquo;au sein de l&rsquo;entreprise, il n&rsquo;y a pas de&nbsp;transparence sur les salaires, pense celui qui est&nbsp;<a href=\"https:\/\/www.lesechos.fr\/travailler-mieux\/recrutement\/linkedin-6-conseils-de-tonton-karim-pour-bien-parametrer-votre-profil-2029456\">connu sur les r\u00e9seaux sociaux sous le nom de Tonton Karim.<\/a>&nbsp;Et quand il n&rsquo;y a pas de transparence, ce peut \u00eatre parce qu&rsquo;il y a des in\u00e9galit\u00e9s salariales qu&rsquo;on a du mal \u00e0 justifier\u2026&nbsp;\u00bb<\/p>\n\n\n\n<p>Un constat que fait aussi Sandrine Dorbes, auteure du livre \u00ab&nbsp;La R\u00e9mun\u00e9ration n&rsquo;est pas qu&rsquo;une question d&rsquo;argent&nbsp;\u00bb. \u00ab&nbsp;On lit parfois &lsquo;r\u00e9mun\u00e9ration attractive&rsquo; ou &lsquo;package comp\u00e9titif&rsquo;, sans pr\u00e9cision. Mais ces formules ne veulent rien dire de concret et cr\u00e9ent souvent des attentes d\u00e9connect\u00e9es de la r\u00e9alit\u00e9 c\u00f4t\u00e9 candidats&nbsp;\u00bb, regrette-t-elle.<\/p>\n\n\n\n<p>Pour elle, ces expressions peuvent aussi \u00eatre le signe que \u00ab&nbsp;l&rsquo;entreprise n&rsquo;a pas clairement d\u00e9fini son positionnement salarial, ou qu&rsquo;elle laisse une tr\u00e8s large marge de n\u00e9gociation\u2026 parfois au d\u00e9triment de candidats qui ne savent pas bien se vendre&nbsp;\u00bb.<\/p>\n\n\n\n<h2><strong>Manque de transparence sur le processus de recrutement<\/strong><\/h2>\n\n\n\n<p>Les parts variables importantes, qui s&rsquo;ajoutent \u00e0 un salaire fixe, sont aussi \u00e0 prendre avec du recul, d&rsquo;apr\u00e8s elle. Par exemple, s&rsquo;il est indiqu\u00e9 \u00ab&nbsp;jusqu&rsquo;\u00e0 50&nbsp;% de bonus&nbsp;\u00bb sans que soient mentionn\u00e9s les crit\u00e8res pour l&rsquo;obtenir. \u00ab&nbsp;Dans ces cas-l\u00e0, il est difficile d&rsquo;\u00e9valuer le revenu r\u00e9el auquel on peut pr\u00e9tendre&nbsp;\u00bb, estime Sandrine Dorbes.<\/p>\n\n\n\n<p>Avec certains recruteurs,&nbsp;<a href=\"https:\/\/www.lesechos.fr\/travailler-mieux\/salaires\/comment-la-transparence-des-salaires-pourrait-revolutionner-legalite-salariale-2152859\">le manque de transparence<\/a>&nbsp;ne se limite pas \u00e0 la r\u00e9mun\u00e9ration, mais aussi au d\u00e9roul\u00e9 du processus de recrutement. Si votre CV est retenu, combien d&rsquo;entretiens de combien de temps faudra-t-il passer&nbsp;? Avec qui&nbsp;? Faudra-t-il aussi effectuer une mise en situation, une \u00e9tude de cas, passer un test de personnalit\u00e9&nbsp;? Et \u00e0 quelle \u00e9ch\u00e9ance aurez-vous une r\u00e9ponse&nbsp;? Certains ne disent rien \u00e0 ce propos dans l&rsquo;offre d&#8217;emploi.<\/p>\n\n\n\n<p>\u00ab&nbsp;Cela veut d&rsquo;apr\u00e8s moi dire que le process de recrutement est variable et qu&rsquo;il peut se transformer en passant de deux \u00e0 cinq entretiens, grimace Karim Hechmi. Pour le candidat, c&rsquo;est stressant de ne pas avoir de visibilit\u00e9. En plus, \u00e7a ne lui permet pas de se pr\u00e9parer au mieux aux \u00e9tapes qui l&rsquo;attendent.&nbsp;\u00bb<\/p>\n\n\n\n<h2><strong>Creuser en entretien<\/strong><\/h2>\n\n\n\n<p>Autre&nbsp;red flag selon lui&nbsp;: si les missions qui seront attribu\u00e9es \u00e0 la nouvelle recrue ou les comp\u00e9tences attendues sont sans fin. \u00ab&nbsp;On peut vouloir d&rsquo;un candidat qu&rsquo;il soit polyvalent, mais il ne peut pas tout faire et \u00eatre bon partout, pointe Karim Hechmi. Si le recruteur en demande trop, ce peut \u00eatre le signe qu&rsquo;il n&rsquo;est pas au clair sur les t\u00e2ches que fera vraiment la nouvelle recrue ou bien que cette derni\u00e8re sera s\u00fbrement en difficult\u00e9 face \u00e0 des objectifs inatteignables.&nbsp;\u00bb<\/p>\n\n\n\n<p>Certains termes, comme \u00ab&nbsp;ambiance start-up&nbsp;\u00bb, \u00ab&nbsp;baby-foot&nbsp;\u00bb, ou \u00ab&nbsp;esprit de famille&nbsp;\u00bb le font aussi douter. \u00ab&nbsp;Ils ont \u00e9t\u00e9 utilis\u00e9s \u00e0 tort \u00e0 travers, si bien qu&rsquo;ils ont perdu de leur substance et qu&rsquo;ils ne sont pas franchement bien connot\u00e9s aujourd&rsquo;hui.&nbsp;\u00bb Lui pr\u00e9f\u00e8re par exemple une entreprise qui met en avant son engagement pour recruter des personnes issues de la diversit\u00e9 ou avec un handicap.<\/p>\n\n\n\n<p>Mais pour Karim Hechmi, un candidat ne doit pas forc\u00e9ment renoncer \u00e0 postuler s&rsquo;il a des doutes en lisant une offre d&#8217;emploi. \u00ab&nbsp;Parfois, celles-ci ne sont pas r\u00e9dig\u00e9es par des RH mais par des gens dont ce n&rsquo;est pas le m\u00e9tier&nbsp;: un manager ou un dirigeant de bo\u00eete par exemple, press\u00e9 de trouver quelqu&rsquo;un. Ces derniers n&rsquo;ont pas toujours les codes pour \u00e9crire un bon texte et peuvent \u00eatre maladroits.&nbsp;\u00bb<\/p>\n\n\n\n<p>L&rsquo;annonce dans son ensemble vous fait envie mais certains points vous font tiquer&nbsp;? Lui recommande de postuler, et de creuser les sujets qui vous posent question en entretien. \u00ab&nbsp;On peut avoir de belles surprises&nbsp;!&nbsp;\u00bb<\/p>\n\n\n\n<h2><strong>Sonder plusieurs sources sur les missions<\/strong><\/h2>\n\n\n\n<p>Exemple&nbsp;: si les missions sont g\u00e9n\u00e9riques dans l&rsquo;offre d&#8217;emploi. \u00ab&nbsp;L&rsquo;entretien peut \u00eatre l&rsquo;occasion de les clarifier, pour \u00e9viter les malentendus et \u00eatre s\u00fbr que vos attentes et celles du recruteur sont align\u00e9es&nbsp;\u00bb, d\u00e9veloppe Karine Trioullier, fondatrice de l&rsquo;agence de consulting RH Tida Bisa.<\/p>\n\n\n\n<p>On vous fait passer plusieurs entretiens&nbsp;? Profitez-en pour poser les m\u00eames questions sur vos futures missions \u00e0 vos diff\u00e9rents interlocuteurs. \u00ab&nbsp;S&rsquo;ils vous r\u00e9pondent des choses assez diverses, c&rsquo;est un vrai&nbsp;red flag. Cela pr\u00e9sage de difficult\u00e9s \u00e0 venir&nbsp;!&nbsp;\u00bb avance-t-elle.<\/p>\n\n\n\n<p>Demandez aussi pourquoi le recrutement a lieu&nbsp;: \u00ab&nbsp;Est-ce parce que l&rsquo;activit\u00e9 grossit&nbsp;? Parce que la personne qui \u00e9tait en poste a d\u00e9missionn\u00e9&nbsp;? Parce qu&rsquo;elle a \u00e9volu\u00e9 en interne&nbsp;? Vous saurez ainsi s&rsquo;il y aura une passation sur les dossiers, si le titulaire actuel vous expliquera le poste ou si vous serez seul pour d\u00e9couvrir votre nouveau r\u00f4le&nbsp;\u00bb, d\u00e9veloppe Karine Trioullier, alias Career Kueen sur les r\u00e9seaux sociaux.<\/p>\n\n\n\n<p>Enfin, l&rsquo;offre d&#8217;emploi fait peut-\u00eatre mention de \u00ab&nbsp;possibilit\u00e9s d&rsquo;\u00e9volution&nbsp;\u00bb. Ou indique que les missions sont susceptibles d&rsquo;\u00e9voluer car l&rsquo;entreprise est en croissance. L\u00e0 encore, mieux vaut pr\u00e9venir que gu\u00e9rir. \u00ab&nbsp;Renseignez-vous sur ce qui pourrait changer concr\u00e8tement, pour vous assurer que cela vous convient.&nbsp;\u00bb<\/p>\n","protected":false},"excerpt":{"rendered":"<p>Dans une annonce d&#8217;emploi, certaines formulations ou l&rsquo;opacit\u00e9 sur certains points (salaire, \u00e9tapes du recrutement\u2026) peuvent \u00eatre mauvais signe.&nbsp;Quand faut-il \u00eatre sur vos gardes&nbsp;? Voire passer votre chemin&nbsp;? Trois experts des ressources humaines r\u00e9pondent. Quel salaire pourriez-vous empocher en occupant ce poste qui vous fait envie&nbsp;? Si de plus en plus d&rsquo;entreprises donnent des informations [&hellip;]<\/p>\n","protected":false},"author":6,"featured_media":14054,"comment_status":"open","ping_status":"open","sticky":false,"template":"","format":"standard","meta":{"_mi_skip_tracking":false},"categories":[200],"yoast_head":"<!-- This site is optimized with the Yoast SEO plugin v16.1 - https:\/\/yoast.com\/wordpress\/plugins\/seo\/ -->\n<title>Ces \u00ab red flags \u00bb qui doivent vous mettre la puce \u00e0 l&#039;oreille dans une offre d&#039;emploi - Mag des comp\u00e9tences - Comundi<\/title>\n<meta name=\"description\" content=\"Dans une offre d&#039;emploi, certaines formulations peuvent \u00eatre un mauvais signe. Quand faut-il \u00eatre sur vos gardes ? Des experts RH r\u00e9pondent.\" \/>\n<meta name=\"robots\" content=\"noindex, follow\" \/>\n<meta property=\"og:locale\" content=\"fr_FR\" \/>\n<meta property=\"og:type\" content=\"article\" \/>\n<meta property=\"og:title\" content=\"Ces \u00ab red flags \u00bb qui doivent vous mettre la puce \u00e0 l&#039;oreille dans une offre d&#039;emploi - Mag des comp\u00e9tences - Comundi\" \/>\n<meta property=\"og:description\" content=\"Dans une offre d&#039;emploi, certaines formulations peuvent \u00eatre un mauvais signe. Quand faut-il \u00eatre sur vos gardes ? Des experts RH r\u00e9pondent.\" \/>\n<meta property=\"og:url\" content=\"https:\/\/www.comundi.fr\/mag-des-competences\/ces-red-flags-qui-doivent-vous-mettre-la-puce-a-oreille-dans-une-offre-emploi\/\" \/>\n<meta property=\"og:site_name\" content=\"Mag des comp\u00e9tences - Comundi\" \/>\n<meta property=\"article:publisher\" content=\"https:\/\/www.facebook.com\/Comundi\/?fref=ts\" \/>\n<meta property=\"article:published_time\" content=\"2025-06-10T10:43:17+00:00\" \/>\n<meta property=\"article:modified_time\" content=\"2025-06-10T10:54:05+00:00\" \/>\n<meta property=\"og:image\" content=\"https:\/\/www.comundi.fr\/mag-des-competences\/wp-content\/uploads\/2025\/06\/Design-sans-titre-3.jpg\" \/>\n\t<meta property=\"og:image:width\" content=\"1200\" \/>\n\t<meta property=\"og:image:height\" content=\"675\" \/>\n<meta name=\"twitter:card\" content=\"summary_large_image\" \/>\n<meta name=\"twitter:creator\" content=\"@ComundiActu\" \/>\n<meta name=\"twitter:site\" content=\"@ComundiActu\" \/>\n<meta name=\"twitter:label1\" content=\"Dur\u00e9e de lecture est.\">\n\t<meta name=\"twitter:data1\" content=\"4 minutes\">\n<script type=\"application\/ld+json\" class=\"yoast-schema-graph\">{\"@context\":\"https:\/\/schema.org\",\"@graph\":[{\"@type\":\"Organization\",\"@id\":\"https:\/\/www.comundi.fr\/mag-des-competences\/#organization\",\"name\":\"Comundi\",\"url\":\"https:\/\/www.comundi.fr\/mag-des-competences\/\",\"sameAs\":[\"https:\/\/www.facebook.com\/Comundi\/?fref=ts\",\"https:\/\/www.linkedin.com\/company\/comundi\/\",\"https:\/\/www.youtube.com\/user\/ComundiFormations\",\"https:\/\/twitter.com\/ComundiActu\"],\"logo\":{\"@type\":\"ImageObject\",\"@id\":\"https:\/\/www.comundi.fr\/mag-des-competences\/#logo\",\"inLanguage\":\"fr-FR\",\"url\":\"https:\/\/www.comundi.fr\/mag-des-competences\/wp-content\/uploads\/2018\/01\/comundi.png\",\"contentUrl\":\"https:\/\/www.comundi.fr\/mag-des-competences\/wp-content\/uploads\/2018\/01\/comundi.png\",\"width\":300,\"height\":300,\"caption\":\"Comundi\"},\"image\":{\"@id\":\"https:\/\/www.comundi.fr\/mag-des-competences\/#logo\"}},{\"@type\":\"WebSite\",\"@id\":\"https:\/\/www.comundi.fr\/mag-des-competences\/#website\",\"url\":\"https:\/\/www.comundi.fr\/mag-des-competences\/\",\"name\":\"Mag des comp\\u00e9tences - Comundi\",\"description\":\"Le magazine des m\\u00e9tiers de demain\",\"publisher\":{\"@id\":\"https:\/\/www.comundi.fr\/mag-des-competences\/#organization\"},\"potentialAction\":[{\"@type\":\"SearchAction\",\"target\":\"https:\/\/www.comundi.fr\/mag-des-competences\/?s={search_term_string}\",\"query-input\":\"required name=search_term_string\"}],\"inLanguage\":\"fr-FR\"},{\"@type\":\"ImageObject\",\"@id\":\"https:\/\/www.comundi.fr\/mag-des-competences\/ces-red-flags-qui-doivent-vous-mettre-la-puce-a-oreille-dans-une-offre-emploi\/#primaryimage\",\"inLanguage\":\"fr-FR\",\"url\":\"https:\/\/www.comundi.fr\/mag-des-competences\/wp-content\/uploads\/2025\/06\/Design-sans-titre-3.jpg\",\"contentUrl\":\"https:\/\/www.comundi.fr\/mag-des-competences\/wp-content\/uploads\/2025\/06\/Design-sans-titre-3.jpg\",\"width\":1200,\"height\":675,\"caption\":\"Dans une annonce d'emploi, certaines formulations ou l'opacit\\u00e9 sur certains points (salaire, \\u00e9tapes du recrutement\\u2026) peuvent \\u00eatre mauvais signe. Quand faut-il \\u00eatre sur vos gardes ? Voire passer votre chemin ? Trois experts des ressources humaines r\\u00e9pondent.\"},{\"@type\":\"WebPage\",\"@id\":\"https:\/\/www.comundi.fr\/mag-des-competences\/ces-red-flags-qui-doivent-vous-mettre-la-puce-a-oreille-dans-une-offre-emploi\/#webpage\",\"url\":\"https:\/\/www.comundi.fr\/mag-des-competences\/ces-red-flags-qui-doivent-vous-mettre-la-puce-a-oreille-dans-une-offre-emploi\/\",\"name\":\"Ces \\u00ab red flags \\u00bb qui doivent vous mettre la puce \\u00e0 l'oreille dans une offre d'emploi - Mag des comp\\u00e9tences - Comundi\",\"isPartOf\":{\"@id\":\"https:\/\/www.comundi.fr\/mag-des-competences\/#website\"},\"primaryImageOfPage\":{\"@id\":\"https:\/\/www.comundi.fr\/mag-des-competences\/ces-red-flags-qui-doivent-vous-mettre-la-puce-a-oreille-dans-une-offre-emploi\/#primaryimage\"},\"datePublished\":\"2025-06-10T10:43:17+00:00\",\"dateModified\":\"2025-06-10T10:54:05+00:00\",\"description\":\"Dans une offre d'emploi, certaines formulations peuvent \\u00eatre un mauvais signe. Quand faut-il \\u00eatre sur vos gardes ? Des experts RH r\\u00e9pondent.\",\"breadcrumb\":{\"@id\":\"https:\/\/www.comundi.fr\/mag-des-competences\/ces-red-flags-qui-doivent-vous-mettre-la-puce-a-oreille-dans-une-offre-emploi\/#breadcrumb\"},\"inLanguage\":\"fr-FR\",\"potentialAction\":[{\"@type\":\"ReadAction\",\"target\":[\"https:\/\/www.comundi.fr\/mag-des-competences\/ces-red-flags-qui-doivent-vous-mettre-la-puce-a-oreille-dans-une-offre-emploi\/\"]}]},{\"@type\":\"BreadcrumbList\",\"@id\":\"https:\/\/www.comundi.fr\/mag-des-competences\/ces-red-flags-qui-doivent-vous-mettre-la-puce-a-oreille-dans-une-offre-emploi\/#breadcrumb\",\"itemListElement\":[{\"@type\":\"ListItem\",\"position\":1,\"item\":{\"@type\":\"WebPage\",\"@id\":\"https:\/\/www.comundi.fr\/mag-des-competences\/\",\"url\":\"https:\/\/www.comundi.fr\/mag-des-competences\/\",\"name\":\"Accueil\"}},{\"@type\":\"ListItem\",\"position\":2,\"item\":{\"@type\":\"WebPage\",\"@id\":\"https:\/\/www.comundi.fr\/mag-des-competences\/ces-red-flags-qui-doivent-vous-mettre-la-puce-a-oreille-dans-une-offre-emploi\/\",\"url\":\"https:\/\/www.comundi.fr\/mag-des-competences\/ces-red-flags-qui-doivent-vous-mettre-la-puce-a-oreille-dans-une-offre-emploi\/\",\"name\":\"Ces \\u00ab red flags \\u00bb qui doivent vous mettre la puce \\u00e0 l&rsquo;oreille dans une offre d&#8217;emploi\"}}]},{\"@type\":\"Article\",\"@id\":\"https:\/\/www.comundi.fr\/mag-des-competences\/ces-red-flags-qui-doivent-vous-mettre-la-puce-a-oreille-dans-une-offre-emploi\/#article\",\"isPartOf\":{\"@id\":\"https:\/\/www.comundi.fr\/mag-des-competences\/ces-red-flags-qui-doivent-vous-mettre-la-puce-a-oreille-dans-une-offre-emploi\/#webpage\"},\"author\":{\"@id\":\"https:\/\/www.comundi.fr\/mag-des-competences\/#\/schema\/person\/96b8f219e4cddee126473c6fbcc0e089\"},\"headline\":\"Ces \\u00ab red flags \\u00bb qui doivent vous mettre la puce \\u00e0 l&rsquo;oreille dans une offre d&#8217;emploi\",\"datePublished\":\"2025-06-10T10:43:17+00:00\",\"dateModified\":\"2025-06-10T10:54:05+00:00\",\"mainEntityOfPage\":{\"@id\":\"https:\/\/www.comundi.fr\/mag-des-competences\/ces-red-flags-qui-doivent-vous-mettre-la-puce-a-oreille-dans-une-offre-emploi\/#webpage\"},\"commentCount\":0,\"publisher\":{\"@id\":\"https:\/\/www.comundi.fr\/mag-des-competences\/#organization\"},\"image\":{\"@id\":\"https:\/\/www.comundi.fr\/mag-des-competences\/ces-red-flags-qui-doivent-vous-mettre-la-puce-a-oreille-dans-une-offre-emploi\/#primaryimage\"},\"articleSection\":\"Ressources humaines\",\"inLanguage\":\"fr-FR\",\"potentialAction\":[{\"@type\":\"CommentAction\",\"name\":\"Comment\",\"target\":[\"https:\/\/www.comundi.fr\/mag-des-competences\/ces-red-flags-qui-doivent-vous-mettre-la-puce-a-oreille-dans-une-offre-emploi\/#respond\"]}]},{\"@type\":\"Person\",\"@id\":\"https:\/\/www.comundi.fr\/mag-des-competences\/#\/schema\/person\/96b8f219e4cddee126473c6fbcc0e089\",\"name\":\"Les Echos\",\"image\":{\"@type\":\"ImageObject\",\"@id\":\"https:\/\/www.comundi.fr\/mag-des-competences\/#personlogo\",\"inLanguage\":\"fr-FR\",\"url\":\"https:\/\/secure.gravatar.com\/avatar\/041d1b3114ce5dce17eaefa721d4ed06?s=96&d=mm&r=g\",\"contentUrl\":\"https:\/\/secure.gravatar.com\/avatar\/041d1b3114ce5dce17eaefa721d4ed06?s=96&d=mm&r=g\",\"caption\":\"Les Echos\"}}]}<\/script>\n<!-- \/ Yoast SEO plugin. -->","amp_enabled":true,"_links":{"self":[{"href":"https:\/\/www.comundi.fr\/mag-des-competences\/wp-json\/wp\/v2\/posts\/14053"}],"collection":[{"href":"https:\/\/www.comundi.fr\/mag-des-competences\/wp-json\/wp\/v2\/posts"}],"about":[{"href":"https:\/\/www.comundi.fr\/mag-des-competences\/wp-json\/wp\/v2\/types\/post"}],"author":[{"embeddable":true,"href":"https:\/\/www.comundi.fr\/mag-des-competences\/wp-json\/wp\/v2\/users\/6"}],"replies":[{"embeddable":true,"href":"https:\/\/www.comundi.fr\/mag-des-competences\/wp-json\/wp\/v2\/comments?post=14053"}],"version-history":[{"count":1,"href":"https:\/\/www.comundi.fr\/mag-des-competences\/wp-json\/wp\/v2\/posts\/14053\/revisions"}],"predecessor-version":[{"id":14055,"href":"https:\/\/www.comundi.fr\/mag-des-competences\/wp-json\/wp\/v2\/posts\/14053\/revisions\/14055"}],"wp:featuredmedia":[{"embeddable":true,"href":"https:\/\/www.comundi.fr\/mag-des-competences\/wp-json\/wp\/v2\/media\/14054"}],"wp:attachment":[{"href":"https:\/\/www.comundi.fr\/mag-des-competences\/wp-json\/wp\/v2\/media?parent=14053"}],"wp:term":[{"taxonomy":"category","embeddable":true,"href":"https:\/\/www.comundi.fr\/mag-des-competences\/wp-json\/wp\/v2\/categories?post=14053"}],"curies":[{"name":"wp","href":"https:\/\/api.w.org\/{rel}","templated":true}]}}