{"id":1380,"date":"2018-09-17T16:31:52","date_gmt":"2018-09-17T14:31:52","guid":{"rendered":"https:\/\/www.comundi.fr\/mag-des-competences\/?p=1380"},"modified":"2019-11-18T10:16:59","modified_gmt":"2019-11-18T09:16:59","slug":"infographie-les-5-missions-cles-de-linfirmiere-en-creche","status":"publish","type":"post","link":"https:\/\/www.comundi.fr\/mag-des-competences\/infographie-les-5-missions-cles-de-linfirmiere-en-creche\/","title":{"rendered":"Les 5 missions cl\u00e9s de l&rsquo;infirmier(e) en cr\u00e8che"},"content":{"rendered":"<p style=\"text-align: justify;\"><em>Suivi administratif en d\u00e9l\u00e9gation du Directeur de cr\u00e8che, \u00e9laboration des protocoles d\u2019urgence et de pr\u00e9vention, d\u2019hygi\u00e8ne en relation avec la Coordinatrice et le M\u00e9decin R\u00e9f\u00e9rent\u2026 L\u2019infirmier(\u00e8re) en cr\u00e8che joue un r\u00f4le primordial dans la vie de votre \u00e9tablissement. Etes-vous fait(e) pour ce m\u00e9tier ? Vous le saurez en d\u00e9couvrant cette infographie !<\/em><\/p>\n<p>\u00c9laboration des protocoles hygi\u00e8ne, qualit\u00e9 et s\u00e9curit\u00e9, accompagnement administratif, participation aux projets d&rsquo;\u00e9tablissement&#8230;.L&rsquo;infirmi\u00e8re(er) en cr\u00e8che est la cl\u00e9 de vo\u00fbte de l&rsquo;\u00e9tablissement du jeune enfant. Main droite de la Directrice, elle assure la permanence en son absence. D&rsquo;un tr\u00e8s bon relationnel, elle accompagne les \u00e9quipes au quotidien. Elle veille au bien-\u00eatre, d\u00e9veloppement des enfants et construit des relation de confiance avec eux.<\/p>\n<figure id=\"attachment_1378\" aria-describedby=\"caption-attachment-1378\" style=\"width: 724px\" class=\"wp-caption aligncenter\"><img loading=\"lazy\" class=\"wp-image-1378 size-full\" src=\"https:\/\/www.comundi.fr\/mag-des-competences\/wp-content\/uploads\/2018\/09\/pngLes-5-missions-cl\u00e9-de-linfirmi\u00e8reer-en-cr\u00e8che-1.png\" alt=\"Infographie Les 5 missions-cl\u00e9s de l'infirmi\u00e8re(er) en cr\u00e8che\" width=\"724\" height=\"1024\" srcset=\"https:\/\/www.comundi.fr\/mag-des-competences\/wp-content\/uploads\/2018\/09\/pngLes-5-missions-cl\u00e9-de-linfirmi\u00e8reer-en-cr\u00e8che-1.png 724w, https:\/\/www.comundi.fr\/mag-des-competences\/wp-content\/uploads\/2018\/09\/pngLes-5-missions-cl\u00e9-de-linfirmi\u00e8reer-en-cr\u00e8che-1-212x300.png 212w\" sizes=\"(max-width: 724px) 100vw, 724px\" \/><figcaption id=\"caption-attachment-1378\" class=\"wp-caption-text\">Infographie Les 5 missions-cl\u00e9s de l&rsquo;infirmi\u00e8re(er) en cr\u00e8che<\/figcaption><\/figure>\n<h2 style=\"text-align: justify;\">1. Gestion administrative<\/h2>\n<p style=\"text-align: justify;\">G\u00e9rer les stocks, inscriptions, facturation, assurer le suivi d&rsquo;activit\u00e9<\/p>\n<h2 style=\"text-align: justify;\">2. Vigilance et suivi m\u00e9dico-social des enfants<\/h2>\n<p style=\"text-align: justify;\">Administrer les m\u00e9dicaments, agir en cas d&rsquo;urgence, accompagner le bien-\u00eatre des enfants&#8230;<\/p>\n<h2 style=\"text-align: justify;\">3. Elaborer les protocoles d&rsquo;urgence et de pr\u00e9vention d&rsquo;hygi\u00e8ne<\/h2>\n<p style=\"text-align: justify;\">Garantir l&rsquo;application des protocoles, pr\u00e9venir les \u00e9ventuels retards psychologiques<\/p>\n<h2 style=\"text-align: justify;\">4. Relai \u00e0 la gestion du personnel pour le Directeur de cr\u00e8che<\/h2>\n<p style=\"text-align: justify;\">Organiser et animer le travail de l&rsquo;\u00e9quipe, contribuer au projet p\u00e9dagogique<\/p>\n<h2 style=\"text-align: justify;\">5. Cultiver des relations constructives avec les familles<\/h2>\n<p style=\"text-align: justify;\">Animer des moments d&rsquo;information et d&rsquo;\u00e9change, rencontrer et soutenir les parents.<\/p>\n<p>D\u00e9couvrez notre formation Infirmier en cr\u00e8che : renforcer vos comp\u00e9tences dans votre quotidien professionnel<\/p>\n","protected":false},"excerpt":{"rendered":"<p>Suivi administratif en d\u00e9l\u00e9gation du Directeur de cr\u00e8che, \u00e9laboration des protocoles d\u2019urgence et de pr\u00e9vention, d\u2019hygi\u00e8ne en relation avec la Coordinatrice et le M\u00e9decin R\u00e9f\u00e9rent\u2026 L\u2019infirmier(\u00e8re) en cr\u00e8che joue un r\u00f4le primordial dans la vie de votre \u00e9tablissement. Etes-vous fait(e) pour ce m\u00e9tier ? Vous le saurez en d\u00e9couvrant cette infographie ! \u00c9laboration des protocoles [&hellip;]<\/p>\n","protected":false},"author":8,"featured_media":4689,"comment_status":"open","ping_status":"open","sticky":false,"template":"","format":"standard","meta":{"_mi_skip_tracking":false},"categories":[194],"yoast_head":"<!-- This site is optimized with the Yoast SEO plugin v16.1 - https:\/\/yoast.com\/wordpress\/plugins\/seo\/ -->\n<title>Quelles sont les 5 missions cl\u00e9s d&#039;un(e) infirmier(\u00e8re) en cr\u00e8che ?<\/title>\n<meta name=\"description\" content=\"L\u2019infirmier(\u00e8re) en cr\u00e8che joue un r\u00f4le primordial dans la vie de votre strucure. Quelles sont ses principales comp\u00e9tences ? D\u00e9couvrant cette infographie.\" \/>\n<meta name=\"robots\" content=\"index, follow, max-snippet:-1, max-image-preview:large, max-video-preview:-1\" \/>\n<link rel=\"canonical\" href=\"https:\/\/www.comundi.fr\/mag-des-competences\/infographie-les-5-missions-cles-de-linfirmiere-en-creche\/\" \/>\n<meta property=\"og:locale\" content=\"fr_FR\" \/>\n<meta property=\"og:type\" content=\"article\" \/>\n<meta property=\"og:title\" content=\"Quelles sont les 5 missions cl\u00e9s d&#039;un(e) infirmier(\u00e8re) en cr\u00e8che ?\" \/>\n<meta property=\"og:description\" content=\"L\u2019infirmier(\u00e8re) en cr\u00e8che joue un r\u00f4le primordial dans la vie de votre strucure. Quelles sont ses principales comp\u00e9tences ? D\u00e9couvrant cette infographie.\" \/>\n<meta property=\"og:url\" content=\"https:\/\/www.comundi.fr\/mag-des-competences\/infographie-les-5-missions-cles-de-linfirmiere-en-creche\/\" \/>\n<meta property=\"og:site_name\" content=\"Mag des comp\u00e9tences - Comundi\" \/>\n<meta property=\"article:publisher\" content=\"https:\/\/www.facebook.com\/Comundi\/?fref=ts\" \/>\n<meta property=\"article:published_time\" content=\"2018-09-17T14:31:52+00:00\" \/>\n<meta property=\"article:modified_time\" content=\"2019-11-18T09:16:59+00:00\" \/>\n<meta property=\"og:image\" content=\"https:\/\/www.comundi.fr\/mag-des-competences\/wp-content\/uploads\/2019\/11\/Image-infographie-infirmiere-en-creche.png\" \/>\n\t<meta property=\"og:image:width\" content=\"720\" \/>\n\t<meta property=\"og:image:height\" content=\"280\" \/>\n<meta name=\"twitter:card\" content=\"summary_large_image\" \/>\n<meta name=\"twitter:creator\" content=\"@ComundiActu\" \/>\n<meta name=\"twitter:site\" content=\"@ComundiActu\" \/>\n<meta name=\"twitter:label1\" content=\"Dur\u00e9e de lecture est.\">\n\t<meta name=\"twitter:data1\" content=\"1 minute\">\n<script type=\"application\/ld+json\" class=\"yoast-schema-graph\">{\"@context\":\"https:\/\/schema.org\",\"@graph\":[{\"@type\":\"Organization\",\"@id\":\"https:\/\/www.comundi.fr\/mag-des-competences\/#organization\",\"name\":\"Comundi\",\"url\":\"https:\/\/www.comundi.fr\/mag-des-competences\/\",\"sameAs\":[\"https:\/\/www.facebook.com\/Comundi\/?fref=ts\",\"https:\/\/www.linkedin.com\/company\/comundi\/\",\"https:\/\/www.youtube.com\/user\/ComundiFormations\",\"https:\/\/twitter.com\/ComundiActu\"],\"logo\":{\"@type\":\"ImageObject\",\"@id\":\"https:\/\/www.comundi.fr\/mag-des-competences\/#logo\",\"inLanguage\":\"fr-FR\",\"url\":\"https:\/\/www.comundi.fr\/mag-des-competences\/wp-content\/uploads\/2018\/01\/comundi.png\",\"contentUrl\":\"https:\/\/www.comundi.fr\/mag-des-competences\/wp-content\/uploads\/2018\/01\/comundi.png\",\"width\":300,\"height\":300,\"caption\":\"Comundi\"},\"image\":{\"@id\":\"https:\/\/www.comundi.fr\/mag-des-competences\/#logo\"}},{\"@type\":\"WebSite\",\"@id\":\"https:\/\/www.comundi.fr\/mag-des-competences\/#website\",\"url\":\"https:\/\/www.comundi.fr\/mag-des-competences\/\",\"name\":\"Mag des comp\\u00e9tences - Comundi\",\"description\":\"Le magazine des m\\u00e9tiers de demain\",\"publisher\":{\"@id\":\"https:\/\/www.comundi.fr\/mag-des-competences\/#organization\"},\"potentialAction\":[{\"@type\":\"SearchAction\",\"target\":\"https:\/\/www.comundi.fr\/mag-des-competences\/?s={search_term_string}\",\"query-input\":\"required name=search_term_string\"}],\"inLanguage\":\"fr-FR\"},{\"@type\":\"ImageObject\",\"@id\":\"https:\/\/www.comundi.fr\/mag-des-competences\/infographie-les-5-missions-cles-de-linfirmiere-en-creche\/#primaryimage\",\"inLanguage\":\"fr-FR\",\"url\":\"https:\/\/www.comundi.fr\/mag-des-competences\/wp-content\/uploads\/2019\/11\/Image-infographie-infirmiere-en-creche.png\",\"contentUrl\":\"https:\/\/www.comundi.fr\/mag-des-competences\/wp-content\/uploads\/2019\/11\/Image-infographie-infirmiere-en-creche.png\",\"width\":720,\"height\":280,\"caption\":\"\\u00catre infirmi\\u00e8re en cr\\u00e8che\"},{\"@type\":\"WebPage\",\"@id\":\"https:\/\/www.comundi.fr\/mag-des-competences\/infographie-les-5-missions-cles-de-linfirmiere-en-creche\/#webpage\",\"url\":\"https:\/\/www.comundi.fr\/mag-des-competences\/infographie-les-5-missions-cles-de-linfirmiere-en-creche\/\",\"name\":\"Quelles sont les 5 missions cl\\u00e9s d'un(e) infirmier(\\u00e8re) en cr\\u00e8che ?\",\"isPartOf\":{\"@id\":\"https:\/\/www.comundi.fr\/mag-des-competences\/#website\"},\"primaryImageOfPage\":{\"@id\":\"https:\/\/www.comundi.fr\/mag-des-competences\/infographie-les-5-missions-cles-de-linfirmiere-en-creche\/#primaryimage\"},\"datePublished\":\"2018-09-17T14:31:52+00:00\",\"dateModified\":\"2019-11-18T09:16:59+00:00\",\"description\":\"L\\u2019infirmier(\\u00e8re) en cr\\u00e8che joue un r\\u00f4le primordial dans la vie de votre strucure. Quelles sont ses principales comp\\u00e9tences ? D\\u00e9couvrant cette infographie.\",\"breadcrumb\":{\"@id\":\"https:\/\/www.comundi.fr\/mag-des-competences\/infographie-les-5-missions-cles-de-linfirmiere-en-creche\/#breadcrumb\"},\"inLanguage\":\"fr-FR\",\"potentialAction\":[{\"@type\":\"ReadAction\",\"target\":[\"https:\/\/www.comundi.fr\/mag-des-competences\/infographie-les-5-missions-cles-de-linfirmiere-en-creche\/\"]}]},{\"@type\":\"BreadcrumbList\",\"@id\":\"https:\/\/www.comundi.fr\/mag-des-competences\/infographie-les-5-missions-cles-de-linfirmiere-en-creche\/#breadcrumb\",\"itemListElement\":[{\"@type\":\"ListItem\",\"position\":1,\"item\":{\"@type\":\"WebPage\",\"@id\":\"https:\/\/www.comundi.fr\/mag-des-competences\/\",\"url\":\"https:\/\/www.comundi.fr\/mag-des-competences\/\",\"name\":\"Accueil\"}},{\"@type\":\"ListItem\",\"position\":2,\"item\":{\"@type\":\"WebPage\",\"@id\":\"https:\/\/www.comundi.fr\/mag-des-competences\/infographie-les-5-missions-cles-de-linfirmiere-en-creche\/\",\"url\":\"https:\/\/www.comundi.fr\/mag-des-competences\/infographie-les-5-missions-cles-de-linfirmiere-en-creche\/\",\"name\":\"Les 5 missions cl\\u00e9s de l&rsquo;infirmier(e) en cr\\u00e8che\"}}]},{\"@type\":\"Article\",\"@id\":\"https:\/\/www.comundi.fr\/mag-des-competences\/infographie-les-5-missions-cles-de-linfirmiere-en-creche\/#article\",\"isPartOf\":{\"@id\":\"https:\/\/www.comundi.fr\/mag-des-competences\/infographie-les-5-missions-cles-de-linfirmiere-en-creche\/#webpage\"},\"author\":{\"@id\":\"https:\/\/www.comundi.fr\/mag-des-competences\/#\/schema\/person\/d08f5c2cf9de6fcfd33c30314745578e\"},\"headline\":\"Les 5 missions cl\\u00e9s de l&rsquo;infirmier(e) en cr\\u00e8che\",\"datePublished\":\"2018-09-17T14:31:52+00:00\",\"dateModified\":\"2019-11-18T09:16:59+00:00\",\"mainEntityOfPage\":{\"@id\":\"https:\/\/www.comundi.fr\/mag-des-competences\/infographie-les-5-missions-cles-de-linfirmiere-en-creche\/#webpage\"},\"commentCount\":0,\"publisher\":{\"@id\":\"https:\/\/www.comundi.fr\/mag-des-competences\/#organization\"},\"image\":{\"@id\":\"https:\/\/www.comundi.fr\/mag-des-competences\/infographie-les-5-missions-cles-de-linfirmiere-en-creche\/#primaryimage\"},\"articleSection\":\"Action sociale\",\"inLanguage\":\"fr-FR\",\"potentialAction\":[{\"@type\":\"CommentAction\",\"name\":\"Comment\",\"target\":[\"https:\/\/www.comundi.fr\/mag-des-competences\/infographie-les-5-missions-cles-de-linfirmiere-en-creche\/#respond\"]}]},{\"@type\":\"Person\",\"@id\":\"https:\/\/www.comundi.fr\/mag-des-competences\/#\/schema\/person\/d08f5c2cf9de6fcfd33c30314745578e\",\"name\":\"Comundi\",\"image\":{\"@type\":\"ImageObject\",\"@id\":\"https:\/\/www.comundi.fr\/mag-des-competences\/#personlogo\",\"inLanguage\":\"fr-FR\",\"url\":\"https:\/\/secure.gravatar.com\/avatar\/da2835ae7b2c1279e8e897d242f4cda6?s=96&d=mm&r=g\",\"contentUrl\":\"https:\/\/secure.gravatar.com\/avatar\/da2835ae7b2c1279e8e897d242f4cda6?s=96&d=mm&r=g\",\"caption\":\"Comundi\"}}]}<\/script>\n<!-- \/ Yoast SEO plugin. -->","amp_enabled":true,"_links":{"self":[{"href":"https:\/\/www.comundi.fr\/mag-des-competences\/wp-json\/wp\/v2\/posts\/1380"}],"collection":[{"href":"https:\/\/www.comundi.fr\/mag-des-competences\/wp-json\/wp\/v2\/posts"}],"about":[{"href":"https:\/\/www.comundi.fr\/mag-des-competences\/wp-json\/wp\/v2\/types\/post"}],"author":[{"embeddable":true,"href":"https:\/\/www.comundi.fr\/mag-des-competences\/wp-json\/wp\/v2\/users\/8"}],"replies":[{"embeddable":true,"href":"https:\/\/www.comundi.fr\/mag-des-competences\/wp-json\/wp\/v2\/comments?post=1380"}],"version-history":[{"count":12,"href":"https:\/\/www.comundi.fr\/mag-des-competences\/wp-json\/wp\/v2\/posts\/1380\/revisions"}],"predecessor-version":[{"id":4688,"href":"https:\/\/www.comundi.fr\/mag-des-competences\/wp-json\/wp\/v2\/posts\/1380\/revisions\/4688"}],"wp:featuredmedia":[{"embeddable":true,"href":"https:\/\/www.comundi.fr\/mag-des-competences\/wp-json\/wp\/v2\/media\/4689"}],"wp:attachment":[{"href":"https:\/\/www.comundi.fr\/mag-des-competences\/wp-json\/wp\/v2\/media?parent=1380"}],"wp:term":[{"taxonomy":"category","embeddable":true,"href":"https:\/\/www.comundi.fr\/mag-des-competences\/wp-json\/wp\/v2\/categories?post=1380"}],"curies":[{"name":"wp","href":"https:\/\/api.w.org\/{rel}","templated":true}]}}