{"id":13700,"date":"2025-04-08T08:50:00","date_gmt":"2025-04-08T06:50:00","guid":{"rendered":"https:\/\/www.comundi.fr\/mag-des-competences\/?p=13700"},"modified":"2025-04-15T15:56:18","modified_gmt":"2025-04-15T13:56:18","slug":"emploi-des-cadres-la-fete-est-finie","status":"publish","type":"post","link":"https:\/\/www.comundi.fr\/mag-des-competences\/emploi-des-cadres-la-fete-est-finie\/","title":{"rendered":"Emploi des cadres : \u00ab la f\u00eate est finie \u00bb"},"content":{"rendered":"\n<p>Les recrutements de cadres ont baiss\u00e9 de 8&nbsp;% en&nbsp;2024. Ils devraient passer sous la barre des 300.000 en&nbsp;2025, estime l&rsquo;Association pour l&#8217;emploi des cadres.<\/p>\n\n\n\n<p><a href=\"https:\/\/www.lesechos.fr\/economie-france\/social\/les-embauches-de-cadres-toujours-bien-orientees-2086207\">Au d\u00e9but de 2024,<\/a>&nbsp;lorsque l&rsquo;Association pour l&#8217;emploi des cadres (Apec) avait interrog\u00e9 les employeurs sur leurs intentions d&#8217;embauches, ces derni\u00e8res s&rsquo;affichaient encore en progression de 2&nbsp;%. \u00ab&nbsp;On avait \u00e9t\u00e9 surpris de voir des pr\u00e9visions aussi optimistes&nbsp;\u00bb, rappelait le directeur g\u00e9n\u00e9ral de l&rsquo;Apec, Gilles Gateau, \u00e0 l&rsquo;occasion de la pr\u00e9sentation du bilan&nbsp;2024 et des perspectives 2025 de l&#8217;emploi cadre.<\/p>\n\n\n\n<p>Mais la r\u00e9alit\u00e9 a \u00e9t\u00e9 toute autre. \u00ab&nbsp;Apr\u00e8s pr\u00e8s de 10 ans de mont\u00e9e continue des embauches [\u00e0 l&rsquo;exception de la p\u00e9riode du Covid], on a assist\u00e9 l&rsquo;an dernier \u00e0 un retournement de tendance&nbsp;\u00bb, a soulign\u00e9 le patron de l&rsquo;Apec, r\u00e9sumant par une phrase choc la situation&nbsp;: \u00ab&nbsp;la f\u00eate est finie&nbsp;\u00bb.<\/p>\n\n\n\n<h2><strong>Une \u00e9volution \u00e0 mettre en lien avec celle de l&rsquo;investissement<\/strong><\/h2>\n\n\n\n<p>Les recrutements de cadres ont chut\u00e9 de 8&nbsp;% par rapport \u00e0&nbsp;2023. Une \u00e9volution \u00e0 mettre en lien avec&nbsp;<a href=\"https:\/\/www.lesechos.fr\/economie-france\/conjoncture\/la-croissance-francaise-a-bondi-de-04-pendant-lete-portee-par-les-jeux-olympiques-de-paris-2024-2128663\">celle de l&rsquo;investissement,<\/a>&nbsp;\u00e0 laquelle ils sont tr\u00e8s corr\u00e9l\u00e9s. Le niveau demeure l\u00e9g\u00e8rement au-dessus de 300.000 (303.400, pr\u00e9cis\u00e9ment), ce qui reste \u00ab&nbsp;\u00e9lev\u00e9&nbsp;\u00bb, note Gilles Gateau. Et la tendance est toujours haussi\u00e8re, comme chaque ann\u00e9e depuis&nbsp;1991, traduisant la poursuite du changement de structure de l&#8217;emploi salari\u00e9 priv\u00e9.<\/p>\n\n\n\n<p>Si, d\u00e9duction faite des d\u00e9missions, licenciements et d\u00e9parts en retraite, l&rsquo;ann\u00e9e derni\u00e8re s&rsquo;est sold\u00e9e par de nouvelles cr\u00e9ations nettes de postes cadres &#8211; quelque 70.000 -, c&rsquo;est notamment gr\u00e2ce \u00e0 la pouss\u00e9e du taux de promotion interne, qui a atteint un niveau exceptionnel dans l&rsquo;industrie. Ce qui sugg\u00e8re un impact positif de la r\u00e9forme des classifications dans la m\u00e9tallurgie.<\/p>\n\n\n\n<div class=\"wp-block-image\"><figure class=\"aligncenter size-large is-resized\"><img loading=\"lazy\" src=\"https:\/\/www.comundi.fr\/mag-des-competences\/wp-content\/uploads\/2025\/04\/image.png\" alt=\"Les recrutements des cadres en baisse\" class=\"wp-image-13701\" width=\"460\" height=\"574\" srcset=\"https:\/\/www.comundi.fr\/mag-des-competences\/wp-content\/uploads\/2025\/04\/image.png 609w, https:\/\/www.comundi.fr\/mag-des-competences\/wp-content\/uploads\/2025\/04\/image-240x300.png 240w\" sizes=\"(max-width: 460px) 100vw, 460px\" \/><\/figure><\/div>\n\n\n\n<p>2025 a donc d\u00e9marr\u00e9 sur des bases fragilis\u00e9es et la tendance \u00e0 la baisse des recrutements de cadres devrait se poursuivre cette ann\u00e9e, selon l&rsquo;Apec. Mais les voyants ne sont pas au rouge vif. \u00ab&nbsp;Le retournement continue mais de fa\u00e7on moins marqu\u00e9e&nbsp;\u00bb, \u00e0 -4&nbsp;%, r\u00e9sumait H\u00e9l\u00e8ne Garner, la nouvelle directrice des donn\u00e9es et \u00e9tudes de l&rsquo;Apec, soulignant que leur volume devrait passer \u00ab&nbsp;la barre symbolique des 300.000&nbsp;\u00bb.<\/p>\n\n\n\n<p>Ces chiffres sont cependant \u00e0 prendre avec pr\u00e9caution, au vu du d\u00e9calage constat\u00e9 en&nbsp;2024 entre les intentions et les r\u00e9alisations. D&rsquo;autant que l&rsquo;Apec a r\u00e9alis\u00e9 son enqu\u00eate avant&nbsp;<a href=\"https:\/\/www.lesechos.fr\/monde\/etats-unis\/trump-impose-20-de-droits-de-douane-a-leurope-2157765\">la hausse spectaculaire des tarifs douaniers d\u00e9clench\u00e9e ce jeudi par le pr\u00e9sident am\u00e9ricain Donald Trump.<\/a>&nbsp;Ils pourraient se r\u00e9v\u00e9ler trop optimistes.<\/p>\n\n\n\n<p>En tout cas, ils r\u00e9v\u00e8lent une tendance tr\u00e8s g\u00e9n\u00e9rale au ralentissement&nbsp;: \u00ab&nbsp;Aucun secteur ni aucune r\u00e9gion n&rsquo;enregistreraient de rebond de leurs recrutements de cadres en&nbsp;2025&nbsp;\u00bb, note l&rsquo;Apec. Le renversement est particuli\u00e8rement notable dans le secteur des services dits \u00e0 forte valeur ajout\u00e9e (informatique et t\u00e9l\u00e9coms, ing\u00e9nierie et R&amp;D, banque et assurance, activit\u00e9s juridiques, comptables et de conseil, communication et m\u00e9dias). Les embauches y avaient atteint un niveau record, \u00e0 plus de 180.000, en&nbsp;2023. Elles ont chut\u00e9 de 10&nbsp;% en&nbsp;2024 et devraient encore baisser en&nbsp;2025, m\u00eame si c&rsquo;est \u00e0 un rythme moindre (-3&nbsp;%), selon l&rsquo;Apec.<\/p>\n\n\n\n<div class=\"wp-block-image\"><figure class=\"aligncenter size-large is-resized\"><img loading=\"lazy\" src=\"https:\/\/www.comundi.fr\/mag-des-competences\/wp-content\/uploads\/2025\/04\/image-1.png\" alt=\"Le recrutement des cadres pr\u00e9vus en 2025\" class=\"wp-image-13702\" width=\"418\" height=\"522\" srcset=\"https:\/\/www.comundi.fr\/mag-des-competences\/wp-content\/uploads\/2025\/04\/image-1.png 609w, https:\/\/www.comundi.fr\/mag-des-competences\/wp-content\/uploads\/2025\/04\/image-1-240x300.png 240w\" sizes=\"(max-width: 418px) 100vw, 418px\" \/><\/figure><\/div>\n\n\n\n<p>La tendance est la m\u00eame dans l&rsquo;industrie, avec -7&nbsp;% en&nbsp;2024 et -3&nbsp;% anticip\u00e9s en&nbsp;2025, comme dans le commerce (-5&nbsp;% apr\u00e8s -7&nbsp;%) tandis que 2025 devrait ressembler \u00e0&nbsp;2024 dans les services hors haute valeur ajout\u00e9e (sant\u00e9 et action sociale ainsi qu&rsquo;h\u00f4tellerie-restauration et loisirs principalement). En revanche, dans la construction, cette ann\u00e9e s&rsquo;annonce pire que la pr\u00e9c\u00e9dente avec une diminution de 7&nbsp;% apr\u00e8s -2&nbsp;%.<\/p>\n\n\n\n<p>Les informaticiens resteront pour leur part les plus demand\u00e9s mais en recul pour la deuxi\u00e8me ann\u00e9e cons\u00e9cutive. \u00ab&nbsp;C&rsquo;est la premi\u00e8re fois depuis&nbsp;2009 (hors crise sanitaire) que cette fonction cadre subit une telle contraction&nbsp;\u00bb, souligne l&rsquo;Apec, pointant \u00e0 la fois \u00ab&nbsp;l&rsquo;attentisme li\u00e9 aux al\u00e9as politiques et budg\u00e9taires et la chute de l&rsquo;investissement&nbsp;\u00bb.<\/p>\n\n\n\n<h2><strong>Renversement du rapport de force<\/strong><\/h2>\n\n\n\n<p>Comme \u00e0 chaque contraction du march\u00e9, ce sont les d\u00e9butants et les plus exp\u00e9riment\u00e9s qui seront le plus impact\u00e9s. \u00ab&nbsp;Le renversement du rapport de force sur le march\u00e9 du travail rend les entreprises moins enclines \u00e0 faire des concessions sur le profil des cadres recrut\u00e9s&nbsp;\u00bb, souligne H\u00e9l\u00e8ne Garner.<\/p>\n\n\n\n<p>Les jeunes entrant sur le march\u00e9 du travail, d\u00e9j\u00e0 fortement impact\u00e9s par le coup de frein de&nbsp;2024 (-19&nbsp;%), seront encore moins nombreux \u00e0 acc\u00e9der \u00e0 un emploi cadre (-16&nbsp;%), avec le risque d&rsquo;un \u00ab&nbsp;effet cicatrice&nbsp;\u00bb sur la suite de leur carri\u00e8re, souligne la directrice des \u00e9tudes de l&rsquo;Apec. Les perspectives d&#8217;embauches de cadres de plus de 10 ans d&rsquo;exp\u00e9rience vont se r\u00e9duire de 11&nbsp;%.<\/p>\n\n\n\n<p>Alors que le rel\u00e8vement de l&rsquo;\u00e2ge l\u00e9gal de d\u00e9part en retraite a d\u00e9j\u00e0 commenc\u00e9 \u00e0 allonger les carri\u00e8res, les employeurs rechignent manifestement \u00e0 en tirer les cons\u00e9quences. Selon une \u00e9tude de l&rsquo;Apec r\u00e9alis\u00e9e en mars, 60&nbsp;% des ETI et grandes entreprises d\u00e9clarent ne pas avoir fait \u00e9voluer leur politique RH vis-\u00e0-vis des seniors&nbsp;; une proportion de 80&nbsp;% dans les PME. \u00ab&nbsp;Le verre est loin d&rsquo;\u00eatre plein&nbsp;\u00bb, regrette Gilles Gateau.<\/p>\n\n\n\n<p><strong>Par&nbsp;<\/strong><a href=\"https:\/\/www.lesechos.fr\/@leila-de-comarmond\"><strong>Le\u00efla de Comarmond<\/strong><\/a><\/p>\n","protected":false},"excerpt":{"rendered":"<p>Les recrutements de cadres ont baiss\u00e9 de 8&nbsp;% en&nbsp;2024. Ils devraient passer sous la barre des 300.000 en&nbsp;2025, estime l&rsquo;Association pour l&#8217;emploi des cadres. Au d\u00e9but de 2024,&nbsp;lorsque l&rsquo;Association pour l&#8217;emploi des cadres (Apec) avait interrog\u00e9 les employeurs sur leurs intentions d&#8217;embauches, ces derni\u00e8res s&rsquo;affichaient encore en progression de 2&nbsp;%. \u00ab&nbsp;On avait \u00e9t\u00e9 surpris de [&hellip;]<\/p>\n","protected":false},"author":6,"featured_media":13703,"comment_status":"open","ping_status":"open","sticky":false,"template":"","format":"standard","meta":{"_mi_skip_tracking":false},"categories":[200],"yoast_head":"<!-- This site is optimized with the Yoast SEO plugin v16.1 - https:\/\/yoast.com\/wordpress\/plugins\/seo\/ -->\n<title>Emploi des cadres : \u00ab la f\u00eate est finie \u00bb - Mag des comp\u00e9tences - Comundi<\/title>\n<meta name=\"description\" content=\"D&#039;apr\u00e8s une \u00e9tude de l&#039;APEC, le recrutement des cadres est en baisse ne 2025. D\u00e9couvrez les chiffres cl\u00e9s de cette \u00e9tude dans notre article.\" \/>\n<meta name=\"robots\" content=\"noindex, follow\" \/>\n<meta property=\"og:locale\" content=\"fr_FR\" \/>\n<meta property=\"og:type\" content=\"article\" \/>\n<meta property=\"og:title\" content=\"Emploi des cadres : \u00ab la f\u00eate est finie \u00bb - Mag des comp\u00e9tences - Comundi\" \/>\n<meta property=\"og:description\" content=\"D&#039;apr\u00e8s une \u00e9tude de l&#039;APEC, le recrutement des cadres est en baisse ne 2025. D\u00e9couvrez les chiffres cl\u00e9s de cette \u00e9tude dans notre article.\" \/>\n<meta property=\"og:url\" content=\"https:\/\/www.comundi.fr\/mag-des-competences\/emploi-des-cadres-la-fete-est-finie\/\" \/>\n<meta property=\"og:site_name\" content=\"Mag des comp\u00e9tences - Comundi\" \/>\n<meta property=\"article:publisher\" content=\"https:\/\/www.facebook.com\/Comundi\/?fref=ts\" \/>\n<meta property=\"article:published_time\" content=\"2025-04-08T06:50:00+00:00\" \/>\n<meta property=\"article:modified_time\" content=\"2025-04-15T13:56:18+00:00\" \/>\n<meta property=\"og:image\" content=\"https:\/\/www.comundi.fr\/mag-des-competences\/wp-content\/uploads\/2025\/04\/Le-recrutement-des-cadres.jpg\" \/>\n\t<meta property=\"og:image:width\" content=\"1200\" \/>\n\t<meta property=\"og:image:height\" content=\"675\" \/>\n<meta name=\"twitter:card\" content=\"summary_large_image\" \/>\n<meta name=\"twitter:creator\" content=\"@ComundiActu\" \/>\n<meta name=\"twitter:site\" content=\"@ComundiActu\" \/>\n<meta name=\"twitter:label1\" content=\"Dur\u00e9e de lecture est.\">\n\t<meta name=\"twitter:data1\" content=\"4 minutes\">\n<script type=\"application\/ld+json\" class=\"yoast-schema-graph\">{\"@context\":\"https:\/\/schema.org\",\"@graph\":[{\"@type\":\"Organization\",\"@id\":\"https:\/\/www.comundi.fr\/mag-des-competences\/#organization\",\"name\":\"Comundi\",\"url\":\"https:\/\/www.comundi.fr\/mag-des-competences\/\",\"sameAs\":[\"https:\/\/www.facebook.com\/Comundi\/?fref=ts\",\"https:\/\/www.linkedin.com\/company\/comundi\/\",\"https:\/\/www.youtube.com\/user\/ComundiFormations\",\"https:\/\/twitter.com\/ComundiActu\"],\"logo\":{\"@type\":\"ImageObject\",\"@id\":\"https:\/\/www.comundi.fr\/mag-des-competences\/#logo\",\"inLanguage\":\"fr-FR\",\"url\":\"https:\/\/www.comundi.fr\/mag-des-competences\/wp-content\/uploads\/2018\/01\/comundi.png\",\"contentUrl\":\"https:\/\/www.comundi.fr\/mag-des-competences\/wp-content\/uploads\/2018\/01\/comundi.png\",\"width\":300,\"height\":300,\"caption\":\"Comundi\"},\"image\":{\"@id\":\"https:\/\/www.comundi.fr\/mag-des-competences\/#logo\"}},{\"@type\":\"WebSite\",\"@id\":\"https:\/\/www.comundi.fr\/mag-des-competences\/#website\",\"url\":\"https:\/\/www.comundi.fr\/mag-des-competences\/\",\"name\":\"Mag des comp\\u00e9tences - Comundi\",\"description\":\"Le magazine des m\\u00e9tiers de demain\",\"publisher\":{\"@id\":\"https:\/\/www.comundi.fr\/mag-des-competences\/#organization\"},\"potentialAction\":[{\"@type\":\"SearchAction\",\"target\":\"https:\/\/www.comundi.fr\/mag-des-competences\/?s={search_term_string}\",\"query-input\":\"required name=search_term_string\"}],\"inLanguage\":\"fr-FR\"},{\"@type\":\"ImageObject\",\"@id\":\"https:\/\/www.comundi.fr\/mag-des-competences\/emploi-des-cadres-la-fete-est-finie\/#primaryimage\",\"inLanguage\":\"fr-FR\",\"url\":\"https:\/\/www.comundi.fr\/mag-des-competences\/wp-content\/uploads\/2025\/04\/Le-recrutement-des-cadres.jpg\",\"contentUrl\":\"https:\/\/www.comundi.fr\/mag-des-competences\/wp-content\/uploads\/2025\/04\/Le-recrutement-des-cadres.jpg\",\"width\":1200,\"height\":675,\"caption\":\"Le recrutement des cadres\"},{\"@type\":\"WebPage\",\"@id\":\"https:\/\/www.comundi.fr\/mag-des-competences\/emploi-des-cadres-la-fete-est-finie\/#webpage\",\"url\":\"https:\/\/www.comundi.fr\/mag-des-competences\/emploi-des-cadres-la-fete-est-finie\/\",\"name\":\"Emploi des cadres : \\u00ab la f\\u00eate est finie \\u00bb - Mag des comp\\u00e9tences - Comundi\",\"isPartOf\":{\"@id\":\"https:\/\/www.comundi.fr\/mag-des-competences\/#website\"},\"primaryImageOfPage\":{\"@id\":\"https:\/\/www.comundi.fr\/mag-des-competences\/emploi-des-cadres-la-fete-est-finie\/#primaryimage\"},\"datePublished\":\"2025-04-08T06:50:00+00:00\",\"dateModified\":\"2025-04-15T13:56:18+00:00\",\"description\":\"D'apr\\u00e8s une \\u00e9tude de l'APEC, le recrutement des cadres est en baisse ne 2025. D\\u00e9couvrez les chiffres cl\\u00e9s de cette \\u00e9tude dans notre article.\",\"breadcrumb\":{\"@id\":\"https:\/\/www.comundi.fr\/mag-des-competences\/emploi-des-cadres-la-fete-est-finie\/#breadcrumb\"},\"inLanguage\":\"fr-FR\",\"potentialAction\":[{\"@type\":\"ReadAction\",\"target\":[\"https:\/\/www.comundi.fr\/mag-des-competences\/emploi-des-cadres-la-fete-est-finie\/\"]}]},{\"@type\":\"BreadcrumbList\",\"@id\":\"https:\/\/www.comundi.fr\/mag-des-competences\/emploi-des-cadres-la-fete-est-finie\/#breadcrumb\",\"itemListElement\":[{\"@type\":\"ListItem\",\"position\":1,\"item\":{\"@type\":\"WebPage\",\"@id\":\"https:\/\/www.comundi.fr\/mag-des-competences\/\",\"url\":\"https:\/\/www.comundi.fr\/mag-des-competences\/\",\"name\":\"Accueil\"}},{\"@type\":\"ListItem\",\"position\":2,\"item\":{\"@type\":\"WebPage\",\"@id\":\"https:\/\/www.comundi.fr\/mag-des-competences\/emploi-des-cadres-la-fete-est-finie\/\",\"url\":\"https:\/\/www.comundi.fr\/mag-des-competences\/emploi-des-cadres-la-fete-est-finie\/\",\"name\":\"Emploi des cadres : \\u00ab la f\\u00eate est finie \\u00bb\"}}]},{\"@type\":\"Article\",\"@id\":\"https:\/\/www.comundi.fr\/mag-des-competences\/emploi-des-cadres-la-fete-est-finie\/#article\",\"isPartOf\":{\"@id\":\"https:\/\/www.comundi.fr\/mag-des-competences\/emploi-des-cadres-la-fete-est-finie\/#webpage\"},\"author\":{\"@id\":\"https:\/\/www.comundi.fr\/mag-des-competences\/#\/schema\/person\/96b8f219e4cddee126473c6fbcc0e089\"},\"headline\":\"Emploi des cadres : \\u00ab la f\\u00eate est finie \\u00bb\",\"datePublished\":\"2025-04-08T06:50:00+00:00\",\"dateModified\":\"2025-04-15T13:56:18+00:00\",\"mainEntityOfPage\":{\"@id\":\"https:\/\/www.comundi.fr\/mag-des-competences\/emploi-des-cadres-la-fete-est-finie\/#webpage\"},\"commentCount\":0,\"publisher\":{\"@id\":\"https:\/\/www.comundi.fr\/mag-des-competences\/#organization\"},\"image\":{\"@id\":\"https:\/\/www.comundi.fr\/mag-des-competences\/emploi-des-cadres-la-fete-est-finie\/#primaryimage\"},\"articleSection\":\"Ressources humaines\",\"inLanguage\":\"fr-FR\",\"potentialAction\":[{\"@type\":\"CommentAction\",\"name\":\"Comment\",\"target\":[\"https:\/\/www.comundi.fr\/mag-des-competences\/emploi-des-cadres-la-fete-est-finie\/#respond\"]}]},{\"@type\":\"Person\",\"@id\":\"https:\/\/www.comundi.fr\/mag-des-competences\/#\/schema\/person\/96b8f219e4cddee126473c6fbcc0e089\",\"name\":\"Les Echos\",\"image\":{\"@type\":\"ImageObject\",\"@id\":\"https:\/\/www.comundi.fr\/mag-des-competences\/#personlogo\",\"inLanguage\":\"fr-FR\",\"url\":\"https:\/\/secure.gravatar.com\/avatar\/041d1b3114ce5dce17eaefa721d4ed06?s=96&d=mm&r=g\",\"contentUrl\":\"https:\/\/secure.gravatar.com\/avatar\/041d1b3114ce5dce17eaefa721d4ed06?s=96&d=mm&r=g\",\"caption\":\"Les Echos\"}}]}<\/script>\n<!-- \/ Yoast SEO plugin. -->","amp_enabled":true,"_links":{"self":[{"href":"https:\/\/www.comundi.fr\/mag-des-competences\/wp-json\/wp\/v2\/posts\/13700"}],"collection":[{"href":"https:\/\/www.comundi.fr\/mag-des-competences\/wp-json\/wp\/v2\/posts"}],"about":[{"href":"https:\/\/www.comundi.fr\/mag-des-competences\/wp-json\/wp\/v2\/types\/post"}],"author":[{"embeddable":true,"href":"https:\/\/www.comundi.fr\/mag-des-competences\/wp-json\/wp\/v2\/users\/6"}],"replies":[{"embeddable":true,"href":"https:\/\/www.comundi.fr\/mag-des-competences\/wp-json\/wp\/v2\/comments?post=13700"}],"version-history":[{"count":2,"href":"https:\/\/www.comundi.fr\/mag-des-competences\/wp-json\/wp\/v2\/posts\/13700\/revisions"}],"predecessor-version":[{"id":13725,"href":"https:\/\/www.comundi.fr\/mag-des-competences\/wp-json\/wp\/v2\/posts\/13700\/revisions\/13725"}],"wp:featuredmedia":[{"embeddable":true,"href":"https:\/\/www.comundi.fr\/mag-des-competences\/wp-json\/wp\/v2\/media\/13703"}],"wp:attachment":[{"href":"https:\/\/www.comundi.fr\/mag-des-competences\/wp-json\/wp\/v2\/media?parent=13700"}],"wp:term":[{"taxonomy":"category","embeddable":true,"href":"https:\/\/www.comundi.fr\/mag-des-competences\/wp-json\/wp\/v2\/categories?post=13700"}],"curies":[{"name":"wp","href":"https:\/\/api.w.org\/{rel}","templated":true}]}}