{"id":13632,"date":"2025-03-27T08:50:00","date_gmt":"2025-03-27T07:50:00","guid":{"rendered":"https:\/\/www.comundi.fr\/mag-des-competences\/?p=13632"},"modified":"2025-03-26T10:57:35","modified_gmt":"2025-03-26T09:57:35","slug":"ameliorer-vos-interactions-professionnelles-avec-ces-techniques-de-communication","status":"publish","type":"post","link":"https:\/\/www.comundi.fr\/mag-des-competences\/ameliorer-vos-interactions-professionnelles-avec-ces-techniques-de-communication\/","title":{"rendered":"Am\u00e9liorer vos interactions professionnelles avec ces techniques de communication"},"content":{"rendered":"\n<p>Que ce soit au sein d\u2019une petite ou d\u2019une moyenne \u00e9quipe, <strong>la communication se place au c\u0153ur des \u00e9changes<\/strong>. Une bonne communication au sein d&rsquo;une \u00e9quipe permet de transmettre un message clair, d&rsquo;\u00e9tablir des relations solides et de partager des informations essentielles pour atteindre les objectifs de travail. <strong>La ma\u00eetrise des techniques de communication<\/strong> permet aux membres d\u2019une \u00e9quipe d\u2019atteindre plus facilement leurs objectifs de travail, tout en \u00e9voluant dans un cadre sain et agr\u00e9able. Plusieurs outils contribuent \u00e0 \u00e9tablir une communication sereine en milieu professionnel. Voici quelques id\u00e9es qui pourraient vous inspirer en ce sens <strong>pour am\u00e9liorer la communication interne avec vos collaborateurs<\/strong>.<\/p>\n\n\n\n<h2><strong>Fondements de la communication efficace<\/strong><\/h2>\n\n\n\n<p>Il existe plusieurs principes de base \u00e0 respecter dans l&rsquo;utilisation des <strong>techniques de communication<\/strong>. Ces principes permettent de communiquer efficacement avec les collaborateurs.\u00a0<\/p>\n\n\n\n<p>Il est notamment important de <strong>pr\u00eater attention aux canaux de communication<\/strong> transmettant le message, que ce soi sur papier, \u00e0 oral ou par outil digitaux et multim\u00e9dias.<\/p>\n\n\n\n<p><strong><a href=\"https:\/\/www.comundi.fr\/mag-des-competences\/le-moyen-de-communication-le-plus-efficace-en-entreprise\/\">Le processus de transmission des messages <\/a>est aussi important que le contenu.<\/strong> En effet, les outils de communication utilis\u00e9s pour transmettre les \u00e9l\u00e9ments, c&rsquo;est-\u00e0-dire le mode d\u2019\u00e9mission, le moyen de r\u00e9ception, peuvent impacter l\u2019interpr\u00e9tation des messages.<\/p>\n\n\n\n<p>\u00c0 cela s&rsquo;ajoute<strong> le langage employ\u00e9<\/strong>, qui peut \u00eatre neutre, formel ou informel en fonction du type de message \u00e0 communiquer.<br><br>Qu\u2019il s\u2019agisse d\u2019un \u00e9change oral ou \u00e9crit, la communication fait intervenir plusieurs composantes : l\u2019\u00e9metteur, le r\u00e9cepteur, le feedback. Afin de contourner les \u00e9ventuelles barri\u00e8res rencontr\u00e9es, il est particuli\u00e8rement important d&rsquo;<strong>adopter une strat\u00e9gie de communication parfaitement structur\u00e9e.<\/strong> Cela permet, entre autres, d\u2019am\u00e9liorer la qualit\u00e9 des \u00e9changes, tout en instaurant un <a href=\"https:\/\/www.comundi.fr\/mag-des-competences\/les-7-principes-de-la-communication-de-groupe-pour-une-collaboration-reussie\/\">environnement de travail collaboratif<\/a>.<\/p>\n\n\n\n<h2><strong>Techniques de communication verbale et non-verbale<\/strong><\/h2>\n\n\n\n<p>Il est crucial de <strong>choisir ses techniques de communication<\/strong> selon qu\u2019il s\u2019agit d\u2019une discussion verbale ou d\u2019un \u00e9change non verbal.&nbsp;<\/p>\n\n\n\n<p>Dans son expression orale, l\u2019\u00e9metteur doit prendre en compte des sp\u00e9cificit\u00e9s comme :<\/p>\n\n\n\n<p>\u2022 &nbsp; &nbsp;le choix des mots ;<br>\u2022 &nbsp; &nbsp;le vocabulaire appropri\u00e9 ;<br>\u2022 &nbsp; &nbsp;le discours ;<br>\u2022 &nbsp; &nbsp;l\u2019intonation.<\/p>\n\n\n\n<p>S\u2019il souhaite exhorter ses coll\u00e8gues, par exemple, le chef d\u2019\u00e9quipe peut utiliser un langage qui \u00e9voque les objectifs \u00e0 atteindre, tout en misant sur un discours engageant. Son vocabulaire devra alors s\u2019aligner sur une d\u00e9marche incitative et encourageante.<\/p>\n\n\n\n<p>Par ailleurs, en ce qui concerne le langage non verbal, l\u2019\u00e9metteur du message doit plut\u00f4t s\u2019int\u00e9resser aux \u00e9l\u00e9ments corporels :<\/p>\n\n\n\n<p>\u2022 &nbsp; &nbsp;la gestuelle ;<br>\u2022 &nbsp; &nbsp;le langage corporel ;<br>\u2022 &nbsp; &nbsp;le contact visuel ;<br>\u2022 &nbsp; &nbsp;la posture ;<br>\u2022 &nbsp; &nbsp;l\u2019utilisation de signes.<\/p>\n\n\n\n<p>S\u2019il souhaite se positionner comme un leader, <strong>le communicant doit alors adapter sa gestuelle et sa posture <\/strong>en d\u00e9gageant une attitude confiante. De m\u00eame, l\u2019utilisation de gestes appropri\u00e9s et le maintien du contact visuel permettent de transmettre un message convaincant de mani\u00e8re simple et efficace.<\/p>\n\n\n\n<h2><strong>Ma\u00eetriser l\u2019\u00e9coute active et la reformulation<\/strong><\/h2>\n\n\n\n<p><strong>L\u2019\u00e9coute active et la reformulation<\/strong> font \u00e9galement partie des principes d&rsquo;une communication efficace en milieu professionnel. En ce qui concerne l\u2019\u00e9coute active, elle consiste \u00e0 accorder toute son attention \u00e0 son interlocuteur sans l\u2019interrompre et sans se laisser distraire par son environnement : t\u00e9l\u00e9phone, ordinateur, documents se trouvant \u00e0 port\u00e9e de main.<br><br>Quant \u00e0 la reformulation, il s\u2019agit d\u2019une <strong>technique de communication qui favorise une transmission claire<\/strong> et sans ambigu\u00eft\u00e9 des messages. En reformulant les propos de l\u2019interlocuteur, vous exposez votre propre compr\u00e9hension de son message, ce qui lui permet de pr\u00e9ciser sa pens\u00e9e si n\u00e9cessaire. Par ailleurs, en tant qu\u2019\u00e9metteur du message, vous pouvez adapter votre langage selon la situation et compte tenu des objectifs pr\u00e9alablement d\u00e9finis au sein de l\u2019\u00e9quipe.<br><br>En milieu professionnel, l\u2019\u00e9coute active et la reformulation contribuent \u00e0 am\u00e9liorer le dialogue : ces deux techniques sont ainsi essentielles \u00e0 la construction d\u2019une <strong>communication interpersonnelle efficace.<\/strong><\/p>\n\n\n\n<h2><strong>Optimiser l\u2019utilisation des outils num\u00e9riques dans la communication<\/strong><\/h2>\n\n\n\n<p><strong>Les outils num\u00e9riques<\/strong> participent \u00e9galement \u00e0 une communication efficace et mieux adapt\u00e9e aux d\u00e9fis actuels. Quelle que soit la taille de votre entreprise, vous utilisez sans doute des technologies comme :<br><br>\u2022 \u00a0 \u00a0les m\u00e9dias sociaux ;<br>\u2022 \u00a0 \u00a0la messagerie instantan\u00e9e ;<br>\u2022 \u00a0 \u00a0les services de visioconf\u00e9rence :<br>\u2022 \u00a0 \u00a0les courriels ;<br>\u2022 \u00a0 \u00a0les outils collaboratifs en ligne ;<br>\u2022 \u00a0 \u00a0les sites web.<br><br>\u00c9tant accessibles \u00e0 tous les utilisateurs du r\u00e9seau et \u00e0 n\u2019importe moment, ces outils facilitent la transmission d\u2019informations en temps r\u00e9el. En ce qui concerne les \u00e9changes en interne ou avec le public, ces technologies permettent, par exemple, de <strong>structurer un plan de communication efficace <\/strong>\u00e0 travers la mise en \u0153uvre d\u2019une strat\u00e9gie digitale. Dans cette logique, il convient d\u2019identifier le meilleur canal afin de toucher une plus grande cible. L\u2019entreprise doit aussi utiliser des techniques efficaces pour mettre en valeur ses produits ou services.<\/p>\n\n\n\n<h2><strong>Techniques de gestion de conflits et communication assertive<\/strong><\/h2>\n\n\n\n<p><a href=\"https:\/\/www.comundi.fr\/mag-des-competences\/comment-faire-preuve-de-diplomatie-avec-ses-collegues\/\">En cas de conflit au travail, la communication assertive peut valablement apaiser la situation et permettre de repartir sur des bases sereines.<\/a> Cette technique de communication se fonde sur le respect mutuel et la prise en compte des besoins de chacun. Encore appel\u00e9e communication manag\u00e9riale, elle permet, d\u2019une part, d\u2019instaurer un climat de confiance et d\u2019\u00e9coute entre les membres de l\u2019\u00e9quipe. D\u2019autre part, elle consiste \u00e0 sugg\u00e9rer des solutions sans imposer ses opinions, ni se soumettre passivement \u00e0 l\u2019une ou l\u2019autre des parties.<br><br>Dans ce cas de figure, <strong>le bon communicant adopte une strat\u00e9gie bas\u00e9e sur le dialogue et la n\u00e9gociation afin de r\u00e9soudre le conflit<\/strong>, tout en le transformant parfois en situation b\u00e9n\u00e9fique. Au cours d\u2019une r\u00e9union, il peut d\u00e9celer, par exemple, des opportunit\u00e9s d\u2019\u00e9change constructif en examinant le point de vue de chaque partie.<\/p>\n\n\n\n<h2><strong>Approche innovante et holistique de la communication<\/strong><\/h2>\n\n\n\n<p>L\u2019innovation se place au c\u0153ur des techniques modernes de communication. Dans une perspective r\u00e9solument tourn\u00e9e vers l\u2019avenir, il est possible de combiner des approches traditionnelles \u00e0 une m\u00e9thode holistique.&nbsp;<\/p>\n\n\n\n<p>Dans une communication saine, l\u2019analyse transactionnelle et le sens de l\u2019autre aident \u00e0 construire des relations authentiques et de haute qualit\u00e9.&nbsp;<\/p>\n\n\n\n<p>En entreprise ou m\u00eame dans un contexte priv\u00e9, prenez en compte des notions comme l\u2019<strong><a href=\"https:\/\/www.comundi.fr\/mag-des-competences\/intelligence-emotionnelle-quelle-est-son-utilite-en-entreprise\/\">intelligence \u00e9motionnelle <\/a>et la <a href=\"https:\/\/www.comundi.fr\/mag-des-competences\/quels-sont-les-4-piliers-de-la-cnv\/\">communication non violente<\/a><\/strong> afin d\u2019adapter votre langage verbal ou corporel \u00e0 chaque situation.<\/p>\n\n\n\n<p>Que ce soit pour d\u00e9samorcer des conflits ou pour communiquer de fa\u00e7on sereine en entreprise, misez sur des strat\u00e9gies qui valorisent chaque membre de l\u2019\u00e9quipe. Les <strong>techniques de communication<\/strong> <strong>manag\u00e9riale <\/strong>misent, par exemple, sur la n\u00e9gociation, le dialogue, le conseil et la r\u00e9solution active des conflits. Ces m\u00e9thodes sont efficaces en ce sens qu\u2019elles favorisent le maintien d\u2019un climat de confiance et d\u2019\u00e9coute au sein de l\u2019\u00e9quipe.<\/p>\n\n\n\n<div class=\"wp-block-media-text alignwide is-stacked-on-mobile is-vertically-aligned-top has-black-color has-text-color has-background\" style=\"background-color:#fff1de;grid-template-columns:30% auto\"><figure class=\"wp-block-media-text__media\"><img loading=\"lazy\" width=\"354\" height=\"289\" src=\"https:\/\/www.comundi.fr\/mag-des-competences\/wp-content\/uploads\/2025\/03\/icone-developpement-personnel-1.jpg\" alt=\"\" class=\"wp-image-13650 size-medium\" srcset=\"https:\/\/www.comundi.fr\/mag-des-competences\/wp-content\/uploads\/2025\/03\/icone-developpement-personnel-1.jpg 354w, https:\/\/www.comundi.fr\/mag-des-competences\/wp-content\/uploads\/2025\/03\/icone-developpement-personnel-1-300x245.jpg 300w\" sizes=\"(max-width: 354px) 100vw, 354px\" \/><\/figure><div class=\"wp-block-media-text__content\">\n<p><\/p>\n\n\n\n<p class=\"has-normal-font-size\">D\u00e9couvrez les fondamentaux de la communication relationnelle.<\/p>\n\n\n\n<div class=\"wp-block-buttons aligncenter\">\n<div class=\"wp-block-button\"><a class=\"wp-block-button__link has-white-color has-text-color has-background\" href=\"https:\/\/www.comundi.fr\/formations\/formation-techniques-de-communication-relationnelle.html\" style=\"background-color:#ffce8c\" target=\"_blank\" rel=\"noreferrer noopener\">D\u00e9couvrir la formation<\/a><\/div>\n<\/div>\n<\/div><\/div>\n","protected":false},"excerpt":{"rendered":"<p>La communication se place au c\u0153ur des \u00e9changes professionnels et la ma\u00eetrise des techniques de communication permet aux membres d\u2019une \u00e9quipe d\u2019atteindre leurs objectifs de travail, tout en \u00e9voluant dans un cadre sain et agr\u00e9able. Voici quelques conseils pour am\u00e9liorer vos interactions.<\/p>\n","protected":false},"author":8,"featured_media":13633,"comment_status":"open","ping_status":"open","sticky":false,"template":"","format":"standard","meta":{"_mi_skip_tracking":false},"categories":[187,185],"yoast_head":"<!-- This site is optimized with the Yoast SEO plugin v16.1 - https:\/\/yoast.com\/wordpress\/plugins\/seo\/ -->\n<title>Am\u00e9liorer vos interactions professionnelles avec ces techniques de communication - Mag des comp\u00e9tences - Comundi<\/title>\n<meta name=\"description\" content=\"D\u00e9couvrez les meilleures techniques de communication pour renforcer vos comp\u00e9tences relationnelles au travail.\" \/>\n<meta name=\"robots\" content=\"index, follow, max-snippet:-1, max-image-preview:large, max-video-preview:-1\" \/>\n<link rel=\"canonical\" href=\"https:\/\/www.comundi.fr\/mag-des-competences\/ameliorer-vos-interactions-professionnelles-avec-ces-techniques-de-communication\/\" \/>\n<meta property=\"og:locale\" content=\"fr_FR\" \/>\n<meta property=\"og:type\" content=\"article\" \/>\n<meta property=\"og:title\" content=\"Am\u00e9liorer vos interactions professionnelles avec ces techniques de communication - Mag des comp\u00e9tences - Comundi\" \/>\n<meta property=\"og:description\" content=\"D\u00e9couvrez les meilleures techniques de communication pour renforcer vos comp\u00e9tences relationnelles au travail.\" \/>\n<meta property=\"og:url\" content=\"https:\/\/www.comundi.fr\/mag-des-competences\/ameliorer-vos-interactions-professionnelles-avec-ces-techniques-de-communication\/\" \/>\n<meta property=\"og:site_name\" content=\"Mag des comp\u00e9tences - Comundi\" \/>\n<meta property=\"article:publisher\" content=\"https:\/\/www.facebook.com\/Comundi\/?fref=ts\" \/>\n<meta property=\"article:published_time\" content=\"2025-03-27T07:50:00+00:00\" \/>\n<meta property=\"article:modified_time\" content=\"2025-03-26T09:57:35+00:00\" \/>\n<meta property=\"og:image\" content=\"https:\/\/www.comundi.fr\/mag-des-competences\/wp-content\/uploads\/2025\/03\/Les-techniques-de-communication.jpg\" \/>\n\t<meta property=\"og:image:width\" content=\"1200\" \/>\n\t<meta property=\"og:image:height\" content=\"675\" \/>\n<meta name=\"twitter:card\" content=\"summary_large_image\" \/>\n<meta name=\"twitter:creator\" content=\"@ComundiActu\" \/>\n<meta name=\"twitter:site\" content=\"@ComundiActu\" \/>\n<meta name=\"twitter:label1\" content=\"Dur\u00e9e de lecture est.\">\n\t<meta name=\"twitter:data1\" content=\"5 minutes\">\n<script type=\"application\/ld+json\" class=\"yoast-schema-graph\">{\"@context\":\"https:\/\/schema.org\",\"@graph\":[{\"@type\":\"Organization\",\"@id\":\"https:\/\/www.comundi.fr\/mag-des-competences\/#organization\",\"name\":\"Comundi\",\"url\":\"https:\/\/www.comundi.fr\/mag-des-competences\/\",\"sameAs\":[\"https:\/\/www.facebook.com\/Comundi\/?fref=ts\",\"https:\/\/www.linkedin.com\/company\/comundi\/\",\"https:\/\/www.youtube.com\/user\/ComundiFormations\",\"https:\/\/twitter.com\/ComundiActu\"],\"logo\":{\"@type\":\"ImageObject\",\"@id\":\"https:\/\/www.comundi.fr\/mag-des-competences\/#logo\",\"inLanguage\":\"fr-FR\",\"url\":\"https:\/\/www.comundi.fr\/mag-des-competences\/wp-content\/uploads\/2018\/01\/comundi.png\",\"contentUrl\":\"https:\/\/www.comundi.fr\/mag-des-competences\/wp-content\/uploads\/2018\/01\/comundi.png\",\"width\":300,\"height\":300,\"caption\":\"Comundi\"},\"image\":{\"@id\":\"https:\/\/www.comundi.fr\/mag-des-competences\/#logo\"}},{\"@type\":\"WebSite\",\"@id\":\"https:\/\/www.comundi.fr\/mag-des-competences\/#website\",\"url\":\"https:\/\/www.comundi.fr\/mag-des-competences\/\",\"name\":\"Mag des comp\\u00e9tences - Comundi\",\"description\":\"Le magazine des m\\u00e9tiers de demain\",\"publisher\":{\"@id\":\"https:\/\/www.comundi.fr\/mag-des-competences\/#organization\"},\"potentialAction\":[{\"@type\":\"SearchAction\",\"target\":\"https:\/\/www.comundi.fr\/mag-des-competences\/?s={search_term_string}\",\"query-input\":\"required name=search_term_string\"}],\"inLanguage\":\"fr-FR\"},{\"@type\":\"ImageObject\",\"@id\":\"https:\/\/www.comundi.fr\/mag-des-competences\/ameliorer-vos-interactions-professionnelles-avec-ces-techniques-de-communication\/#primaryimage\",\"inLanguage\":\"fr-FR\",\"url\":\"https:\/\/www.comundi.fr\/mag-des-competences\/wp-content\/uploads\/2025\/03\/Les-techniques-de-communication.jpg\",\"contentUrl\":\"https:\/\/www.comundi.fr\/mag-des-competences\/wp-content\/uploads\/2025\/03\/Les-techniques-de-communication.jpg\",\"width\":1200,\"height\":675,\"caption\":\"Les techniques de communication\"},{\"@type\":\"WebPage\",\"@id\":\"https:\/\/www.comundi.fr\/mag-des-competences\/ameliorer-vos-interactions-professionnelles-avec-ces-techniques-de-communication\/#webpage\",\"url\":\"https:\/\/www.comundi.fr\/mag-des-competences\/ameliorer-vos-interactions-professionnelles-avec-ces-techniques-de-communication\/\",\"name\":\"Am\\u00e9liorer vos interactions professionnelles avec ces techniques de communication - Mag des comp\\u00e9tences - Comundi\",\"isPartOf\":{\"@id\":\"https:\/\/www.comundi.fr\/mag-des-competences\/#website\"},\"primaryImageOfPage\":{\"@id\":\"https:\/\/www.comundi.fr\/mag-des-competences\/ameliorer-vos-interactions-professionnelles-avec-ces-techniques-de-communication\/#primaryimage\"},\"datePublished\":\"2025-03-27T07:50:00+00:00\",\"dateModified\":\"2025-03-26T09:57:35+00:00\",\"description\":\"D\\u00e9couvrez les meilleures techniques de communication pour renforcer vos comp\\u00e9tences relationnelles au travail.\",\"breadcrumb\":{\"@id\":\"https:\/\/www.comundi.fr\/mag-des-competences\/ameliorer-vos-interactions-professionnelles-avec-ces-techniques-de-communication\/#breadcrumb\"},\"inLanguage\":\"fr-FR\",\"potentialAction\":[{\"@type\":\"ReadAction\",\"target\":[\"https:\/\/www.comundi.fr\/mag-des-competences\/ameliorer-vos-interactions-professionnelles-avec-ces-techniques-de-communication\/\"]}]},{\"@type\":\"BreadcrumbList\",\"@id\":\"https:\/\/www.comundi.fr\/mag-des-competences\/ameliorer-vos-interactions-professionnelles-avec-ces-techniques-de-communication\/#breadcrumb\",\"itemListElement\":[{\"@type\":\"ListItem\",\"position\":1,\"item\":{\"@type\":\"WebPage\",\"@id\":\"https:\/\/www.comundi.fr\/mag-des-competences\/\",\"url\":\"https:\/\/www.comundi.fr\/mag-des-competences\/\",\"name\":\"Accueil\"}},{\"@type\":\"ListItem\",\"position\":2,\"item\":{\"@type\":\"WebPage\",\"@id\":\"https:\/\/www.comundi.fr\/mag-des-competences\/ameliorer-vos-interactions-professionnelles-avec-ces-techniques-de-communication\/\",\"url\":\"https:\/\/www.comundi.fr\/mag-des-competences\/ameliorer-vos-interactions-professionnelles-avec-ces-techniques-de-communication\/\",\"name\":\"Am\\u00e9liorer vos interactions professionnelles avec ces techniques de communication\"}}]},{\"@type\":\"Article\",\"@id\":\"https:\/\/www.comundi.fr\/mag-des-competences\/ameliorer-vos-interactions-professionnelles-avec-ces-techniques-de-communication\/#article\",\"isPartOf\":{\"@id\":\"https:\/\/www.comundi.fr\/mag-des-competences\/ameliorer-vos-interactions-professionnelles-avec-ces-techniques-de-communication\/#webpage\"},\"author\":{\"@id\":\"https:\/\/www.comundi.fr\/mag-des-competences\/#\/schema\/person\/d08f5c2cf9de6fcfd33c30314745578e\"},\"headline\":\"Am\\u00e9liorer vos interactions professionnelles avec ces techniques de communication\",\"datePublished\":\"2025-03-27T07:50:00+00:00\",\"dateModified\":\"2025-03-26T09:57:35+00:00\",\"mainEntityOfPage\":{\"@id\":\"https:\/\/www.comundi.fr\/mag-des-competences\/ameliorer-vos-interactions-professionnelles-avec-ces-techniques-de-communication\/#webpage\"},\"commentCount\":0,\"publisher\":{\"@id\":\"https:\/\/www.comundi.fr\/mag-des-competences\/#organization\"},\"image\":{\"@id\":\"https:\/\/www.comundi.fr\/mag-des-competences\/ameliorer-vos-interactions-professionnelles-avec-ces-techniques-de-communication\/#primaryimage\"},\"articleSection\":\"Communication,D\\u00e9veloppement personnel\",\"inLanguage\":\"fr-FR\",\"potentialAction\":[{\"@type\":\"CommentAction\",\"name\":\"Comment\",\"target\":[\"https:\/\/www.comundi.fr\/mag-des-competences\/ameliorer-vos-interactions-professionnelles-avec-ces-techniques-de-communication\/#respond\"]}]},{\"@type\":\"Person\",\"@id\":\"https:\/\/www.comundi.fr\/mag-des-competences\/#\/schema\/person\/d08f5c2cf9de6fcfd33c30314745578e\",\"name\":\"Comundi\",\"image\":{\"@type\":\"ImageObject\",\"@id\":\"https:\/\/www.comundi.fr\/mag-des-competences\/#personlogo\",\"inLanguage\":\"fr-FR\",\"url\":\"https:\/\/secure.gravatar.com\/avatar\/da2835ae7b2c1279e8e897d242f4cda6?s=96&d=mm&r=g\",\"contentUrl\":\"https:\/\/secure.gravatar.com\/avatar\/da2835ae7b2c1279e8e897d242f4cda6?s=96&d=mm&r=g\",\"caption\":\"Comundi\"}}]}<\/script>\n<!-- \/ Yoast SEO plugin. -->","amp_enabled":true,"_links":{"self":[{"href":"https:\/\/www.comundi.fr\/mag-des-competences\/wp-json\/wp\/v2\/posts\/13632"}],"collection":[{"href":"https:\/\/www.comundi.fr\/mag-des-competences\/wp-json\/wp\/v2\/posts"}],"about":[{"href":"https:\/\/www.comundi.fr\/mag-des-competences\/wp-json\/wp\/v2\/types\/post"}],"author":[{"embeddable":true,"href":"https:\/\/www.comundi.fr\/mag-des-competences\/wp-json\/wp\/v2\/users\/8"}],"replies":[{"embeddable":true,"href":"https:\/\/www.comundi.fr\/mag-des-competences\/wp-json\/wp\/v2\/comments?post=13632"}],"version-history":[{"count":3,"href":"https:\/\/www.comundi.fr\/mag-des-competences\/wp-json\/wp\/v2\/posts\/13632\/revisions"}],"predecessor-version":[{"id":13653,"href":"https:\/\/www.comundi.fr\/mag-des-competences\/wp-json\/wp\/v2\/posts\/13632\/revisions\/13653"}],"wp:featuredmedia":[{"embeddable":true,"href":"https:\/\/www.comundi.fr\/mag-des-competences\/wp-json\/wp\/v2\/media\/13633"}],"wp:attachment":[{"href":"https:\/\/www.comundi.fr\/mag-des-competences\/wp-json\/wp\/v2\/media?parent=13632"}],"wp:term":[{"taxonomy":"category","embeddable":true,"href":"https:\/\/www.comundi.fr\/mag-des-competences\/wp-json\/wp\/v2\/categories?post=13632"}],"curies":[{"name":"wp","href":"https:\/\/api.w.org\/{rel}","templated":true}]}}