{"id":13473,"date":"2025-03-13T08:50:00","date_gmt":"2025-03-13T07:50:00","guid":{"rendered":"https:\/\/www.comundi.fr\/mag-des-competences\/?p=13473"},"modified":"2025-03-13T14:02:46","modified_gmt":"2025-03-13T13:02:46","slug":"redaction-professionnelle-decouvrez-les-strategies-essentielles-pour-des-ecrits-percutants","status":"publish","type":"post","link":"https:\/\/www.comundi.fr\/mag-des-competences\/redaction-professionnelle-decouvrez-les-strategies-essentielles-pour-des-ecrits-percutants\/","title":{"rendered":"R\u00e9daction professionnelle : d\u00e9couvrez les strat\u00e9gies essentielles pour des \u00e9crits percutants"},"content":{"rendered":"\n<p><strong>La r\u00e9daction est au c\u0153ur de la communication<\/strong> dans le monde du travail. R\u00e9diger un texte marketing pour un catalogue, cr\u00e9er un rapport financier pour un client, envoyer un courriel formel \u00e0 un partenaire ou publier un article de blog n\u00e9cessite toujours la m\u00eame d\u00e9marche\u202f: informer, convaincre et produire un impact aupr\u00e8s du lecteur. Dans tout contexte professionnel, <strong>la capacit\u00e9 \u00e0 r\u00e9diger de mani\u00e8re claire et structur\u00e9e<\/strong>, en \u00e9vitant toute erreur grammaticale ou fautes de logique, refl\u00e8te non seulement la qualit\u00e9 du travail fourni, mais aussi l\u2019image que souhaite v\u00e9hiculer l\u2019entreprise.<\/p>\n\n\n\n<p>L\u2019objectif de cet article est de <strong>pr\u00e9senter diff\u00e9rentes techniques de r\u00e9daction et divers outils essentiels <\/strong>qui aident \u00e0 d\u00e9velopper une m\u00e9thode rigoureuse. Nous aborderons les fondamentaux pour un contenu efficace, puis examinerons neuf techniques \u00e9prouv\u00e9es permettant au r\u00e9dacteur d\u2019organiser ses id\u00e9es. Nous verrons \u00e9galement des <strong>conseils pratiques pour am\u00e9liorer ses \u00e9crits professionnels<\/strong>, avant de conclure sur la mani\u00e8re de simplifier le style et sur l\u2019int\u00e9gration des IA g\u00e9n\u00e9ratrices. Il existe \u00e9galement des formations sur le sujet, comme <strong><a href=\"https:\/\/www.comundi.fr\/formations\/formation-ecrits-professionnels-rediger-avec-aisance-et-efficacite.html\">\u00c9crits professionnels : r\u00e9diger avec aisance et efficacit\u00e9<\/a><\/strong> qui vous permettront d&rsquo;aller plus loin en apprenant concr\u00e8tement comment mettre en place toutes ces techniques.&nbsp;<\/p>\n\n\n\n<h2>Qu\u2019est-ce que la r\u00e9daction professionnelle ?<\/h2>\n\n\n\n<p>La r\u00e9daction professionnelle se d\u00e9finit comme un ensemble de pratiques permettant de produire des \u00e9crits adapt\u00e9s \u00e0 un public pr\u00e9cis, dans un contexte particulier et pour r\u00e9pondre \u00e0 un besoin clairement identifi\u00e9. Contrairement \u00e0 l\u2019\u00e9criture cr\u00e9ative ou personnelle, o\u00f9 l\u2019expression artistique et le style litt\u00e9raire sont mis en avant, <strong>la r\u00e9daction professionnelle a pour objectif de remplir une fonction pratique<\/strong>. Cette fonction peut \u00eatre informative (comme dans un document interne), persuasive (comme dans une lettre commerciale) ou m\u00eame institutionnelle (un courrier officiel, un communiqu\u00e9 ou un message \u00e0 caract\u00e8re administratif).<\/p>\n\n\n\n<p>Dans ce cadre, la forme et la structure rev\u00eatent une importance cruciale : un texte s\u2019inscrit dans un contexte professionnel o\u00f9 le destinataire recherche la clart\u00e9 et la pr\u00e9cision. Par exemple, un client qui lit une offre commerciale d\u00e9sire comprendre rapidement les avantages d\u2019un produit ou d\u2019un service. Un responsable d\u2019\u00e9quipe, quant \u00e0 lui, s\u2019attend \u00e0 ce qu\u2019un rapport d\u2019activit\u00e9 soit complet, limpide et directement exploitable pour la prise de d\u00e9cision.<\/p>\n\n\n\n<p>En outre, <strong>la r\u00e9daction professionnelle implique de ma\u00eetriser plusieurs comp\u00e9tences en r\u00e9daction<\/strong> : la syntaxe, le vocabulaire, l\u2019orthographe, mais aussi la capacit\u00e9 \u00e0 adapter le style et le ton en fonction du public cible et des enjeux du projet. Plusieurs \u00e9l\u00e9ments doivent \u00eatre pris en compte simultan\u00e9ment : l\u2019objectif \u00e0 atteindre (informer, convaincre, partager), la mani\u00e8re dont le texte sera lu (sur page web, en version PDF, sur un blog, en courriel, etc.) et la dur\u00e9e d\u2019attention disponible du lecteur.<\/p>\n\n\n\n<p>Enfin, la <strong>r\u00e9daction professionnelle s\u2019appuie sur la coh\u00e9rence entre l\u2019identit\u00e9 de l\u2019organisation et le message transmis<\/strong> : formules de politesse, conventions lexicales, mise en forme, etc. En somme, elle r\u00e9pond \u00e0 des enjeux de cr\u00e9dibilit\u00e9, de s\u00e9rieux et de qualit\u00e9 qui peuvent influencer la r\u00e9ussite d\u2019une campagne marketing, la confiance d\u2019un partenaire financier ou l\u2019efficacit\u00e9 de la communication interne.<\/p>\n\n\n\n<h2>Les fondamentaux de la r\u00e9daction professionnelle<\/h2>\n\n\n\n<p>Afin de produire un contenu convaincant, <a href=\"https:\/\/www.comundi.fr\/mag-des-competences\/9-conseils-rediger-ecrits-professionnels-efficaces\/\">il convient de respecter plusieurs principes essentiels qui constituent la base d\u2019une r\u00e9daction professionnelle r\u00e9ussie.<\/a> Cette section mettra en avant quatre \u00ab\u00a0approches cl\u00e9s\u00a0\u00bb\u202f: <strong>hi\u00e9rarchiser l\u2019information, structurer en paragraphes, r\u00e9diger des accroches percutantes et concevoir des conclusions impactantes<\/strong>.<\/p>\n\n\n\n<h3>Hi\u00e9rarchiser l\u2019information<\/h3>\n\n\n\n<p>En r\u00e9daction, il est prioritaire de trier et d\u2019identifier les informations majeures avant de se lancer dans la r\u00e9daction \u00e0 proprement parler. Sans cette \u00e9tape, on risque de produire un texte confus, o\u00f9 les id\u00e9es se perdent ou se r\u00e9p\u00e8tent. Hi\u00e9rarchiser l\u2019information signifie :<\/p>\n\n\n\n<ul><li>Classer les arguments du plus g\u00e9n\u00e9ral au plus sp\u00e9cifique, ou du plus important au moins important.<\/li><li>V\u00e9rifier la coh\u00e9rence entre chaque point et le sujet principal.<\/li><li>R\u00e9aliser un plan pr\u00e9liminaire, que ce soit sous forme de liste, de mind-mapping ou de tableau.<\/li><\/ul>\n\n\n\n<p>Gr\u00e2ce \u00e0 une bonne organisation, le lecteur est en mesure de suivre la logique du discours et de percevoir la valeur ajout\u00e9e de chaque id\u00e9e d\u00e9velopp\u00e9e. Sans cela, il risque de se lasser et d\u2019abandonner la lecture avant d\u2019avoir saisi les enjeux du message.<\/p>\n\n\n\n<h3>Structurer en paragraphes<\/h3>\n\n\n\n<p>La subdivision en paragraphes est une technique qui vise \u00e0 am\u00e9liorer la lisibilit\u00e9 du texte. Chaque paragraphe, id\u00e9alement assez court, couvre une id\u00e9e cl\u00e9 distincte. Pour que cette approche soit efficace, on conseillera de\u202f:<\/p>\n\n\n\n<ul><li>Utiliser des titres et des sous-titres pour s\u00e9parer nettement les diff\u00e9rentes sections.<\/li><li>V\u00e9rifier que chaque paragraphe apporte une plus-value, sans doublon.<\/li><li>Ajuster la longueur : trop long, un paragraphe d\u00e9courage la lecture\u202f; trop court, il risque de manquer de profondeur.<\/li><\/ul>\n\n\n\n<p>Cette m\u00e9thode est particuli\u00e8rement appr\u00e9ci\u00e9e dans la communication \u00e9crite de type rapport, courriel formel ou mise en page d\u2019un article, car elle offre un confort de lecture au lecteur press\u00e9.<\/p>\n\n\n\n<h3>R\u00e9diger des accroches percutantes<\/h3>\n\n\n\n<p>Lors d\u2019une r\u00e9daction professionnelle, les premi\u00e8res phrases conditionnent l\u2019attention du destinataire. Une bonne accroche :<\/p>\n\n\n\n<ul><li>\u00c9veille la curiosit\u00e9 ou r\u00e9pond imm\u00e9diatement \u00e0 une question implicite.<\/li><li>Met en avant un objectif concret (ex. : pr\u00e9senter un nouvel outil, annoncer une offre commerciale, etc.).<\/li><li>Peut contenir un chiffre marquant, une anecdote r\u00e9v\u00e9latrice ou une proposition unique.<\/li><\/ul>\n\n\n\n<p>Ainsi, qu\u2019il s\u2019agisse d\u2019un courriel, d\u2019un article de blog ou d\u2019un rapport d\u2019activit\u00e9, il convient de soigner ces premi\u00e8res lignes. En effet, un lecteur re\u00e7oit quotidiennement quantit\u00e9 d\u2019informations\u202f: il faut donc capter son int\u00e9r\u00eat d\u00e8s le d\u00e9but pour le convaincre de poursuivre la lecture.<\/p>\n\n\n\n<h3>Concevoir des conclusions impactantes<\/h3>\n\n\n\n<p>De m\u00eame que l\u2019accroche, la conclusion doit marquer l\u2019esprit du lecteur et l\u2019inciter \u00e0 passer \u00e0 l\u2019action (faire une demande, r\u00e9pondre \u00e0 un mail, consulter un document, etc.). Pour rendre cette fin de texte plus m\u00e9morable\u202f:<\/p>\n\n\n\n<ul><li>Synth\u00e9tiser les points importants abord\u00e9s, afin de donner une vue d\u2019ensemble.<\/li><li>Incorporer un appel \u00e0 l\u2019action concret (cliquer, s\u2019inscrire, t\u00e9l\u00e9charger un PDF, contacter un commercial\u2026).<\/li><li>Rappeler le message cl\u00e9 ou la proposition essentielle.<\/li><\/ul>\n\n\n\n<p>Une conclusion efficace peut \u00e9galement introduire une ouverture vers un sujet connexe, ou encourager le lecteur \u00e0 poser des questions compl\u00e9mentaires, prolongeant ainsi l\u2019\u00e9change ou la collaboration.<\/p>\n\n\n\n<h2><strong>Conseils pratiques pour am\u00e9liorer ses \u00e9crits professionnels<\/strong><\/h2>\n\n\n\n<p>Une fois les bases acquises et les techniques identifi\u00e9es, <strong>il convient de peaufiner ses \u00e9crits professionnels<\/strong> par des r\u00e9flexes simples mais efficaces.<\/p>\n\n\n\n<h3><strong>Lire son texte \u00e0 haute voix<\/strong><\/h3>\n\n\n\n<p><strong>Relire son texte \u00e0 voix haute<\/strong> est un moyen rapide de d\u00e9tecter les maladresses de grammaire, les tournures lourdes ou les r\u00e9p\u00e9titions. S\u2019exprimer \u00e0 l\u2019oral permet \u00e9galement de rep\u00e9rer les ruptures de logique qui passent parfois inaper\u00e7ues lors d\u2019une simple relecture silencieuse. Ainsi, on prend conscience du rythme des phrases et on peut ajuster la formulation pour la rendre plus fluide et plus agr\u00e9able \u00e0 l\u2019oreille.<\/p>\n\n\n\n<h3><strong>Faire relire son texte \u00e0 un coll\u00e8gue<\/strong><\/h3>\n\n\n\n<p>M\u00eame un r\u00e9dacteur exp\u00e9riment\u00e9 peut \u00eatre pi\u00e9g\u00e9 par l\u2019effet de tunnel, qui l\u2019emp\u00eache de d\u00e9celer les probl\u00e8mes de coh\u00e9rence ou les impr\u00e9cisions. <strong>Demander un regard ext\u00e9rieur<\/strong> \u00e0 un coll\u00e8gue, un sup\u00e9rieur hi\u00e9rarchique ou un pair est donc un moyen de :<\/p>\n\n\n\n<ul><li>Identifier les non-dits ou les hypoth\u00e8ses implicites.<\/li><li>\u00c9valuer la compr\u00e9hension de l\u2019id\u00e9e essentielle.<\/li><li>V\u00e9rifier la pertinence de l\u2019organisation des paragraphes.<\/li><\/ul>\n\n\n\n<p>Le coll\u00e8gue peut aussi tester la logique du message et pointer les \u00e9l\u00e9ments qui manquent ou m\u00e9ritent d\u2019\u00eatre reformul\u00e9s.<\/p>\n\n\n\n<h3><strong>Utiliser des outils de correction et de relecture<\/strong><\/h3>\n\n\n\n<p>Aujourd\u2019hui, de nombreux logiciels de correction orthographique et grammaticale (Antidote, Grammalecte, etc.) sont disponibles. Ils soulignent non seulement les fautes d\u2019orthographe, mais proposent \u00e9galement des suggestions pour am\u00e9liorer la syntaxe ou \u00e9viter les r\u00e9p\u00e9titions. Toutefois, ces outils ne remplacent pas la relecture humaine, qui reste essentielle pour r\u00e9soudre les subtilit\u00e9s li\u00e9es au contexte ou \u00e0 la langue elle-m\u00eame.<\/p>\n\n\n\n<h2><strong>Simplifier le style<\/strong><\/h2>\n\n\n\n<p>Dans toute<strong> r\u00e9daction dite \u00ab professionnelle \u00bb,<\/strong> <strong>on privil\u00e9gie la clart\u00e9, la pr\u00e9cision et la coh\u00e9rence<\/strong>. Faire court n\u2019est pas forc\u00e9ment un crit\u00e8re, mais il est souhaitable de ne pas noyer le lecteur sous un flot de phrases interminables. Quelques cl\u00e9s pour simplifier le style :<\/p>\n\n\n\n<ul><li>Employer des mots faciles \u00e0 comprendre, adapt\u00e9s au public vis\u00e9.<\/li><li>Opter pour des phrases courtes, r\u00e9duisant les risques d\u2019ambigu\u00eft\u00e9s.<\/li><li>Varier les formules pour maintenir l\u2019int\u00e9r\u00eat.<\/li><li>\u00c9viter le jargon inutile, surtout si le lecteur est ext\u00e9rieur au domaine.<\/li><\/ul>\n\n\n\n<p>Cette communication claire am\u00e9liore la r\u00e9tention de l\u2019information et renforce la cr\u00e9dibilit\u00e9 du message.<\/p>\n\n\n\n<h3><strong>Planifier une relecture diff\u00e9r\u00e9e<\/strong><\/h3>\n\n\n\n<p><strong>La relecture diff\u00e9r\u00e9e<\/strong> est souvent n\u00e9glig\u00e9e, alors qu\u2019elle peut faire la diff\u00e9rence entre un texte clair et un texte confus. L\u2019id\u00e9e consiste \u00e0 :<\/p>\n\n\n\n<ul><li>Laisser \u201creposer\u201d le contenu pendant un certain laps de temps (quelques heures ou une nuit).<\/li><li>Revenir dessus avec un \u0153il neuf, afin de rep\u00e9rer les erreurs ou les failles dans la logique.<\/li><li>Apporter les modifications finales avec plus de recul.<\/li><\/ul>\n\n\n\n<p>Cette \u00e9tape se r\u00e9v\u00e8le d\u00e9cisive lorsqu\u2019on vise un haut niveau de qualit\u00e9 pour un courrier officiel, une proposition commerciale ou un communiqu\u00e9 destin\u00e9 \u00e0 un large public.<\/p>\n\n\n\n<div class=\"wp-block-media-text alignwide is-stacked-on-mobile is-vertically-aligned-top has-background\" style=\"background-color:#ebffec;grid-template-columns:30% auto\"><figure class=\"wp-block-media-text__media\"><img loading=\"lazy\" width=\"354\" height=\"289\" src=\"https:\/\/www.comundi.fr\/mag-des-competences\/wp-content\/uploads\/2025\/03\/Formation-efficacite-proffessionnelle.jpg\" alt=\"Formation efficacit\u00e9 proffessionnelle\" class=\"wp-image-13547 size-medium\" srcset=\"https:\/\/www.comundi.fr\/mag-des-competences\/wp-content\/uploads\/2025\/03\/Formation-efficacite-proffessionnelle.jpg 354w, https:\/\/www.comundi.fr\/mag-des-competences\/wp-content\/uploads\/2025\/03\/Formation-efficacite-proffessionnelle-300x245.jpg 300w\" sizes=\"(max-width: 354px) 100vw, 354px\" \/><\/figure><div class=\"wp-block-media-text__content\">\n<p><\/p>\n\n\n\n<p class=\"has-normal-font-size\">Apprenez les pratiques basiques pour am\u00e9liorer vos comp\u00e9tences en \u00e9crits professionnels.<\/p>\n\n\n\n<div class=\"wp-block-buttons aligncenter\">\n<div class=\"wp-block-button\"><a class=\"wp-block-button__link has-white-color has-text-color has-background\" href=\"https:\/\/www.comundi.fr\/formations\/formation-ecrits-professionnels-rediger-avec-aisance-et-efficacite.html\" style=\"background-color:#00a28d\" target=\"_blank\" rel=\"noreferrer noopener\">D\u00e9couvrir la formation<\/a><\/div>\n<\/div>\n<\/div><\/div>\n","protected":false},"excerpt":{"rendered":"<p>La r\u00e9daction professionnelle reste \u00e0 la base de la communication dans l&rsquo;entreprise. Pour am\u00e9liorer vos \u00e9crits professionnels, il est important de ma\u00eetriser les fondamentaux de la r\u00e9daction : la syntaxe, l&rsquo;orthographe, la grammaire.<br \/>\nSuivez nos conseils pour apprendre \u00e0<br \/>\nhi\u00e9rarchiser l\u2019information, structurer en paragraphes, r\u00e9diger des accroches percutantes et concevoir des conclusions impactantes.<\/p>\n","protected":false},"author":8,"featured_media":13528,"comment_status":"open","ping_status":"open","sticky":false,"template":"","format":"standard","meta":{"_mi_skip_tracking":false},"categories":[183],"yoast_head":"<!-- This site is optimized with the Yoast SEO plugin v16.1 - https:\/\/yoast.com\/wordpress\/plugins\/seo\/ -->\n<title>R\u00e9daction professionnelle : d\u00e9couvrez les strat\u00e9gies essentielles pour des \u00e9crits percutants - Mag des comp\u00e9tences - Comundi<\/title>\n<meta name=\"description\" content=\"La r\u00e9daction professionnelle est essentielle \u00e0 la communication. D\u00e9couvrez nos conseils pour am\u00e9liorer vos \u00e9crits professionnels.\" \/>\n<meta name=\"robots\" content=\"index, follow, max-snippet:-1, max-image-preview:large, max-video-preview:-1\" \/>\n<link rel=\"canonical\" href=\"https:\/\/www.comundi.fr\/mag-des-competences\/redaction-professionnelle-decouvrez-les-strategies-essentielles-pour-des-ecrits-percutants\/\" \/>\n<meta property=\"og:locale\" content=\"fr_FR\" \/>\n<meta property=\"og:type\" content=\"article\" \/>\n<meta property=\"og:title\" content=\"R\u00e9daction professionnelle : d\u00e9couvrez les strat\u00e9gies essentielles pour des \u00e9crits percutants - Mag des comp\u00e9tences - Comundi\" \/>\n<meta property=\"og:description\" content=\"La r\u00e9daction professionnelle est essentielle \u00e0 la communication. D\u00e9couvrez nos conseils pour am\u00e9liorer vos \u00e9crits professionnels.\" \/>\n<meta property=\"og:url\" content=\"https:\/\/www.comundi.fr\/mag-des-competences\/redaction-professionnelle-decouvrez-les-strategies-essentielles-pour-des-ecrits-percutants\/\" \/>\n<meta property=\"og:site_name\" content=\"Mag des comp\u00e9tences - Comundi\" \/>\n<meta property=\"article:publisher\" content=\"https:\/\/www.facebook.com\/Comundi\/?fref=ts\" \/>\n<meta property=\"article:published_time\" content=\"2025-03-13T07:50:00+00:00\" \/>\n<meta property=\"article:modified_time\" content=\"2025-03-13T13:02:46+00:00\" \/>\n<meta property=\"og:image\" content=\"https:\/\/www.comundi.fr\/mag-des-competences\/wp-content\/uploads\/2025\/03\/La-redaction-professionnelle.jpg\" \/>\n\t<meta property=\"og:image:width\" content=\"1200\" \/>\n\t<meta property=\"og:image:height\" content=\"675\" \/>\n<meta name=\"twitter:card\" content=\"summary_large_image\" \/>\n<meta name=\"twitter:creator\" content=\"@ComundiActu\" \/>\n<meta name=\"twitter:site\" content=\"@ComundiActu\" \/>\n<meta name=\"twitter:label1\" content=\"Dur\u00e9e de lecture est.\">\n\t<meta name=\"twitter:data1\" content=\"7 minutes\">\n<script type=\"application\/ld+json\" class=\"yoast-schema-graph\">{\"@context\":\"https:\/\/schema.org\",\"@graph\":[{\"@type\":\"Organization\",\"@id\":\"https:\/\/www.comundi.fr\/mag-des-competences\/#organization\",\"name\":\"Comundi\",\"url\":\"https:\/\/www.comundi.fr\/mag-des-competences\/\",\"sameAs\":[\"https:\/\/www.facebook.com\/Comundi\/?fref=ts\",\"https:\/\/www.linkedin.com\/company\/comundi\/\",\"https:\/\/www.youtube.com\/user\/ComundiFormations\",\"https:\/\/twitter.com\/ComundiActu\"],\"logo\":{\"@type\":\"ImageObject\",\"@id\":\"https:\/\/www.comundi.fr\/mag-des-competences\/#logo\",\"inLanguage\":\"fr-FR\",\"url\":\"https:\/\/www.comundi.fr\/mag-des-competences\/wp-content\/uploads\/2018\/01\/comundi.png\",\"contentUrl\":\"https:\/\/www.comundi.fr\/mag-des-competences\/wp-content\/uploads\/2018\/01\/comundi.png\",\"width\":300,\"height\":300,\"caption\":\"Comundi\"},\"image\":{\"@id\":\"https:\/\/www.comundi.fr\/mag-des-competences\/#logo\"}},{\"@type\":\"WebSite\",\"@id\":\"https:\/\/www.comundi.fr\/mag-des-competences\/#website\",\"url\":\"https:\/\/www.comundi.fr\/mag-des-competences\/\",\"name\":\"Mag des comp\\u00e9tences - Comundi\",\"description\":\"Le magazine des m\\u00e9tiers de demain\",\"publisher\":{\"@id\":\"https:\/\/www.comundi.fr\/mag-des-competences\/#organization\"},\"potentialAction\":[{\"@type\":\"SearchAction\",\"target\":\"https:\/\/www.comundi.fr\/mag-des-competences\/?s={search_term_string}\",\"query-input\":\"required name=search_term_string\"}],\"inLanguage\":\"fr-FR\"},{\"@type\":\"ImageObject\",\"@id\":\"https:\/\/www.comundi.fr\/mag-des-competences\/redaction-professionnelle-decouvrez-les-strategies-essentielles-pour-des-ecrits-percutants\/#primaryimage\",\"inLanguage\":\"fr-FR\",\"url\":\"https:\/\/www.comundi.fr\/mag-des-competences\/wp-content\/uploads\/2025\/03\/La-redaction-professionnelle.jpg\",\"contentUrl\":\"https:\/\/www.comundi.fr\/mag-des-competences\/wp-content\/uploads\/2025\/03\/La-redaction-professionnelle.jpg\",\"width\":1200,\"height\":675,\"caption\":\"La r\\u00e9daction professionnelle\"},{\"@type\":\"WebPage\",\"@id\":\"https:\/\/www.comundi.fr\/mag-des-competences\/redaction-professionnelle-decouvrez-les-strategies-essentielles-pour-des-ecrits-percutants\/#webpage\",\"url\":\"https:\/\/www.comundi.fr\/mag-des-competences\/redaction-professionnelle-decouvrez-les-strategies-essentielles-pour-des-ecrits-percutants\/\",\"name\":\"R\\u00e9daction professionnelle : d\\u00e9couvrez les strat\\u00e9gies essentielles pour des \\u00e9crits percutants - Mag des comp\\u00e9tences - Comundi\",\"isPartOf\":{\"@id\":\"https:\/\/www.comundi.fr\/mag-des-competences\/#website\"},\"primaryImageOfPage\":{\"@id\":\"https:\/\/www.comundi.fr\/mag-des-competences\/redaction-professionnelle-decouvrez-les-strategies-essentielles-pour-des-ecrits-percutants\/#primaryimage\"},\"datePublished\":\"2025-03-13T07:50:00+00:00\",\"dateModified\":\"2025-03-13T13:02:46+00:00\",\"description\":\"La r\\u00e9daction professionnelle est essentielle \\u00e0 la communication. D\\u00e9couvrez nos conseils pour am\\u00e9liorer vos \\u00e9crits professionnels.\",\"breadcrumb\":{\"@id\":\"https:\/\/www.comundi.fr\/mag-des-competences\/redaction-professionnelle-decouvrez-les-strategies-essentielles-pour-des-ecrits-percutants\/#breadcrumb\"},\"inLanguage\":\"fr-FR\",\"potentialAction\":[{\"@type\":\"ReadAction\",\"target\":[\"https:\/\/www.comundi.fr\/mag-des-competences\/redaction-professionnelle-decouvrez-les-strategies-essentielles-pour-des-ecrits-percutants\/\"]}]},{\"@type\":\"BreadcrumbList\",\"@id\":\"https:\/\/www.comundi.fr\/mag-des-competences\/redaction-professionnelle-decouvrez-les-strategies-essentielles-pour-des-ecrits-percutants\/#breadcrumb\",\"itemListElement\":[{\"@type\":\"ListItem\",\"position\":1,\"item\":{\"@type\":\"WebPage\",\"@id\":\"https:\/\/www.comundi.fr\/mag-des-competences\/\",\"url\":\"https:\/\/www.comundi.fr\/mag-des-competences\/\",\"name\":\"Accueil\"}},{\"@type\":\"ListItem\",\"position\":2,\"item\":{\"@type\":\"WebPage\",\"@id\":\"https:\/\/www.comundi.fr\/mag-des-competences\/redaction-professionnelle-decouvrez-les-strategies-essentielles-pour-des-ecrits-percutants\/\",\"url\":\"https:\/\/www.comundi.fr\/mag-des-competences\/redaction-professionnelle-decouvrez-les-strategies-essentielles-pour-des-ecrits-percutants\/\",\"name\":\"R\\u00e9daction professionnelle : d\\u00e9couvrez les strat\\u00e9gies essentielles pour des \\u00e9crits percutants\"}}]},{\"@type\":\"Article\",\"@id\":\"https:\/\/www.comundi.fr\/mag-des-competences\/redaction-professionnelle-decouvrez-les-strategies-essentielles-pour-des-ecrits-percutants\/#article\",\"isPartOf\":{\"@id\":\"https:\/\/www.comundi.fr\/mag-des-competences\/redaction-professionnelle-decouvrez-les-strategies-essentielles-pour-des-ecrits-percutants\/#webpage\"},\"author\":{\"@id\":\"https:\/\/www.comundi.fr\/mag-des-competences\/#\/schema\/person\/d08f5c2cf9de6fcfd33c30314745578e\"},\"headline\":\"R\\u00e9daction professionnelle : d\\u00e9couvrez les strat\\u00e9gies essentielles pour des \\u00e9crits percutants\",\"datePublished\":\"2025-03-13T07:50:00+00:00\",\"dateModified\":\"2025-03-13T13:02:46+00:00\",\"mainEntityOfPage\":{\"@id\":\"https:\/\/www.comundi.fr\/mag-des-competences\/redaction-professionnelle-decouvrez-les-strategies-essentielles-pour-des-ecrits-percutants\/#webpage\"},\"commentCount\":0,\"publisher\":{\"@id\":\"https:\/\/www.comundi.fr\/mag-des-competences\/#organization\"},\"image\":{\"@id\":\"https:\/\/www.comundi.fr\/mag-des-competences\/redaction-professionnelle-decouvrez-les-strategies-essentielles-pour-des-ecrits-percutants\/#primaryimage\"},\"articleSection\":\"Efficacit\\u00e9 professionnelle\",\"inLanguage\":\"fr-FR\",\"potentialAction\":[{\"@type\":\"CommentAction\",\"name\":\"Comment\",\"target\":[\"https:\/\/www.comundi.fr\/mag-des-competences\/redaction-professionnelle-decouvrez-les-strategies-essentielles-pour-des-ecrits-percutants\/#respond\"]}]},{\"@type\":\"Person\",\"@id\":\"https:\/\/www.comundi.fr\/mag-des-competences\/#\/schema\/person\/d08f5c2cf9de6fcfd33c30314745578e\",\"name\":\"Comundi\",\"image\":{\"@type\":\"ImageObject\",\"@id\":\"https:\/\/www.comundi.fr\/mag-des-competences\/#personlogo\",\"inLanguage\":\"fr-FR\",\"url\":\"https:\/\/secure.gravatar.com\/avatar\/da2835ae7b2c1279e8e897d242f4cda6?s=96&d=mm&r=g\",\"contentUrl\":\"https:\/\/secure.gravatar.com\/avatar\/da2835ae7b2c1279e8e897d242f4cda6?s=96&d=mm&r=g\",\"caption\":\"Comundi\"}}]}<\/script>\n<!-- \/ Yoast SEO plugin. -->","amp_enabled":true,"_links":{"self":[{"href":"https:\/\/www.comundi.fr\/mag-des-competences\/wp-json\/wp\/v2\/posts\/13473"}],"collection":[{"href":"https:\/\/www.comundi.fr\/mag-des-competences\/wp-json\/wp\/v2\/posts"}],"about":[{"href":"https:\/\/www.comundi.fr\/mag-des-competences\/wp-json\/wp\/v2\/types\/post"}],"author":[{"embeddable":true,"href":"https:\/\/www.comundi.fr\/mag-des-competences\/wp-json\/wp\/v2\/users\/8"}],"replies":[{"embeddable":true,"href":"https:\/\/www.comundi.fr\/mag-des-competences\/wp-json\/wp\/v2\/comments?post=13473"}],"version-history":[{"count":8,"href":"https:\/\/www.comundi.fr\/mag-des-competences\/wp-json\/wp\/v2\/posts\/13473\/revisions"}],"predecessor-version":[{"id":13576,"href":"https:\/\/www.comundi.fr\/mag-des-competences\/wp-json\/wp\/v2\/posts\/13473\/revisions\/13576"}],"wp:featuredmedia":[{"embeddable":true,"href":"https:\/\/www.comundi.fr\/mag-des-competences\/wp-json\/wp\/v2\/media\/13528"}],"wp:attachment":[{"href":"https:\/\/www.comundi.fr\/mag-des-competences\/wp-json\/wp\/v2\/media?parent=13473"}],"wp:term":[{"taxonomy":"category","embeddable":true,"href":"https:\/\/www.comundi.fr\/mag-des-competences\/wp-json\/wp\/v2\/categories?post=13473"}],"curies":[{"name":"wp","href":"https:\/\/api.w.org\/{rel}","templated":true}]}}