{"id":13467,"date":"2025-03-04T08:50:00","date_gmt":"2025-03-04T07:50:00","guid":{"rendered":"https:\/\/www.comundi.fr\/mag-des-competences\/?p=13467"},"modified":"2025-03-03T22:44:05","modified_gmt":"2025-03-03T21:44:05","slug":"duree-rupture-cinq-choses-cruciales-a-savoir-sur-la-periode-dessai","status":"publish","type":"post","link":"https:\/\/www.comundi.fr\/mag-des-competences\/duree-rupture-cinq-choses-cruciales-a-savoir-sur-la-periode-dessai\/","title":{"rendered":"Dur\u00e9e, rupture\u2026 Cinq choses cruciales \u00e0 savoir sur la p\u00e9riode d&rsquo;essai"},"content":{"rendered":"\n<p>Avant d&rsquo;entrer en poste, pouvez-vous n\u00e9gocier la dur\u00e9e de la p\u00e9riode d&rsquo;essai&nbsp;? Demander \u00e0 votre futur employeur de ne pas en effectuer&nbsp;? En poste, avez-vous le droit de la rompre n&rsquo;importe quand&nbsp;? Une juriste r\u00e9pond.<\/p>\n\n\n\n<p>La p\u00e9riode d&rsquo;essai permet \u00e0 l&#8217;employeur d&rsquo;\u00e9valuer les comp\u00e9tences d&rsquo;un salari\u00e9 nouvellement recrut\u00e9 et \u00e0 ce dernier de d\u00e9terminer si le poste lui convient. Qu&rsquo;il embauche en CDD ou en CDI, le recruteur peut, s&rsquo;il le souhaite, d\u00e9cider d&rsquo;entamer le contrat avec une p\u00e9riode d&rsquo;essai. Voil\u00e0 ce que les salari\u00e9s doivent dans ce cas savoir.<\/p>\n\n\n\n<h2><strong>Combien de temps peut-elle durer&nbsp;?<\/strong><\/h2>\n\n\n\n<p>La dur\u00e9e de la p\u00e9riode d&rsquo;essai varie en fonction du statut du salari\u00e9 et du type de contrat. Chez les cadres en CDI par exemple, elle est de maximum quatre mois, contre un mois en CDD. La convention collective ou le contrat de travail peuvent pr\u00e9voir des dur\u00e9es plus courtes. Durant ce laps de temps, le salari\u00e9 per\u00e7oit la m\u00eame r\u00e9mun\u00e9ration que celle qu&rsquo;il percevra une fois cette p\u00e9riode \u00e9coul\u00e9e.<\/p>\n\n\n\n<p>Si c&rsquo;est stipul\u00e9 dans le contrat, autoris\u00e9 par la convention collective et que le salari\u00e9 l&rsquo;accepte, la p\u00e9riode d&rsquo;essai peut \u00eatre renouvel\u00e9e une fois dans le cadre d&rsquo;un CDI. Les cadres peuvent ainsi passer, au maximum, huit mois en p\u00e9riode d&rsquo;essai. En revanche, pour les CDD, aucun renouvellement n&rsquo;est possible.<\/p>\n\n\n\n<h2><strong>Peut-on n\u00e9gocier sa dur\u00e9e&nbsp;?<\/strong><\/h2>\n\n\n\n<p>\u00ab&nbsp;La p\u00e9riode d&rsquo;essai est effectivement un \u00e9l\u00e9ment n\u00e9gociable&nbsp;\u00bb, indique Marion Led\u00e9an-Durel, juriste en droit priv\u00e9. Evidemment, certains contextes et march\u00e9s se pr\u00eatent plus \u00e0 la n\u00e9gociation que d&rsquo;autres. \u00ab&nbsp;Si vous \u00eates d\u00e9bauch\u00e9 et que votre nouvel employeur souhaite que vous fassiez une p\u00e9riode d&rsquo;essai, vous \u00eates en position de force et pouvez essayer de le convaincre de ne pas en faire ou d&rsquo;en r\u00e9duire la dur\u00e9e&nbsp;\u00bb&nbsp;\u00bb, poursuit l&rsquo;autrice du livre \u00ab&nbsp;Les R\u00e8gles du jeu au travail&nbsp;\u00bb (paru le 13&nbsp;janvier aux \u00e9ditions De Boeck Sup\u00e9rieur). A l&rsquo;inverse, un profil qui \u00e9volue sur un march\u00e9 o\u00f9 la concurrence est rude entre candidats a moins de marge de manoeuvre pour n\u00e9gocier.<\/p>\n\n\n\n<p>En revanche, impossible pour ceux qui voudraient avoir plus de temps avant de s&rsquo;engager de n\u00e9gocier des p\u00e9riodes d&rsquo;essai plus longues que celles pr\u00e9vues par la loi.<\/p>\n\n\n\n<h2><strong>En tant que salari\u00e9, pouvez-vous l&rsquo;arr\u00eater en cours de route&nbsp;?<\/strong><\/h2>\n\n\n\n<p>Pendant la p\u00e9riode d&rsquo;essai, le salari\u00e9 peut rompre son contrat \u00e0 tout moment, sans avoir \u00e0 fournir d&rsquo;explication. S&rsquo;il n&rsquo;y a pas de r\u00e8gle qui impose une mani\u00e8re d&rsquo;annoncer son d\u00e9part, il vaut mieux le faire par \u00e9crit, pour \u00e9viter tout litige. Par exemple, par le biais d&rsquo;une lettre recommand\u00e9e avec avis de r\u00e9ception ou remise en mains propres contre d\u00e9charge.<\/p>\n\n\n\n<p>En revanche, le salari\u00e9 doit respecter un certain d\u00e9lai entre l&rsquo;annonce de sa rupture de contrat et son d\u00e9part. S&rsquo;il est rest\u00e9 moins de huit jours dans l&rsquo;entreprise, il peut s&rsquo;absenter 24&nbsp;heures apr\u00e8s avoir pr\u00e9venu. S&rsquo;il est rest\u00e9 plus de huit jours, il devra attendre 48&nbsp;heures. Pr\u00e9cision&nbsp;: \u00ab&nbsp;Le d\u00e9lai est exprim\u00e9 en &lsquo;jours calendaires&rsquo;, c&rsquo;est-\u00e0-dire tous les jours de la semaine, dimanches et jours f\u00e9ri\u00e9s compris, de sorte que si le salari\u00e9 informe l&#8217;employeur de sa rupture le vendredi, qu&rsquo;il travaille ou non le week-end, il n&rsquo;aura pas \u00e0 revenir le lundi pour effectuer son d\u00e9lai de pr\u00e9venance, il aura \u00e9t\u00e9 effectu\u00e9 pendant le week-end&nbsp;!&nbsp;\u00bb fait savoir Marion Led\u00e9an-Durel.<\/p>\n\n\n\n<p>En principe, le salari\u00e9 qui rompt sa p\u00e9riode d&rsquo;essai n&rsquo;a pas droit aux allocations ch\u00f4mage ensuite, sauf si sa d\u00e9mission est consid\u00e9r\u00e9e comme l\u00e9gitime par&nbsp;<a href=\"https:\/\/www.lesechos.fr\/economie-france\/social\/reforme-france-travail-tout-lenjeu-va-etre-de-proposer-a-chaque-demandeur-demploi-une-offre-de-services-adaptee-2140165\">France Travail<\/a>&nbsp;(par exemple pour suivre son conjoint qui change de lieu de r\u00e9sidence pour exercer un nouvel emploi salari\u00e9, ou s&rsquo;il quitte un emploi repris juste apr\u00e8s avoir perdu involontairement son pr\u00e9c\u00e9dent travail). \u00ab&nbsp;Dans certains cas, il peut aussi b\u00e9n\u00e9ficier d&rsquo;allocations s&rsquo;il en percevait avant la p\u00e9riode d&rsquo;essai et qu&rsquo;il met fin \u00e0 celle-ci avant 65 jours de travail&nbsp;\u00bb, pr\u00e9cise Marion Led\u00e9an-Durel.<\/p>\n\n\n\n<h2><strong>Votre employeur peut-il mettre fin \u00e0 la p\u00e9riode d&rsquo;essai \u00e0 tout moment&nbsp;?<\/strong><\/h2>\n\n\n\n<p>L&#8217;employeur peut \u00e9galement mettre fin \u00e0 la p\u00e9riode d&rsquo;essai en cours de route ou \u00e0 la fin, sans avoir \u00e0 expliquer pourquoi. Lui aussi doit respecter certains d\u00e9lais entre l&rsquo;annonce et le d\u00e9part. Par exemple, si le salari\u00e9 a pass\u00e9 entre un et trois mois dans l&rsquo;entreprise, son employeur devra le pr\u00e9venir deux semaines avant son d\u00e9part. Apr\u00e8s trois mois d&rsquo;anciennet\u00e9, le salari\u00e9 doit \u00eatre inform\u00e9 de son d\u00e9part au moins un mois \u00e0 l&rsquo;avance.<\/p>\n\n\n\n<p>La rupture doit \u00eatre li\u00e9e \u00e0 ses comp\u00e9tences. Si le collaborateur est convaincu que son employeur cesse la p\u00e9riode d&rsquo;essai pour d&rsquo;autres raisons (par exemple un motif discriminatoire), il peut saisir le conseil des prud&rsquo;hommes.<\/p>\n\n\n\n<p>\u00ab&nbsp;Si l&#8217;employeur est \u00e0 l&rsquo;initiative de la rupture, le salari\u00e9 peut toucher des allocations ch\u00f4mage sous certaines conditions, car sur le principe, toute personne priv\u00e9e &lsquo;involontairement&rsquo; d&rsquo;un emploi peut b\u00e9n\u00e9ficier du ch\u00f4mage. Sous conditions, car il faut avoir travaill\u00e9 un certain nombre de jours pour y pr\u00e9tendre (au moins 65 jours ou 455&nbsp;heures et sous conditions en&nbsp;2024)&nbsp;\u00bb, fait savoir Marion Led\u00e9an-Durel.<\/p>\n\n\n\n<p>En revanche, si \u00e0 l&rsquo;issue de la p\u00e9riode d&rsquo;essai, salari\u00e9 et employeur sont d&rsquo;accord pour poursuivre le contrat, cela se fait automatiquement.<\/p>\n\n\n\n<h2><strong>Si vous \u00e9tiez d\u00e9j\u00e0 dans l&rsquo;entreprise, l&#8217;employeur peut-il changer votre contrat et vous ajouter une p\u00e9riode d&rsquo;essai&nbsp;?<\/strong><\/h2>\n\n\n\n<p>Apr\u00e8s un stage, une alternance, ou un CDD, les employeurs peuvent proposer un nouveau contrat \u00e0 leurs salari\u00e9s, sous une autre forme. Ont-ils le droit d&rsquo;ajouter une p\u00e9riode d&rsquo;essai, alors m\u00eame qu&rsquo;ils ont d\u00e9j\u00e0 exerc\u00e9 avec le salari\u00e9&nbsp;? \u00ab&nbsp;Dans la mesure o\u00f9 la p\u00e9riode d&rsquo;essai doit permettre de tester les comp\u00e9tences du salari\u00e9 c\u00f4t\u00e9 employeur, il y a plusieurs situations possibles. Tout d\u00e9pend du statut du salari\u00e9 et de si les activit\u00e9s qui seront exerc\u00e9es sont les m\u00eames que celles qui lui avaient \u00e9t\u00e9 confi\u00e9es avant&nbsp;\u00bb, d\u00e9veloppe Marion Led\u00e9an.<\/p>\n\n\n\n<p>Si un salari\u00e9 passe de CDD \u00e0 CDI, la dur\u00e9e du CDD doit \u00eatre d\u00e9duite de la dur\u00e9e de la p\u00e9riode d&rsquo;essai possible en CDI. M\u00eame chose pour un stagiaire qui serait embauch\u00e9 au m\u00eame poste que celui qu&rsquo;il occupait, dans la foul\u00e9e de son stage.<\/p>\n\n\n\n<p><strong>Chlo\u00e9 Marriault<\/strong><\/p>\n","protected":false},"excerpt":{"rendered":"<p>Avant d&rsquo;entrer en poste, pouvez-vous n\u00e9gocier la dur\u00e9e de la p\u00e9riode d&rsquo;essai&nbsp;? Demander \u00e0 votre futur employeur de ne pas en effectuer&nbsp;? En poste, avez-vous le droit de la rompre n&rsquo;importe quand&nbsp;? Une juriste r\u00e9pond. La p\u00e9riode d&rsquo;essai permet \u00e0 l&#8217;employeur d&rsquo;\u00e9valuer les comp\u00e9tences d&rsquo;un salari\u00e9 nouvellement recrut\u00e9 et \u00e0 ce dernier de d\u00e9terminer si [&hellip;]<\/p>\n","protected":false},"author":6,"featured_media":13470,"comment_status":"open","ping_status":"open","sticky":false,"template":"","format":"standard","meta":{"_mi_skip_tracking":false},"categories":[200],"yoast_head":"<!-- This site is optimized with the Yoast SEO plugin v16.1 - https:\/\/yoast.com\/wordpress\/plugins\/seo\/ -->\n<title>Dur\u00e9e, rupture\u2026 Cinq choses cruciales \u00e0 savoir sur la p\u00e9riode d&#039;essai - Mag des comp\u00e9tences - Comundi<\/title>\n<meta name=\"robots\" content=\"noindex, follow\" \/>\n<meta property=\"og:locale\" content=\"fr_FR\" \/>\n<meta property=\"og:type\" content=\"article\" \/>\n<meta property=\"og:title\" content=\"Dur\u00e9e, rupture\u2026 Cinq choses cruciales \u00e0 savoir sur la p\u00e9riode d&#039;essai - Mag des comp\u00e9tences - Comundi\" \/>\n<meta property=\"og:description\" content=\"Avant d&rsquo;entrer en poste, pouvez-vous n\u00e9gocier la dur\u00e9e de la p\u00e9riode d&rsquo;essai&nbsp;? Demander \u00e0 votre futur employeur de ne pas en effectuer&nbsp;? En poste, avez-vous le droit de la rompre n&rsquo;importe quand&nbsp;? Une juriste r\u00e9pond. La p\u00e9riode d&rsquo;essai permet \u00e0 l&#8217;employeur d&rsquo;\u00e9valuer les comp\u00e9tences d&rsquo;un salari\u00e9 nouvellement recrut\u00e9 et \u00e0 ce dernier de d\u00e9terminer si [&hellip;]\" \/>\n<meta property=\"og:url\" content=\"https:\/\/www.comundi.fr\/mag-des-competences\/duree-rupture-cinq-choses-cruciales-a-savoir-sur-la-periode-dessai\/\" \/>\n<meta property=\"og:site_name\" content=\"Mag des comp\u00e9tences - Comundi\" \/>\n<meta property=\"article:publisher\" content=\"https:\/\/www.facebook.com\/Comundi\/?fref=ts\" \/>\n<meta property=\"article:published_time\" content=\"2025-03-04T07:50:00+00:00\" \/>\n<meta property=\"article:modified_time\" content=\"2025-03-03T21:44:05+00:00\" \/>\n<meta property=\"og:image\" content=\"https:\/\/www.comundi.fr\/mag-des-competences\/wp-content\/uploads\/2025\/03\/La-periode-dessai.jpg\" \/>\n\t<meta property=\"og:image:width\" content=\"1200\" \/>\n\t<meta property=\"og:image:height\" content=\"675\" \/>\n<meta name=\"twitter:card\" content=\"summary_large_image\" \/>\n<meta name=\"twitter:creator\" content=\"@ComundiActu\" \/>\n<meta name=\"twitter:site\" content=\"@ComundiActu\" \/>\n<meta name=\"twitter:label1\" content=\"Dur\u00e9e de lecture est.\">\n\t<meta name=\"twitter:data1\" content=\"5 minutes\">\n<script type=\"application\/ld+json\" class=\"yoast-schema-graph\">{\"@context\":\"https:\/\/schema.org\",\"@graph\":[{\"@type\":\"Organization\",\"@id\":\"https:\/\/www.comundi.fr\/mag-des-competences\/#organization\",\"name\":\"Comundi\",\"url\":\"https:\/\/www.comundi.fr\/mag-des-competences\/\",\"sameAs\":[\"https:\/\/www.facebook.com\/Comundi\/?fref=ts\",\"https:\/\/www.linkedin.com\/company\/comundi\/\",\"https:\/\/www.youtube.com\/user\/ComundiFormations\",\"https:\/\/twitter.com\/ComundiActu\"],\"logo\":{\"@type\":\"ImageObject\",\"@id\":\"https:\/\/www.comundi.fr\/mag-des-competences\/#logo\",\"inLanguage\":\"fr-FR\",\"url\":\"https:\/\/www.comundi.fr\/mag-des-competences\/wp-content\/uploads\/2018\/01\/comundi.png\",\"contentUrl\":\"https:\/\/www.comundi.fr\/mag-des-competences\/wp-content\/uploads\/2018\/01\/comundi.png\",\"width\":300,\"height\":300,\"caption\":\"Comundi\"},\"image\":{\"@id\":\"https:\/\/www.comundi.fr\/mag-des-competences\/#logo\"}},{\"@type\":\"WebSite\",\"@id\":\"https:\/\/www.comundi.fr\/mag-des-competences\/#website\",\"url\":\"https:\/\/www.comundi.fr\/mag-des-competences\/\",\"name\":\"Mag des comp\\u00e9tences - Comundi\",\"description\":\"Le magazine des m\\u00e9tiers de demain\",\"publisher\":{\"@id\":\"https:\/\/www.comundi.fr\/mag-des-competences\/#organization\"},\"potentialAction\":[{\"@type\":\"SearchAction\",\"target\":\"https:\/\/www.comundi.fr\/mag-des-competences\/?s={search_term_string}\",\"query-input\":\"required name=search_term_string\"}],\"inLanguage\":\"fr-FR\"},{\"@type\":\"ImageObject\",\"@id\":\"https:\/\/www.comundi.fr\/mag-des-competences\/duree-rupture-cinq-choses-cruciales-a-savoir-sur-la-periode-dessai\/#primaryimage\",\"inLanguage\":\"fr-FR\",\"url\":\"https:\/\/www.comundi.fr\/mag-des-competences\/wp-content\/uploads\/2025\/03\/La-periode-dessai.jpg\",\"contentUrl\":\"https:\/\/www.comundi.fr\/mag-des-competences\/wp-content\/uploads\/2025\/03\/La-periode-dessai.jpg\",\"width\":1200,\"height\":675,\"caption\":\"La p\\u00e9riode d'essai\"},{\"@type\":\"WebPage\",\"@id\":\"https:\/\/www.comundi.fr\/mag-des-competences\/duree-rupture-cinq-choses-cruciales-a-savoir-sur-la-periode-dessai\/#webpage\",\"url\":\"https:\/\/www.comundi.fr\/mag-des-competences\/duree-rupture-cinq-choses-cruciales-a-savoir-sur-la-periode-dessai\/\",\"name\":\"Dur\\u00e9e, rupture\\u2026 Cinq choses cruciales \\u00e0 savoir sur la p\\u00e9riode d'essai - Mag des comp\\u00e9tences - Comundi\",\"isPartOf\":{\"@id\":\"https:\/\/www.comundi.fr\/mag-des-competences\/#website\"},\"primaryImageOfPage\":{\"@id\":\"https:\/\/www.comundi.fr\/mag-des-competences\/duree-rupture-cinq-choses-cruciales-a-savoir-sur-la-periode-dessai\/#primaryimage\"},\"datePublished\":\"2025-03-04T07:50:00+00:00\",\"dateModified\":\"2025-03-03T21:44:05+00:00\",\"breadcrumb\":{\"@id\":\"https:\/\/www.comundi.fr\/mag-des-competences\/duree-rupture-cinq-choses-cruciales-a-savoir-sur-la-periode-dessai\/#breadcrumb\"},\"inLanguage\":\"fr-FR\",\"potentialAction\":[{\"@type\":\"ReadAction\",\"target\":[\"https:\/\/www.comundi.fr\/mag-des-competences\/duree-rupture-cinq-choses-cruciales-a-savoir-sur-la-periode-dessai\/\"]}]},{\"@type\":\"BreadcrumbList\",\"@id\":\"https:\/\/www.comundi.fr\/mag-des-competences\/duree-rupture-cinq-choses-cruciales-a-savoir-sur-la-periode-dessai\/#breadcrumb\",\"itemListElement\":[{\"@type\":\"ListItem\",\"position\":1,\"item\":{\"@type\":\"WebPage\",\"@id\":\"https:\/\/www.comundi.fr\/mag-des-competences\/\",\"url\":\"https:\/\/www.comundi.fr\/mag-des-competences\/\",\"name\":\"Accueil\"}},{\"@type\":\"ListItem\",\"position\":2,\"item\":{\"@type\":\"WebPage\",\"@id\":\"https:\/\/www.comundi.fr\/mag-des-competences\/duree-rupture-cinq-choses-cruciales-a-savoir-sur-la-periode-dessai\/\",\"url\":\"https:\/\/www.comundi.fr\/mag-des-competences\/duree-rupture-cinq-choses-cruciales-a-savoir-sur-la-periode-dessai\/\",\"name\":\"Dur\\u00e9e, rupture\\u2026 Cinq choses cruciales \\u00e0 savoir sur la p\\u00e9riode d&rsquo;essai\"}}]},{\"@type\":\"Article\",\"@id\":\"https:\/\/www.comundi.fr\/mag-des-competences\/duree-rupture-cinq-choses-cruciales-a-savoir-sur-la-periode-dessai\/#article\",\"isPartOf\":{\"@id\":\"https:\/\/www.comundi.fr\/mag-des-competences\/duree-rupture-cinq-choses-cruciales-a-savoir-sur-la-periode-dessai\/#webpage\"},\"author\":{\"@id\":\"https:\/\/www.comundi.fr\/mag-des-competences\/#\/schema\/person\/96b8f219e4cddee126473c6fbcc0e089\"},\"headline\":\"Dur\\u00e9e, rupture\\u2026 Cinq choses cruciales \\u00e0 savoir sur la p\\u00e9riode d&rsquo;essai\",\"datePublished\":\"2025-03-04T07:50:00+00:00\",\"dateModified\":\"2025-03-03T21:44:05+00:00\",\"mainEntityOfPage\":{\"@id\":\"https:\/\/www.comundi.fr\/mag-des-competences\/duree-rupture-cinq-choses-cruciales-a-savoir-sur-la-periode-dessai\/#webpage\"},\"commentCount\":0,\"publisher\":{\"@id\":\"https:\/\/www.comundi.fr\/mag-des-competences\/#organization\"},\"image\":{\"@id\":\"https:\/\/www.comundi.fr\/mag-des-competences\/duree-rupture-cinq-choses-cruciales-a-savoir-sur-la-periode-dessai\/#primaryimage\"},\"articleSection\":\"Ressources humaines\",\"inLanguage\":\"fr-FR\",\"potentialAction\":[{\"@type\":\"CommentAction\",\"name\":\"Comment\",\"target\":[\"https:\/\/www.comundi.fr\/mag-des-competences\/duree-rupture-cinq-choses-cruciales-a-savoir-sur-la-periode-dessai\/#respond\"]}]},{\"@type\":\"Person\",\"@id\":\"https:\/\/www.comundi.fr\/mag-des-competences\/#\/schema\/person\/96b8f219e4cddee126473c6fbcc0e089\",\"name\":\"Les Echos\",\"image\":{\"@type\":\"ImageObject\",\"@id\":\"https:\/\/www.comundi.fr\/mag-des-competences\/#personlogo\",\"inLanguage\":\"fr-FR\",\"url\":\"https:\/\/secure.gravatar.com\/avatar\/041d1b3114ce5dce17eaefa721d4ed06?s=96&d=mm&r=g\",\"contentUrl\":\"https:\/\/secure.gravatar.com\/avatar\/041d1b3114ce5dce17eaefa721d4ed06?s=96&d=mm&r=g\",\"caption\":\"Les Echos\"}}]}<\/script>\n<!-- \/ Yoast SEO plugin. -->","amp_enabled":true,"_links":{"self":[{"href":"https:\/\/www.comundi.fr\/mag-des-competences\/wp-json\/wp\/v2\/posts\/13467"}],"collection":[{"href":"https:\/\/www.comundi.fr\/mag-des-competences\/wp-json\/wp\/v2\/posts"}],"about":[{"href":"https:\/\/www.comundi.fr\/mag-des-competences\/wp-json\/wp\/v2\/types\/post"}],"author":[{"embeddable":true,"href":"https:\/\/www.comundi.fr\/mag-des-competences\/wp-json\/wp\/v2\/users\/6"}],"replies":[{"embeddable":true,"href":"https:\/\/www.comundi.fr\/mag-des-competences\/wp-json\/wp\/v2\/comments?post=13467"}],"version-history":[{"count":1,"href":"https:\/\/www.comundi.fr\/mag-des-competences\/wp-json\/wp\/v2\/posts\/13467\/revisions"}],"predecessor-version":[{"id":13471,"href":"https:\/\/www.comundi.fr\/mag-des-competences\/wp-json\/wp\/v2\/posts\/13467\/revisions\/13471"}],"wp:featuredmedia":[{"embeddable":true,"href":"https:\/\/www.comundi.fr\/mag-des-competences\/wp-json\/wp\/v2\/media\/13470"}],"wp:attachment":[{"href":"https:\/\/www.comundi.fr\/mag-des-competences\/wp-json\/wp\/v2\/media?parent=13467"}],"wp:term":[{"taxonomy":"category","embeddable":true,"href":"https:\/\/www.comundi.fr\/mag-des-competences\/wp-json\/wp\/v2\/categories?post=13467"}],"curies":[{"name":"wp","href":"https:\/\/api.w.org\/{rel}","templated":true}]}}