{"id":13419,"date":"2025-02-21T16:51:01","date_gmt":"2025-02-21T15:51:01","guid":{"rendered":"https:\/\/www.comundi.fr\/mag-des-competences\/?p=13419"},"modified":"2026-01-12T15:51:18","modified_gmt":"2026-01-12T14:51:18","slug":"les-grands-piliers-du-management-organiser-son-temps-efficacement","status":"publish","type":"post","link":"https:\/\/www.comundi.fr\/mag-des-competences\/les-grands-piliers-du-management-organiser-son-temps-efficacement\/","title":{"rendered":"Les grands piliers du management :  organiser son temps efficacement."},"content":{"rendered":"\n<p>La gestion du temps est particuli\u00e8rement importante pour les managers et les dirigeants d\u2019entreprise. Dans ce contexte, les enjeux sont de plusieurs ordres : maximiser la productivit\u00e9, \u00e9viter les erreurs et atteindre les objectifs fix\u00e9s. De plus en plus, les entreprises d\u00e9laissent le management traditionnel au profit d\u2019une approche \u00e0 la fois efficace et b\u00e9n\u00e9fique. Quels sont <strong>les<\/strong><a href=\"https:\/\/www.comundi.fr\/formations\/formation-gerer-son-temps-et-ses-priorites-sans-stress.html\"><strong> grands piliers du management<\/strong> <\/a>aujourd&rsquo;hui ?&nbsp;<\/p>\n\n\n\n<p><\/p>\n\n\n\n<h2>Les grands piliers d&rsquo;une organisation efficace<\/h2>\n\n\n\n<p>\u00c0 travers ses diff\u00e9rentes fonctions, le management&nbsp;facilite la gestion de l\u2019entreprise en \u00e9vitant la perte de temps&nbsp;et les incoh\u00e9rences dans le partage d\u2019informations. Il est possible d\u2019appr\u00e9hender un management&nbsp;efficace en quatre temps&nbsp;: planification, organisation,&nbsp;direction et contr\u00f4le.<\/p>\n\n\n\n<h3>La planification : la d\u00e9finition des objectifs<\/h3>\n\n\n\n<p>La planification consiste \u00e0 d\u00e9finir les objectifs&nbsp;vis\u00e9s dans le cadre d\u2019un projet&nbsp;ou d\u2019une activit\u00e9 professionnelle, qui&nbsp;doivent \u00eatre mat\u00e9rialis\u00e9s par la fixation de p\u00e9riodes et de deadlines. Pour y arriver, les managers&nbsp;doivent pouvoir \u00e9valuer et hi\u00e9rarchiser les activit\u00e9s \u00e0 mener. <a href=\"https:\/\/www.comundi.fr\/mag-des-competences\/exercices-pratiques-pour-ameliorer-votre-gestion-du-temps-et-des-priorites\/\">Il s\u2019agit, par exemple, de d\u00e9finir les t\u00e2ches imp\u00e9ratives, prioritaires ou urgentes.<\/a> Ils doivent \u00e9galement acqu\u00e9rir une excellente ma\u00eetrise de la gestion du temps.&nbsp;Cette gestion se fonde des principes cl\u00e9s: d\u00e9cider, s\u2019adapter, n\u00e9gocier et coordonner. La mise en \u0153uvre de ces \u00e9l\u00e9ments permet de structurer efficacement son planning&nbsp;et celui de ses collaborateurs.<\/p>\n\n\n\n<h3>La coordination des ressources<\/h3>\n\n\n\n<p>Le deuxi\u00e8me grand pilier consiste \u00e0 coordonner les ressources&nbsp;en r\u00e9partissant les t\u00e2ches de mani\u00e8re optimale. Le manager&nbsp;doit veiller \u00e0 ce que les salari\u00e9s plac\u00e9es sous sa responsabilit\u00e9 b\u00e9n\u00e9ficient de toutes les ressources&nbsp;mat\u00e9rielles qui leur sont n\u00e9cessaires. Il doit aussi \u00e9viter certains \u00e9cueils comme la sous-exploitation ou le fait de surcharger certains collaborateurs.<\/p>\n\n\n\n<h3>La direction : la conduite du projet<\/h3>\n\n\n\n<p>La conduite d\u2019un projet\u00a0repose en grande partie sur la capacit\u00e9 du manager\u00a0\u00e0 motiver, superviser et guider les \u00e9quipes\u00a0dont il a la charge. En assurant une <a href=\"https:\/\/www.comundi.fr\/formations\/formation-communication-leadership.html\">communication efficiente<\/a>, il s\u2019assure que les informations sont parfaitement transmises, comprises et accept\u00e9es par tous les collaborateurs. \u00c0 ce niveau, il\u00a0doit savoir analyser les attentes et les contraintes de ses \u00e9quipes. Il doit aussi s\u2019approprier les techniques et les comp\u00e9tences permettant de g\u00e9rer et de pr\u00e9venir les tensions dans le contexte professionnel.<\/p>\n\n\n\n<h3>Le contr\u00f4le : l\u2019\u00e9valuation des r\u00e9sultats<\/h3>\n\n\n\n<p>Le dernier pilier consiste \u00e0 analyser les r\u00e9sultats en se basant sur plusieurs facteurs. Il s\u2019agit, par exemple, des performances des collaborateurs, de la pertinence des outils et de la qualit\u00e9 du travail abattu. Ces diff\u00e9rents crit\u00e8res lui permettent de confronter les r\u00e9sultats aux objectifs pr\u00e9alablement fix\u00e9s.&nbsp;<\/p>\n\n\n\n<h2>Les grands piliers du management&nbsp;vs. approches traditionnelles<\/h2>\n\n\n\n<p>Le management&nbsp;traditionnel se fonde sur une structuration verticale qui se d\u00e9ploie suivant plusieurs strates. Dans ce cas,&nbsp;il s\u2019observe une multiplication des niveaux hi\u00e9rarchiques ainsi qu\u2019un leadership autoritaire. Il existe rarement un manager&nbsp;au sens moderne, mais plut\u00f4t un sup\u00e9rieur hi\u00e9rarchique qui prend les d\u00e9cisions et transmet ses directives aux employ\u00e9s. Ces derniers ne sont pas invit\u00e9s \u00e0 prendre des initiatives, ni \u00e0 \u00e9mettre leur avis. En clair, ils se contentent simplement d\u2019appliquer les consignes re\u00e7ues.<\/p>\n\n\n\n<p>En comparaison avec cette approche traditionnelle, le management&nbsp;moderne fait participer l\u2019ensemble des collaborateurs aux t\u00e2ches \u00e0 r\u00e9aliser. Les employ\u00e9s sont alors au c\u0153ur du fonctionnement de l\u2019entreprise. Il s&rsquo;agit de cr\u00e9er une relation de confiance entre les d\u00e9cideurs et les employ\u00e9s, en favorisant une meilleure collaboration entre les individus et le d\u00e9veloppement d&rsquo;une intelligence collective permettant d&rsquo;optimiser le travail&nbsp;d&rsquo;\u00e9quipe.<\/p>\n\n\n\n<h2>Impacts et b\u00e9n\u00e9fices des grands piliers du management<\/h2>\n\n\n\n<p>En \u00e9tant plus adaptable, le management&nbsp;moderne recherche constamment de nouvelles opportunit\u00e9s et s\u2019efforce de r\u00e9pondre aux besoins des employ\u00e9s. Ces grands <strong>piliers du management&nbsp;<\/strong>misent, entre autres, sur l\u2019authenticit\u00e9 et la compr\u00e9hension. Le manager&nbsp;peut ainsi concilier les objectifs&nbsp;de l\u2019entreprise avec ceux des collaborateurs. Somme toute, les employ\u00e9s se sentent directement impliqu\u00e9s dans la gestion de l\u2019entreprise. Par cons\u00e9quent, leur productivit\u00e9 est d\u00e9cupl\u00e9e, les m\u00e9thodes de gestion \u00e9tant ax\u00e9es sur la dynamique et les performances de groupe.<\/p>\n\n\n\n<p>En appliquant <strong>ces grands principes du management<\/strong>, les d\u00e9cideurs contribuent, d\u2019une part, au renforcement de la communication en milieu professionnel, d\u2019autre part, \u00e0 la cr\u00e9ation d&rsquo;un sentiment d\u2019appartenance chez les salari\u00e9s. Ainsi, cette m\u00e9thode encourage la cr\u00e9ativit\u00e9 et optimise la productivit\u00e9.<\/p>\n\n\n\n<p><\/p>\n\n\n\n<h2>Int\u00e9gration du bien-\u00eatre au travail<\/h2>\n\n\n\n<p>Toutes les soci\u00e9t\u00e9s misent aujourd\u2019hui sur le bien-\u00eatre de leurs employ\u00e9s. Dans ce contexte, plusieurs facteurs sont \u00e0 consid\u00e9rer. Ils sont g\u00e9n\u00e9ralement d\u2019ordre physique, psychologique, \u00e9motionnel et psychosocial. <strong>Les grands piliers du management<\/strong> contribuent, dans une large mesure, \u00e0 l\u2019am\u00e9lioration du bien-\u00eatre des salari\u00e9s. Aussi, utiliser  la planification et l\u2019organisation permettent de g\u00e9rer l&rsquo;ex\u00e9cution des t\u00e2ches avec efficacit\u00e9. Cela participe \u00e0 <a href=\"https:\/\/www.comundi.fr\/mag-des-competences\/yoga-tai-chi-shiatsu-quelle-pratique-pour-mieux-gerer-son-stress-au-travail\/\">\u00e9viter le stress <\/a>et les situations alarmantes pouvant \u00eatre \u00e0 la source d&rsquo;un burn-out.<\/p>\n\n\n\n<p>De m\u00eame, pendant la conduite des projets, le manager&nbsp;est capable de d\u00e9ployer diverses techniques pour identifier les signes de tension entre les collaborateurs. Il pourra alors pr\u00e9venir, r\u00e9soudre ou transformer cette tension en \u00e9nergie productive. Enfin, lorsqu&rsquo;il ma\u00eetrise les m\u00e9thodes d&rsquo;\u00e9valuation des r\u00e9sultats, le manager&nbsp;d\u00e9veloppe aussi de bonnes attitudes pour maintenir ou favoriser l\u2019entente entre les employ\u00e9s.<\/p>\n\n\n\n<h2>Nouvelle perspective : Le r\u00f4le du manager&nbsp;dans les organisations&nbsp;paradoxantes<\/h2>\n\n\n\n<p>Le r\u00f4le du manager&nbsp;semble aujourd\u2019hui s\u2019accompagner de paradoxes. Cela se rapporte surtout \u00e0 la complexit\u00e9 des environnements professionnels&nbsp;et aux possibles contradictions entre le management&nbsp;moderne et le besoin de contr\u00f4le du d\u00e9cideur. <a href=\"https:\/\/www.comundi.fr\/mag-des-competences\/un-bon-manager-est-un-manager-qui-fait-evoluer-ses-equipes\/\">En effet, ce dernier souhaite avoir des collaborateurs autonomes et responsables, mais souhaite \u00e9galement rester le seul r\u00e9f\u00e9rent au sein de l\u2019entreprise<\/a>.<br><br>Des situations paradoxantes peuvent alors appara\u00eetre avec, d\u2019un c\u00f4t\u00e9, le manager&nbsp;qui s\u2019appuie sur ses connaissances et les fonctions intrins\u00e8ques \u00e0 son statut, et de l\u2019autre, des salari\u00e9s de plus en plus ind\u00e9pendants qui n\u2019ont plus besoin qu\u2019on leur tienne la main. Dans toutes les hypoth\u00e8ses, il sera n\u00e9cessaire d\u2019envisager un ajustement. Cela implique de d\u00e9velopper de nouvelles comp\u00e9tences manag\u00e9riales. Le manager&nbsp;accepte de se remettre en question et de travailler suffisamment sa confiance en lui pour modifier ou ajuster son rapport au pouvoir et \u00e0 ses coll\u00e8gues.<\/p>\n\n\n\n<p><strong>Les grands piliers du management<\/strong> contribuent \u00e0 moderniser le milieu professionnel actuel. En d\u00e9cidant de les appliquer, les managers peuvent sensiblement am\u00e9liorer l\u2019organisation du travail, tout en instaurant un climat serein et propice \u00e0 la cr\u00e9ativit\u00e9.<\/p>\n","protected":false},"excerpt":{"rendered":"<p>La gestion du temps est particuli\u00e8rement importante pour les managers et les dirigeants d\u2019entreprise. Dans ce contexte, les enjeux sont de plusieurs ordres : maximiser la productivit\u00e9, \u00e9viter les erreurs et atteindre les objectifs fix\u00e9s. De plus en plus, les entreprises d\u00e9laissent le management traditionnel au profit d\u2019une approche \u00e0 la fois efficace et b\u00e9n\u00e9fique. [&hellip;]<\/p>\n","protected":false},"author":8,"featured_media":13420,"comment_status":"open","ping_status":"open","sticky":false,"template":"","format":"standard","meta":{"_mi_skip_tracking":false},"categories":[184,174],"yoast_head":"<!-- This site is optimized with the Yoast SEO plugin v16.1 - https:\/\/yoast.com\/wordpress\/plugins\/seo\/ -->\n<title>Les grands piliers du management : organiser son temps efficacement. - Mag des comp\u00e9tences - Comundi<\/title>\n<meta name=\"description\" content=\"D\u00e9couvrez les grands piliers du management pour organiser votre temps de mani\u00e8re efficace. Apprenez \u00e0 distinguer entre l&#039;urgent et l&#039;important, \u00e0 \u00e9tablir des priorit\u00e9s et \u00e0 optimiser votre emploi du temps pour maximiser votre productivit\u00e9. Cette page explore en profondeur les concepts cl\u00e9s de cette m\u00e9thode et propose des conseils pratiques pour les appliquer dans votre vie professionnelle.\" \/>\n<meta name=\"robots\" content=\"index, follow, max-snippet:-1, max-image-preview:large, max-video-preview:-1\" \/>\n<link rel=\"canonical\" href=\"https:\/\/www.comundi.fr\/mag-des-competences\/les-grands-piliers-du-management-organiser-son-temps-efficacement\/\" \/>\n<meta property=\"og:locale\" content=\"fr_FR\" \/>\n<meta property=\"og:type\" content=\"article\" \/>\n<meta property=\"og:title\" content=\"Les grands piliers du management : organiser son temps efficacement. - Mag des comp\u00e9tences - Comundi\" \/>\n<meta property=\"og:description\" content=\"D\u00e9couvrez les grands piliers du management pour organiser votre temps de mani\u00e8re efficace. Apprenez \u00e0 distinguer entre l&#039;urgent et l&#039;important, \u00e0 \u00e9tablir des priorit\u00e9s et \u00e0 optimiser votre emploi du temps pour maximiser votre productivit\u00e9. Cette page explore en profondeur les concepts cl\u00e9s de cette m\u00e9thode et propose des conseils pratiques pour les appliquer dans votre vie professionnelle.\" \/>\n<meta property=\"og:url\" content=\"https:\/\/www.comundi.fr\/mag-des-competences\/les-grands-piliers-du-management-organiser-son-temps-efficacement\/\" \/>\n<meta property=\"og:site_name\" content=\"Mag des comp\u00e9tences - Comundi\" \/>\n<meta property=\"article:publisher\" content=\"https:\/\/www.facebook.com\/Comundi\/?fref=ts\" \/>\n<meta property=\"article:published_time\" content=\"2025-02-21T15:51:01+00:00\" \/>\n<meta property=\"article:modified_time\" content=\"2026-01-12T14:51:18+00:00\" \/>\n<meta property=\"og:image\" content=\"https:\/\/www.comundi.fr\/mag-des-competences\/wp-content\/uploads\/2025\/02\/les-grands-piliers-du-management.jpg\" \/>\n\t<meta property=\"og:image:width\" content=\"1200\" \/>\n\t<meta property=\"og:image:height\" content=\"675\" \/>\n<meta name=\"twitter:card\" content=\"summary_large_image\" \/>\n<meta name=\"twitter:creator\" content=\"@ComundiActu\" \/>\n<meta name=\"twitter:site\" content=\"@ComundiActu\" \/>\n<meta name=\"twitter:label1\" content=\"Dur\u00e9e de lecture est.\">\n\t<meta name=\"twitter:data1\" content=\"5 minutes\">\n<script type=\"application\/ld+json\" class=\"yoast-schema-graph\">{\"@context\":\"https:\/\/schema.org\",\"@graph\":[{\"@type\":\"Organization\",\"@id\":\"https:\/\/www.comundi.fr\/mag-des-competences\/#organization\",\"name\":\"Comundi\",\"url\":\"https:\/\/www.comundi.fr\/mag-des-competences\/\",\"sameAs\":[\"https:\/\/www.facebook.com\/Comundi\/?fref=ts\",\"https:\/\/www.linkedin.com\/company\/comundi\/\",\"https:\/\/www.youtube.com\/user\/ComundiFormations\",\"https:\/\/twitter.com\/ComundiActu\"],\"logo\":{\"@type\":\"ImageObject\",\"@id\":\"https:\/\/www.comundi.fr\/mag-des-competences\/#logo\",\"inLanguage\":\"fr-FR\",\"url\":\"https:\/\/www.comundi.fr\/mag-des-competences\/wp-content\/uploads\/2018\/01\/comundi.png\",\"contentUrl\":\"https:\/\/www.comundi.fr\/mag-des-competences\/wp-content\/uploads\/2018\/01\/comundi.png\",\"width\":300,\"height\":300,\"caption\":\"Comundi\"},\"image\":{\"@id\":\"https:\/\/www.comundi.fr\/mag-des-competences\/#logo\"}},{\"@type\":\"WebSite\",\"@id\":\"https:\/\/www.comundi.fr\/mag-des-competences\/#website\",\"url\":\"https:\/\/www.comundi.fr\/mag-des-competences\/\",\"name\":\"Mag des comp\\u00e9tences - Comundi\",\"description\":\"Le magazine des m\\u00e9tiers de demain\",\"publisher\":{\"@id\":\"https:\/\/www.comundi.fr\/mag-des-competences\/#organization\"},\"potentialAction\":[{\"@type\":\"SearchAction\",\"target\":\"https:\/\/www.comundi.fr\/mag-des-competences\/?s={search_term_string}\",\"query-input\":\"required name=search_term_string\"}],\"inLanguage\":\"fr-FR\"},{\"@type\":\"ImageObject\",\"@id\":\"https:\/\/www.comundi.fr\/mag-des-competences\/les-grands-piliers-du-management-organiser-son-temps-efficacement\/#primaryimage\",\"inLanguage\":\"fr-FR\",\"url\":\"https:\/\/www.comundi.fr\/mag-des-competences\/wp-content\/uploads\/2025\/02\/les-grands-piliers-du-management.jpg\",\"contentUrl\":\"https:\/\/www.comundi.fr\/mag-des-competences\/wp-content\/uploads\/2025\/02\/les-grands-piliers-du-management.jpg\",\"width\":1200,\"height\":675,\"caption\":\"Management\"},{\"@type\":\"WebPage\",\"@id\":\"https:\/\/www.comundi.fr\/mag-des-competences\/les-grands-piliers-du-management-organiser-son-temps-efficacement\/#webpage\",\"url\":\"https:\/\/www.comundi.fr\/mag-des-competences\/les-grands-piliers-du-management-organiser-son-temps-efficacement\/\",\"name\":\"Les grands piliers du management : organiser son temps efficacement. - Mag des comp\\u00e9tences - Comundi\",\"isPartOf\":{\"@id\":\"https:\/\/www.comundi.fr\/mag-des-competences\/#website\"},\"primaryImageOfPage\":{\"@id\":\"https:\/\/www.comundi.fr\/mag-des-competences\/les-grands-piliers-du-management-organiser-son-temps-efficacement\/#primaryimage\"},\"datePublished\":\"2025-02-21T15:51:01+00:00\",\"dateModified\":\"2026-01-12T14:51:18+00:00\",\"description\":\"D\\u00e9couvrez les grands piliers du management pour organiser votre temps de mani\\u00e8re efficace. Apprenez \\u00e0 distinguer entre l'urgent et l'important, \\u00e0 \\u00e9tablir des priorit\\u00e9s et \\u00e0 optimiser votre emploi du temps pour maximiser votre productivit\\u00e9. Cette page explore en profondeur les concepts cl\\u00e9s de cette m\\u00e9thode et propose des conseils pratiques pour les appliquer dans votre vie professionnelle.\",\"breadcrumb\":{\"@id\":\"https:\/\/www.comundi.fr\/mag-des-competences\/les-grands-piliers-du-management-organiser-son-temps-efficacement\/#breadcrumb\"},\"inLanguage\":\"fr-FR\",\"potentialAction\":[{\"@type\":\"ReadAction\",\"target\":[\"https:\/\/www.comundi.fr\/mag-des-competences\/les-grands-piliers-du-management-organiser-son-temps-efficacement\/\"]}]},{\"@type\":\"BreadcrumbList\",\"@id\":\"https:\/\/www.comundi.fr\/mag-des-competences\/les-grands-piliers-du-management-organiser-son-temps-efficacement\/#breadcrumb\",\"itemListElement\":[{\"@type\":\"ListItem\",\"position\":1,\"item\":{\"@type\":\"WebPage\",\"@id\":\"https:\/\/www.comundi.fr\/mag-des-competences\/\",\"url\":\"https:\/\/www.comundi.fr\/mag-des-competences\/\",\"name\":\"Accueil\"}},{\"@type\":\"ListItem\",\"position\":2,\"item\":{\"@type\":\"WebPage\",\"@id\":\"https:\/\/www.comundi.fr\/mag-des-competences\/les-grands-piliers-du-management-organiser-son-temps-efficacement\/\",\"url\":\"https:\/\/www.comundi.fr\/mag-des-competences\/les-grands-piliers-du-management-organiser-son-temps-efficacement\/\",\"name\":\"Les grands piliers du management : organiser son temps efficacement.\"}}]},{\"@type\":\"Article\",\"@id\":\"https:\/\/www.comundi.fr\/mag-des-competences\/les-grands-piliers-du-management-organiser-son-temps-efficacement\/#article\",\"isPartOf\":{\"@id\":\"https:\/\/www.comundi.fr\/mag-des-competences\/les-grands-piliers-du-management-organiser-son-temps-efficacement\/#webpage\"},\"author\":{\"@id\":\"https:\/\/www.comundi.fr\/mag-des-competences\/#\/schema\/person\/d08f5c2cf9de6fcfd33c30314745578e\"},\"headline\":\"Les grands piliers du management : organiser son temps efficacement.\",\"datePublished\":\"2025-02-21T15:51:01+00:00\",\"dateModified\":\"2026-01-12T14:51:18+00:00\",\"mainEntityOfPage\":{\"@id\":\"https:\/\/www.comundi.fr\/mag-des-competences\/les-grands-piliers-du-management-organiser-son-temps-efficacement\/#webpage\"},\"commentCount\":0,\"publisher\":{\"@id\":\"https:\/\/www.comundi.fr\/mag-des-competences\/#organization\"},\"image\":{\"@id\":\"https:\/\/www.comundi.fr\/mag-des-competences\/les-grands-piliers-du-management-organiser-son-temps-efficacement\/#primaryimage\"},\"articleSection\":\"management,Management - D\\u00e9veloppement Personnel - Efficacit\\u00e9 professionnelle\",\"inLanguage\":\"fr-FR\",\"potentialAction\":[{\"@type\":\"CommentAction\",\"name\":\"Comment\",\"target\":[\"https:\/\/www.comundi.fr\/mag-des-competences\/les-grands-piliers-du-management-organiser-son-temps-efficacement\/#respond\"]}]},{\"@type\":\"Person\",\"@id\":\"https:\/\/www.comundi.fr\/mag-des-competences\/#\/schema\/person\/d08f5c2cf9de6fcfd33c30314745578e\",\"name\":\"Comundi\",\"image\":{\"@type\":\"ImageObject\",\"@id\":\"https:\/\/www.comundi.fr\/mag-des-competences\/#personlogo\",\"inLanguage\":\"fr-FR\",\"url\":\"https:\/\/secure.gravatar.com\/avatar\/da2835ae7b2c1279e8e897d242f4cda6?s=96&d=mm&r=g\",\"contentUrl\":\"https:\/\/secure.gravatar.com\/avatar\/da2835ae7b2c1279e8e897d242f4cda6?s=96&d=mm&r=g\",\"caption\":\"Comundi\"}}]}<\/script>\n<!-- \/ Yoast SEO plugin. -->","amp_enabled":true,"_links":{"self":[{"href":"https:\/\/www.comundi.fr\/mag-des-competences\/wp-json\/wp\/v2\/posts\/13419"}],"collection":[{"href":"https:\/\/www.comundi.fr\/mag-des-competences\/wp-json\/wp\/v2\/posts"}],"about":[{"href":"https:\/\/www.comundi.fr\/mag-des-competences\/wp-json\/wp\/v2\/types\/post"}],"author":[{"embeddable":true,"href":"https:\/\/www.comundi.fr\/mag-des-competences\/wp-json\/wp\/v2\/users\/8"}],"replies":[{"embeddable":true,"href":"https:\/\/www.comundi.fr\/mag-des-competences\/wp-json\/wp\/v2\/comments?post=13419"}],"version-history":[{"count":3,"href":"https:\/\/www.comundi.fr\/mag-des-competences\/wp-json\/wp\/v2\/posts\/13419\/revisions"}],"predecessor-version":[{"id":14793,"href":"https:\/\/www.comundi.fr\/mag-des-competences\/wp-json\/wp\/v2\/posts\/13419\/revisions\/14793"}],"wp:featuredmedia":[{"embeddable":true,"href":"https:\/\/www.comundi.fr\/mag-des-competences\/wp-json\/wp\/v2\/media\/13420"}],"wp:attachment":[{"href":"https:\/\/www.comundi.fr\/mag-des-competences\/wp-json\/wp\/v2\/media?parent=13419"}],"wp:term":[{"taxonomy":"category","embeddable":true,"href":"https:\/\/www.comundi.fr\/mag-des-competences\/wp-json\/wp\/v2\/categories?post=13419"}],"curies":[{"name":"wp","href":"https:\/\/api.w.org\/{rel}","templated":true}]}}