{"id":13305,"date":"2025-02-11T08:50:00","date_gmt":"2025-02-11T07:50:00","guid":{"rendered":"https:\/\/www.comundi.fr\/mag-des-competences\/?p=13305"},"modified":"2025-02-11T12:29:28","modified_gmt":"2025-02-11T11:29:28","slug":"cest-trop-de-charge-mentale-pourquoi-le-role-de-manager-ne-fait-plus-rever-tout-le-monde","status":"publish","type":"post","link":"https:\/\/www.comundi.fr\/mag-des-competences\/cest-trop-de-charge-mentale-pourquoi-le-role-de-manager-ne-fait-plus-rever-tout-le-monde\/","title":{"rendered":"\u00ab C&rsquo;est trop de charge mentale \u00bb : pourquoi le r\u00f4le de manager ne fait plus r\u00eaver tout le monde"},"content":{"rendered":"\n<p>Si les jeunes salari\u00e9s assument plus volontiers qu&rsquo;ils pr\u00e9f\u00e8rent \u00e9voluer en expertise plut\u00f4t qu&rsquo;exercer des fonctions manag\u00e9riales, les moins jeunes se d\u00e9tournent aussi de ces postes \u00e0 responsabilit\u00e9. En cause&nbsp;: la difficult\u00e9 de cette fonction, soumise \u00e0 des injonctions contradictoires.<\/p>\n\n\n\n<p><strong>Devenir manager<\/strong>&nbsp;? Non merci. Cette fonction n&rsquo;est plus per\u00e7ue comme le graal ou la seule mani\u00e8re d&rsquo;\u00e9voluer professionnellement. Wissam Badaoui, un salari\u00e9 de 24 ans qui travaille dans l&rsquo;expertise RH, est cat\u00e9gorique&nbsp;: manager \u00ab&nbsp;\u00e7a ne m&rsquo;int\u00e9resse pas du tout&nbsp;\u00bb. \u00ab&nbsp;J<a href=\"https:\/\/www.comundi.fr\/mag-des-competences\/comment-gerer-la-charge-mentale-des-managers\/\">e trouve que c&rsquo;est <strong>trop de charge mentale<\/strong><\/a>, \u00e9norm\u00e9ment de travail qui s&rsquo;ajoute au travail de base, le tout pour une augmentation qui ne compense pas l&rsquo;aspect tr\u00e8s chronophage de cette fonction&nbsp;\u00bb, juge-t-il.<\/p>\n\n\n\n<p>Selon une \u00e9tude de l&rsquo;Apec publi\u00e9e fin&nbsp;2023, un peu plus de la moiti\u00e9 (56&nbsp;%) des cadres de moins de 35 ans souhaitent <strong>devenir manager<\/strong>, un chiffre en recul de sept points sur un an. Et ce ph\u00e9nom\u00e8ne ne concerne pas que les jeunes&nbsp;: tous \u00e2ges confondus, 20&nbsp;% des cadres ne souhaitent pas g\u00e9rer d&rsquo;\u00e9quipe, r\u00e9v\u00e9lait une \u00e9tude OpinionWay pour Indeed publi\u00e9e en&nbsp;2021.<\/p>\n\n\n\n<p>\u00ab&nbsp;Les managers de proximit\u00e9 sont pris entre le marteau et l&rsquo;enclume. Ils doivent g\u00e9rer en permanence tous les sujets du quotidien mais, en plus, \u00eatre humains et compr\u00e9hensifs. Cette fonction n&rsquo;attire plus parce qu&rsquo;elle est per\u00e7ue comme tr\u00e8s risqu\u00e9e, envahissante et mal reconnue&nbsp;\u00bb, tranche Beno\u00eet Serre, le vice-pr\u00e9sident de l&rsquo;<strong>Association nationale des DRH<\/strong> (<strong>ANDRH<\/strong>).<\/p>\n\n\n\n<h2><strong>Solitude et augmentation insuffisante<\/strong><\/h2>\n\n\n\n<p>\u00ab&nbsp;Le manager est toujours un peu \u00e9cartel\u00e9 entre la responsabilit\u00e9 de porter certaines d\u00e9cisions de la direction avec lesquelles il n&rsquo;est pas toujours align\u00e9 et le fait d&rsquo;\u00eatre lui-m\u00eame un collaborateur manag\u00e9. Il peut se sentir seul&nbsp;\u00bb, confirme S\u00e9verine Loureiro, directrice g\u00e9n\u00e9rale du <strong>Lab RH<\/strong>, une association de promotion de l&rsquo;innovation RH.<\/p>\n\n\n\n<p>Bien que le pourcentage puisse varier fortement en fonction de la politique salariale \u00e0 l&rsquo;oeuvre dans l&rsquo;entreprise, les observateurs du secteur estiment qu&rsquo;un collaborateur promu manager peut escompter une augmentation de l&rsquo;ordre de 10&nbsp;%. Une hausse de la r\u00e9mun\u00e9ration qui est per\u00e7ue comme insuffisante face aux difficult\u00e9s de cette fonction.<\/p>\n\n\n\n<blockquote class=\"wp-block-quote\"><p><em>Le probl\u00e8me de cette obsession de faire monter les collaborateurs dans les \u00e9tages c&rsquo;est que vous nommez manager des personnes qui sont tr\u00e8s dou\u00e9es dans leur m\u00e9tier mais qui se r\u00e9v\u00e8lent de mauvais managers<\/em>.<\/p><cite>Beno\u00eet Serre, vice-pr\u00e9sident de l&rsquo;ANDRH<\/cite><\/blockquote>\n\n\n\n<p>Selon une \u00e9tude Apec de&nbsp;2022, 65&nbsp;% des managers ont l&rsquo;impression de faire face \u00e0 une charge de travail insurmontable (contre 47&nbsp;% des non-managers), 62&nbsp;% ressentent un sentiment d&rsquo;\u00e9puisement professionnel et 64&nbsp;% un stress intense.<\/p>\n\n\n\n<p>\u00ab&nbsp;Les collaborateurs observent l&rsquo;\u00e9tat dans lequel sont leurs managers&nbsp;: leur <strong>sant\u00e9 mentale<\/strong> est beaucoup touch\u00e9e, c&rsquo;est chez eux que l&rsquo;absent\u00e9isme pour motifs psychologiques est le plus important&nbsp;\u00bb, explique Christophe Nguyen, psychologue du travail et fondateur du cabinet Empreinte humaine.<\/p>\n\n\n\n<h2><strong>Refuser une promotion, un choix d\u00e9licat<\/strong><\/h2>\n\n\n\n<p>Malgr\u00e9 ce constat, en France, <strong>devenir manager<\/strong> reste souvent la seule mani\u00e8re d&rsquo;\u00e9voluer professionnellement. Et refuser une promotion un choix d\u00e9licat qui peut \u00eatre per\u00e7u comme un manque d&rsquo;ambition. \u00ab&nbsp;Moi, je fais profil bas. Je dis que ce n&rsquo;est pas le moment, que je n&rsquo;ai pas le temps comme j&rsquo;ai une activit\u00e9 d&rsquo;ind\u00e9pendante \u00e0 c\u00f4t\u00e9&nbsp;\u00bb, raconte Ana\u00efs Rostaqi, une jeune conseill\u00e8re client\u00e8le qui a mont\u00e9 une soci\u00e9t\u00e9 sp\u00e9cialis\u00e9e dans la technologie durable en parall\u00e8le de son emploi salari\u00e9, pour \u00e9voluer professionnellement sans<strong> devenir manager<\/strong>.<\/p>\n\n\n\n<p>\u00ab&nbsp;Le probl\u00e8me de cette obsession de faire monter les collaborateurs dans les \u00e9tages, c&rsquo;est que vous nommez manager des personnes qui sont tr\u00e8s dou\u00e9es dans leur m\u00e9tier mais qui se r\u00e9v\u00e8lent de mauvais managers. C&rsquo;est doublement perdant pour l&rsquo;entreprise&nbsp;\u00bb, constate Beno\u00eet Serre.<\/p>\n\n\n\n<p>D&rsquo;autant plus que les <a href=\"https:\/\/www.comundi.fr\/mag-des-competences\/nouveau-manager-les-4-erreurs-a-eviter-apres-sa-prise-de-poste\/\">nouveaux managers ne sont pas toujours form\u00e9s \u00e0 leurs nouvelles fonctions.<\/a> \u00ab&nbsp;Les formations interviennent parfois entre un et deux ans apr\u00e8s la prise de poste&nbsp;\u00bb, observe Aude Boudaud, directrice au sein du cabinet de recrutement Robert Walters. \u00ab&nbsp;S&rsquo;il y a moins de jeunes qui veulent <strong>devenir managers<\/strong>, je pense que c&rsquo;est aussi parce que les entreprises ou les <a href=\"https:\/\/www.comundi.fr\/mag-des-competences\/drh-comment-accompagner-les-managers-a-reussir-dans-leur-role-de-leader\/\">services de ressources humaines ne les outillent pas assez<\/a>&nbsp;\u00bb, estime S\u00e9verine Loureiro, qui a travaill\u00e9 pendant vingt ans dans les ressources humaines.<\/p>\n\n\n\n<p><a href=\"https:\/\/www.lesechos.fr\/travailler-mieux\/salaires\/les-5-erreurs-a-ne-pas-faire-quand-on-demande-une-augmentation-2138684\">La p\u00e9riode des demandes d&rsquo;augmentation<\/a>&nbsp;peut par exemple \u00eatre g\u00e9n\u00e9ratrice de stress pour les managers r\u00e9cemment nomm\u00e9s. Choisir entre le \u00ab&nbsp;saupoudrage&nbsp;\u00bb &#8211; c&rsquo;est-\u00e0-dire donner une petite augmentation \u00e0 tout le monde &#8211; ou r\u00e9tribuer celui qui a le plus perform\u00e9 dans l&rsquo;\u00e9quipe, g\u00e9rer la frustration de ceux qui n&rsquo;ont rien obtenu\u2026 \u00ab&nbsp;Ce sont des d\u00e9cisions difficiles \u00e0 prendre et \u00e0 porter ensuite aupr\u00e8s de l&rsquo;\u00e9quipe. On parle parfois de courage manag\u00e9rial mais il n&rsquo;y a pas de cours \u00e0 l&rsquo;\u00e9cole pour apprendre \u00e0 g\u00e9rer \u00e7a, c&rsquo;est quelque chose d&rsquo;intimidant&nbsp;\u00bb, explique S\u00e9verine Loureiro.<\/p>\n\n\n\n<h2><strong>Les entreprises au d\u00e9fi de r\u00e9inventer la fonction<\/strong><\/h2>\n\n\n\n<p>L&rsquo;expert en ressources humaines Beno\u00eet Serre voit pourtant une \u00e9volution dans ce domaine. \u00ab&nbsp;<a href=\"https:\/\/www.lesechos.fr\/politique-societe\/societe\/grandes-ecoles-le-nouveau-rapport-au-travail-des-jeunes-diplomes-1922005\">Les jeunes ont plus de facilit\u00e9<\/a>&nbsp;que les autres g\u00e9n\u00e9rations \u00e0 dire que \u00e7a ne les int\u00e9resse pas de <strong>devenir manager<\/strong>&nbsp;\u00bb, observe le vice-pr\u00e9sident de l&rsquo;<strong>ANDRH<\/strong>. \u00ab&nbsp;Par contre, ce n&rsquo;est pas pour autant qu&rsquo;ils renoncent \u00e0 l&rsquo;\u00e9volution de leur r\u00e9mun\u00e9ration. Donc c&rsquo;est un d\u00e9fi pour les entreprises d&rsquo;arriver \u00e0 valoriser \u00e0 la m\u00eame hauteur une \u00e9volution dans l&rsquo;expertise ou dans le management&nbsp;\u00bb, explique-t-il.&nbsp;<\/p>\n\n\n\n<p>Reste qu&rsquo;il faut quand m\u00eame aussi recruter des managers, \u00e0 moins qu&rsquo;ils ne soient amen\u00e9s \u00e0 dispara\u00eetre, comme chez Amazon, qui a annonc\u00e9 en septembre vouloir r\u00e9duire les niveaux hi\u00e9rarchiques entre la direction et les employ\u00e9s&nbsp;? Non, temp\u00e8rent les professionnels fran\u00e7ais du secteur. En tant que premiers interlocuteurs des collaborateurs, leur r\u00f4le est m\u00eame essentiel pour&nbsp;<a href=\"https:\/\/www.lesechos.fr\/idees-debats\/leadership-management\/quand-les-crises-successives-obligent-les-managers-a-gerer-les-vulnerabilites-1392864\">d\u00e9tecter les signaux faibles de d\u00e9sengagement<\/a>&nbsp;et ainsi retenir les talents, estime Carlos Fontelas de Carvalho, le pr\u00e9sident France d&rsquo;ADP.<\/p>\n\n\n\n<p>Alors pour am\u00e9liorer l&rsquo;attractivit\u00e9 de la fonction, \u00ab&nbsp;il faudrait leur donner plus d&rsquo;autonomie et all\u00e9ger le plus possible les t\u00e2ches chronophages comme le reporting&nbsp;\u00bb, conseille Beno\u00eet Serre qui esp\u00e8re, qu&rsquo;\u00e0 terme, l&rsquo;intelligence artificielle pourra s&rsquo;occuper de ces comptes rendus pour laisser au manager le temps de faire ce que les robots ne peuvent pas encore remplacer&nbsp;: g\u00e9rer l&rsquo;humain.<\/p>\n\n\n\n<p><strong>Par&nbsp;<\/strong><a href=\"https:\/\/www.lesechos.fr\/@sarah-dumeau\"><strong>Sarah Dumeau<\/strong><\/a><\/p>\n","protected":false},"excerpt":{"rendered":"<p>Si les jeunes salari\u00e9s assument plus volontiers qu&rsquo;ils pr\u00e9f\u00e8rent \u00e9voluer en expertise plut\u00f4t qu&rsquo;exercer des fonctions manag\u00e9riales, les moins jeunes se d\u00e9tournent aussi de ces postes \u00e0 responsabilit\u00e9. En cause&nbsp;: la difficult\u00e9 de cette fonction, soumise \u00e0 des injonctions contradictoires. Devenir manager&nbsp;? Non merci. Cette fonction n&rsquo;est plus per\u00e7ue comme le graal ou la seule [&hellip;]<\/p>\n","protected":false},"author":6,"featured_media":13308,"comment_status":"open","ping_status":"open","sticky":false,"template":"","format":"standard","meta":{"_mi_skip_tracking":false},"categories":[184],"yoast_head":"<!-- This site is optimized with the Yoast SEO plugin v16.1 - https:\/\/yoast.com\/wordpress\/plugins\/seo\/ -->\n<title>\u00ab C&#039;est trop de charge mentale \u00bb : pourquoi le r\u00f4le de manager ne fait plus r\u00eaver tout le monde - Mag des comp\u00e9tences - Comundi<\/title>\n<meta name=\"description\" content=\"Aujourd&#039;hui, de moins en moins de salari\u00e9s souhaitent devenir manager. D\u00e9couvrez dans notre article pourquoi le r\u00f4le de manager n&#039;attire plus.\" \/>\n<meta name=\"robots\" content=\"noindex, follow\" \/>\n<meta property=\"og:locale\" content=\"fr_FR\" \/>\n<meta property=\"og:type\" content=\"article\" \/>\n<meta property=\"og:title\" content=\"\u00ab C&#039;est trop de charge mentale \u00bb : pourquoi le r\u00f4le de manager ne fait plus r\u00eaver tout le monde - Mag des comp\u00e9tences - Comundi\" \/>\n<meta property=\"og:description\" content=\"Aujourd&#039;hui, de moins en moins de salari\u00e9s souhaitent devenir manager. D\u00e9couvrez dans notre article pourquoi le r\u00f4le de manager n&#039;attire plus.\" \/>\n<meta property=\"og:url\" content=\"https:\/\/www.comundi.fr\/mag-des-competences\/cest-trop-de-charge-mentale-pourquoi-le-role-de-manager-ne-fait-plus-rever-tout-le-monde\/\" \/>\n<meta property=\"og:site_name\" content=\"Mag des comp\u00e9tences - Comundi\" \/>\n<meta property=\"article:publisher\" content=\"https:\/\/www.facebook.com\/Comundi\/?fref=ts\" \/>\n<meta property=\"article:published_time\" content=\"2025-02-11T07:50:00+00:00\" \/>\n<meta property=\"article:modified_time\" content=\"2025-02-11T11:29:28+00:00\" \/>\n<meta property=\"og:image\" content=\"https:\/\/www.comundi.fr\/mag-des-competences\/wp-content\/uploads\/2025\/02\/Pourquoi-le-role-de-manager-ne-fait-plus-rever-tout-le-monde.jpg\" \/>\n\t<meta property=\"og:image:width\" content=\"1200\" \/>\n\t<meta property=\"og:image:height\" content=\"675\" \/>\n<meta name=\"twitter:card\" content=\"summary_large_image\" \/>\n<meta name=\"twitter:creator\" content=\"@ComundiActu\" \/>\n<meta name=\"twitter:site\" content=\"@ComundiActu\" \/>\n<meta name=\"twitter:label1\" content=\"Dur\u00e9e de lecture est.\">\n\t<meta name=\"twitter:data1\" content=\"5 minutes\">\n<script type=\"application\/ld+json\" class=\"yoast-schema-graph\">{\"@context\":\"https:\/\/schema.org\",\"@graph\":[{\"@type\":\"Organization\",\"@id\":\"https:\/\/www.comundi.fr\/mag-des-competences\/#organization\",\"name\":\"Comundi\",\"url\":\"https:\/\/www.comundi.fr\/mag-des-competences\/\",\"sameAs\":[\"https:\/\/www.facebook.com\/Comundi\/?fref=ts\",\"https:\/\/www.linkedin.com\/company\/comundi\/\",\"https:\/\/www.youtube.com\/user\/ComundiFormations\",\"https:\/\/twitter.com\/ComundiActu\"],\"logo\":{\"@type\":\"ImageObject\",\"@id\":\"https:\/\/www.comundi.fr\/mag-des-competences\/#logo\",\"inLanguage\":\"fr-FR\",\"url\":\"https:\/\/www.comundi.fr\/mag-des-competences\/wp-content\/uploads\/2018\/01\/comundi.png\",\"contentUrl\":\"https:\/\/www.comundi.fr\/mag-des-competences\/wp-content\/uploads\/2018\/01\/comundi.png\",\"width\":300,\"height\":300,\"caption\":\"Comundi\"},\"image\":{\"@id\":\"https:\/\/www.comundi.fr\/mag-des-competences\/#logo\"}},{\"@type\":\"WebSite\",\"@id\":\"https:\/\/www.comundi.fr\/mag-des-competences\/#website\",\"url\":\"https:\/\/www.comundi.fr\/mag-des-competences\/\",\"name\":\"Mag des comp\\u00e9tences - Comundi\",\"description\":\"Le magazine des m\\u00e9tiers de demain\",\"publisher\":{\"@id\":\"https:\/\/www.comundi.fr\/mag-des-competences\/#organization\"},\"potentialAction\":[{\"@type\":\"SearchAction\",\"target\":\"https:\/\/www.comundi.fr\/mag-des-competences\/?s={search_term_string}\",\"query-input\":\"required name=search_term_string\"}],\"inLanguage\":\"fr-FR\"},{\"@type\":\"ImageObject\",\"@id\":\"https:\/\/www.comundi.fr\/mag-des-competences\/cest-trop-de-charge-mentale-pourquoi-le-role-de-manager-ne-fait-plus-rever-tout-le-monde\/#primaryimage\",\"inLanguage\":\"fr-FR\",\"url\":\"https:\/\/www.comundi.fr\/mag-des-competences\/wp-content\/uploads\/2025\/02\/Pourquoi-le-role-de-manager-ne-fait-plus-rever-tout-le-monde.jpg\",\"contentUrl\":\"https:\/\/www.comundi.fr\/mag-des-competences\/wp-content\/uploads\/2025\/02\/Pourquoi-le-role-de-manager-ne-fait-plus-rever-tout-le-monde.jpg\",\"width\":1200,\"height\":675,\"caption\":\"Pourquoi le r\\u00f4le de manager ne fait plus r\\u00eaver tout le monde\"},{\"@type\":\"WebPage\",\"@id\":\"https:\/\/www.comundi.fr\/mag-des-competences\/cest-trop-de-charge-mentale-pourquoi-le-role-de-manager-ne-fait-plus-rever-tout-le-monde\/#webpage\",\"url\":\"https:\/\/www.comundi.fr\/mag-des-competences\/cest-trop-de-charge-mentale-pourquoi-le-role-de-manager-ne-fait-plus-rever-tout-le-monde\/\",\"name\":\"\\u00ab C'est trop de charge mentale \\u00bb : pourquoi le r\\u00f4le de manager ne fait plus r\\u00eaver tout le monde - Mag des comp\\u00e9tences - Comundi\",\"isPartOf\":{\"@id\":\"https:\/\/www.comundi.fr\/mag-des-competences\/#website\"},\"primaryImageOfPage\":{\"@id\":\"https:\/\/www.comundi.fr\/mag-des-competences\/cest-trop-de-charge-mentale-pourquoi-le-role-de-manager-ne-fait-plus-rever-tout-le-monde\/#primaryimage\"},\"datePublished\":\"2025-02-11T07:50:00+00:00\",\"dateModified\":\"2025-02-11T11:29:28+00:00\",\"description\":\"Aujourd'hui, de moins en moins de salari\\u00e9s souhaitent devenir manager. D\\u00e9couvrez dans notre article pourquoi le r\\u00f4le de manager n'attire plus.\",\"breadcrumb\":{\"@id\":\"https:\/\/www.comundi.fr\/mag-des-competences\/cest-trop-de-charge-mentale-pourquoi-le-role-de-manager-ne-fait-plus-rever-tout-le-monde\/#breadcrumb\"},\"inLanguage\":\"fr-FR\",\"potentialAction\":[{\"@type\":\"ReadAction\",\"target\":[\"https:\/\/www.comundi.fr\/mag-des-competences\/cest-trop-de-charge-mentale-pourquoi-le-role-de-manager-ne-fait-plus-rever-tout-le-monde\/\"]}]},{\"@type\":\"BreadcrumbList\",\"@id\":\"https:\/\/www.comundi.fr\/mag-des-competences\/cest-trop-de-charge-mentale-pourquoi-le-role-de-manager-ne-fait-plus-rever-tout-le-monde\/#breadcrumb\",\"itemListElement\":[{\"@type\":\"ListItem\",\"position\":1,\"item\":{\"@type\":\"WebPage\",\"@id\":\"https:\/\/www.comundi.fr\/mag-des-competences\/\",\"url\":\"https:\/\/www.comundi.fr\/mag-des-competences\/\",\"name\":\"Accueil\"}},{\"@type\":\"ListItem\",\"position\":2,\"item\":{\"@type\":\"WebPage\",\"@id\":\"https:\/\/www.comundi.fr\/mag-des-competences\/cest-trop-de-charge-mentale-pourquoi-le-role-de-manager-ne-fait-plus-rever-tout-le-monde\/\",\"url\":\"https:\/\/www.comundi.fr\/mag-des-competences\/cest-trop-de-charge-mentale-pourquoi-le-role-de-manager-ne-fait-plus-rever-tout-le-monde\/\",\"name\":\"\\u00ab C&rsquo;est trop de charge mentale \\u00bb : pourquoi le r\\u00f4le de manager ne fait plus r\\u00eaver tout le monde\"}}]},{\"@type\":\"Article\",\"@id\":\"https:\/\/www.comundi.fr\/mag-des-competences\/cest-trop-de-charge-mentale-pourquoi-le-role-de-manager-ne-fait-plus-rever-tout-le-monde\/#article\",\"isPartOf\":{\"@id\":\"https:\/\/www.comundi.fr\/mag-des-competences\/cest-trop-de-charge-mentale-pourquoi-le-role-de-manager-ne-fait-plus-rever-tout-le-monde\/#webpage\"},\"author\":{\"@id\":\"https:\/\/www.comundi.fr\/mag-des-competences\/#\/schema\/person\/96b8f219e4cddee126473c6fbcc0e089\"},\"headline\":\"\\u00ab C&rsquo;est trop de charge mentale \\u00bb : pourquoi le r\\u00f4le de manager ne fait plus r\\u00eaver tout le monde\",\"datePublished\":\"2025-02-11T07:50:00+00:00\",\"dateModified\":\"2025-02-11T11:29:28+00:00\",\"mainEntityOfPage\":{\"@id\":\"https:\/\/www.comundi.fr\/mag-des-competences\/cest-trop-de-charge-mentale-pourquoi-le-role-de-manager-ne-fait-plus-rever-tout-le-monde\/#webpage\"},\"commentCount\":0,\"publisher\":{\"@id\":\"https:\/\/www.comundi.fr\/mag-des-competences\/#organization\"},\"image\":{\"@id\":\"https:\/\/www.comundi.fr\/mag-des-competences\/cest-trop-de-charge-mentale-pourquoi-le-role-de-manager-ne-fait-plus-rever-tout-le-monde\/#primaryimage\"},\"articleSection\":\"management\",\"inLanguage\":\"fr-FR\",\"potentialAction\":[{\"@type\":\"CommentAction\",\"name\":\"Comment\",\"target\":[\"https:\/\/www.comundi.fr\/mag-des-competences\/cest-trop-de-charge-mentale-pourquoi-le-role-de-manager-ne-fait-plus-rever-tout-le-monde\/#respond\"]}]},{\"@type\":\"Person\",\"@id\":\"https:\/\/www.comundi.fr\/mag-des-competences\/#\/schema\/person\/96b8f219e4cddee126473c6fbcc0e089\",\"name\":\"Les Echos\",\"image\":{\"@type\":\"ImageObject\",\"@id\":\"https:\/\/www.comundi.fr\/mag-des-competences\/#personlogo\",\"inLanguage\":\"fr-FR\",\"url\":\"https:\/\/secure.gravatar.com\/avatar\/041d1b3114ce5dce17eaefa721d4ed06?s=96&d=mm&r=g\",\"contentUrl\":\"https:\/\/secure.gravatar.com\/avatar\/041d1b3114ce5dce17eaefa721d4ed06?s=96&d=mm&r=g\",\"caption\":\"Les Echos\"}}]}<\/script>\n<!-- \/ Yoast SEO plugin. -->","amp_enabled":true,"_links":{"self":[{"href":"https:\/\/www.comundi.fr\/mag-des-competences\/wp-json\/wp\/v2\/posts\/13305"}],"collection":[{"href":"https:\/\/www.comundi.fr\/mag-des-competences\/wp-json\/wp\/v2\/posts"}],"about":[{"href":"https:\/\/www.comundi.fr\/mag-des-competences\/wp-json\/wp\/v2\/types\/post"}],"author":[{"embeddable":true,"href":"https:\/\/www.comundi.fr\/mag-des-competences\/wp-json\/wp\/v2\/users\/6"}],"replies":[{"embeddable":true,"href":"https:\/\/www.comundi.fr\/mag-des-competences\/wp-json\/wp\/v2\/comments?post=13305"}],"version-history":[{"count":3,"href":"https:\/\/www.comundi.fr\/mag-des-competences\/wp-json\/wp\/v2\/posts\/13305\/revisions"}],"predecessor-version":[{"id":13322,"href":"https:\/\/www.comundi.fr\/mag-des-competences\/wp-json\/wp\/v2\/posts\/13305\/revisions\/13322"}],"wp:featuredmedia":[{"embeddable":true,"href":"https:\/\/www.comundi.fr\/mag-des-competences\/wp-json\/wp\/v2\/media\/13308"}],"wp:attachment":[{"href":"https:\/\/www.comundi.fr\/mag-des-competences\/wp-json\/wp\/v2\/media?parent=13305"}],"wp:term":[{"taxonomy":"category","embeddable":true,"href":"https:\/\/www.comundi.fr\/mag-des-competences\/wp-json\/wp\/v2\/categories?post=13305"}],"curies":[{"name":"wp","href":"https:\/\/api.w.org\/{rel}","templated":true}]}}