{"id":13069,"date":"2024-12-03T11:19:01","date_gmt":"2024-12-03T10:19:01","guid":{"rendered":"https:\/\/www.comundi.fr\/mag-des-competences\/?p=13069"},"modified":"2024-12-03T13:24:55","modified_gmt":"2024-12-03T12:24:55","slug":"comment-communiquer-avec-la-generation-z","status":"publish","type":"post","link":"https:\/\/www.comundi.fr\/mag-des-competences\/comment-communiquer-avec-la-generation-z\/","title":{"rendered":"Comment communiquer avec la g\u00e9n\u00e9ration Z ?"},"content":{"rendered":"\n<p>\u00c0 peine sortie de l\u2019universit\u00e9, la g\u00e9n\u00e9ration Z s\u2019impose dans le milieu professionnel et repr\u00e9sente d\u00e9j\u00e0 20 % des effectifs. Il est \u00e9vident que les managers doivent s\u2019adapter \u00e0 ces nouveaux profils en misant sur une communication efficace. La g\u00e9n\u00e9ration Z se distingue de la g\u00e9n\u00e9ration Y par rapport \u00e0 leurs attentes, \u00e0 leurs pr\u00e9occupations et au sens qu\u2019ils donnent au travail. Manager ces jeunes talents peut repr\u00e9senter un v\u00e9ritable challenge pour les dirigeants et les managers.<\/p>\n\n\n\n<p>Comment maintenir une bonne dynamique d\u2019\u00e9quipe et <a href=\"https:\/\/www.comundi.fr\/formations\/formation-integrer-et-manager-les-nouvelles-generations-y-et-z.html\">r\u00e9ussir \u00e0 <strong>manager la g\u00e9n\u00e9ration Z<\/strong> <\/a>en milieu professionnel ? Quel mode de management adopter ?<\/p>\n\n\n\n<h2><strong>Comprendre la g\u00e9n\u00e9ration Z en milieu de travail<\/strong><\/h2>\n\n\n\n<p>En tant que manager, vous \u00eates certainement charg\u00e9 de g\u00e9rer plusieurs \u00e9quipes, ce qui implique d\u2019instaurer une communication qui suscite l\u2019engagement. Par cons\u00e9quent, il serait judicieux de comprendre le profil de vos collaborateurs et de cerner leurs attentes au travail.<\/p>\n\n\n\n<h3><strong>Quelles sont les caract\u00e9ristiques de la g\u00e9n\u00e9ration Z ?<\/strong><\/h3>\n\n\n\n<p>La g\u00e9n\u00e9ration Z n\u2019est pas seulement n\u00e9e avec Internet : elle vit dans un environnement digital et \u00e9volue avec les technologies de son temps et pr\u00e9sente un rapport assez diff\u00e9rent au monde du travail. La complexit\u00e9 actuelle de la soci\u00e9t\u00e9 et l\u2019\u00e9norme impact de la technologie sont autant de facteurs qui influencent le raisonnement des jeunes salari\u00e9s. Ceux-ci se distinguent, entre autres, par leur engagement en faveur de l\u2019\u00e9quit\u00e9 et de la protection environnementale, leurs attentes en mati\u00e8re d\u2019inclusion et de diversit\u00e9 et leur souci d\u2019\u00e9quilibre entre vie priv\u00e9e et carri\u00e8re professionnelle. Plus particuli\u00e8rement, ces jeunes talents ont une vision du travail qui implique la flexibilit\u00e9, la recherche de sens ainsi que le d\u00e9sir d\u2019accomplissement.<\/p>\n\n\n\n<h3><strong>Quelles sont les attentes des jeunes employ\u00e9s en mati\u00e8re de communication ?<\/strong><\/h3>\n\n\n\n<p>Adopter la bonne technique manag\u00e9riale est essentielle pour assurer la bonne organisation du travail et une gestion efficace de vos talents. <a href=\"https:\/\/www.comundi.fr\/mag-des-competences\/manager-faut-il-se-conformer-aux-attentes-de-la-generation-z\/\">Aussi, pour <strong>manager la g\u00e9n\u00e9ration Z<\/strong>, il est important de saisir leurs motivations et leurs pr\u00e9f\u00e9rences en mati\u00e8re de communication.<\/a> En s\u2019adaptant \u00e0 leurs interlocuteurs, les managers peuvent obtenir l\u2019adh\u00e9sion et l\u2019engagement, tout en pr\u00e9servant leur autorit\u00e9. L\u2019objectif consiste ici \u00e0 cr\u00e9er un cadre collaboratif autour des rep\u00e8res et des valeurs communes \u00e0 l\u2019entreprise. Pour ce faire, les managers peuvent miser sur la transparence et le suivi r\u00e9gulier. Bien qu\u2019ils appr\u00e9cient l\u2019autonomie et une certaine ind\u00e9pendance, ces jeunes talents souhaitent obtenir un feedback fr\u00e9quent sur leurs missions. De m\u00eame, ils valorisent les interactions significatives en \u00e9quipe, par exemple, les mini-briefs et les d\u00e9briefings r\u00e9guliers.<\/p>\n\n\n\n<h2><strong>Les strat\u00e9gies de communication adapt\u00e9es pour les managers<\/strong><\/h2>\n\n\n\n<p>La g\u00e9n\u00e9ration Z s\u2019impose dans le paysage professionnel et il est n\u00e9cessaire de s\u2019adapter \u00e0 leurs besoins pour les attirer et les fid\u00e9liser. <a href=\"https:\/\/www.comundi.fr\/mag-des-competences\/manager-la-generation-z-favoriser-une-cooperation-intergenerationnelle-harmonieuse\/\">Pour <strong>manager la g\u00e9n\u00e9ration Z<\/strong>, les responsables misent sur une communication objective et transparente avec des retours constructifs.<\/a><\/p>\n\n\n\n<h3><strong>Adopter une communication ouverte et transparente<\/strong><\/h3>\n\n\n\n<p>Dans une \u00e9quipe, la qualit\u00e9 des \u00e9changes d\u00e9termine la r\u00e9ussite de chaque d\u00e9marche. Il est donc pr\u00e9f\u00e9rable de miser sur la transparence afin d\u2019\u00e9viter les impr\u00e9cisions et les ambigu\u00eft\u00e9s. Les managers peuvent mettre en avant les objectifs de l\u2019\u00e9quipe sans occulter les d\u00e9fis rencontr\u00e9s. Plus ils se sentiront impliqu\u00e9s, plus vos collaborateurs seront engag\u00e9s pour donner le meilleur d\u2019eux-m\u00eames en prenant des initiatives constructives, ce qui favorise notamment la cr\u00e9ativit\u00e9.<\/p>\n\n\n\n<h3><strong>Favoriser le feedback r\u00e9gulier<\/strong><\/h3>\n\n\n\n<p>La culture du feed-back se r\u00e9v\u00e8le efficace pour le manager. Quel que soit votre domaine d\u2019activit\u00e9, n\u2019h\u00e9sitez pas \u00e0 faire des retours \u00e0 vos collaborateurs afin de les encourager ou de les guider. Cette approche strat\u00e9gique encourage les comportements participatifs et une forte reconnaissance du travail accompli. Ces \u00e9changes peuvent se faire id\u00e9alement une fois par semaine. En revanche, il n\u2019est pas n\u00e9cessaire de faire un retour sur une mission qui se serait d\u00e9roul\u00e9e plusieurs semaines auparavant. Par ailleurs, notez que le contenu des feedbacks doit \u00eatre soigneusement travaill\u00e9. En toute hypoth\u00e8se, misez sur des formules authentiques qui suscitent l\u2019engagement et d\u00e9veloppent l\u2019auto-\u00e9valuation objective.<\/p>\n\n\n\n<h2><strong>\u00c9tablir des relations authentiques avec les membres de la g\u00e9n\u00e9ration Z<\/strong><\/h2>\n\n\n\n<p>En dehors de la communication, plusieurs bonnes pratiques peuvent aider \u00e0 <strong>manager la g\u00e9n\u00e9ration Z<\/strong> au travail. En voici quelques-unes.<\/p>\n\n\n\n<h3><strong>Encourager l&rsquo;initiative et l&rsquo;autonomie<\/strong><\/h3>\n\n\n\n<p>Les jeunes professionnels misent \u00e9norm\u00e9ment sur l\u2019autonomie et appr\u00e9cient de pouvoir prendre des initiatives. Soucieux de donner du sens \u00e0 leur travail, ils souhaitent apporter une contribution \u00e0 l\u2019entreprise et veulent \u00eatre impliqu\u00e9s jusque dans l\u2019\u00e9laboration de leur fiche de poste. En tant que manager, donnez-leur la possibilit\u00e9 de prendre part aux d\u00e9cisions et montrez la confiance que vous leur accordez en les laissant g\u00e9rer leur mission en autonomie. Une telle d\u00e9marche contribue \u00e0 renforcer leur engagement et \u00e0 leur souci d\u2019\u00e9panouissement professionnel.<\/p>\n\n\n\n<h3><strong>Cr\u00e9er un environnement de travail inclusif<\/strong><\/h3>\n\n\n\n<p><a href=\"https:\/\/www.comundi.fr\/mag-des-competences\/inclusion-et-handicap-ou-en-sommes-nous\/\">L\u2019inclusion et l\u2019\u00e9quit\u00e9 font partie des valeurs qu\u2019affectionne la jeune g\u00e9n\u00e9ration. <\/a>Les jeunes salari\u00e9s sont ainsi plus port\u00e9s vers les entreprises qui valorisent la diversit\u00e9 et s\u2019engagent en faveur de la suppression des in\u00e9galit\u00e9s. Aussi, vous pouvez miser sur une exposition claire de vos valeurs. Pensez \u00e0 favoriser un recrutement inclusif en \u00e9vitant les questions li\u00e9es aux \u00e9l\u00e9ments subjectifs comme l\u2019\u00e2ge, l\u2019origine, les opinions politiques ou le handicap. Enfin, n\u2019h\u00e9sitez pas \u00e0 former et \u00e0 sensibiliser vos collaborateurs \u00e0 la diversit\u00e9 en g\u00e9n\u00e9ral et plus particuli\u00e8rement en milieu professionnel.<\/p>\n\n\n\n<h2><strong>Quelques erreurs \u00e0 \u00e9viter pour les managers<\/strong><\/h2>\n\n\n\n<p>Bien que pleinement impliqu\u00e9s, les managers peuvent commettre des erreurs en communiquant avec la g\u00e9n\u00e9ration Z. Voici quelques erreurs fr\u00e9quemment observ\u00e9es dans ce contexte :<\/p>\n\n\n\n<p>\u2022 \u00a0 \u00a0sous-estimer le besoin de sens des jeunes collaborateurs : ces derniers sont concern\u00e9s par l\u2019impact de leur travail sur la soci\u00e9t\u00e9. Ils peuvent se sentir d\u00e9sengag\u00e9s lorsqu\u2019ils ne per\u00e7oivent pas un lien direct entre leurs activit\u00e9s et des enjeux beaucoup plus larges. Face \u00e0 cela, les managers peuvent communiquer sur la mission et les valeurs de l\u2019entreprise, tout en impliquant les jeunes dans des projets significatifs ;<\/p>\n\n\n\n<p>\u2022 \u00a0 \u00a0manquer de fournir un feedback fr\u00e9quent et constructif : habitu\u00e9s \u00e0 avoir des retours rapides sur leurs actions (\u00e0 travers les r\u00e9seaux sociaux et les jeux vid\u00e9os, par exemple), les jeunes de la g\u00e9n\u00e9ration Z se sentent exclus par tout syst\u00e8me d\u2019\u00e9valuation annuelle. Les feedbacks r\u00e9guliers leur permettent de rester engag\u00e9s et motiv\u00e9s. Misez, par exemple, sur des sessions informelles (hebdomadaires ou bimensuelles) afin de discuter de leurs performances et progr\u00e8s, ainsi que des d\u00e9fis qu\u2019ils auraient rencontr\u00e9s ;<\/p>\n\n\n\n<p>\u2022 instaurer une communication unidirectionnelle : la communication en entreprise ne devrait plus consister seulement \u00e0 transmettre des directives et \u00e0 \u00e9valuer les missions. Pour <strong>manager la g\u00e9n\u00e9ration Z<\/strong>, il est essentiel de d\u00e9velopper une culture de communication ouverte en cr\u00e9ant un environnement dans lequel vos collaborateurs se sentent suffisamment \u00e0 l\u2019aise pour s\u2019exprimer.<\/p>\n\n\n\n<p><a href=\"https:\/\/www.comundi.fr\/mag-des-competences\/comment-manager-la-generation-z\/\">Pour engager efficacement la g\u00e9n\u00e9ration Z au travail<\/a>, pensez \u00e0 d\u00e9velopper une relation authentique avec vos collaborateurs. Misez \u00e9galement sur des strat\u00e9gies qui favorisent \u00e0 la fois l\u2019inclusion et la communication transparente.<\/p>\n","protected":false},"excerpt":{"rendered":"<p>\u00c0 peine sortie de l\u2019universit\u00e9, la g\u00e9n\u00e9ration Z s\u2019impose dans le milieu professionnel et repr\u00e9sente d\u00e9j\u00e0 20 % des effectifs. Il est \u00e9vident que les managers doivent s\u2019adapter \u00e0 ces nouveaux profils en misant sur une communication efficace. La g\u00e9n\u00e9ration Z se distingue de la g\u00e9n\u00e9ration Y par rapport \u00e0 leurs attentes, \u00e0 leurs pr\u00e9occupations [&hellip;]<\/p>\n","protected":false},"author":8,"featured_media":13070,"comment_status":"open","ping_status":"open","sticky":false,"template":"","format":"standard","meta":{"_mi_skip_tracking":false},"categories":[184],"yoast_head":"<!-- This site is optimized with the Yoast SEO plugin v16.1 - https:\/\/yoast.com\/wordpress\/plugins\/seo\/ -->\n<title>Comment communiquer avec la g\u00e9n\u00e9ration Z ? - Mag des comp\u00e9tences - Comundi<\/title>\n<meta name=\"description\" content=\"Adapter votre strat\u00e9gie de communication pour mieux atteindre et engager la g\u00e9n\u00e9ration Z, en tenant compte de leurs pr\u00e9f\u00e9rences et de leurs habitudes.\" \/>\n<meta name=\"robots\" content=\"index, follow, max-snippet:-1, max-image-preview:large, max-video-preview:-1\" \/>\n<link rel=\"canonical\" href=\"https:\/\/www.comundi.fr\/mag-des-competences\/comment-communiquer-avec-la-generation-z\/\" \/>\n<meta property=\"og:locale\" content=\"fr_FR\" \/>\n<meta property=\"og:type\" content=\"article\" \/>\n<meta property=\"og:title\" content=\"Comment communiquer avec la g\u00e9n\u00e9ration Z ? - Mag des comp\u00e9tences - Comundi\" \/>\n<meta property=\"og:description\" content=\"Adapter votre strat\u00e9gie de communication pour mieux atteindre et engager la g\u00e9n\u00e9ration Z, en tenant compte de leurs pr\u00e9f\u00e9rences et de leurs habitudes.\" \/>\n<meta property=\"og:url\" content=\"https:\/\/www.comundi.fr\/mag-des-competences\/comment-communiquer-avec-la-generation-z\/\" \/>\n<meta property=\"og:site_name\" content=\"Mag des comp\u00e9tences - Comundi\" \/>\n<meta property=\"article:publisher\" content=\"https:\/\/www.facebook.com\/Comundi\/?fref=ts\" \/>\n<meta property=\"article:published_time\" content=\"2024-12-03T10:19:01+00:00\" \/>\n<meta property=\"article:modified_time\" content=\"2024-12-03T12:24:55+00:00\" \/>\n<meta property=\"og:image\" content=\"https:\/\/www.comundi.fr\/mag-des-competences\/wp-content\/uploads\/2024\/12\/Communiquer-avec-les-Millenials.jpg\" \/>\n\t<meta property=\"og:image:width\" content=\"1200\" \/>\n\t<meta property=\"og:image:height\" content=\"675\" \/>\n<meta name=\"twitter:card\" content=\"summary_large_image\" \/>\n<meta name=\"twitter:creator\" content=\"@ComundiActu\" \/>\n<meta name=\"twitter:site\" content=\"@ComundiActu\" \/>\n<meta name=\"twitter:label1\" content=\"Dur\u00e9e de lecture est.\">\n\t<meta name=\"twitter:data1\" content=\"5 minutes\">\n<script type=\"application\/ld+json\" class=\"yoast-schema-graph\">{\"@context\":\"https:\/\/schema.org\",\"@graph\":[{\"@type\":\"Organization\",\"@id\":\"https:\/\/www.comundi.fr\/mag-des-competences\/#organization\",\"name\":\"Comundi\",\"url\":\"https:\/\/www.comundi.fr\/mag-des-competences\/\",\"sameAs\":[\"https:\/\/www.facebook.com\/Comundi\/?fref=ts\",\"https:\/\/www.linkedin.com\/company\/comundi\/\",\"https:\/\/www.youtube.com\/user\/ComundiFormations\",\"https:\/\/twitter.com\/ComundiActu\"],\"logo\":{\"@type\":\"ImageObject\",\"@id\":\"https:\/\/www.comundi.fr\/mag-des-competences\/#logo\",\"inLanguage\":\"fr-FR\",\"url\":\"https:\/\/www.comundi.fr\/mag-des-competences\/wp-content\/uploads\/2018\/01\/comundi.png\",\"contentUrl\":\"https:\/\/www.comundi.fr\/mag-des-competences\/wp-content\/uploads\/2018\/01\/comundi.png\",\"width\":300,\"height\":300,\"caption\":\"Comundi\"},\"image\":{\"@id\":\"https:\/\/www.comundi.fr\/mag-des-competences\/#logo\"}},{\"@type\":\"WebSite\",\"@id\":\"https:\/\/www.comundi.fr\/mag-des-competences\/#website\",\"url\":\"https:\/\/www.comundi.fr\/mag-des-competences\/\",\"name\":\"Mag des comp\\u00e9tences - Comundi\",\"description\":\"Le magazine des m\\u00e9tiers de demain\",\"publisher\":{\"@id\":\"https:\/\/www.comundi.fr\/mag-des-competences\/#organization\"},\"potentialAction\":[{\"@type\":\"SearchAction\",\"target\":\"https:\/\/www.comundi.fr\/mag-des-competences\/?s={search_term_string}\",\"query-input\":\"required name=search_term_string\"}],\"inLanguage\":\"fr-FR\"},{\"@type\":\"ImageObject\",\"@id\":\"https:\/\/www.comundi.fr\/mag-des-competences\/comment-communiquer-avec-la-generation-z\/#primaryimage\",\"inLanguage\":\"fr-FR\",\"url\":\"https:\/\/www.comundi.fr\/mag-des-competences\/wp-content\/uploads\/2024\/12\/Communiquer-avec-les-Millenials.jpg\",\"contentUrl\":\"https:\/\/www.comundi.fr\/mag-des-competences\/wp-content\/uploads\/2024\/12\/Communiquer-avec-les-Millenials.jpg\",\"width\":1200,\"height\":675,\"caption\":\"Communiquer avec les Mill\\u00e9nials\"},{\"@type\":\"WebPage\",\"@id\":\"https:\/\/www.comundi.fr\/mag-des-competences\/comment-communiquer-avec-la-generation-z\/#webpage\",\"url\":\"https:\/\/www.comundi.fr\/mag-des-competences\/comment-communiquer-avec-la-generation-z\/\",\"name\":\"Comment communiquer avec la g\\u00e9n\\u00e9ration Z ? - Mag des comp\\u00e9tences - Comundi\",\"isPartOf\":{\"@id\":\"https:\/\/www.comundi.fr\/mag-des-competences\/#website\"},\"primaryImageOfPage\":{\"@id\":\"https:\/\/www.comundi.fr\/mag-des-competences\/comment-communiquer-avec-la-generation-z\/#primaryimage\"},\"datePublished\":\"2024-12-03T10:19:01+00:00\",\"dateModified\":\"2024-12-03T12:24:55+00:00\",\"description\":\"Adapter votre strat\\u00e9gie de communication pour mieux atteindre et engager la g\\u00e9n\\u00e9ration Z, en tenant compte de leurs pr\\u00e9f\\u00e9rences et de leurs habitudes.\",\"breadcrumb\":{\"@id\":\"https:\/\/www.comundi.fr\/mag-des-competences\/comment-communiquer-avec-la-generation-z\/#breadcrumb\"},\"inLanguage\":\"fr-FR\",\"potentialAction\":[{\"@type\":\"ReadAction\",\"target\":[\"https:\/\/www.comundi.fr\/mag-des-competences\/comment-communiquer-avec-la-generation-z\/\"]}]},{\"@type\":\"BreadcrumbList\",\"@id\":\"https:\/\/www.comundi.fr\/mag-des-competences\/comment-communiquer-avec-la-generation-z\/#breadcrumb\",\"itemListElement\":[{\"@type\":\"ListItem\",\"position\":1,\"item\":{\"@type\":\"WebPage\",\"@id\":\"https:\/\/www.comundi.fr\/mag-des-competences\/\",\"url\":\"https:\/\/www.comundi.fr\/mag-des-competences\/\",\"name\":\"Accueil\"}},{\"@type\":\"ListItem\",\"position\":2,\"item\":{\"@type\":\"WebPage\",\"@id\":\"https:\/\/www.comundi.fr\/mag-des-competences\/comment-communiquer-avec-la-generation-z\/\",\"url\":\"https:\/\/www.comundi.fr\/mag-des-competences\/comment-communiquer-avec-la-generation-z\/\",\"name\":\"Comment communiquer avec la g\\u00e9n\\u00e9ration Z ?\"}}]},{\"@type\":\"Article\",\"@id\":\"https:\/\/www.comundi.fr\/mag-des-competences\/comment-communiquer-avec-la-generation-z\/#article\",\"isPartOf\":{\"@id\":\"https:\/\/www.comundi.fr\/mag-des-competences\/comment-communiquer-avec-la-generation-z\/#webpage\"},\"author\":{\"@id\":\"https:\/\/www.comundi.fr\/mag-des-competences\/#\/schema\/person\/d08f5c2cf9de6fcfd33c30314745578e\"},\"headline\":\"Comment communiquer avec la g\\u00e9n\\u00e9ration Z ?\",\"datePublished\":\"2024-12-03T10:19:01+00:00\",\"dateModified\":\"2024-12-03T12:24:55+00:00\",\"mainEntityOfPage\":{\"@id\":\"https:\/\/www.comundi.fr\/mag-des-competences\/comment-communiquer-avec-la-generation-z\/#webpage\"},\"commentCount\":0,\"publisher\":{\"@id\":\"https:\/\/www.comundi.fr\/mag-des-competences\/#organization\"},\"image\":{\"@id\":\"https:\/\/www.comundi.fr\/mag-des-competences\/comment-communiquer-avec-la-generation-z\/#primaryimage\"},\"articleSection\":\"management\",\"inLanguage\":\"fr-FR\",\"potentialAction\":[{\"@type\":\"CommentAction\",\"name\":\"Comment\",\"target\":[\"https:\/\/www.comundi.fr\/mag-des-competences\/comment-communiquer-avec-la-generation-z\/#respond\"]}]},{\"@type\":\"Person\",\"@id\":\"https:\/\/www.comundi.fr\/mag-des-competences\/#\/schema\/person\/d08f5c2cf9de6fcfd33c30314745578e\",\"name\":\"Comundi\",\"image\":{\"@type\":\"ImageObject\",\"@id\":\"https:\/\/www.comundi.fr\/mag-des-competences\/#personlogo\",\"inLanguage\":\"fr-FR\",\"url\":\"https:\/\/secure.gravatar.com\/avatar\/da2835ae7b2c1279e8e897d242f4cda6?s=96&d=mm&r=g\",\"contentUrl\":\"https:\/\/secure.gravatar.com\/avatar\/da2835ae7b2c1279e8e897d242f4cda6?s=96&d=mm&r=g\",\"caption\":\"Comundi\"}}]}<\/script>\n<!-- \/ Yoast SEO plugin. -->","amp_enabled":true,"_links":{"self":[{"href":"https:\/\/www.comundi.fr\/mag-des-competences\/wp-json\/wp\/v2\/posts\/13069"}],"collection":[{"href":"https:\/\/www.comundi.fr\/mag-des-competences\/wp-json\/wp\/v2\/posts"}],"about":[{"href":"https:\/\/www.comundi.fr\/mag-des-competences\/wp-json\/wp\/v2\/types\/post"}],"author":[{"embeddable":true,"href":"https:\/\/www.comundi.fr\/mag-des-competences\/wp-json\/wp\/v2\/users\/8"}],"replies":[{"embeddable":true,"href":"https:\/\/www.comundi.fr\/mag-des-competences\/wp-json\/wp\/v2\/comments?post=13069"}],"version-history":[{"count":6,"href":"https:\/\/www.comundi.fr\/mag-des-competences\/wp-json\/wp\/v2\/posts\/13069\/revisions"}],"predecessor-version":[{"id":13082,"href":"https:\/\/www.comundi.fr\/mag-des-competences\/wp-json\/wp\/v2\/posts\/13069\/revisions\/13082"}],"wp:featuredmedia":[{"embeddable":true,"href":"https:\/\/www.comundi.fr\/mag-des-competences\/wp-json\/wp\/v2\/media\/13070"}],"wp:attachment":[{"href":"https:\/\/www.comundi.fr\/mag-des-competences\/wp-json\/wp\/v2\/media?parent=13069"}],"wp:term":[{"taxonomy":"category","embeddable":true,"href":"https:\/\/www.comundi.fr\/mag-des-competences\/wp-json\/wp\/v2\/categories?post=13069"}],"curies":[{"name":"wp","href":"https:\/\/api.w.org\/{rel}","templated":true}]}}