{"id":12953,"date":"2024-11-08T08:50:00","date_gmt":"2024-11-08T07:50:00","guid":{"rendered":"https:\/\/www.comundi.fr\/mag-des-competences\/?p=12953"},"modified":"2025-02-20T17:34:29","modified_gmt":"2025-02-20T16:34:29","slug":"les-7-tendances-cles-des-medias-pour-construire-vos-campagnes-2025","status":"publish","type":"post","link":"https:\/\/www.comundi.fr\/mag-des-competences\/les-7-tendances-cles-des-medias-pour-construire-vos-campagnes-2025\/","title":{"rendered":"Les 7 tendances cl\u00e9s des m\u00e9dias pour construire vos campagnes 2025"},"content":{"rendered":"\n<p>L&rsquo;\u00e9volution de la perception du paysage m\u00e9diatique en France offre de nouvelles opportunit\u00e9s pour 2025.<\/p>\n\n\n\n<p>D\u00e9couvrez les 7 tendances cl\u00e9s pour aider les CMO, directeurs d&rsquo;\u00e9tudes, insights et m\u00e9dias \u00e0 optimiser leurs campagnes ! Bas\u00e9 sur le rapport <em>Media Reactions 2024<\/em> de Kantar, cette \u00e9tude annuelle, r\u00e9alis\u00e9e aupr\u00e8s de pr\u00e8s de 18 000 consommateurs dans 27 march\u00e9s et 1 000 marketeurs seniors dans le monde, offre une vision crois\u00e9e : les perceptions des consommateurs vis-\u00e0-vis des canaux et marques m\u00e9dia, et les pr\u00e9f\u00e9rences des experts du marketing. Une ressource indispensable pour ajuster vos strat\u00e9gies et maximiser l&rsquo;impact de vos campagnes.<\/p>\n\n\n\n<div class=\"wp-block-image\"><figure class=\"aligncenter size-large is-resized\"><img loading=\"lazy\" src=\"https:\/\/www.comundi.fr\/mag-des-competences\/wp-content\/uploads\/2024\/11\/Par-Yves-Emery-Department-Director-Media-Creative-Kantar-Insights-France.jpg\" alt=\"Par Yves Emery, Department Director Media &amp; Creative, Kantar Insights France\" class=\"wp-image-12954\" width=\"574\" height=\"384\" srcset=\"https:\/\/www.comundi.fr\/mag-des-competences\/wp-content\/uploads\/2024\/11\/Par-Yves-Emery-Department-Director-Media-Creative-Kantar-Insights-France.jpg 444w, https:\/\/www.comundi.fr\/mag-des-competences\/wp-content\/uploads\/2024\/11\/Par-Yves-Emery-Department-Director-Media-Creative-Kantar-Insights-France-300x201.jpg 300w\" sizes=\"(max-width: 574px) 100vw, 574px\" \/><\/figure><\/div>\n\n\n\n<p class=\"has-text-align-left has-text-color\" style=\"color:#6c7072;font-size:12px\">Par Yves Emery, Department Director Media &amp; Creative, Kantar Insights France<\/p>\n\n\n\n<h2><strong>1 &#8211; Des Fran\u00e7ais globalement moins positifs \u00e0 l\u2019\u00e9gard de la publicit\u00e9 par rapport \u00e0 la moyenne mondiale (27 pays) (tous canaux confondus) et tr\u00e8s sensibles \u00e0 l\u2019intrusivit\u00e9 de la publicit\u00e9<\/strong><\/h2>\n\n\n\n<p>Comme on peut le constater sur le graphique ci-dessous, les Fran\u00e7ais se distinguent en pointant le c\u00f4t\u00e9 r\u00e9p\u00e9titif et intrusif de la publicit\u00e9. Et ils sont moins enclins \u00e0 attribuer des adjectifs positifs \u00e0 la publicit\u00e9, ils sont plus s\u00e9v\u00e8res notamment sur l\u2019aspect qualitatif et innovant des communications auxquels ils sont expos\u00e9s.<\/p>\n\n\n\n<div class=\"wp-block-image\"><figure class=\"aligncenter size-large is-resized\"><img loading=\"lazy\" src=\"https:\/\/www.comundi.fr\/mag-des-competences\/wp-content\/uploads\/2024\/11\/Q.-Selon-vous-lesquels-de-ces-qualificatifs-sappliquent-a-la-publicite.jpg\" alt=\"Qualificatifs qui s'appliquent \u00e0 la publicite\" class=\"wp-image-12955\" width=\"512\" height=\"330\" srcset=\"https:\/\/www.comundi.fr\/mag-des-competences\/wp-content\/uploads\/2024\/11\/Q.-Selon-vous-lesquels-de-ces-qualificatifs-sappliquent-a-la-publicite.jpg 480w, https:\/\/www.comundi.fr\/mag-des-competences\/wp-content\/uploads\/2024\/11\/Q.-Selon-vous-lesquels-de-ces-qualificatifs-sappliquent-a-la-publicite-300x193.jpg 300w, https:\/\/www.comundi.fr\/mag-des-competences\/wp-content\/uploads\/2024\/11\/Q.-Selon-vous-lesquels-de-ces-qualificatifs-sappliquent-a-la-publicite-100x65.jpg 100w\" sizes=\"(max-width: 512px) 100vw, 512px\" \/><\/figure><\/div>\n\n\n\n<p class=\"has-text-color\" style=\"color:#6d7072;font-size:12px\">Q. Selon vous, lesquels de ces qualificatifs s&rsquo;appliquent \u00e0 la publicit\u00e9 ?<\/p>\n\n\n\n<h2><strong>2 &#8211; Les canaux m\u00e9diatiques \u00ab&nbsp;de proximit\u00e9&nbsp;\u00bb sont privil\u00e9gi\u00e9s et le contexte environnant est d\u00e9terminant pour la r\u00e9ceptivit\u00e9<\/strong><\/h2>\n\n\n\n<p>En France, la r\u00e9ceptivit\u00e9 de la publicit\u00e9 est bien meilleure sur les m\u00e9dias traditionnels (comme la presse), que sur les canaux digitaux.<\/p>\n\n\n\n<p>Plus sp\u00e9cifiquement les canaux m\u00e9diatiques pl\u00e9biscit\u00e9s par les consommateurs, sont ceux que nous qualifions \u00ab&nbsp;de proximit\u00e9&nbsp;\u00bb, c\u2019est-\u00e0-dire des m\u00e9dias qui s\u2019exp\u00e9rimentent en personne (cin\u00e9ma, PLV, \u00e9v\u00e9nements sponsoris\u00e9s, OOH) en dehors du foyer.<\/p>\n\n\n\n<div class=\"wp-block-image\"><figure class=\"aligncenter size-large\"><img loading=\"lazy\" width=\"532\" height=\"372\" src=\"https:\/\/www.comundi.fr\/mag-des-competences\/wp-content\/uploads\/2024\/11\/Top-10-de-la-receptivite-publicitaire-des-canaux-media-en-France-1.jpg\" alt=\"Top 10 de la r\u00e9ceptivit\u00e9 publicitaire des canaux m\u00e9dia en France\" class=\"wp-image-12957\" srcset=\"https:\/\/www.comundi.fr\/mag-des-competences\/wp-content\/uploads\/2024\/11\/Top-10-de-la-receptivite-publicitaire-des-canaux-media-en-France-1.jpg 532w, https:\/\/www.comundi.fr\/mag-des-competences\/wp-content\/uploads\/2024\/11\/Top-10-de-la-receptivite-publicitaire-des-canaux-media-en-France-1-300x210.jpg 300w\" sizes=\"(max-width: 532px) 100vw, 532px\" \/><\/figure><\/div>\n\n\n\n<p class=\"has-text-color\" style=\"color:#6a6a6a;font-size:12px\">Top 10 de la r\u00e9ceptivit\u00e9 publicitaire des canaux m\u00e9dia en France<\/p>\n\n\n\n<p>Les podcasts et le contenu des influenceurs sont les seuls canaux en ligne qui obtiennent un capital publicitaire positif. N\u00e9anmoins, certains canaux num\u00e9riques sont moins mal per\u00e7us qu\u2019en 2022, tels que le streaming vid\u00e9o, les podcasts, les newsfeeds sur les r\u00e9seaux sociaux et le streaming musical.<\/p>\n\n\n\n<h2><strong>3 &#8211; Le contexte de visionnage de la publicit\u00e9 joue un r\u00f4le cl\u00e9 dans sa r\u00e9ceptivit\u00e9<\/strong><\/h2>\n\n\n\n<p>En France, parmi les contextes les plus favorables, on retrouve&nbsp;: les films, le sport, les s\u00e9ries et la musique.<\/p>\n\n\n\n<div class=\"wp-block-image\"><figure class=\"aligncenter size-large\"><img loading=\"lazy\" width=\"606\" height=\"189\" src=\"https:\/\/www.comundi.fr\/mag-des-competences\/wp-content\/uploads\/2024\/11\/Top-5-de-la-receptivite-a-la-publicite-en-fonction-du-contenu-environnant.png\" alt=\"Top-5-de-la-receptivite-a-la-publicite-en-fonction-du-contenu-environnant\" class=\"wp-image-12958\" srcset=\"https:\/\/www.comundi.fr\/mag-des-competences\/wp-content\/uploads\/2024\/11\/Top-5-de-la-receptivite-a-la-publicite-en-fonction-du-contenu-environnant.png 606w, https:\/\/www.comundi.fr\/mag-des-competences\/wp-content\/uploads\/2024\/11\/Top-5-de-la-receptivite-a-la-publicite-en-fonction-du-contenu-environnant-300x94.png 300w\" sizes=\"(max-width: 606px) 100vw, 606px\" \/><\/figure><\/div>\n\n\n\n<p class=\"has-text-color\" style=\"color:#676b6d;font-size:12px\">Top 5 de la r\u00e9ceptivit\u00e9 \u00e0 la publicit\u00e9 en fonction du contenu environnant<br>Question : Quel type de contenu environnant vous rend plus positif \u00e0 l&rsquo;\u00e9gard des publicit\u00e9s ?<\/p>\n\n\n\n<h2>4<strong> &#8211; La cr\u00e9ativit\u00e9 publicitaire, que ce soit en termes de ton ou de messages d\u00e9livr\u00e9s n\u2019est pas \u00e0 n\u00e9gliger<\/strong><\/h2>\n\n\n\n<p>Cela peut para\u00eetre \u00e9vident&nbsp;: la qualit\u00e9 du contenu publicitaire favorise sa r\u00e9ceptivit\u00e9. En France, les consommateurs appr\u00e9cient particuli\u00e8rement les publicit\u00e9s dr\u00f4les et\/ou humoristiques, avec un bon choix de musique et un bon storytelling.<\/p>\n\n\n\n<div class=\"wp-block-image\"><figure class=\"aligncenter size-large\"><img loading=\"lazy\" width=\"606\" height=\"190\" src=\"https:\/\/www.comundi.fr\/mag-des-competences\/wp-content\/uploads\/2024\/11\/Top-5-des-caracteristiques-qui-favorisent-la-receptivite-des-publicites.png\" alt=\"Top 5 des caract\u00e9ristiques qui favorisent la r\u00e9ceptivit\u00e9 des publicit\u00e9s\n\" class=\"wp-image-12959\" srcset=\"https:\/\/www.comundi.fr\/mag-des-competences\/wp-content\/uploads\/2024\/11\/Top-5-des-caracteristiques-qui-favorisent-la-receptivite-des-publicites.png 606w, https:\/\/www.comundi.fr\/mag-des-competences\/wp-content\/uploads\/2024\/11\/Top-5-des-caracteristiques-qui-favorisent-la-receptivite-des-publicites-300x94.png 300w\" sizes=\"(max-width: 606px) 100vw, 606px\" \/><\/figure><\/div>\n\n\n\n<p class=\"has-text-color\" style=\"color:#66696a;font-size:12px\">Top 5 des caract\u00e9ristiques qui favorisent la r\u00e9ceptivit\u00e9 des publicit\u00e9s<br>Question : Quel caract\u00e9ristique vous rend plus positif \u00e0 l&rsquo;\u00e9gard des publicit\u00e9s ?<\/p>\n\n\n\n<p>A noter que parmi les crit\u00e8res importants, on retrouve \u00e9galement le message&nbsp;qui doit susciter de l\u2019int\u00e9r\u00eat aupr\u00e8s de l\u2019audience. Aussi, on peut noter que les Fran\u00e7ais valorisent l&rsquo;engagement soci\u00e9tal et les messages durables.<\/p>\n\n\n\n<h2><strong>5 &#8211; Des diff\u00e9rences de perception importantes persistent entre professionnels du marketing et consommateurs<\/strong><\/h2>\n\n\n\n<p>Ces donn\u00e9es soulignent l\u2019importance du \u201cTest and learn\u201d, en digital notamment. Les canaux pr\u00e9f\u00e9r\u00e9s des sp\u00e9cialistes europ\u00e9ens du marketing sont davantage orient\u00e9s vers le num\u00e9rique (OLV, TV et streaming vid\u00e9o, SM stories, contenu des influenceurs), mais ils sont \u00e9galement convaincus de la r\u00e9ceptivit\u00e9 de la publicit\u00e9 pour les canaux traditionnels (\u00e9v\u00e9nements sponsoris\u00e9s, OOH\/DOOH, POS, TV).<\/p>\n\n\n\n<p>Les canaux tels que la t\u00e9l\u00e9vision et le streaming TV, la presse (magazines et journaux), les \u00e9v\u00e9nements sponsoris\u00e9s, la radio et l&rsquo;affichage\/la publicit\u00e9 directe, sont consid\u00e9r\u00e9s par les marketeurs comme s\u00fbrs (dignes de confiance).<\/p>\n\n\n\n<figure class=\"wp-block-image size-large\"><img loading=\"lazy\" width=\"606\" height=\"233\" src=\"https:\/\/www.comundi.fr\/mag-des-competences\/wp-content\/uploads\/2024\/11\/Difference-de-perception-entre-Marketeurs-Europeens-et-consommateurs-francais.jpg\" alt=\"Difference-de-perception-entre-Marketeurs-Europeens-et-consommateurs-francais\" class=\"wp-image-12960\" srcset=\"https:\/\/www.comundi.fr\/mag-des-competences\/wp-content\/uploads\/2024\/11\/Difference-de-perception-entre-Marketeurs-Europeens-et-consommateurs-francais.jpg 606w, https:\/\/www.comundi.fr\/mag-des-competences\/wp-content\/uploads\/2024\/11\/Difference-de-perception-entre-Marketeurs-Europeens-et-consommateurs-francais-300x115.jpg 300w\" sizes=\"(max-width: 606px) 100vw, 606px\" \/><\/figure>\n\n\n\n<p class=\"has-text-color\" style=\"color:#848586;font-size:12px\">Diff\u00e9rence de perception entre Marketeurs (Europ\u00e9ens) et consommateurs fran\u00e7ais,<br>Question : Consommateurs : Comment d\u00e9cririez-vous votre attitude \u00e0 l&rsquo;\u00e9gard de chacun des formats publicitaires suivants ?<br>Question : Professionnels du marketing &#8211; En tant que professionnel du marketing, comment d\u00e9cririez-vous votre attitude \u00e0 l&rsquo;\u00e9gard de chacun des formats publicitaires suivants ?<br>(\u00c9chelle : Tr\u00e8s positive, plut\u00f4t positive, neutre, plut\u00f4t n\u00e9gative, tr\u00e8s n\u00e9gative)<\/p>\n\n\n\n<h2><strong>6 &#8211; Netflix fait une entr\u00e9e remarqu\u00e9e (fracassante dans le classement europ\u00e9en)<\/strong><\/h2>\n\n\n\n<p>Pour les sp\u00e9cialistes du marketing, Instagram et Youtube sont toujours en t\u00eate de la r\u00e9ceptivit\u00e9 publicitaire, parmi les marques mondiales de m\u00e9dias num\u00e9riques. Mais Netflix les rejoint en premi\u00e8re position, tandis que Pinterest affiche une tendance \u00e0 la hausse et X\/Twitter une tendance \u00e0 la baisse. L&rsquo;augmentation des budgets allou\u00e9s en 2025 est principalement pr\u00e9vue pour TikTok, Amazon, Netflix et Youtube.<\/p>\n\n\n\n<div class=\"wp-block-image\"><figure class=\"aligncenter size-large is-resized\"><img loading=\"lazy\" src=\"https:\/\/www.comundi.fr\/mag-des-competences\/wp-content\/uploads\/2024\/11\/Top-5-des-Marques-Media-digitales-en-rang-par-les-Professionnels-europeens.jpg\" alt=\"Top 5 des Marques M\u00e9dia digitales (en rang) par les Professionnels europ\u00e9ens : \nNetflix n\u00b01 (ex-aequo avec IG et YT tr\u00e8s proche)\" class=\"wp-image-12961\" width=\"532\" height=\"238\" srcset=\"https:\/\/www.comundi.fr\/mag-des-competences\/wp-content\/uploads\/2024\/11\/Top-5-des-Marques-Media-digitales-en-rang-par-les-Professionnels-europeens.jpg 606w, https:\/\/www.comundi.fr\/mag-des-competences\/wp-content\/uploads\/2024\/11\/Top-5-des-Marques-Media-digitales-en-rang-par-les-Professionnels-europeens-300x134.jpg 300w\" sizes=\"(max-width: 532px) 100vw, 532px\" \/><\/figure><\/div>\n\n\n\n<p class=\"has-text-color\" style=\"color:#6d6d6d;font-size:12px\">Top 5 des Marques M\u00e9dia digitales (en rang) par les Professionnels europ\u00e9ens :<br>Netflix n\u00b01 (ex-aequo avec IG et YT tr\u00e8s proche)<br>Question : Professionnels du marketing &#8211; En tant que professionnel du marketing, comment d\u00e9cririez-vous votre attitude \u00e0 l&rsquo;\u00e9gard de chacune des plateformes suivantes ?<br>(\u00c9chelle : Tr\u00e8s positive, plut\u00f4t positive, neutre, plut\u00f4t n\u00e9gative, tr\u00e8s n\u00e9gative)<\/p>\n\n\n\n<p>Netflix, nouveau venu dans l&rsquo;\u00e9tude Media Reactions, s\u00e9duit vraiment les sp\u00e9cialistes du marketing qui auront tendance \u00e0 investir davantage sur cette plateforme de streaming \u00e0 l&rsquo;avenir. Les consommateurs ne ressentent pas beaucoup de n\u00e9gativit\u00e9 \u00e0 l&rsquo;\u00e9gard des publicit\u00e9s de Netflix (position moyenne), et parmi les sp\u00e9cialistes du marketing, Netflix est d\u00e9j\u00e0 fort pour attirer l&rsquo;attention (1er rang parmi les marques globales de m\u00e9dias num\u00e9riques) et reconnue pour la forte s\u00e9curit\u00e9 publicitaire qu\u2019elle apporte (1er rang \u00e9galement).<\/p>\n\n\n\n<h2><strong>7 &#8211; En France, les marques media locales sont une v\u00e9ritable opportunit\u00e9 pour les marketeurs<\/strong><\/h2>\n\n\n\n<p>Pour les sp\u00e9cialistes du marketing, il apparait important d\u2019explorer les opportunit\u00e9s des marques m\u00e9dias locales en France, et d\u2019envisager de faire davantage de publicit\u00e9 sur les marques de m\u00e9dias locales en ligne (Cdiscount, Deezer) et hors ligne (sur les marques de m\u00e9dias traditionnels notamment \u00e0 la t\u00e9l\u00e9vision et dans la presse).<\/p>\n\n\n\n<p><strong>Top 10 des marques M\u00e9dia qui offrent la meilleure r\u00e9ceptivit\u00e9 publicitaire (en rang 1 \u00e0 10)<\/strong><\/p>\n\n\n\n<p>Parmi les consommateurs, la r\u00e9ceptivit\u00e9 publicitaire est forte (sup\u00e9rieure \u00e0 la moyenne) pour les marques locales qui sont port\u00e9es par des traits d\u2019image saillants, telles que Cdiscount (digne de confiance et pertinent &amp; utile), Canal+ (diffuseur TV avec une forte capacit\u00e9 \u00e0 capter l&rsquo;attention), Les diff\u00e9rentes familles de presse (magazines, presse quotidienne nationale et r\u00e9gionale qui sont \u00ab pertinentes et utiles \u00bb) et Deezer (musique en streaming).<\/p>\n\n\n\n<p>Parmi les marques mondiales de m\u00e9dias num\u00e9riques, la r\u00e9ceptivit\u00e9 publicitaire est forte pour Twitch (digne de confiance et divertissant\/amusant), Tik Tok (pertinent et divertissant\/amusant), Pinterest et Spotify (innovant).<\/p>\n\n\n\n<div class=\"wp-block-image\"><figure class=\"aligncenter size-large\"><img loading=\"lazy\" width=\"606\" height=\"196\" src=\"https:\/\/www.comundi.fr\/mag-des-competences\/wp-content\/uploads\/2024\/11\/Top-10-des-marques-Media-qui-offrent-la-meilleure-receptivite-publicitaire-en-rang-1-a-10.jpg\" alt=\"Top-10-des-marques-Media-qui-offrent-la-meilleure-receptivite-publicitaire-en-rang-1-a-10\" class=\"wp-image-12962\" srcset=\"https:\/\/www.comundi.fr\/mag-des-competences\/wp-content\/uploads\/2024\/11\/Top-10-des-marques-Media-qui-offrent-la-meilleure-receptivite-publicitaire-en-rang-1-a-10.jpg 606w, https:\/\/www.comundi.fr\/mag-des-competences\/wp-content\/uploads\/2024\/11\/Top-10-des-marques-Media-qui-offrent-la-meilleure-receptivite-publicitaire-en-rang-1-a-10-300x97.jpg 300w\" sizes=\"(max-width: 606px) 100vw, 606px\" \/><\/figure><\/div>\n\n\n\n<p class=\"has-text-color\" style=\"color:#6a6c6d;font-size:12px\">Top 10 des marques M\u00e9dia qui offrent la meilleure r\u00e9ceptivit\u00e9 publicitaire en rang 1 \u00e0 10<\/p>\n\n\n\n<p>Ces <strong>7 tendances <\/strong>mettent en lumi\u00e8re la n\u00e9cessit\u00e9 de tenir compte de vos objectifs et de votre public lorsque vous choisissez des partenaires m\u00e9dias et des formats.<\/p>\n\n\n\n<p>Soyez conscient des points de diff\u00e9renciation de vos partenaires m\u00e9dia. Aucune plateforme publicitaire n&rsquo;est la meilleure r\u00e9ponse pour tous les annonceurs, pas plus qu&rsquo;un format publicitaire unique n&rsquo;est la cl\u00e9 pour tous les publics. Assurez-vous de conna\u00eetre les attentes de votre cible et veillez \u00e0 ce que votre combinaison de m\u00e9dias soit cr\u00e9ativement homog\u00e8ne et int\u00e9gr\u00e9e \u00e0 chaque contexte m\u00e9dia. Tirez pleinement parti des atouts d\u2019image que poss\u00e8dent les plateformes publicitaires que vous utilisez.<\/p>\n\n\n\n<p>Retrouvez&nbsp;<a href=\"https:\/\/www.comundi.fr\/formateurs\/8278-flores-patricia.html\">Patricia Flores&nbsp;<\/a>et&nbsp;<a href=\"https:\/\/www.comundi.fr\/formateurs\/8280-mermet-gerard.html\">G\u00e9rardMermet&nbsp;<\/a>sur la conf\u00e9rence&nbsp;<a href=\"https:\/\/www.comundi.fr\/formations\/conference-d-actualite-tendances-communication.html?utm_source=bi&amp;utm_medium=email&amp;utm_campaign=10297-itw-kantard&amp;utm_content=121124\">Tendances Communication&nbsp;<\/a>mardi 26 novembre 2024 \u00e0 Neuilly sur seine (ou en visio)&nbsp;:<br><\/p>\n\n\n\n<p><strong>\u201cTable ronde : Quelles grandes tendances ou \u00e9volutions soci\u00e9tales, comportementales, \u00e9conomiques, politiques et environnementales auront un impact sur vos strat\u00e9gies de com\u2019 en 2025?\u201d<\/strong><\/p>\n","protected":false},"excerpt":{"rendered":"<p>L&rsquo;\u00e9volution de la perception du paysage m\u00e9diatique en France offre de nouvelles opportunit\u00e9s pour 2025. D\u00e9couvrez les 7 tendances cl\u00e9s pour aider les CMO, directeurs d&rsquo;\u00e9tudes, insights et m\u00e9dias \u00e0 optimiser leurs campagnes ! Bas\u00e9 sur le rapport Media Reactions 2024 de Kantar, cette \u00e9tude annuelle, r\u00e9alis\u00e9e aupr\u00e8s de pr\u00e8s de 18 000 consommateurs dans [&hellip;]<\/p>\n","protected":false},"author":8,"featured_media":12963,"comment_status":"open","ping_status":"open","sticky":false,"template":"","format":"standard","meta":{"_mi_skip_tracking":false},"categories":[187,216],"yoast_head":"<!-- This site is optimized with the Yoast SEO plugin v16.1 - https:\/\/yoast.com\/wordpress\/plugins\/seo\/ -->\n<title>Les 7 tendances cl\u00e9s des m\u00e9dias pour construire vos campagnes 2025 - Mag des comp\u00e9tences - Comundi<\/title>\n<meta name=\"description\" content=\"L&#039;\u00e9volution de la perception du paysage m\u00e9diatique en France offre de nouvelles opportunit\u00e9s pour 2025. D\u00e9couvrez les tendances cl\u00e9s.\" \/>\n<meta name=\"robots\" content=\"index, follow, max-snippet:-1, max-image-preview:large, max-video-preview:-1\" \/>\n<link rel=\"canonical\" href=\"https:\/\/www.comundi.fr\/mag-des-competences\/les-7-tendances-cles-des-medias-pour-construire-vos-campagnes-2025\/\" \/>\n<meta property=\"og:locale\" content=\"fr_FR\" \/>\n<meta property=\"og:type\" content=\"article\" \/>\n<meta property=\"og:title\" content=\"Les 7 tendances cl\u00e9s des m\u00e9dias pour construire vos campagnes 2025 - Mag des comp\u00e9tences - Comundi\" \/>\n<meta property=\"og:description\" content=\"L&#039;\u00e9volution de la perception du paysage m\u00e9diatique en France offre de nouvelles opportunit\u00e9s pour 2025. D\u00e9couvrez les tendances cl\u00e9s.\" \/>\n<meta property=\"og:url\" content=\"https:\/\/www.comundi.fr\/mag-des-competences\/les-7-tendances-cles-des-medias-pour-construire-vos-campagnes-2025\/\" \/>\n<meta property=\"og:site_name\" content=\"Mag des comp\u00e9tences - Comundi\" \/>\n<meta property=\"article:publisher\" content=\"https:\/\/www.facebook.com\/Comundi\/?fref=ts\" \/>\n<meta property=\"article:published_time\" content=\"2024-11-08T07:50:00+00:00\" \/>\n<meta property=\"article:modified_time\" content=\"2025-02-20T16:34:29+00:00\" \/>\n<meta property=\"og:image\" content=\"https:\/\/www.comundi.fr\/mag-des-competences\/wp-content\/uploads\/2024\/11\/Banniere-Kantar-Flores_Mermet.jpg\" \/>\n\t<meta property=\"og:image:width\" content=\"2400\" \/>\n\t<meta property=\"og:image:height\" content=\"1350\" \/>\n<meta name=\"twitter:card\" content=\"summary_large_image\" \/>\n<meta name=\"twitter:creator\" content=\"@ComundiActu\" \/>\n<meta name=\"twitter:site\" content=\"@ComundiActu\" \/>\n<meta name=\"twitter:label1\" content=\"Dur\u00e9e de lecture est.\">\n\t<meta name=\"twitter:data1\" content=\"7 minutes\">\n<script type=\"application\/ld+json\" class=\"yoast-schema-graph\">{\"@context\":\"https:\/\/schema.org\",\"@graph\":[{\"@type\":\"Organization\",\"@id\":\"https:\/\/www.comundi.fr\/mag-des-competences\/#organization\",\"name\":\"Comundi\",\"url\":\"https:\/\/www.comundi.fr\/mag-des-competences\/\",\"sameAs\":[\"https:\/\/www.facebook.com\/Comundi\/?fref=ts\",\"https:\/\/www.linkedin.com\/company\/comundi\/\",\"https:\/\/www.youtube.com\/user\/ComundiFormations\",\"https:\/\/twitter.com\/ComundiActu\"],\"logo\":{\"@type\":\"ImageObject\",\"@id\":\"https:\/\/www.comundi.fr\/mag-des-competences\/#logo\",\"inLanguage\":\"fr-FR\",\"url\":\"https:\/\/www.comundi.fr\/mag-des-competences\/wp-content\/uploads\/2018\/01\/comundi.png\",\"contentUrl\":\"https:\/\/www.comundi.fr\/mag-des-competences\/wp-content\/uploads\/2018\/01\/comundi.png\",\"width\":300,\"height\":300,\"caption\":\"Comundi\"},\"image\":{\"@id\":\"https:\/\/www.comundi.fr\/mag-des-competences\/#logo\"}},{\"@type\":\"WebSite\",\"@id\":\"https:\/\/www.comundi.fr\/mag-des-competences\/#website\",\"url\":\"https:\/\/www.comundi.fr\/mag-des-competences\/\",\"name\":\"Mag des comp\\u00e9tences - Comundi\",\"description\":\"Le magazine des m\\u00e9tiers de demain\",\"publisher\":{\"@id\":\"https:\/\/www.comundi.fr\/mag-des-competences\/#organization\"},\"potentialAction\":[{\"@type\":\"SearchAction\",\"target\":\"https:\/\/www.comundi.fr\/mag-des-competences\/?s={search_term_string}\",\"query-input\":\"required name=search_term_string\"}],\"inLanguage\":\"fr-FR\"},{\"@type\":\"ImageObject\",\"@id\":\"https:\/\/www.comundi.fr\/mag-des-competences\/les-7-tendances-cles-des-medias-pour-construire-vos-campagnes-2025\/#primaryimage\",\"inLanguage\":\"fr-FR\",\"url\":\"https:\/\/www.comundi.fr\/mag-des-competences\/wp-content\/uploads\/2024\/11\/Banniere-Kantar-Flores_Mermet.jpg\",\"contentUrl\":\"https:\/\/www.comundi.fr\/mag-des-competences\/wp-content\/uploads\/2024\/11\/Banniere-Kantar-Flores_Mermet.jpg\",\"width\":2400,\"height\":1350,\"caption\":\"Les 7 tendances cl\\u00e9s des m\\u00e9dias\"},{\"@type\":\"WebPage\",\"@id\":\"https:\/\/www.comundi.fr\/mag-des-competences\/les-7-tendances-cles-des-medias-pour-construire-vos-campagnes-2025\/#webpage\",\"url\":\"https:\/\/www.comundi.fr\/mag-des-competences\/les-7-tendances-cles-des-medias-pour-construire-vos-campagnes-2025\/\",\"name\":\"Les 7 tendances cl\\u00e9s des m\\u00e9dias pour construire vos campagnes 2025 - Mag des comp\\u00e9tences - Comundi\",\"isPartOf\":{\"@id\":\"https:\/\/www.comundi.fr\/mag-des-competences\/#website\"},\"primaryImageOfPage\":{\"@id\":\"https:\/\/www.comundi.fr\/mag-des-competences\/les-7-tendances-cles-des-medias-pour-construire-vos-campagnes-2025\/#primaryimage\"},\"datePublished\":\"2024-11-08T07:50:00+00:00\",\"dateModified\":\"2025-02-20T16:34:29+00:00\",\"description\":\"L'\\u00e9volution de la perception du paysage m\\u00e9diatique en France offre de nouvelles opportunit\\u00e9s pour 2025. D\\u00e9couvrez les tendances cl\\u00e9s.\",\"breadcrumb\":{\"@id\":\"https:\/\/www.comundi.fr\/mag-des-competences\/les-7-tendances-cles-des-medias-pour-construire-vos-campagnes-2025\/#breadcrumb\"},\"inLanguage\":\"fr-FR\",\"potentialAction\":[{\"@type\":\"ReadAction\",\"target\":[\"https:\/\/www.comundi.fr\/mag-des-competences\/les-7-tendances-cles-des-medias-pour-construire-vos-campagnes-2025\/\"]}]},{\"@type\":\"BreadcrumbList\",\"@id\":\"https:\/\/www.comundi.fr\/mag-des-competences\/les-7-tendances-cles-des-medias-pour-construire-vos-campagnes-2025\/#breadcrumb\",\"itemListElement\":[{\"@type\":\"ListItem\",\"position\":1,\"item\":{\"@type\":\"WebPage\",\"@id\":\"https:\/\/www.comundi.fr\/mag-des-competences\/\",\"url\":\"https:\/\/www.comundi.fr\/mag-des-competences\/\",\"name\":\"Accueil\"}},{\"@type\":\"ListItem\",\"position\":2,\"item\":{\"@type\":\"WebPage\",\"@id\":\"https:\/\/www.comundi.fr\/mag-des-competences\/les-7-tendances-cles-des-medias-pour-construire-vos-campagnes-2025\/\",\"url\":\"https:\/\/www.comundi.fr\/mag-des-competences\/les-7-tendances-cles-des-medias-pour-construire-vos-campagnes-2025\/\",\"name\":\"Les 7 tendances cl\\u00e9s des m\\u00e9dias pour construire vos campagnes 2025\"}}]},{\"@type\":\"Article\",\"@id\":\"https:\/\/www.comundi.fr\/mag-des-competences\/les-7-tendances-cles-des-medias-pour-construire-vos-campagnes-2025\/#article\",\"isPartOf\":{\"@id\":\"https:\/\/www.comundi.fr\/mag-des-competences\/les-7-tendances-cles-des-medias-pour-construire-vos-campagnes-2025\/#webpage\"},\"author\":{\"@id\":\"https:\/\/www.comundi.fr\/mag-des-competences\/#\/schema\/person\/d08f5c2cf9de6fcfd33c30314745578e\"},\"headline\":\"Les 7 tendances cl\\u00e9s des m\\u00e9dias pour construire vos campagnes 2025\",\"datePublished\":\"2024-11-08T07:50:00+00:00\",\"dateModified\":\"2025-02-20T16:34:29+00:00\",\"mainEntityOfPage\":{\"@id\":\"https:\/\/www.comundi.fr\/mag-des-competences\/les-7-tendances-cles-des-medias-pour-construire-vos-campagnes-2025\/#webpage\"},\"commentCount\":0,\"publisher\":{\"@id\":\"https:\/\/www.comundi.fr\/mag-des-competences\/#organization\"},\"image\":{\"@id\":\"https:\/\/www.comundi.fr\/mag-des-competences\/les-7-tendances-cles-des-medias-pour-construire-vos-campagnes-2025\/#primaryimage\"},\"articleSection\":\"Communication,Intelligence artificielle\",\"inLanguage\":\"fr-FR\",\"potentialAction\":[{\"@type\":\"CommentAction\",\"name\":\"Comment\",\"target\":[\"https:\/\/www.comundi.fr\/mag-des-competences\/les-7-tendances-cles-des-medias-pour-construire-vos-campagnes-2025\/#respond\"]}]},{\"@type\":\"Person\",\"@id\":\"https:\/\/www.comundi.fr\/mag-des-competences\/#\/schema\/person\/d08f5c2cf9de6fcfd33c30314745578e\",\"name\":\"Comundi\",\"image\":{\"@type\":\"ImageObject\",\"@id\":\"https:\/\/www.comundi.fr\/mag-des-competences\/#personlogo\",\"inLanguage\":\"fr-FR\",\"url\":\"https:\/\/secure.gravatar.com\/avatar\/da2835ae7b2c1279e8e897d242f4cda6?s=96&d=mm&r=g\",\"contentUrl\":\"https:\/\/secure.gravatar.com\/avatar\/da2835ae7b2c1279e8e897d242f4cda6?s=96&d=mm&r=g\",\"caption\":\"Comundi\"}}]}<\/script>\n<!-- \/ Yoast SEO plugin. -->","amp_enabled":true,"_links":{"self":[{"href":"https:\/\/www.comundi.fr\/mag-des-competences\/wp-json\/wp\/v2\/posts\/12953"}],"collection":[{"href":"https:\/\/www.comundi.fr\/mag-des-competences\/wp-json\/wp\/v2\/posts"}],"about":[{"href":"https:\/\/www.comundi.fr\/mag-des-competences\/wp-json\/wp\/v2\/types\/post"}],"author":[{"embeddable":true,"href":"https:\/\/www.comundi.fr\/mag-des-competences\/wp-json\/wp\/v2\/users\/8"}],"replies":[{"embeddable":true,"href":"https:\/\/www.comundi.fr\/mag-des-competences\/wp-json\/wp\/v2\/comments?post=12953"}],"version-history":[{"count":39,"href":"https:\/\/www.comundi.fr\/mag-des-competences\/wp-json\/wp\/v2\/posts\/12953\/revisions"}],"predecessor-version":[{"id":13020,"href":"https:\/\/www.comundi.fr\/mag-des-competences\/wp-json\/wp\/v2\/posts\/12953\/revisions\/13020"}],"wp:featuredmedia":[{"embeddable":true,"href":"https:\/\/www.comundi.fr\/mag-des-competences\/wp-json\/wp\/v2\/media\/12963"}],"wp:attachment":[{"href":"https:\/\/www.comundi.fr\/mag-des-competences\/wp-json\/wp\/v2\/media?parent=12953"}],"wp:term":[{"taxonomy":"category","embeddable":true,"href":"https:\/\/www.comundi.fr\/mag-des-competences\/wp-json\/wp\/v2\/categories?post=12953"}],"curies":[{"name":"wp","href":"https:\/\/api.w.org\/{rel}","templated":true}]}}