{"id":12890,"date":"2024-10-17T08:50:00","date_gmt":"2024-10-17T06:50:00","guid":{"rendered":"https:\/\/www.comundi.fr\/mag-des-competences\/?p=12890"},"modified":"2024-10-16T12:52:54","modified_gmt":"2024-10-16T10:52:54","slug":"inclusion-et-handicap-ou-en-sommes-nous","status":"publish","type":"post","link":"https:\/\/www.comundi.fr\/mag-des-competences\/inclusion-et-handicap-ou-en-sommes-nous\/","title":{"rendered":"Inclusion et handicap : o\u00f9 en sommes-nous ?"},"content":{"rendered":"\n<p>En France, selon les chiffres de l&rsquo;AGEFIPH, 7 millions de personnes \u00e2g\u00e9es de plus de 15 ans vivent avec un handicap, et seulement 4 % d&rsquo;entre elles occupent un emploi. Ce taux extr\u00eamement faible r\u00e9v\u00e8le les enjeux persistants li\u00e9s \u00e0 l&rsquo;<a href=\"https:\/\/www.comundi.fr\/formations\/formation-integrer-un-collaborateur-en-situation-de-handicap.html\">acc\u00e8s \u00e0 une activit\u00e9 professionnelle pour les personnes handicap\u00e9es<\/a>. Pourtant, la diversit\u00e9 des profils enrichit les organisations. L&rsquo;inclusion apporte de nouvelles comp\u00e9tences aux entreprises et cr\u00e9e un environnement professionnel plus \u00e9quitable et valorisant pour tous.<\/p>\n\n\n\n<h2><strong>Les difficult\u00e9s des personnes en situation de handicap sur le march\u00e9 de l&#8217;emploi<\/strong><\/h2>\n\n\n\n<p>Les personnes handicap\u00e9es rencontrent de nombreux obstacles dans leur qu\u00eate d&#8217;emploi. Les discriminations \u00e0 l&#8217;embauche et les biais inh\u00e9rents aux processus de recrutement entravent leur insertion professionnelle. Les crit\u00e8res de s\u00e9lection, souvent rigides et peu adapt\u00e9s, sous-estiment leurs comp\u00e9tences r\u00e9elles. Par ailleurs, des pr\u00e9jug\u00e9s persistants les per\u00e7oivent comme moins performantes ou autonomes, ce qui r\u00e9duit significativement leurs opportunit\u00e9s d&#8217;embauche.<\/p>\n\n\n\n<p>Le manque d&rsquo;accessibilit\u00e9 des lieux de travail et des transports en commun constitue un autre frein majeur. Les am\u00e9nagements existants peinent \u00e0 r\u00e9pondre \u00e0 la diversit\u00e9 des besoins li\u00e9s aux diff\u00e9rents types de handicaps. Leur accompagnement demeure \u00e9galement insuffisant. Bien que des dispositifs l\u00e9gislatifs existent, leur port\u00e9e reste limit\u00e9e. Par exemple, l&rsquo;article 5213-6-1 du Code du travail qui oblige les entreprises de plus de 250 salari\u00e9s \u00e0 <a href=\"https:\/\/www.comundi.fr\/mag-des-competences\/comment-accompagner-une-personne-en-situation-de-handicap\/\">d\u00e9signer un r\u00e9f\u00e9rent handicap<\/a>, exclut les petites et moyennes entreprises.<\/p>\n\n\n\n<p>Le manque de sensibilisation et de formation des recruteurs accentue ces difficult\u00e9s. Ils m\u00e9connaissent les sp\u00e9cificit\u00e9s du handicap et les adaptations n\u00e9cessaires \u00e0 l&rsquo;inclusion. Ces multiples barri\u00e8res expliquent en grande partie le faible taux d\u2019emploi des personnes handicap\u00e9es, malgr\u00e9 les avanc\u00e9es des politiques d&#8217;emploi.<\/p>\n\n\n\n<h2><strong>Un engagement pour l&rsquo;\u00e9quit\u00e9 des chances en entreprise<\/strong><\/h2>\n\n\n\n<p>Contrairement \u00e0 l&rsquo;exclusion qui marginalise certains individus ou groupes, l&rsquo;inclusion cherche \u00e0 les int\u00e9grer pleinement au sein de l&rsquo;entreprise. Une enqu\u00eate men\u00e9e par l&rsquo;Ifop aupr\u00e8s de 4 000 salari\u00e9s r\u00e9v\u00e8le que le recrutement constitue le premier vecteur d&rsquo;exclusion. Plus de 21\u2009% des participants d\u00e9clarent avoir subi une discrimination durant un processus d&#8217;embauche.<\/p>\n\n\n\n<p><a href=\"https:\/\/www.comundi.fr\/mag-des-competences\/7-soft-skills-a-developper-pour-sengager-vers-plus-de-diversite-et-dinclusion\/\">L&rsquo;inclusion vise \u00e0 \u00e9liminer ces barri\u00e8res et \u00e0 promouvoir l&rsquo;\u00e9galit\u00e9 des chances sur le march\u00e9 du travail.<\/a> Elle garantit \u00e0 tous les candidats un acc\u00e8s \u00e9quitable \u00e0 l&#8217;emploi, quel que soit leur handicap. Ainsi, toute personne ayant les comp\u00e9tences requises pour un poste donn\u00e9 peut postuler. Si elle est retenue, elle deviendra membre \u00e0 part enti\u00e8re de l&rsquo;\u00e9quipe.<\/p>\n\n\n\n<p>Selon une \u00e9tude de l&rsquo;Organisation internationale du travail (OIT), les entreprises qui recrutent des personnes handicap\u00e9es constatent une hausse significative de leur productivit\u00e9. Gr\u00e2ce \u00e0 leurs comp\u00e9tences et leurs regards diff\u00e9rents, ces employ\u00e9s apportent une r\u00e9elle valeur ajout\u00e9e aux \u00e9quipes.<\/p>\n\n\n\n<h2><strong>De nouvelles lois en faveur des personnes handicap\u00e9es<\/strong><\/h2>\n\n\n\n<p>Chaque ann\u00e9e, de nouvelles lois viennent renforcer l&rsquo;inclusion des personnes en situation de handicap. Depuis son adoption en 2005, la loi handicap a marqu\u00e9 un tournant d\u00e9cisif en favorisant leur insertion professionnelle. Structur\u00e9e autour de cinq axes, elle \u00e9tablit un cadre l\u00e9gislatif solide gr\u00e2ce, entre autres, \u00e0 des quotas d&#8217;embauche et \u00e0 des dispositifs d&rsquo;accompagnement.<\/p>\n\n\n\n<p>L&rsquo;ann\u00e9e 2024 voit l&rsquo;entr\u00e9e en vigueur de nouvelles mesures au service de l&rsquo;inclusion et handicap. Les entreprises devront d\u00e9sormais accueillir au moins 8\u2009% de personnes handicap\u00e9es dans leurs effectifs, contre 6\u2009% auparavant, sous peine de sanctions financi\u00e8res plus s\u00e9v\u00e8res.<\/p>\n\n\n\n<p>En parall\u00e8le, la loi du 18 d\u00e9cembre 2023, surnomm\u00e9e \u00ab loi pour le plein emploi \u00bb, a mis en \u0153uvre d\u00e8s le 1\u1d49\u02b3 janvier 2024 des obligations pour am\u00e9liorer l&rsquo;acc\u00e8s \u00e0 l&#8217;emploi des personnes handicap\u00e9es. Par exemple, les travailleurs en ESAT b\u00e9n\u00e9ficient dor\u00e9navant des m\u00eames droits que tous les salari\u00e9s, tels que le droit de gr\u00e8ve, d&rsquo;alerte et de retrait en cas de danger imminent au travail.<\/p>\n\n\n\n<h2><strong>Des outils au service du recrutement inclusif<\/strong><\/h2>\n\n\n\n<p>En recrutant des personnes handicap\u00e9es, les entreprises, non seulement, r\u00e9pondent \u00e0 leurs obligations l\u00e9gales, mais consolident aussi leur image d&rsquo;entreprise responsable. La recherche de profils adapt\u00e9s exige cependant une approche sp\u00e9cifique. Les services RH doivent notamment diversifier leurs canaux de recrutement. Ils peuvent recourir \u00e0 des plateformes sp\u00e9cialis\u00e9es comme France Travail ou Cap emploi, ainsi qu&rsquo;\u00e0 des r\u00e9seaux sociaux professionnels tels que LinkedIn.<\/p>\n\n\n\n<p>Il est par ailleurs pertinent de collaborer avec les associations locales de personnes handicap\u00e9es afin de s&rsquo;appuyer sur leur savoir-faire et leur r\u00e9seau. L&rsquo;organisation de journ\u00e9es d&rsquo;int\u00e9gration ou de programmes de parrainage facilite \u00e9galement l&rsquo;insertion des nouveaux employ\u00e9s en situation de handicap.<\/p>\n\n\n\n<h2><strong>Les ressources humaines, acteurs cl\u00e9s de l&rsquo;inclusion<\/strong><\/h2>\n\n\n\n<p>Le recrutement inclusif des personnes handicap\u00e9es repose sur une refonte des pratiques des ressources humaines. Cette d\u00e9marche d&rsquo;inclusion et handicap implique une r\u00e9vision des crit\u00e8res de s\u00e9lection pour supprimer tout \u00e9l\u00e9ment discriminatoire. L&rsquo;ajout syst\u00e9matique de la mention \u00ab Poste ouvert aux personnes en situation de handicap \u00bb encourage la diversit\u00e9 des candidatures. Par ailleurs, une communication de mani\u00e8re claire et transparente sur les am\u00e9nagements possible rassure les candidats et facilite leur int\u00e9gration.<\/p>\n\n\n\n<p>Lors de l&rsquo;entretien d&#8217;embauche, les recruteurs doivent s&rsquo;abstenir de toute question discriminatoire. En revanche, le candidat reste libre d&rsquo;\u00e9voquer son handicap afin de discuter d&rsquo;\u00e9ventuelles adaptations. Au-del\u00e0 du recrutement, les RH assurent l&rsquo;accompagnement du nouveau collaborateur tout au long de son int\u00e9gration. Cela inclut la sensibilisation \u00e0 l&rsquo;inclusion et handicap des \u00e9quipes pour cr\u00e9er un climat de travail bienveillant et respectueux.<\/p>\n\n\n\n<h2><strong>Favoriser l&rsquo;inclusion en entreprise<\/strong><\/h2>\n\n\n\n<p><a href=\"https:\/\/www.comundi.fr\/mag-des-competences\/5-etapes-pour-reussir-sa-politique-handicap-en-entreprise\/\">L&rsquo;\u00e9laboration d&rsquo;une politique de recrutement ax\u00e9e sur l&rsquo;inclusion et handicap est fondamentale<\/a>. L&rsquo;entreprise doit ensuite adapter son environnement de travail afin de permettre \u00e0 chacun de ses salari\u00e9s en situation de handicap de travailler dans les meilleures conditions possibles. Ainsi, contrairement \u00e0 une simple int\u00e9gration qui demande souvent au candidat de s&rsquo;adapter \u00e0 un environnement existant, l&rsquo;inclusion exige un engagement actif de l&rsquo;entreprise.<\/p>\n\n\n\n<p><a href=\"https:\/\/www.comundi.fr\/mag-des-competences\/booster-sa-politique-handicap-en-5-etapes\/\">La d\u00e9marche d&rsquo;inclusion et handicap requiert des mesures concr\u00e8tes.<\/a> Des formations sp\u00e9cifiques destin\u00e9es aux managers les outillent pour accompagner efficacement les collaborateurs en situation de handicap. Ces programmes renforcent leurs comp\u00e9tences en communication inclusive, en adaptation des m\u00e9thodes de travail et en gestion d&rsquo;\u00e9quipes diversifi\u00e9es.<\/p>\n\n\n\n<p>La formation des \u00e9quipes RH est aussi cruciale pour garantir une politique d&rsquo;inclusion efficace. Elle d\u00e9veloppe leurs aptitudes \u00e0 g\u00e9rer des situations d\u00e9licates et \u00e0 mettre en place des processus de recrutement non discriminatoires.<\/p>\n","protected":false},"excerpt":{"rendered":"<p>En France, selon les chiffres de l&rsquo;AGEFIPH, 7 millions de personnes \u00e2g\u00e9es de plus de 15 ans vivent avec un handicap, et seulement 4 % d&rsquo;entre elles occupent un emploi. Ce taux extr\u00eamement faible r\u00e9v\u00e8le les enjeux persistants li\u00e9s \u00e0 l&rsquo;acc\u00e8s \u00e0 une activit\u00e9 professionnelle pour les personnes handicap\u00e9es. Pourtant, la diversit\u00e9 des profils enrichit [&hellip;]<\/p>\n","protected":false},"author":8,"featured_media":12893,"comment_status":"open","ping_status":"open","sticky":false,"template":"","format":"standard","meta":{"_mi_skip_tracking":false},"categories":[200],"yoast_head":"<!-- This site is optimized with the Yoast SEO plugin v16.1 - https:\/\/yoast.com\/wordpress\/plugins\/seo\/ -->\n<title>Inclusion et handicap : o\u00f9 en sommes-nous ? - Mag des comp\u00e9tences - Comundi<\/title>\n<meta name=\"description\" content=\"D\u00e9couvrez la situation actuelle de l&#039;inclusion des personnes en situation de handicap sur le march\u00e9 de l&#039;emploi.\" \/>\n<meta name=\"robots\" content=\"index, follow, max-snippet:-1, max-image-preview:large, max-video-preview:-1\" \/>\n<link rel=\"canonical\" href=\"https:\/\/www.comundi.fr\/mag-des-competences\/inclusion-et-handicap-ou-en-sommes-nous\/\" \/>\n<meta property=\"og:locale\" content=\"fr_FR\" \/>\n<meta property=\"og:type\" content=\"article\" \/>\n<meta property=\"og:title\" content=\"Inclusion et handicap : o\u00f9 en sommes-nous ? - Mag des comp\u00e9tences - Comundi\" \/>\n<meta property=\"og:description\" content=\"D\u00e9couvrez la situation actuelle de l&#039;inclusion des personnes en situation de handicap sur le march\u00e9 de l&#039;emploi.\" \/>\n<meta property=\"og:url\" content=\"https:\/\/www.comundi.fr\/mag-des-competences\/inclusion-et-handicap-ou-en-sommes-nous\/\" \/>\n<meta property=\"og:site_name\" content=\"Mag des comp\u00e9tences - Comundi\" \/>\n<meta property=\"article:publisher\" content=\"https:\/\/www.facebook.com\/Comundi\/?fref=ts\" \/>\n<meta property=\"article:published_time\" content=\"2024-10-17T06:50:00+00:00\" \/>\n<meta property=\"article:modified_time\" content=\"2024-10-16T10:52:54+00:00\" \/>\n<meta property=\"og:image\" content=\"https:\/\/www.comundi.fr\/mag-des-competences\/wp-content\/uploads\/2024\/10\/Inclusion-et-handicap.jpg\" \/>\n\t<meta property=\"og:image:width\" content=\"1200\" \/>\n\t<meta property=\"og:image:height\" content=\"675\" \/>\n<meta name=\"twitter:card\" content=\"summary_large_image\" \/>\n<meta name=\"twitter:creator\" content=\"@ComundiActu\" \/>\n<meta name=\"twitter:site\" content=\"@ComundiActu\" \/>\n<meta name=\"twitter:label1\" content=\"Dur\u00e9e de lecture est.\">\n\t<meta name=\"twitter:data1\" content=\"5 minutes\">\n<script type=\"application\/ld+json\" class=\"yoast-schema-graph\">{\"@context\":\"https:\/\/schema.org\",\"@graph\":[{\"@type\":\"Organization\",\"@id\":\"https:\/\/www.comundi.fr\/mag-des-competences\/#organization\",\"name\":\"Comundi\",\"url\":\"https:\/\/www.comundi.fr\/mag-des-competences\/\",\"sameAs\":[\"https:\/\/www.facebook.com\/Comundi\/?fref=ts\",\"https:\/\/www.linkedin.com\/company\/comundi\/\",\"https:\/\/www.youtube.com\/user\/ComundiFormations\",\"https:\/\/twitter.com\/ComundiActu\"],\"logo\":{\"@type\":\"ImageObject\",\"@id\":\"https:\/\/www.comundi.fr\/mag-des-competences\/#logo\",\"inLanguage\":\"fr-FR\",\"url\":\"https:\/\/www.comundi.fr\/mag-des-competences\/wp-content\/uploads\/2018\/01\/comundi.png\",\"contentUrl\":\"https:\/\/www.comundi.fr\/mag-des-competences\/wp-content\/uploads\/2018\/01\/comundi.png\",\"width\":300,\"height\":300,\"caption\":\"Comundi\"},\"image\":{\"@id\":\"https:\/\/www.comundi.fr\/mag-des-competences\/#logo\"}},{\"@type\":\"WebSite\",\"@id\":\"https:\/\/www.comundi.fr\/mag-des-competences\/#website\",\"url\":\"https:\/\/www.comundi.fr\/mag-des-competences\/\",\"name\":\"Mag des comp\\u00e9tences - Comundi\",\"description\":\"Le magazine des m\\u00e9tiers de demain\",\"publisher\":{\"@id\":\"https:\/\/www.comundi.fr\/mag-des-competences\/#organization\"},\"potentialAction\":[{\"@type\":\"SearchAction\",\"target\":\"https:\/\/www.comundi.fr\/mag-des-competences\/?s={search_term_string}\",\"query-input\":\"required name=search_term_string\"}],\"inLanguage\":\"fr-FR\"},{\"@type\":\"ImageObject\",\"@id\":\"https:\/\/www.comundi.fr\/mag-des-competences\/inclusion-et-handicap-ou-en-sommes-nous\/#primaryimage\",\"inLanguage\":\"fr-FR\",\"url\":\"https:\/\/www.comundi.fr\/mag-des-competences\/wp-content\/uploads\/2024\/10\/Inclusion-et-handicap.jpg\",\"contentUrl\":\"https:\/\/www.comundi.fr\/mag-des-competences\/wp-content\/uploads\/2024\/10\/Inclusion-et-handicap.jpg\",\"width\":1200,\"height\":675,\"caption\":\"Inclusion et handicap\"},{\"@type\":\"WebPage\",\"@id\":\"https:\/\/www.comundi.fr\/mag-des-competences\/inclusion-et-handicap-ou-en-sommes-nous\/#webpage\",\"url\":\"https:\/\/www.comundi.fr\/mag-des-competences\/inclusion-et-handicap-ou-en-sommes-nous\/\",\"name\":\"Inclusion et handicap : o\\u00f9 en sommes-nous ? - Mag des comp\\u00e9tences - Comundi\",\"isPartOf\":{\"@id\":\"https:\/\/www.comundi.fr\/mag-des-competences\/#website\"},\"primaryImageOfPage\":{\"@id\":\"https:\/\/www.comundi.fr\/mag-des-competences\/inclusion-et-handicap-ou-en-sommes-nous\/#primaryimage\"},\"datePublished\":\"2024-10-17T06:50:00+00:00\",\"dateModified\":\"2024-10-16T10:52:54+00:00\",\"description\":\"D\\u00e9couvrez la situation actuelle de l'inclusion des personnes en situation de handicap sur le march\\u00e9 de l'emploi.\",\"breadcrumb\":{\"@id\":\"https:\/\/www.comundi.fr\/mag-des-competences\/inclusion-et-handicap-ou-en-sommes-nous\/#breadcrumb\"},\"inLanguage\":\"fr-FR\",\"potentialAction\":[{\"@type\":\"ReadAction\",\"target\":[\"https:\/\/www.comundi.fr\/mag-des-competences\/inclusion-et-handicap-ou-en-sommes-nous\/\"]}]},{\"@type\":\"BreadcrumbList\",\"@id\":\"https:\/\/www.comundi.fr\/mag-des-competences\/inclusion-et-handicap-ou-en-sommes-nous\/#breadcrumb\",\"itemListElement\":[{\"@type\":\"ListItem\",\"position\":1,\"item\":{\"@type\":\"WebPage\",\"@id\":\"https:\/\/www.comundi.fr\/mag-des-competences\/\",\"url\":\"https:\/\/www.comundi.fr\/mag-des-competences\/\",\"name\":\"Accueil\"}},{\"@type\":\"ListItem\",\"position\":2,\"item\":{\"@type\":\"WebPage\",\"@id\":\"https:\/\/www.comundi.fr\/mag-des-competences\/inclusion-et-handicap-ou-en-sommes-nous\/\",\"url\":\"https:\/\/www.comundi.fr\/mag-des-competences\/inclusion-et-handicap-ou-en-sommes-nous\/\",\"name\":\"Inclusion et handicap : o\\u00f9 en sommes-nous ?\"}}]},{\"@type\":\"Article\",\"@id\":\"https:\/\/www.comundi.fr\/mag-des-competences\/inclusion-et-handicap-ou-en-sommes-nous\/#article\",\"isPartOf\":{\"@id\":\"https:\/\/www.comundi.fr\/mag-des-competences\/inclusion-et-handicap-ou-en-sommes-nous\/#webpage\"},\"author\":{\"@id\":\"https:\/\/www.comundi.fr\/mag-des-competences\/#\/schema\/person\/d08f5c2cf9de6fcfd33c30314745578e\"},\"headline\":\"Inclusion et handicap : o\\u00f9 en sommes-nous ?\",\"datePublished\":\"2024-10-17T06:50:00+00:00\",\"dateModified\":\"2024-10-16T10:52:54+00:00\",\"mainEntityOfPage\":{\"@id\":\"https:\/\/www.comundi.fr\/mag-des-competences\/inclusion-et-handicap-ou-en-sommes-nous\/#webpage\"},\"commentCount\":0,\"publisher\":{\"@id\":\"https:\/\/www.comundi.fr\/mag-des-competences\/#organization\"},\"image\":{\"@id\":\"https:\/\/www.comundi.fr\/mag-des-competences\/inclusion-et-handicap-ou-en-sommes-nous\/#primaryimage\"},\"articleSection\":\"Ressources humaines\",\"inLanguage\":\"fr-FR\",\"potentialAction\":[{\"@type\":\"CommentAction\",\"name\":\"Comment\",\"target\":[\"https:\/\/www.comundi.fr\/mag-des-competences\/inclusion-et-handicap-ou-en-sommes-nous\/#respond\"]}]},{\"@type\":\"Person\",\"@id\":\"https:\/\/www.comundi.fr\/mag-des-competences\/#\/schema\/person\/d08f5c2cf9de6fcfd33c30314745578e\",\"name\":\"Comundi\",\"image\":{\"@type\":\"ImageObject\",\"@id\":\"https:\/\/www.comundi.fr\/mag-des-competences\/#personlogo\",\"inLanguage\":\"fr-FR\",\"url\":\"https:\/\/secure.gravatar.com\/avatar\/da2835ae7b2c1279e8e897d242f4cda6?s=96&d=mm&r=g\",\"contentUrl\":\"https:\/\/secure.gravatar.com\/avatar\/da2835ae7b2c1279e8e897d242f4cda6?s=96&d=mm&r=g\",\"caption\":\"Comundi\"}}]}<\/script>\n<!-- \/ Yoast SEO plugin. -->","amp_enabled":true,"_links":{"self":[{"href":"https:\/\/www.comundi.fr\/mag-des-competences\/wp-json\/wp\/v2\/posts\/12890"}],"collection":[{"href":"https:\/\/www.comundi.fr\/mag-des-competences\/wp-json\/wp\/v2\/posts"}],"about":[{"href":"https:\/\/www.comundi.fr\/mag-des-competences\/wp-json\/wp\/v2\/types\/post"}],"author":[{"embeddable":true,"href":"https:\/\/www.comundi.fr\/mag-des-competences\/wp-json\/wp\/v2\/users\/8"}],"replies":[{"embeddable":true,"href":"https:\/\/www.comundi.fr\/mag-des-competences\/wp-json\/wp\/v2\/comments?post=12890"}],"version-history":[{"count":2,"href":"https:\/\/www.comundi.fr\/mag-des-competences\/wp-json\/wp\/v2\/posts\/12890\/revisions"}],"predecessor-version":[{"id":12894,"href":"https:\/\/www.comundi.fr\/mag-des-competences\/wp-json\/wp\/v2\/posts\/12890\/revisions\/12894"}],"wp:featuredmedia":[{"embeddable":true,"href":"https:\/\/www.comundi.fr\/mag-des-competences\/wp-json\/wp\/v2\/media\/12893"}],"wp:attachment":[{"href":"https:\/\/www.comundi.fr\/mag-des-competences\/wp-json\/wp\/v2\/media?parent=12890"}],"wp:term":[{"taxonomy":"category","embeddable":true,"href":"https:\/\/www.comundi.fr\/mag-des-competences\/wp-json\/wp\/v2\/categories?post=12890"}],"curies":[{"name":"wp","href":"https:\/\/api.w.org\/{rel}","templated":true}]}}