{"id":1278,"date":"2018-08-06T09:00:23","date_gmt":"2018-08-06T07:00:23","guid":{"rendered":"https:\/\/www.comundi.fr\/mag-des-competences\/?p=1278"},"modified":"2026-03-19T12:55:02","modified_gmt":"2026-03-19T11:55:02","slug":"conserver-son-calme-malgre-la-pression-et-le-stress","status":"publish","type":"post","link":"https:\/\/www.comundi.fr\/mag-des-competences\/conserver-son-calme-malgre-la-pression-et-le-stress\/","title":{"rendered":"Conserver son calme malgr\u00e9 la pression et le stress"},"content":{"rendered":"<p style=\"text-align: left;\">Vous \u00eates stress\u00e9, anxieux, facilement \u00e9nerv\u00e9 ? Vous devez jongler avec les impr\u00e9vus, travailler en multi-t\u00e2che ? Si cette situation vous stresse et vous perturbe dans votre activit\u00e9, d\u00e9couvrez <strong>les conseils de St\u00e9phanie Mar\u00e9caux<\/strong>, formatrice en D\u00e9veloppement personnel\/Communication et sophrologue.<\/p>\n<h2 style=\"text-align: left;\"><strong>Selon vous, pourquoi nos environnements de travail g\u00e9n\u00e8rent-ils autant de stress et d&rsquo;anxi\u00e9t\u00e9 professionnelle ?<\/strong><\/h2>\n<p style=\"text-align: left;\"><strong>Notre soci\u00e9t\u00e9 est r\u00e9gie par l&rsquo;imm\u00e9diatet\u00e9 et la performance<\/strong>. Elle nous impose un rythme acc\u00e9l\u00e9r\u00e9, o\u00f9 tout va toujours plus vite. Au travail, nous sommes en permanence happ\u00e9s par les sollicitations de notre patron, nos collaborateurs, nos coll\u00e8gues&#8230; Et nous nous imposons d&rsquo;\u00eatre exemplaires.<\/p>\n<p style=\"text-align: left;\">Notre niveau d&rsquo;exigence est souvent tr\u00e8s fort. <strong>Il nous faut dans le m\u00eame temps r\u00e9ussir \u00e0 prioriser nos t\u00e2ches, prendre des d\u00e9cisions rapides, s&rsquo;adapter \u00e0 l&rsquo;impr\u00e9vu, et parfois dire \u00ab non \u00bb&#8230; Ce que nous ne parvenons pas toujours \u00e0 faire.<\/strong><\/p>\n<p style=\"text-align: left;\">Par ailleurs, d\u00e8s l&rsquo;enfance, notre \u00e9ducation nous a appris \u00e0 dire \u00ab oui \u00bb par peur de d\u00e9cevoir, d&rsquo;\u00eatre rejet\u00e9 ou d&rsquo;entrer dans le conflit. \u00ab Fais plaisir \u00bb, \u00ab sois fort \u00bb, \u00ab fais des efforts \u00bb&#8230; sont autant de messages contraignants que nous nous infligeons, notamment au travail.<\/p>\n<p style=\"text-align: left;\"><strong>Ces comportements ont engendr\u00e9 des croyances limitantes<\/strong>. Nous pensons par exemple que pour \u00eatre appr\u00e9ci\u00e9 et reconnu au travail, il est pr\u00e9f\u00e9rable de ne pas refuser.<br \/>\n<strong>Or, toute relation \u00e9quilibr\u00e9e, professionnelle ou personnelle, repose sur quatre piliers :<\/strong><\/p>\n<ol style=\"text-align: left;\">\n<li>oser demander,<\/li>\n<li>accepter,<\/li>\n<li>donner<\/li>\n<li>et refuser.<\/li>\n<\/ol>\n<h2 style=\"text-align: left;\"><strong>Quels conseils donneriez-vous pour retrouver son calme, se ressourcer et reprendre le contr\u00f4le face aux pics de stress au quotidien ?<\/strong><\/h2>\n<p style=\"text-align: left;\"><strong>Lorsque nous sommes perturb\u00e9s, inquiets ou contrari\u00e9s,\u00a0 notre corps et notre mental s&rsquo;agitent et s&rsquo;\u00e9parpillent. On perd pied, physiquement et mentalement !<\/strong> Je propose donc de<strong> travailler son ancrage corporel pour rester stable<\/strong>, enracin\u00e9 dans le sol. Cet ancrage nous donne de l&rsquo;\u00e9quilibre, de la force aussi.<\/p>\n<p style=\"text-align: left;\">Je l&rsquo;associe \u00e0 des exercices de respiration pour se centrer, <strong>se recentrer et se concentrer d\u00e8s que la pression monte<\/strong>. La respiration agit comme une ancre qui nous stabilise et nous apaise.\u00a0 Trois \u00e0 cinq minutes suffisent pour retrouver le calme en soi.<\/p>\n<p style=\"text-align: left;\"><strong>L&rsquo;enjeu est aussi de comprendre ses \u00e9motions, de les accueillir et de ne pas vouloir syst\u00e9matiquement les rejeter.<\/strong> Car plus on les nie ou les refoule, plus elles s&rsquo;installent. Prendre conscience de ses \u00e9motions et comprendre pourquoi elles nous traversent permet de mieux les apprivoiser et de reprendre le dessus sur elles. Pour enfin les transformer et en faire une \u00e9nergie positive.<\/p>\n<p style=\"text-align: left;\"><strong>Il s&rsquo;agit aussi de modifier son \u00e9tat d&rsquo;esprit et de r\u00e9ussir \u00e0 prendre du recul face \u00e0 une situation qui nous d\u00e9passe.<\/strong><\/p>\n<p style=\"text-align: left;\">Durant la formation, les participants apprennent \u00e0 <strong>d\u00e9tecter leurs \u00ab pens\u00e9es automatiques \u00bb<\/strong>, celles qui surgissent spontan\u00e9ment et emp\u00eachent d&rsquo;agir : \u00ab je ne vais pas y arriver \u00bb, \u00ab \u00e7a ne marchera pas \u00bb, \u00ab de toute fa\u00e7on, il ne m&rsquo;\u00e9coutera pas \u00bb&#8230; Le pi\u00e8ge, c&rsquo;est que ces pens\u00e9es d\u00e9valorisantes paraissent -\u00e0 tort- tr\u00e8s r\u00e9alistes. <strong>L&rsquo;enjeu consiste donc \u00e0 les rep\u00e9rer<\/strong> <strong>pour les remplacer par des pens\u00e9es plus r\u00e9alistes et encourageantes<\/strong> qui favorisent l&rsquo;action : \u00ab je fais de mon mieux \u00bb ; \u00ab je vais m&rsquo;organiser autrement \u00bb ; \u00ab je vais demander l&rsquo;aide d&rsquo;un coll\u00e8gue \u00bb&#8230;\u00a0 Il s&rsquo;agit de <strong>modifier ses perceptions et d&rsquo;\u00eatre ouvert<\/strong> \u00e0 la solution.<\/p>\n<p style=\"text-align: left;\"><strong>Exercices chrono-zen, ateliers pratiques&#8230; Comment abordez-vous la formation \u00ab Apprendre \u00e0 garder son calme \u00bb ? <\/strong><\/p>\n<h2 style=\"text-align: left;\"><strong>Quelles m\u00e9thodes p\u00e9dagogiques utilisez-vous pour aider les participants \u00e0 faire retomber la pression du quotidien ?<\/strong><\/h2>\n<p style=\"text-align: left;\">Les participants pratiquent <strong>plusieurs exercices de<\/strong> <strong>respiration<\/strong> (consciente, abdominale, compl\u00e8te) mais aussi de <strong>relaxation dynamique<\/strong> (debout et en mouvement) et de <strong>visualisation positive<\/strong>. Les exercices sont repris plusieurs fois au cours des 2 jours pour assimiler \u00e0 son rythme la pratique et appr\u00e9cier sa progression. Des <strong>fichiers audio<\/strong> sont ensuite remis aux \u00e9l\u00e8ves pour pratiquer seul au travail.<\/p>\n<p style=\"text-align: left;\">Au travers de <strong>jeux de r\u00f4le<\/strong>, je propose aussi des exercices pour <strong>r\u00e9viser ses croyances limitantes et rester positif dans des situations difficiles.<\/strong><\/p>\n<p style=\"text-align: left;\">Il s&rsquo;agit ensuite de <strong>noter ses habitudes de travail pour analyser ce qui doit \u00eatre chang\u00e9, de clarifier ses priorit\u00e9s, r\u00e9am\u00e9nager son agenda et mieux s&rsquo;organiser pour faire face aux impond\u00e9rables et mobiliser son \u00e9nergie \u00e0 bon escient.<\/strong><\/p>\n<p style=\"text-align: left;\">Pour aller plus loin, d\u00e9couvrez la formation\u00a0<a href=\"https:\/\/www.comundi.fr\/formations\/formation-apprendre-a-garder-son-calme.html?utm_source=Mag%20des%20comp%C3%A9tences&amp;utm_medium=article&amp;utm_campaign=Conserver%20son%20calme%20malgr%C3%A9%20la%20pression%20et%20le%20stress\" target=\"_blank\" rel=\"noopener\">\u201cApprendre \u00e0 garder son calme : surmonter la pression et les pics de stress\u201d<\/a><\/p>\n<p style=\"text-align: left;\">\n","protected":false},"excerpt":{"rendered":"<p>Vous \u00eates stress\u00e9, anxieux, facilement \u00e9nerv\u00e9 ? Vous devez jongler avec les impr\u00e9vus, travailler en multi-t\u00e2che ? Si cette situation vous stresse et vous perturbe dans votre activit\u00e9, d\u00e9couvrez les conseils de St\u00e9phanie Mar\u00e9caux, formatrice en D\u00e9veloppement personnel\/Communication et sophrologue. Selon vous, pourquoi nos environnements de travail g\u00e9n\u00e8rent-ils autant de stress et d&rsquo;anxi\u00e9t\u00e9 professionnelle ? [&hellip;]<\/p>\n","protected":false},"author":8,"featured_media":1280,"comment_status":"open","ping_status":"open","sticky":false,"template":"","format":"standard","meta":{"_mi_skip_tracking":false},"categories":[185],"yoast_head":"<!-- This site is optimized with the Yoast SEO plugin v16.1 - https:\/\/yoast.com\/wordpress\/plugins\/seo\/ -->\n<title>Comment conserver son calme malgr\u00e9s la pression et le stress ?<\/title>\n<meta name=\"description\" content=\"Vous \u00eates stress\u00e9, anxieux, facilement \u00e9nerv\u00e9 ? Vous devez jongler avec les impr\u00e9vus, travailler en multi-t\u00e2che ? Apprenez comment g\u00e9rer votre stress.\" \/>\n<meta name=\"robots\" content=\"index, follow, max-snippet:-1, max-image-preview:large, max-video-preview:-1\" \/>\n<link rel=\"canonical\" href=\"https:\/\/www.comundi.fr\/mag-des-competences\/conserver-son-calme-malgre-la-pression-et-le-stress\/\" \/>\n<meta property=\"og:locale\" content=\"fr_FR\" \/>\n<meta property=\"og:type\" content=\"article\" \/>\n<meta property=\"og:title\" content=\"Comment conserver son calme malgr\u00e9s la pression et le stress ?\" \/>\n<meta property=\"og:description\" content=\"Vous \u00eates stress\u00e9, anxieux, facilement \u00e9nerv\u00e9 ? Vous devez jongler avec les impr\u00e9vus, travailler en multi-t\u00e2che ? Apprenez comment g\u00e9rer votre stress.\" \/>\n<meta property=\"og:url\" content=\"https:\/\/www.comundi.fr\/mag-des-competences\/conserver-son-calme-malgre-la-pression-et-le-stress\/\" \/>\n<meta property=\"og:site_name\" content=\"Mag des comp\u00e9tences - Comundi\" \/>\n<meta property=\"article:publisher\" content=\"https:\/\/www.facebook.com\/Comundi\/?fref=ts\" \/>\n<meta property=\"article:published_time\" content=\"2018-08-06T07:00:23+00:00\" \/>\n<meta property=\"article:modified_time\" content=\"2026-03-19T11:55:02+00:00\" \/>\n<meta property=\"og:image\" content=\"https:\/\/www.comundi.fr\/mag-des-competences\/wp-content\/uploads\/2018\/07\/shutterstock_307219016-e1532615202917.jpg\" \/>\n\t<meta property=\"og:image:width\" content=\"1000\" \/>\n\t<meta property=\"og:image:height\" content=\"667\" \/>\n<meta name=\"twitter:card\" content=\"summary_large_image\" \/>\n<meta name=\"twitter:creator\" content=\"@ComundiActu\" \/>\n<meta name=\"twitter:site\" content=\"@ComundiActu\" \/>\n<meta name=\"twitter:label1\" content=\"Dur\u00e9e de lecture est.\">\n\t<meta name=\"twitter:data1\" content=\"3 minutes\">\n<script type=\"application\/ld+json\" class=\"yoast-schema-graph\">{\"@context\":\"https:\/\/schema.org\",\"@graph\":[{\"@type\":\"Organization\",\"@id\":\"https:\/\/www.comundi.fr\/mag-des-competences\/#organization\",\"name\":\"Comundi\",\"url\":\"https:\/\/www.comundi.fr\/mag-des-competences\/\",\"sameAs\":[\"https:\/\/www.facebook.com\/Comundi\/?fref=ts\",\"https:\/\/www.linkedin.com\/company\/comundi\/\",\"https:\/\/www.youtube.com\/user\/ComundiFormations\",\"https:\/\/twitter.com\/ComundiActu\"],\"logo\":{\"@type\":\"ImageObject\",\"@id\":\"https:\/\/www.comundi.fr\/mag-des-competences\/#logo\",\"inLanguage\":\"fr-FR\",\"url\":\"https:\/\/www.comundi.fr\/mag-des-competences\/wp-content\/uploads\/2018\/01\/comundi.png\",\"contentUrl\":\"https:\/\/www.comundi.fr\/mag-des-competences\/wp-content\/uploads\/2018\/01\/comundi.png\",\"width\":300,\"height\":300,\"caption\":\"Comundi\"},\"image\":{\"@id\":\"https:\/\/www.comundi.fr\/mag-des-competences\/#logo\"}},{\"@type\":\"WebSite\",\"@id\":\"https:\/\/www.comundi.fr\/mag-des-competences\/#website\",\"url\":\"https:\/\/www.comundi.fr\/mag-des-competences\/\",\"name\":\"Mag des comp\\u00e9tences - Comundi\",\"description\":\"Le magazine des m\\u00e9tiers de demain\",\"publisher\":{\"@id\":\"https:\/\/www.comundi.fr\/mag-des-competences\/#organization\"},\"potentialAction\":[{\"@type\":\"SearchAction\",\"target\":\"https:\/\/www.comundi.fr\/mag-des-competences\/?s={search_term_string}\",\"query-input\":\"required name=search_term_string\"}],\"inLanguage\":\"fr-FR\"},{\"@type\":\"ImageObject\",\"@id\":\"https:\/\/www.comundi.fr\/mag-des-competences\/conserver-son-calme-malgre-la-pression-et-le-stress\/#primaryimage\",\"inLanguage\":\"fr-FR\",\"url\":\"https:\/\/www.comundi.fr\/mag-des-competences\/wp-content\/uploads\/2018\/07\/shutterstock_307219016-e1532615202917.jpg\",\"contentUrl\":\"https:\/\/www.comundi.fr\/mag-des-competences\/wp-content\/uploads\/2018\/07\/shutterstock_307219016-e1532615202917.jpg\",\"width\":1000,\"height\":667,\"caption\":\"Apprendre \\u00e0 g\\u00e9rer son stress\"},{\"@type\":\"WebPage\",\"@id\":\"https:\/\/www.comundi.fr\/mag-des-competences\/conserver-son-calme-malgre-la-pression-et-le-stress\/#webpage\",\"url\":\"https:\/\/www.comundi.fr\/mag-des-competences\/conserver-son-calme-malgre-la-pression-et-le-stress\/\",\"name\":\"Comment conserver son calme malgr\\u00e9s la pression et le stress ?\",\"isPartOf\":{\"@id\":\"https:\/\/www.comundi.fr\/mag-des-competences\/#website\"},\"primaryImageOfPage\":{\"@id\":\"https:\/\/www.comundi.fr\/mag-des-competences\/conserver-son-calme-malgre-la-pression-et-le-stress\/#primaryimage\"},\"datePublished\":\"2018-08-06T07:00:23+00:00\",\"dateModified\":\"2026-03-19T11:55:02+00:00\",\"description\":\"Vous \\u00eates stress\\u00e9, anxieux, facilement \\u00e9nerv\\u00e9 ? Vous devez jongler avec les impr\\u00e9vus, travailler en multi-t\\u00e2che ? Apprenez comment g\\u00e9rer votre stress.\",\"breadcrumb\":{\"@id\":\"https:\/\/www.comundi.fr\/mag-des-competences\/conserver-son-calme-malgre-la-pression-et-le-stress\/#breadcrumb\"},\"inLanguage\":\"fr-FR\",\"potentialAction\":[{\"@type\":\"ReadAction\",\"target\":[\"https:\/\/www.comundi.fr\/mag-des-competences\/conserver-son-calme-malgre-la-pression-et-le-stress\/\"]}]},{\"@type\":\"BreadcrumbList\",\"@id\":\"https:\/\/www.comundi.fr\/mag-des-competences\/conserver-son-calme-malgre-la-pression-et-le-stress\/#breadcrumb\",\"itemListElement\":[{\"@type\":\"ListItem\",\"position\":1,\"item\":{\"@type\":\"WebPage\",\"@id\":\"https:\/\/www.comundi.fr\/mag-des-competences\/\",\"url\":\"https:\/\/www.comundi.fr\/mag-des-competences\/\",\"name\":\"Accueil\"}},{\"@type\":\"ListItem\",\"position\":2,\"item\":{\"@type\":\"WebPage\",\"@id\":\"https:\/\/www.comundi.fr\/mag-des-competences\/conserver-son-calme-malgre-la-pression-et-le-stress\/\",\"url\":\"https:\/\/www.comundi.fr\/mag-des-competences\/conserver-son-calme-malgre-la-pression-et-le-stress\/\",\"name\":\"Conserver son calme malgr\\u00e9 la pression et le stress\"}}]},{\"@type\":\"Article\",\"@id\":\"https:\/\/www.comundi.fr\/mag-des-competences\/conserver-son-calme-malgre-la-pression-et-le-stress\/#article\",\"isPartOf\":{\"@id\":\"https:\/\/www.comundi.fr\/mag-des-competences\/conserver-son-calme-malgre-la-pression-et-le-stress\/#webpage\"},\"author\":{\"@id\":\"https:\/\/www.comundi.fr\/mag-des-competences\/#\/schema\/person\/d08f5c2cf9de6fcfd33c30314745578e\"},\"headline\":\"Conserver son calme malgr\\u00e9 la pression et le stress\",\"datePublished\":\"2018-08-06T07:00:23+00:00\",\"dateModified\":\"2026-03-19T11:55:02+00:00\",\"mainEntityOfPage\":{\"@id\":\"https:\/\/www.comundi.fr\/mag-des-competences\/conserver-son-calme-malgre-la-pression-et-le-stress\/#webpage\"},\"commentCount\":0,\"publisher\":{\"@id\":\"https:\/\/www.comundi.fr\/mag-des-competences\/#organization\"},\"image\":{\"@id\":\"https:\/\/www.comundi.fr\/mag-des-competences\/conserver-son-calme-malgre-la-pression-et-le-stress\/#primaryimage\"},\"articleSection\":\"D\\u00e9veloppement personnel\",\"inLanguage\":\"fr-FR\",\"potentialAction\":[{\"@type\":\"CommentAction\",\"name\":\"Comment\",\"target\":[\"https:\/\/www.comundi.fr\/mag-des-competences\/conserver-son-calme-malgre-la-pression-et-le-stress\/#respond\"]}]},{\"@type\":\"Person\",\"@id\":\"https:\/\/www.comundi.fr\/mag-des-competences\/#\/schema\/person\/d08f5c2cf9de6fcfd33c30314745578e\",\"name\":\"Comundi\",\"image\":{\"@type\":\"ImageObject\",\"@id\":\"https:\/\/www.comundi.fr\/mag-des-competences\/#personlogo\",\"inLanguage\":\"fr-FR\",\"url\":\"https:\/\/secure.gravatar.com\/avatar\/da2835ae7b2c1279e8e897d242f4cda6?s=96&d=mm&r=g\",\"contentUrl\":\"https:\/\/secure.gravatar.com\/avatar\/da2835ae7b2c1279e8e897d242f4cda6?s=96&d=mm&r=g\",\"caption\":\"Comundi\"}}]}<\/script>\n<!-- \/ Yoast SEO plugin. -->","amp_enabled":true,"_links":{"self":[{"href":"https:\/\/www.comundi.fr\/mag-des-competences\/wp-json\/wp\/v2\/posts\/1278"}],"collection":[{"href":"https:\/\/www.comundi.fr\/mag-des-competences\/wp-json\/wp\/v2\/posts"}],"about":[{"href":"https:\/\/www.comundi.fr\/mag-des-competences\/wp-json\/wp\/v2\/types\/post"}],"author":[{"embeddable":true,"href":"https:\/\/www.comundi.fr\/mag-des-competences\/wp-json\/wp\/v2\/users\/8"}],"replies":[{"embeddable":true,"href":"https:\/\/www.comundi.fr\/mag-des-competences\/wp-json\/wp\/v2\/comments?post=1278"}],"version-history":[{"count":8,"href":"https:\/\/www.comundi.fr\/mag-des-competences\/wp-json\/wp\/v2\/posts\/1278\/revisions"}],"predecessor-version":[{"id":14991,"href":"https:\/\/www.comundi.fr\/mag-des-competences\/wp-json\/wp\/v2\/posts\/1278\/revisions\/14991"}],"wp:featuredmedia":[{"embeddable":true,"href":"https:\/\/www.comundi.fr\/mag-des-competences\/wp-json\/wp\/v2\/media\/1280"}],"wp:attachment":[{"href":"https:\/\/www.comundi.fr\/mag-des-competences\/wp-json\/wp\/v2\/media?parent=1278"}],"wp:term":[{"taxonomy":"category","embeddable":true,"href":"https:\/\/www.comundi.fr\/mag-des-competences\/wp-json\/wp\/v2\/categories?post=1278"}],"curies":[{"name":"wp","href":"https:\/\/api.w.org\/{rel}","templated":true}]}}