{"id":12746,"date":"2024-09-30T08:50:00","date_gmt":"2024-09-30T06:50:00","guid":{"rendered":"https:\/\/www.comundi.fr\/mag-des-competences\/?p=12746"},"modified":"2024-09-30T12:07:10","modified_gmt":"2024-09-30T10:07:10","slug":"quelles-seront-les-tendances-societales-et-comportementales-dans-les-annees-a-venir","status":"publish","type":"post","link":"https:\/\/www.comundi.fr\/mag-des-competences\/quelles-seront-les-tendances-societales-et-comportementales-dans-les-annees-a-venir\/","title":{"rendered":"Quelles seront les tendances soci\u00e9tales et comportementales dans les ann\u00e9es \u00e0 venir ?"},"content":{"rendered":"\n<p><strong>G\u00e9rard Mermet<\/strong>, Sociologue fran\u00e7ais, sp\u00e9cialiste de l\u2019analyse des modes de vie, du changement social, de la consommation, et prospectiviste &amp; directeur-fondateur de Francoscopie, r\u00e9ponds \u00e0 nos questions sur les tendances soci\u00e9tales et comportementales. D\u00e9couvrez son interview. <\/p>\n\n\n\n<div class=\"wp-block-image\"><figure class=\"alignright size-large\"><img loading=\"lazy\" width=\"219\" height=\"219\" src=\"https:\/\/www.comundi.fr\/mag-des-competences\/wp-content\/uploads\/2024\/09\/Gerard-Mermet-Sociologue.jpg\" alt=\"\" class=\"wp-image-12822\" srcset=\"https:\/\/www.comundi.fr\/mag-des-competences\/wp-content\/uploads\/2024\/09\/Gerard-Mermet-Sociologue.jpg 219w, https:\/\/www.comundi.fr\/mag-des-competences\/wp-content\/uploads\/2024\/09\/Gerard-Mermet-Sociologue-150x150.jpg 150w\" sizes=\"(max-width: 219px) 100vw, 219px\" \/><figcaption>G\u00e9rard Mermet<\/figcaption><\/figure><\/div>\n\n\n\n<p>Vous \u00eates sociologue, prospectiviste, directeur-fondateur du cabinet de conseil Francoscopie et auteur d&rsquo;une trentaine d&rsquo;ouvrages sur la soci\u00e9t\u00e9, l&rsquo;Europe, la consommation. Vous \u00eates l&rsquo;auteur notamment de la s\u00e9rie d&rsquo;ouvrages \u00ab\u00a0Francoscopie\u00a0\u00bb qui est devenu, au fil des \u00e9ditions, une r\u00e9f\u00e9rence sur l\u2019\u00e9tat de la France et des Fran\u00e7ais. Son objectif : identifier les tendances \u00e0 venir, mesurer les \u00e9volutions et fournir des comparaisons avec d\u2019autres pays, notamment europ\u00e9ens. Le dernier n\u00e9 de la s\u00e9rie, \u00ab\u00a0Francoscopie 2030\u00a0\u00bb s&rsquo;essaie \u00e0 une vision prospective de ce que pourrait \u00eatre la France \u00e0 l\u2019horizon de l&rsquo;an 2030, en se basant sur de multiples informations et r\u00e9flexions sur les changements en cours, possibles ou probables qui vont modifier notre \u00ab d\u00e9cor \u00bb : environnement, d\u00e9mographie, \u00e9conomie, relations internationales, mentalit\u00e9s.<\/p>\n\n\n\n<p>A cette longue liste de livres, s&rsquo;ajoute votre tout dernier ouvrage \u00ab\u00a0<strong>L&rsquo;avenir est en nous ! Avant qu&rsquo;il ne soit trop tard\u00a0\u00bb<\/strong>.<\/p>\n\n\n\n<div class=\"wp-block-image\"><figure class=\"aligncenter size-large is-resized\"><img loading=\"lazy\" src=\"https:\/\/www.comundi.fr\/mag-des-competences\/wp-content\/uploads\/2024\/09\/Lavenir-est-en-nous-de-Gerard-Mermet.png\" alt=\"\" class=\"wp-image-12823\" width=\"152\" height=\"213\"\/><\/figure><\/div>\n\n\n\n<h2><strong>1. Dans ce livre, vous faites l&rsquo;\u00e9tat des lieux des tendances (mouvements ou ruptures) en cours et \u00e0 venir. Pourriez-vous nous indiquer les tendances et ruptures majeures que vous avez pu identifier ?<\/strong><\/h2>\n\n\n\n<p>J&rsquo;observe depuis maintenant plus de deux d\u00e9cennies une v\u00e9ritable inversion, progressive mais sensible, des valeurs sur lesquelles notre soci\u00e9t\u00e9 repose. Le sens de la collectivit\u00e9 a disparu au profit de l&rsquo;individualit\u00e9, ou de l&rsquo;appartenance communautaire.<\/p>\n\n\n\n<p>La continuit\u00e9 \u00e9conomique, soci\u00e9tale ou politique, qui \u00e9tait de mise auparavant, a fait place \u00e0 la rupture, \u00e0 l&rsquo;accident ou aux \u00ab\u00a0cygnes noirs\u00a0\u00bb. Notre soci\u00e9t\u00e9 \u00e9tait autrefois \u00ab\u00a0centrip\u00e8te\u00a0\u00bb et tendait \u00e0 ramener la plupart de ses membres au centre de la \u00ab\u00a0machine\u00a0\u00bb; elle tend aujourd&rsquo;hui \u00e0 marginaliser, voire \u00e0 exclure certains d&rsquo;entre eux.<\/p>\n\n\n\n<p>La place du travail s&rsquo;est r\u00e9duite, quantitativement et qualitativement, au profit de celle des loisirs. La raison a fait place \u00e0 l&rsquo;\u00e9motion dans les r\u00e9actions de la population. Le \u00ab\u00a0r\u00e9el\u00a0\u00bb est d\u00e9sormais remplac\u00e9 par le \u00ab\u00a0ressenti\u00a0\u00bb. L&rsquo;argent a pris une place pr\u00e9pond\u00e9rante par rapport au temps; il est devenu pour beaucoup la mati\u00e8re premi\u00e8re de la vie, ou m\u00eame sa finalit\u00e9.<\/p>\n\n\n\n<p>Enfin, les crises et les menaces se sont multipli\u00e9es, nous confrontant \u00e0 des d\u00e9fis int\u00e9rieurs et ext\u00e9rieurs difficiles \u00e0 relever : \u00e9conomique, soci\u00e9tal, s\u00e9curitaire d\u00e9mographique, politique, g\u00e9opolitique, culturel, moral&#8230;<\/p>\n\n\n\n<h2><strong>2. Quel diagnostic de la France faites-vous dans ce dernier livre ?<\/strong><\/h2>\n\n\n\n<p>Ces inversions et d\u00e9fis sont \u00e0 l&rsquo;origine de l&rsquo;accroissement des fractures sociales, mais aussi de celui des \u00ab\u00a0factures\u00a0\u00bb \u00e9conomiques (l&rsquo;\u00e9conomie fran\u00e7aise se lit aujourd&rsquo;hui en 3D : D\u00e9penses,&nbsp; D\u00e9ficits, Dettes). Elles expliquent aussi la multiplication des dysfonctionnements, le d\u00e9clin (mesurable) du pays, la peur du d\u00e9classement et l&rsquo;attitude de d\u00e9fiance g\u00e9n\u00e9rale.<\/p>\n\n\n\n<p>Face \u00e0 l&rsquo;avenir, les Fran\u00e7ais sont ainsi divis\u00e9s entre les Mutants, qui parient sur la mondialisation et la technologie, les Mutins qui les rejettent et pr\u00f4nent un moratoire&#8230; et les Moutons, qui n&rsquo;ont pas encore pris position. Ce sont eux qui&nbsp; joueront, je l&rsquo;esp\u00e8re, un r\u00f4le mod\u00e9rateur pour inventer un avenir d\u00e9sirable, ou au moins acceptable pour tous.<\/p>\n\n\n\n<h2><strong>3. Quels \u00e9l\u00e9ments doivent retenir les communicants pour cr\u00e9er des messages qui inspirent sans ignorer les d\u00e9fis r\u00e9els ?<\/strong><\/h2>\n\n\n\n<p>Les entreprises vont jouer un r\u00f4le essentiel au cours des prochaines ann\u00e9es et devront r\u00e9pondre \u00e0 des demandes \u00e9largies : cr\u00e9er des emplois et des richesses ; comprendre l&rsquo;\u00e9tat du monde et l&rsquo;expliquer \u00e0 leurs clients (et \u00e0 l&rsquo;ensemble de la population); innover pour faciliter la vie et accro\u00eetre leurs parts de march\u00e9s; se montrer responsables et vertueuses en mati\u00e8re soci\u00e9tale, \u00e9conomique, environnementale,&nbsp; civilisationnelle. En r\u00e9sum\u00e9, \u00eatre actives, r\u00e9actives, cr\u00e9atives.<\/p>\n\n\n\n<p>Pour le faire savoir, les communicants devraient, me semble-t-il, prendre le contre-pied des tendances actuelles, qui poussent au pessimisme, \u00e0&nbsp; l&rsquo;individualisme et \u00e0 l&rsquo;immobilisme. Avec des punchlines du type :<\/p>\n\n\n\n<p>. R\u00e9inventons l&rsquo;Avenir Ensemble !<br>. Nous rassembler sans pour autant nous ressembler.<br>. Nos objectifs : rassurer les Tranquilles, encourager les Agiles, accompagner les Fragiles.<br>. Notre ambition : r\u00e9duire \u00e0 la fois les fractures et les factures.<br>. Une nouvelle discipline olympique pour 2028 : le sursaut (en hauteur et en longueur).<br>. Le Sursaut est n\u00e9cessaire&#8230; et possible.<br>. Notre devise : agir plut\u00f4t que mugir.<br>. Nous travaillons pour les g\u00e9n\u00e9rations futures. Aidez-nous !<br>. L&rsquo;avenir est en NOUS ! (souligner \u00ab\u00a0Nous\u00a0\u00bb).<br>. Notre strat\u00e9gie : conjuguer le pluriel avec le singulier.<br>. Avec vous, 1 + 1 peut \u00eatre tr\u00e8s sup\u00e9rieur \u00e0 2.<br>. Ce n&rsquo;\u00e9tait pas mieux avant !<br>. Toutes les menaces sont des opportunit\u00e9s.<br>. Les d\u00e9fis sont faits pour \u00eatre relev\u00e9s.<br>. Notre devise : faire plut\u00f4t que d\u00e9faire.<br>. Etc&#8230;<\/p>\n\n\n\n<h2><strong>4. Quel message souhaitez-vous faire passer \u00e0 travers ce livre ?<\/strong><\/h2>\n\n\n\n<p>Le contexte actuel d&rsquo;\u00e9gocentrisme et de d\u00e9fiance \u00e0 l&rsquo;\u00e9gard des autres ne pourra \u00eatre r\u00e9solu que si nous mettons en place une forme d&rsquo;union nationale, de rassemblement autour des valeurs de la R\u00e9publique, auxquelles nous devrons ajouter ce que j&rsquo;appelle des valeurs \u00ab\u00a0post individuelles\u00a0\u00bb : respect \u00e9coute empathie bienveillance, partage, sens de l&rsquo;int\u00e9r\u00eat g\u00e9n\u00e9ral&#8230; Cela passe par la recherche de compromis, des d\u00e9bats rationnels, r\u00e9alistes et responsables, entre des individus de bonne foi, de bonne volont\u00e9 et de bon sens. Ces vertus&nbsp; devront transpara\u00eetre dans la communication des entreprises et des institutions, qui devrons donner l&rsquo;exemple et \u0153uvrer pour le bien commun.<\/p>\n\n\n\n<h3><strong>Vous souhaitez en savoir plus sur les tendances et ruptures en cours&nbsp;?<\/strong><\/h3>\n\n\n\n<p>Retrouvez&nbsp;<strong>G\u00e9rard Mermet<\/strong> lors de la&nbsp;<a href=\"https:\/\/www.comundi.fr\/formations\/conference-d-actualite-tendances-communication.html?utm_source=magdescompetences&amp;utm_medium=blog&amp;utm_campaign=10297_TDC24_ITW_MERMET&amp;utm_content=011024\"><strong>conf\u00e9rence Tendances Communication<\/strong>&nbsp;<\/a>qui se tiendra mardi 26 novembre 2024 \u00e0 Paris qui interviendra lors de la table ronde sur le th\u00e8me de\u00ab Quelles grandes tendances ou \u00e9volutions soci\u00e9tales, comportementales, \u00e9conomiques, politiques et environnementales auront un impact sur vos strat\u00e9gies de com&rsquo; en 2025 ?\u00bb<\/p>\n","protected":false},"excerpt":{"rendered":"<p>G\u00e9rard Mermet, Sociologue fran\u00e7ais, sp\u00e9cialiste de l\u2019analyse des modes de vie, du changement social, de la consommation, et prospectiviste &amp; directeur-fondateur de Francoscopie, r\u00e9ponds \u00e0 nos questions sur les tendances soci\u00e9tales et comportementales. D\u00e9couvrez son interview. Vous \u00eates sociologue, prospectiviste, directeur-fondateur du cabinet de conseil Francoscopie et auteur d&rsquo;une trentaine d&rsquo;ouvrages sur la soci\u00e9t\u00e9, l&rsquo;Europe, [&hellip;]<\/p>\n","protected":false},"author":8,"featured_media":12748,"comment_status":"open","ping_status":"open","sticky":false,"template":"","format":"standard","meta":{"_mi_skip_tracking":false},"categories":[187],"yoast_head":"<!-- This site is optimized with the Yoast SEO plugin v16.1 - https:\/\/yoast.com\/wordpress\/plugins\/seo\/ -->\n<title>Quelles seront les tendances soci\u00e9tales et comportementales dans les ann\u00e9es \u00e0 venir ? - Mag des comp\u00e9tences - Comundi<\/title>\n<meta name=\"description\" content=\"A l&#039;occasion de la conf\u00e9rence Tendance Communication, d\u00e9couvrez l&#039;interview de G\u00e9rard Mermet sur tendances soci\u00e9tales et comportementales.\" \/>\n<meta name=\"robots\" content=\"index, follow, max-snippet:-1, max-image-preview:large, max-video-preview:-1\" \/>\n<link rel=\"canonical\" href=\"https:\/\/www.comundi.fr\/mag-des-competences\/quelles-seront-les-tendances-societales-et-comportementales-dans-les-annees-a-venir\/\" \/>\n<meta property=\"og:locale\" content=\"fr_FR\" \/>\n<meta property=\"og:type\" content=\"article\" \/>\n<meta property=\"og:title\" content=\"Quelles seront les tendances soci\u00e9tales et comportementales dans les ann\u00e9es \u00e0 venir ? - Mag des comp\u00e9tences - Comundi\" \/>\n<meta property=\"og:description\" content=\"A l&#039;occasion de la conf\u00e9rence Tendance Communication, d\u00e9couvrez l&#039;interview de G\u00e9rard Mermet sur tendances soci\u00e9tales et comportementales.\" \/>\n<meta property=\"og:url\" content=\"https:\/\/www.comundi.fr\/mag-des-competences\/quelles-seront-les-tendances-societales-et-comportementales-dans-les-annees-a-venir\/\" \/>\n<meta property=\"og:site_name\" content=\"Mag des comp\u00e9tences - Comundi\" \/>\n<meta property=\"article:publisher\" content=\"https:\/\/www.facebook.com\/Comundi\/?fref=ts\" \/>\n<meta property=\"article:published_time\" content=\"2024-09-30T06:50:00+00:00\" \/>\n<meta property=\"article:modified_time\" content=\"2024-09-30T10:07:10+00:00\" \/>\n<meta property=\"og:image\" content=\"https:\/\/www.comundi.fr\/mag-des-competences\/wp-content\/uploads\/2024\/09\/Interview-de-Gerard-Mermet-Sociologue.jpg\" \/>\n\t<meta property=\"og:image:width\" content=\"1200\" \/>\n\t<meta property=\"og:image:height\" content=\"675\" \/>\n<meta name=\"twitter:card\" content=\"summary_large_image\" \/>\n<meta name=\"twitter:creator\" content=\"@ComundiActu\" \/>\n<meta name=\"twitter:site\" content=\"@ComundiActu\" \/>\n<meta name=\"twitter:label1\" content=\"Dur\u00e9e de lecture est.\">\n\t<meta name=\"twitter:data1\" content=\"5 minutes\">\n<script type=\"application\/ld+json\" class=\"yoast-schema-graph\">{\"@context\":\"https:\/\/schema.org\",\"@graph\":[{\"@type\":\"Organization\",\"@id\":\"https:\/\/www.comundi.fr\/mag-des-competences\/#organization\",\"name\":\"Comundi\",\"url\":\"https:\/\/www.comundi.fr\/mag-des-competences\/\",\"sameAs\":[\"https:\/\/www.facebook.com\/Comundi\/?fref=ts\",\"https:\/\/www.linkedin.com\/company\/comundi\/\",\"https:\/\/www.youtube.com\/user\/ComundiFormations\",\"https:\/\/twitter.com\/ComundiActu\"],\"logo\":{\"@type\":\"ImageObject\",\"@id\":\"https:\/\/www.comundi.fr\/mag-des-competences\/#logo\",\"inLanguage\":\"fr-FR\",\"url\":\"https:\/\/www.comundi.fr\/mag-des-competences\/wp-content\/uploads\/2018\/01\/comundi.png\",\"contentUrl\":\"https:\/\/www.comundi.fr\/mag-des-competences\/wp-content\/uploads\/2018\/01\/comundi.png\",\"width\":300,\"height\":300,\"caption\":\"Comundi\"},\"image\":{\"@id\":\"https:\/\/www.comundi.fr\/mag-des-competences\/#logo\"}},{\"@type\":\"WebSite\",\"@id\":\"https:\/\/www.comundi.fr\/mag-des-competences\/#website\",\"url\":\"https:\/\/www.comundi.fr\/mag-des-competences\/\",\"name\":\"Mag des comp\\u00e9tences - Comundi\",\"description\":\"Le magazine des m\\u00e9tiers de demain\",\"publisher\":{\"@id\":\"https:\/\/www.comundi.fr\/mag-des-competences\/#organization\"},\"potentialAction\":[{\"@type\":\"SearchAction\",\"target\":\"https:\/\/www.comundi.fr\/mag-des-competences\/?s={search_term_string}\",\"query-input\":\"required name=search_term_string\"}],\"inLanguage\":\"fr-FR\"},{\"@type\":\"ImageObject\",\"@id\":\"https:\/\/www.comundi.fr\/mag-des-competences\/quelles-seront-les-tendances-societales-et-comportementales-dans-les-annees-a-venir\/#primaryimage\",\"inLanguage\":\"fr-FR\",\"url\":\"https:\/\/www.comundi.fr\/mag-des-competences\/wp-content\/uploads\/2024\/09\/Interview-de-Gerard-Mermet-Sociologue.jpg\",\"contentUrl\":\"https:\/\/www.comundi.fr\/mag-des-competences\/wp-content\/uploads\/2024\/09\/Interview-de-Gerard-Mermet-Sociologue.jpg\",\"width\":1200,\"height\":675,\"caption\":\"Interview de G\\u00e9rard Mermet, Sociologue\"},{\"@type\":\"WebPage\",\"@id\":\"https:\/\/www.comundi.fr\/mag-des-competences\/quelles-seront-les-tendances-societales-et-comportementales-dans-les-annees-a-venir\/#webpage\",\"url\":\"https:\/\/www.comundi.fr\/mag-des-competences\/quelles-seront-les-tendances-societales-et-comportementales-dans-les-annees-a-venir\/\",\"name\":\"Quelles seront les tendances soci\\u00e9tales et comportementales dans les ann\\u00e9es \\u00e0 venir ? - Mag des comp\\u00e9tences - Comundi\",\"isPartOf\":{\"@id\":\"https:\/\/www.comundi.fr\/mag-des-competences\/#website\"},\"primaryImageOfPage\":{\"@id\":\"https:\/\/www.comundi.fr\/mag-des-competences\/quelles-seront-les-tendances-societales-et-comportementales-dans-les-annees-a-venir\/#primaryimage\"},\"datePublished\":\"2024-09-30T06:50:00+00:00\",\"dateModified\":\"2024-09-30T10:07:10+00:00\",\"description\":\"A l'occasion de la conf\\u00e9rence Tendance Communication, d\\u00e9couvrez l'interview de G\\u00e9rard Mermet sur tendances soci\\u00e9tales et comportementales.\",\"breadcrumb\":{\"@id\":\"https:\/\/www.comundi.fr\/mag-des-competences\/quelles-seront-les-tendances-societales-et-comportementales-dans-les-annees-a-venir\/#breadcrumb\"},\"inLanguage\":\"fr-FR\",\"potentialAction\":[{\"@type\":\"ReadAction\",\"target\":[\"https:\/\/www.comundi.fr\/mag-des-competences\/quelles-seront-les-tendances-societales-et-comportementales-dans-les-annees-a-venir\/\"]}]},{\"@type\":\"BreadcrumbList\",\"@id\":\"https:\/\/www.comundi.fr\/mag-des-competences\/quelles-seront-les-tendances-societales-et-comportementales-dans-les-annees-a-venir\/#breadcrumb\",\"itemListElement\":[{\"@type\":\"ListItem\",\"position\":1,\"item\":{\"@type\":\"WebPage\",\"@id\":\"https:\/\/www.comundi.fr\/mag-des-competences\/\",\"url\":\"https:\/\/www.comundi.fr\/mag-des-competences\/\",\"name\":\"Accueil\"}},{\"@type\":\"ListItem\",\"position\":2,\"item\":{\"@type\":\"WebPage\",\"@id\":\"https:\/\/www.comundi.fr\/mag-des-competences\/quelles-seront-les-tendances-societales-et-comportementales-dans-les-annees-a-venir\/\",\"url\":\"https:\/\/www.comundi.fr\/mag-des-competences\/quelles-seront-les-tendances-societales-et-comportementales-dans-les-annees-a-venir\/\",\"name\":\"Quelles seront les tendances soci\\u00e9tales et comportementales dans les ann\\u00e9es \\u00e0 venir ?\"}}]},{\"@type\":\"Article\",\"@id\":\"https:\/\/www.comundi.fr\/mag-des-competences\/quelles-seront-les-tendances-societales-et-comportementales-dans-les-annees-a-venir\/#article\",\"isPartOf\":{\"@id\":\"https:\/\/www.comundi.fr\/mag-des-competences\/quelles-seront-les-tendances-societales-et-comportementales-dans-les-annees-a-venir\/#webpage\"},\"author\":{\"@id\":\"https:\/\/www.comundi.fr\/mag-des-competences\/#\/schema\/person\/d08f5c2cf9de6fcfd33c30314745578e\"},\"headline\":\"Quelles seront les tendances soci\\u00e9tales et comportementales dans les ann\\u00e9es \\u00e0 venir ?\",\"datePublished\":\"2024-09-30T06:50:00+00:00\",\"dateModified\":\"2024-09-30T10:07:10+00:00\",\"mainEntityOfPage\":{\"@id\":\"https:\/\/www.comundi.fr\/mag-des-competences\/quelles-seront-les-tendances-societales-et-comportementales-dans-les-annees-a-venir\/#webpage\"},\"commentCount\":0,\"publisher\":{\"@id\":\"https:\/\/www.comundi.fr\/mag-des-competences\/#organization\"},\"image\":{\"@id\":\"https:\/\/www.comundi.fr\/mag-des-competences\/quelles-seront-les-tendances-societales-et-comportementales-dans-les-annees-a-venir\/#primaryimage\"},\"articleSection\":\"Communication\",\"inLanguage\":\"fr-FR\",\"potentialAction\":[{\"@type\":\"CommentAction\",\"name\":\"Comment\",\"target\":[\"https:\/\/www.comundi.fr\/mag-des-competences\/quelles-seront-les-tendances-societales-et-comportementales-dans-les-annees-a-venir\/#respond\"]}]},{\"@type\":\"Person\",\"@id\":\"https:\/\/www.comundi.fr\/mag-des-competences\/#\/schema\/person\/d08f5c2cf9de6fcfd33c30314745578e\",\"name\":\"Comundi\",\"image\":{\"@type\":\"ImageObject\",\"@id\":\"https:\/\/www.comundi.fr\/mag-des-competences\/#personlogo\",\"inLanguage\":\"fr-FR\",\"url\":\"https:\/\/secure.gravatar.com\/avatar\/da2835ae7b2c1279e8e897d242f4cda6?s=96&d=mm&r=g\",\"contentUrl\":\"https:\/\/secure.gravatar.com\/avatar\/da2835ae7b2c1279e8e897d242f4cda6?s=96&d=mm&r=g\",\"caption\":\"Comundi\"}}]}<\/script>\n<!-- \/ Yoast SEO plugin. -->","amp_enabled":true,"_links":{"self":[{"href":"https:\/\/www.comundi.fr\/mag-des-competences\/wp-json\/wp\/v2\/posts\/12746"}],"collection":[{"href":"https:\/\/www.comundi.fr\/mag-des-competences\/wp-json\/wp\/v2\/posts"}],"about":[{"href":"https:\/\/www.comundi.fr\/mag-des-competences\/wp-json\/wp\/v2\/types\/post"}],"author":[{"embeddable":true,"href":"https:\/\/www.comundi.fr\/mag-des-competences\/wp-json\/wp\/v2\/users\/8"}],"replies":[{"embeddable":true,"href":"https:\/\/www.comundi.fr\/mag-des-competences\/wp-json\/wp\/v2\/comments?post=12746"}],"version-history":[{"count":6,"href":"https:\/\/www.comundi.fr\/mag-des-competences\/wp-json\/wp\/v2\/posts\/12746\/revisions"}],"predecessor-version":[{"id":12843,"href":"https:\/\/www.comundi.fr\/mag-des-competences\/wp-json\/wp\/v2\/posts\/12746\/revisions\/12843"}],"wp:featuredmedia":[{"embeddable":true,"href":"https:\/\/www.comundi.fr\/mag-des-competences\/wp-json\/wp\/v2\/media\/12748"}],"wp:attachment":[{"href":"https:\/\/www.comundi.fr\/mag-des-competences\/wp-json\/wp\/v2\/media?parent=12746"}],"wp:term":[{"taxonomy":"category","embeddable":true,"href":"https:\/\/www.comundi.fr\/mag-des-competences\/wp-json\/wp\/v2\/categories?post=12746"}],"curies":[{"name":"wp","href":"https:\/\/api.w.org\/{rel}","templated":true}]}}