{"id":12730,"date":"2024-08-13T08:50:00","date_gmt":"2024-08-13T06:50:00","guid":{"rendered":"https:\/\/www.comundi.fr\/mag-des-competences\/?p=12730"},"modified":"2026-01-21T17:55:15","modified_gmt":"2026-01-21T16:55:15","slug":"comment-entretenir-sa-marque-employeur-pendant-les-vacances-ete","status":"publish","type":"post","link":"https:\/\/www.comundi.fr\/mag-des-competences\/comment-entretenir-sa-marque-employeur-pendant-les-vacances-ete\/","title":{"rendered":"Comment entretenir sa marque employeur pendant les vacances d&rsquo;\u00e9t\u00e9"},"content":{"rendered":"\n<p>Les vacances d&rsquo;\u00e9t\u00e9 sont souvent per\u00e7ues comme une p\u00e9riode de ralentissement pour de nombreuses entreprises. Cependant, c&rsquo;est \u00e9galement une occasion en or pour <a href=\"https:\/\/www.comundi.fr\/formations\/formation-deployer-et-communiquer-sur-sa-marque-employeur.html\">travailler sur la <strong>marque employeur<\/strong><\/a>. En effet, maintenir une image positive et attractive aupr\u00e8s des employ\u00e9s actuels et potentiels pendant cette p\u00e9riode peut faire une grande diff\u00e9rence. Voici quelques strat\u00e9gies pour entretenir efficacement votre <strong>marque employeur <\/strong>pendant l&rsquo;\u00e9t\u00e9.<\/p>\n\n\n\n<h2><strong>Cr\u00e9ez des \u00e9v\u00e9nements d&rsquo;\u00e9t\u00e9 pour renforcer la coh\u00e9sion d&rsquo;\u00e9quipe<\/strong><\/h2>\n\n\n\n<p>Les \u00e9v\u00e9nements d&rsquo;\u00e9t\u00e9 sont une excellente fa\u00e7on de renforcer les liens entre les membres de l&rsquo;\u00e9quipe. Organiser des activit\u00e9s telles que des sorties en plein air ou des journ\u00e9es sportives offre une occasion unique de se d\u00e9tendre en dehors du cadre professionnel habituel. Ces moments conviviaux permettent aux employ\u00e9s de se conna\u00eetre sous un autre angle, de partager des exp\u00e9riences et de renforcer leur sentiment d&rsquo;<strong>appartenance \u00e0 l&rsquo;entreprise<\/strong>.<\/p>\n\n\n\n<p>En outre, ces \u00e9v\u00e9nements pr\u00e9sentent de nombreux avantages. Ils contribuent au renforcement de l&rsquo;esprit d&rsquo;\u00e9quipe en cr\u00e9ant des souvenirs partag\u00e9s et en renfor\u00e7ant <a href=\"https:\/\/www.comundi.fr\/mag-des-competences\/les-competences-relationnelles-un-atout-indispensable-en-entreprise\/\">la coh\u00e9sion entre les coll\u00e8gues<\/a>. Passer du temps ensemble dans un cadre informel aide \u00e0 \u00e9tablir des relations plus solides et \u00e0 am\u00e9liorer la communication au sein de l&rsquo;\u00e9quipe.<\/p>\n\n\n\n<p>Les \u00e9v\u00e9nements d&rsquo;\u00e9t\u00e9 jouent \u00e9galement un r\u00f4le crucial dans <a href=\"https:\/\/www.comundi.fr\/mag-des-competences\/yoga-tai-chi-shiatsu-quelle-pratique-pour-mieux-gerer-son-stress-au-travail\/\">la r\u00e9duction du stress<\/a>. Offrir des moments de d\u00e9tente et de plaisir aide les employ\u00e9s \u00e0 \u00e9vacuer le stress accumul\u00e9 pendant l&rsquo;ann\u00e9e de travail. Cela peut mener \u00e0 une meilleure sant\u00e9 mentale et \u00e0 une productivit\u00e9 accrue lorsqu&rsquo;ils retournent au travail.<\/p>\n\n\n\n<p>De plus, l&rsquo;entreprise montre qu&rsquo;elle se soucie du bien-\u00eatre de ses employ\u00e9s. Cette attention port\u00e9e \u00e0 la qualit\u00e9 de vie au travail valorise les employ\u00e9s et renforce leur engagement envers l&rsquo;entreprise. Cela contribue positivement \u00e0 la <strong>marque employeur,<\/strong> attirant ainsi de nouveaux talents et fid\u00e9lisant les employ\u00e9s actuels. En somme, les \u00e9v\u00e9nements d&rsquo;\u00e9t\u00e9 sont un investissement pr\u00e9cieux dans le bien-\u00eatre et la coh\u00e9sion de l&rsquo;\u00e9quipe, avec des b\u00e9n\u00e9fices \u00e0 long terme pour l&rsquo;entreprise.<\/p>\n\n\n\n<h2><strong>Travaillez votre marque employeur gr\u00e2ce aux r\u00e9seaux sociaux<\/strong><strong><\/strong><\/h2>\n\n\n\n<p>Alors que l\u2019activit\u00e9 ralentie g\u00e9n\u00e9ralement en \u00e9t\u00e9, cette p\u00e9riode peut \u00eatre l\u2019opportunit\u00e9 de travailler sur votre pr\u00e9sence sur les r\u00e9seaux sociaux en publiant des contenus attrayants et engageants qui mettent en valeur la <strong>culture d&rsquo;entreprise<\/strong> et les moments forts de la p\u00e9riode estivale. Utilisez des photos et des vid\u00e9os pour capturer l&rsquo;ambiance estivale au sein de votre entreprise. <\/p>\n\n\n\n<p>Pour <a href=\"https:\/\/www.comundi.fr\/formations\/formation-reussir-sa-strategie-de-marque.html\">une communication efficace<\/a>, partagez des t\u00e9moignages d&#8217;employ\u00e9s, en leur demandant de raconter leurs exp\u00e9riences et moments pr\u00e9f\u00e9r\u00e9s de l&rsquo;\u00e9t\u00e9 au sein de l&rsquo;entreprise, ce qui humanise votre marque et la rend plus accessible. Profitez des tendances estivales en utilisant des hashtags pertinents pour augmenter la visibilit\u00e9 de vos publications. Montrez \u00e9galement les activit\u00e9s estivales en publiant des photos et des vid\u00e9os des \u00e9v\u00e9nements d&rsquo;\u00e9t\u00e9 organis\u00e9s par l&rsquo;entreprise, d\u00e9montrant ainsi que vous vous souciez du bien-\u00eatre de vos employ\u00e9s.<\/p>\n\n\n\n<h2><strong>Proposez des formations et des opportunit\u00e9s de d\u00e9veloppement<\/strong><\/h2>\n\n\n\n<p>M\u00eame pendant les vacances, il est crucial de d\u00e9montrer votre engagement envers le d\u00e9veloppement de vos employ\u00e9s. Aussi, l\u2019\u00e9t\u00e9 est une p\u00e9riode id\u00e9ale pour proposer \u00e0 vos salari\u00e9s des formations en ligne ou des ateliers de d\u00e9veloppement personnel qu&rsquo;ils peuvent suivre \u00e0 leur propre rythme. Cela montre que votre entreprise valorise le d\u00e9veloppement continu de ses membres, m\u00eame durant les p\u00e9riodes de d\u00e9tente.<\/p>\n\n\n\n<p><a href=\"https:\/\/www.comundi.fr\/mag-des-competences\/le-developpement-professionnel-une-strategie-de-retention-des-talents-efficace\/\">Ces formations permettent aux employ\u00e9s de d\u00e9velopper de nouvelles comp\u00e9tences qui seront b\u00e9n\u00e9fiques pour eux-m\u00eames et pour l&rsquo;entreprise<\/a>. De plus, en investissant dans le d\u00e9veloppement personnel et professionnel de vos collaborateurs, vous renforcez leur satisfaction et leur fid\u00e9lit\u00e9 envers l&rsquo;entreprise, contribuant ainsi \u00e0 la r\u00e9tention des talents.<\/p>\n\n\n\n<p>Entretenir sa <strong>marque employeur <\/strong>pendant les vacances d&rsquo;\u00e9t\u00e9 est essentiel pour maintenir une image positive et attirer de nouveaux talents. En organisant des \u00e9v\u00e9nements d&rsquo;\u00e9t\u00e9, en communiquant efficacement sur les r\u00e9seaux sociaux, et en offrant des opportunit\u00e9s de d\u00e9veloppement, vous pouvez renforcer la coh\u00e9sion d&rsquo;\u00e9quipe, am\u00e9liorer la satisfaction des employ\u00e9s et faire rayonner votre <strong>marque employeur<\/strong>. Profitez de cette p\u00e9riode pour montrer \u00e0 vos employ\u00e9s et \u00e0 vos futurs talents que votre entreprise est un endroit o\u00f9 il fait bon travailler, m\u00eame pendant les mois d&rsquo;\u00e9t\u00e9.<\/p>\n","protected":false},"excerpt":{"rendered":"<p>Les vacances d&rsquo;\u00e9t\u00e9 sont souvent per\u00e7ues comme une p\u00e9riode de ralentissement pour de nombreuses entreprises. Cependant, c&rsquo;est \u00e9galement une occasion en or pour travailler sur la marque employeur. En effet, maintenir une image positive et attractive aupr\u00e8s des employ\u00e9s actuels et potentiels pendant cette p\u00e9riode peut faire une grande diff\u00e9rence. Voici quelques strat\u00e9gies pour entretenir [&hellip;]<\/p>\n","protected":false},"author":8,"featured_media":12731,"comment_status":"open","ping_status":"open","sticky":false,"template":"","format":"standard","meta":{"_mi_skip_tracking":false},"categories":[184],"yoast_head":"<!-- This site is optimized with the Yoast SEO plugin v16.1 - https:\/\/yoast.com\/wordpress\/plugins\/seo\/ -->\n<title>Comment entretenir sa marque employeur pendant les vacances d&#039;\u00e9t\u00e9 - Mag des comp\u00e9tences - Comundi<\/title>\n<meta name=\"description\" content=\"Profitez de l&#039;\u00e9t\u00e9 pour d\u00e9velopper votre marque employeur et votre culture d&#039;entreprise. D\u00e9couvrez nos conseils dans notre article.\" \/>\n<meta name=\"robots\" content=\"index, follow, max-snippet:-1, max-image-preview:large, max-video-preview:-1\" \/>\n<link rel=\"canonical\" href=\"https:\/\/www.comundi.fr\/mag-des-competences\/comment-entretenir-sa-marque-employeur-pendant-les-vacances-ete\/\" \/>\n<meta property=\"og:locale\" content=\"fr_FR\" \/>\n<meta property=\"og:type\" content=\"article\" \/>\n<meta property=\"og:title\" content=\"Comment entretenir sa marque employeur pendant les vacances d&#039;\u00e9t\u00e9 - Mag des comp\u00e9tences - Comundi\" \/>\n<meta property=\"og:description\" content=\"Profitez de l&#039;\u00e9t\u00e9 pour d\u00e9velopper votre marque employeur et votre culture d&#039;entreprise. D\u00e9couvrez nos conseils dans notre article.\" \/>\n<meta property=\"og:url\" content=\"https:\/\/www.comundi.fr\/mag-des-competences\/comment-entretenir-sa-marque-employeur-pendant-les-vacances-ete\/\" \/>\n<meta property=\"og:site_name\" content=\"Mag des comp\u00e9tences - Comundi\" \/>\n<meta property=\"article:publisher\" content=\"https:\/\/www.facebook.com\/Comundi\/?fref=ts\" \/>\n<meta property=\"article:published_time\" content=\"2024-08-13T06:50:00+00:00\" \/>\n<meta property=\"article:modified_time\" content=\"2026-01-21T16:55:15+00:00\" \/>\n<meta property=\"og:image\" content=\"https:\/\/www.comundi.fr\/mag-des-competences\/wp-content\/uploads\/2024\/07\/Entretenir-sa-marque-employeur.jpg\" \/>\n\t<meta property=\"og:image:width\" content=\"1200\" \/>\n\t<meta property=\"og:image:height\" content=\"675\" \/>\n<meta name=\"twitter:card\" content=\"summary_large_image\" \/>\n<meta name=\"twitter:creator\" content=\"@ComundiActu\" \/>\n<meta name=\"twitter:site\" content=\"@ComundiActu\" \/>\n<meta name=\"twitter:label1\" content=\"Dur\u00e9e de lecture est.\">\n\t<meta name=\"twitter:data1\" content=\"3 minutes\">\n<script type=\"application\/ld+json\" class=\"yoast-schema-graph\">{\"@context\":\"https:\/\/schema.org\",\"@graph\":[{\"@type\":\"Organization\",\"@id\":\"https:\/\/www.comundi.fr\/mag-des-competences\/#organization\",\"name\":\"Comundi\",\"url\":\"https:\/\/www.comundi.fr\/mag-des-competences\/\",\"sameAs\":[\"https:\/\/www.facebook.com\/Comundi\/?fref=ts\",\"https:\/\/www.linkedin.com\/company\/comundi\/\",\"https:\/\/www.youtube.com\/user\/ComundiFormations\",\"https:\/\/twitter.com\/ComundiActu\"],\"logo\":{\"@type\":\"ImageObject\",\"@id\":\"https:\/\/www.comundi.fr\/mag-des-competences\/#logo\",\"inLanguage\":\"fr-FR\",\"url\":\"https:\/\/www.comundi.fr\/mag-des-competences\/wp-content\/uploads\/2018\/01\/comundi.png\",\"contentUrl\":\"https:\/\/www.comundi.fr\/mag-des-competences\/wp-content\/uploads\/2018\/01\/comundi.png\",\"width\":300,\"height\":300,\"caption\":\"Comundi\"},\"image\":{\"@id\":\"https:\/\/www.comundi.fr\/mag-des-competences\/#logo\"}},{\"@type\":\"WebSite\",\"@id\":\"https:\/\/www.comundi.fr\/mag-des-competences\/#website\",\"url\":\"https:\/\/www.comundi.fr\/mag-des-competences\/\",\"name\":\"Mag des comp\\u00e9tences - Comundi\",\"description\":\"Le magazine des m\\u00e9tiers de demain\",\"publisher\":{\"@id\":\"https:\/\/www.comundi.fr\/mag-des-competences\/#organization\"},\"potentialAction\":[{\"@type\":\"SearchAction\",\"target\":\"https:\/\/www.comundi.fr\/mag-des-competences\/?s={search_term_string}\",\"query-input\":\"required name=search_term_string\"}],\"inLanguage\":\"fr-FR\"},{\"@type\":\"ImageObject\",\"@id\":\"https:\/\/www.comundi.fr\/mag-des-competences\/comment-entretenir-sa-marque-employeur-pendant-les-vacances-ete\/#primaryimage\",\"inLanguage\":\"fr-FR\",\"url\":\"https:\/\/www.comundi.fr\/mag-des-competences\/wp-content\/uploads\/2024\/07\/Entretenir-sa-marque-employeur.jpg\",\"contentUrl\":\"https:\/\/www.comundi.fr\/mag-des-competences\/wp-content\/uploads\/2024\/07\/Entretenir-sa-marque-employeur.jpg\",\"width\":1200,\"height\":675,\"caption\":\"Entretenir sa marque employeur\"},{\"@type\":\"WebPage\",\"@id\":\"https:\/\/www.comundi.fr\/mag-des-competences\/comment-entretenir-sa-marque-employeur-pendant-les-vacances-ete\/#webpage\",\"url\":\"https:\/\/www.comundi.fr\/mag-des-competences\/comment-entretenir-sa-marque-employeur-pendant-les-vacances-ete\/\",\"name\":\"Comment entretenir sa marque employeur pendant les vacances d'\\u00e9t\\u00e9 - Mag des comp\\u00e9tences - Comundi\",\"isPartOf\":{\"@id\":\"https:\/\/www.comundi.fr\/mag-des-competences\/#website\"},\"primaryImageOfPage\":{\"@id\":\"https:\/\/www.comundi.fr\/mag-des-competences\/comment-entretenir-sa-marque-employeur-pendant-les-vacances-ete\/#primaryimage\"},\"datePublished\":\"2024-08-13T06:50:00+00:00\",\"dateModified\":\"2026-01-21T16:55:15+00:00\",\"description\":\"Profitez de l'\\u00e9t\\u00e9 pour d\\u00e9velopper votre marque employeur et votre culture d'entreprise. D\\u00e9couvrez nos conseils dans notre article.\",\"breadcrumb\":{\"@id\":\"https:\/\/www.comundi.fr\/mag-des-competences\/comment-entretenir-sa-marque-employeur-pendant-les-vacances-ete\/#breadcrumb\"},\"inLanguage\":\"fr-FR\",\"potentialAction\":[{\"@type\":\"ReadAction\",\"target\":[\"https:\/\/www.comundi.fr\/mag-des-competences\/comment-entretenir-sa-marque-employeur-pendant-les-vacances-ete\/\"]}]},{\"@type\":\"BreadcrumbList\",\"@id\":\"https:\/\/www.comundi.fr\/mag-des-competences\/comment-entretenir-sa-marque-employeur-pendant-les-vacances-ete\/#breadcrumb\",\"itemListElement\":[{\"@type\":\"ListItem\",\"position\":1,\"item\":{\"@type\":\"WebPage\",\"@id\":\"https:\/\/www.comundi.fr\/mag-des-competences\/\",\"url\":\"https:\/\/www.comundi.fr\/mag-des-competences\/\",\"name\":\"Accueil\"}},{\"@type\":\"ListItem\",\"position\":2,\"item\":{\"@type\":\"WebPage\",\"@id\":\"https:\/\/www.comundi.fr\/mag-des-competences\/comment-entretenir-sa-marque-employeur-pendant-les-vacances-ete\/\",\"url\":\"https:\/\/www.comundi.fr\/mag-des-competences\/comment-entretenir-sa-marque-employeur-pendant-les-vacances-ete\/\",\"name\":\"Comment entretenir sa marque employeur pendant les vacances d&rsquo;\\u00e9t\\u00e9\"}}]},{\"@type\":\"Article\",\"@id\":\"https:\/\/www.comundi.fr\/mag-des-competences\/comment-entretenir-sa-marque-employeur-pendant-les-vacances-ete\/#article\",\"isPartOf\":{\"@id\":\"https:\/\/www.comundi.fr\/mag-des-competences\/comment-entretenir-sa-marque-employeur-pendant-les-vacances-ete\/#webpage\"},\"author\":{\"@id\":\"https:\/\/www.comundi.fr\/mag-des-competences\/#\/schema\/person\/d08f5c2cf9de6fcfd33c30314745578e\"},\"headline\":\"Comment entretenir sa marque employeur pendant les vacances d&rsquo;\\u00e9t\\u00e9\",\"datePublished\":\"2024-08-13T06:50:00+00:00\",\"dateModified\":\"2026-01-21T16:55:15+00:00\",\"mainEntityOfPage\":{\"@id\":\"https:\/\/www.comundi.fr\/mag-des-competences\/comment-entretenir-sa-marque-employeur-pendant-les-vacances-ete\/#webpage\"},\"commentCount\":0,\"publisher\":{\"@id\":\"https:\/\/www.comundi.fr\/mag-des-competences\/#organization\"},\"image\":{\"@id\":\"https:\/\/www.comundi.fr\/mag-des-competences\/comment-entretenir-sa-marque-employeur-pendant-les-vacances-ete\/#primaryimage\"},\"articleSection\":\"management\",\"inLanguage\":\"fr-FR\",\"potentialAction\":[{\"@type\":\"CommentAction\",\"name\":\"Comment\",\"target\":[\"https:\/\/www.comundi.fr\/mag-des-competences\/comment-entretenir-sa-marque-employeur-pendant-les-vacances-ete\/#respond\"]}]},{\"@type\":\"Person\",\"@id\":\"https:\/\/www.comundi.fr\/mag-des-competences\/#\/schema\/person\/d08f5c2cf9de6fcfd33c30314745578e\",\"name\":\"Comundi\",\"image\":{\"@type\":\"ImageObject\",\"@id\":\"https:\/\/www.comundi.fr\/mag-des-competences\/#personlogo\",\"inLanguage\":\"fr-FR\",\"url\":\"https:\/\/secure.gravatar.com\/avatar\/da2835ae7b2c1279e8e897d242f4cda6?s=96&d=mm&r=g\",\"contentUrl\":\"https:\/\/secure.gravatar.com\/avatar\/da2835ae7b2c1279e8e897d242f4cda6?s=96&d=mm&r=g\",\"caption\":\"Comundi\"}}]}<\/script>\n<!-- \/ Yoast SEO plugin. -->","amp_enabled":true,"_links":{"self":[{"href":"https:\/\/www.comundi.fr\/mag-des-competences\/wp-json\/wp\/v2\/posts\/12730"}],"collection":[{"href":"https:\/\/www.comundi.fr\/mag-des-competences\/wp-json\/wp\/v2\/posts"}],"about":[{"href":"https:\/\/www.comundi.fr\/mag-des-competences\/wp-json\/wp\/v2\/types\/post"}],"author":[{"embeddable":true,"href":"https:\/\/www.comundi.fr\/mag-des-competences\/wp-json\/wp\/v2\/users\/8"}],"replies":[{"embeddable":true,"href":"https:\/\/www.comundi.fr\/mag-des-competences\/wp-json\/wp\/v2\/comments?post=12730"}],"version-history":[{"count":5,"href":"https:\/\/www.comundi.fr\/mag-des-competences\/wp-json\/wp\/v2\/posts\/12730\/revisions"}],"predecessor-version":[{"id":14846,"href":"https:\/\/www.comundi.fr\/mag-des-competences\/wp-json\/wp\/v2\/posts\/12730\/revisions\/14846"}],"wp:featuredmedia":[{"embeddable":true,"href":"https:\/\/www.comundi.fr\/mag-des-competences\/wp-json\/wp\/v2\/media\/12731"}],"wp:attachment":[{"href":"https:\/\/www.comundi.fr\/mag-des-competences\/wp-json\/wp\/v2\/media?parent=12730"}],"wp:term":[{"taxonomy":"category","embeddable":true,"href":"https:\/\/www.comundi.fr\/mag-des-competences\/wp-json\/wp\/v2\/categories?post=12730"}],"curies":[{"name":"wp","href":"https:\/\/api.w.org\/{rel}","templated":true}]}}