{"id":1271,"date":"2018-07-30T09:00:14","date_gmt":"2018-07-30T07:00:14","guid":{"rendered":"https:\/\/www.comundi.fr\/mag-des-competences\/?p=1271"},"modified":"2025-02-11T12:57:20","modified_gmt":"2025-02-11T11:57:20","slug":"que-peut-vous-apporter-la-process-com","status":"publish","type":"post","link":"https:\/\/www.comundi.fr\/mag-des-competences\/que-peut-vous-apporter-la-process-com\/","title":{"rendered":"Que peut vous apporter la Process Com\u00ae ?"},"content":{"rendered":"<p>Gaelle du Penhoat, coach certifi\u00e9e, formatrice certifi\u00e9e <strong>Process Com\u00ae<\/strong> nous pr\u00e9sente cette m\u00e9thode\u00a0 qui aide \u00e0 mieux se conna\u00eetre et d\u00e9velopper \u00e0 court terme la qualit\u00e9 des relations interpersonnelles.<\/p>\n<p>Savoir communiquer, comprendre l&rsquo;autre\u00a0 et se faire comprendre est essentiel dans nos relations avec autrui, que ce soit en famille, entre amis ou dans la vie professionnelle. La <strong>Process Com\u00ae<\/strong> offre une aide pr\u00e9cieuse \u00e0 tous ceux qui souhaitent am\u00e9liorer leurs capacit\u00e9s de communication.<\/p>\n<h2><strong>Qu&rsquo;est-ce que la Process Com\u00ae ? Qu&rsquo;apporte-t-elle ?<\/strong><\/h2>\n<p>Cr\u00e9\u00e9e par le psychologue am\u00e9ricain Taibi Kahler et utilis\u00e9e par la NASA pour la s\u00e9lection des astronautes, cette m\u00e9thode a fait la preuve de son efficacit\u00e9 tant dans le domaine du d\u00e9veloppement personnel que dans celui des organisations, de la vente et de la n\u00e9gociation.<\/p>\n<p>Selon le mod\u00e8le, chacun de nous est une <strong>combinaison unique de 6 types de personnalit\u00e9s<\/strong> clairement identifi\u00e9s : Empathique, Travaillomane, Pers\u00e9v\u00e9rant, R\u00eaveur, Promoteur et Rebelle. Le profil Process Com<strong>\u00ae<\/strong> donne une vue d&rsquo;ensemble des caract\u00e9ristiques comportementales d&rsquo;un individu. Tr\u00e8s complet, il couvre les diff\u00e9rentes caract\u00e9ristiques positives mais aussi les zones d&rsquo;efforts ; il anticipe sur les causes probables qui conduisent au stress n\u00e9gatif, alerte sur les comportements auxquels il faut s&rsquo;attendre sous stress et comment mieux se g\u00e9rer et g\u00e9rer la relation.<\/p>\n<h2><strong>Comment nous aide-t-elle \u00e0 mieux communiquer et \u00e0 \u00eatre plus serein ?<\/strong><\/h2>\n<p>La Process Com<strong>\u00ae<\/strong> nous entra\u00eene \u00e0 nous centrer sur la fa\u00e7on dont nous communiquons (le COMMENT) et pas seulement sur le contenu (le QUOI).<\/p>\n<p>Pour faire passer nos id\u00e9es et convaincre, nous nous attachons beaucoup aux mots employ\u00e9s. Pourtant, l&rsquo;impact des mots n&rsquo;est que de 7% dans le processus global de la communication. La voix et la ma\u00eetrise de nos attitudes corporelles sont essentielles. Gr\u00e2ce \u00e0 notre profil <strong>Process Com\u00ae<\/strong>, nous comprenons mieux pourquoi il peut \u00eatre \u00e9nergivore d&rsquo;\u00e9changer avec une personne qui \u00ab n&rsquo;est pas c\u00e2bl\u00e9e comme nous \u00bb, comment <strong>d\u00e9velopper sa flexibilit\u00e9 relationnelle<\/strong> et ne pas s&rsquo;enfermer dans des modes de fonctionnement aussi stressants que contre -productifs.<\/p>\n<h2><strong>Comment se d\u00e9roule la formation que vous animez pour Comundi ?<\/strong><\/h2>\n<p>Ce s\u00e9minaire permet, de mani\u00e8re simple et ludique, de conna\u00eetre notre fa\u00e7on naturelle de communiquer, d&rsquo;identifier le style pr\u00e9f\u00e9rentiel de nos interlocuteurs et le <strong>canal de communication appropri\u00e9<\/strong> pour une bonne compr\u00e9hension de notre message.<\/p>\n<p>Avant la formation, chaque participant r\u00e9pond \u00e0 un questionnaire dont le traitement confidentiel permet d&rsquo;\u00e9tablir son inventaire de personnalit\u00e9. Ce support permet \u00e0 chacun de se situer et de s&rsquo;approprier les concepts en r\u00e9f\u00e9rence \u00e0 sa propre personnalit\u00e9.<\/p>\n<p>La p\u00e9dagogie utilis\u00e9e est bas\u00e9e sur une alternance entre la pr\u00e9sentation des concepts, des exercices et jeux de r\u00f4les, le visionnage d&rsquo;extraits de films et des \u00e9tudes de cas apport\u00e9s par les participants.<\/p>\n<p>Respect mutuel, libre expression et bonne humeur sont les fondements de ces deux jours.<\/p>\n<h2><strong>Avant de nous quitter, pourriez-vous vous pr\u00e9senter en quelques mots ?<\/strong><\/h2>\n<p>Si je vous dis que je suis de base Rebelle en phase Promoteur, je vous en apprends beaucoup sur moi (rires). Formatrice et coach, je pr\u00f4ne une approche pragmatique de la gestion de soi et des relations interpersonnelles.<\/p>\n<p>Une exp\u00e9rience de quinze ans en conseil en communication et relations publiques &#8211; dans l&rsquo;industrie, le luxe et les sports de comp\u00e9tition &#8211; me donne un puissant ancrage dans la r\u00e9alit\u00e9 de l&rsquo;entreprise.<\/p>\n<p>Dans ma propre structure [ASAP formation, <a href=\"https:\/\/www.comundi.fr\/mag-des-competences\/e-coaching-digital-learning-e-learning-coaching\/\">Coaching<\/a>] et au sein d&rsquo;un r\u00e9seau de partenaires, j&rsquo;accompagne cadres dirigeants, managers et \u00e9quipes dans des phases de changement majeures ou dans le d\u00e9veloppement de leurs axes de progr\u00e8s avec un credo : <strong>concilier passion, performance et bien-\u00eatre<\/strong>.<\/p>\n<p>Ga\u00eblle Du Penhoat<\/p>\n<p>Pour aller plus loin, d\u00e9couvrez la formation <a href=\"https:\/\/www.comundi.fr\/formations\/formation-process-com-les-leviers-d-une-communication-positive.html\">\u201cProcess Com\u00ae : les leviers d&rsquo;une communication positive\u201d<\/a><\/p>\n","protected":false},"excerpt":{"rendered":"<p>Gaelle du Penhoat, coach certifi\u00e9e, formatrice certifi\u00e9e Process Com\u00ae nous pr\u00e9sente cette m\u00e9thode\u00a0 qui aide \u00e0 mieux se conna\u00eetre et d\u00e9velopper \u00e0 court terme la qualit\u00e9 des relations interpersonnelles. Savoir communiquer, comprendre l&rsquo;autre\u00a0 et se faire comprendre est essentiel dans nos relations avec autrui, que ce soit en famille, entre amis ou dans la vie [&hellip;]<\/p>\n","protected":false},"author":8,"featured_media":1283,"comment_status":"open","ping_status":"open","sticky":false,"template":"","format":"standard","meta":{"_mi_skip_tracking":false},"categories":[185,183],"yoast_head":"<!-- This site is optimized with the Yoast SEO plugin v16.1 - https:\/\/yoast.com\/wordpress\/plugins\/seo\/ -->\n<title>Que peut vous apporter la Process Com\u00ae ? - Mag des comp\u00e9tences - Comundi<\/title>\n<meta name=\"description\" content=\"Cette m\u00e9thode\u00a0aide \u00e0 mieux se conna\u00eetre et \u00e0 d\u00e9velopper la qualit\u00e9 des relations interpersonnelles. Gaelle du Penhoat, formatrice certifi\u00e9e Process Com\u00ae\" \/>\n<meta name=\"robots\" content=\"index, follow, max-snippet:-1, max-image-preview:large, max-video-preview:-1\" \/>\n<link rel=\"canonical\" href=\"https:\/\/www.comundi.fr\/mag-des-competences\/que-peut-vous-apporter-la-process-com\/\" \/>\n<meta property=\"og:locale\" content=\"fr_FR\" \/>\n<meta property=\"og:type\" content=\"article\" \/>\n<meta property=\"og:title\" content=\"Que peut vous apporter la Process Com\u00ae ? - Mag des comp\u00e9tences - Comundi\" \/>\n<meta property=\"og:description\" content=\"Cette m\u00e9thode\u00a0aide \u00e0 mieux se conna\u00eetre et \u00e0 d\u00e9velopper la qualit\u00e9 des relations interpersonnelles. Gaelle du Penhoat, formatrice certifi\u00e9e Process Com\u00ae\" \/>\n<meta property=\"og:url\" content=\"https:\/\/www.comundi.fr\/mag-des-competences\/que-peut-vous-apporter-la-process-com\/\" \/>\n<meta property=\"og:site_name\" content=\"Mag des comp\u00e9tences - Comundi\" \/>\n<meta property=\"article:publisher\" content=\"https:\/\/www.facebook.com\/Comundi\/?fref=ts\" \/>\n<meta property=\"article:published_time\" content=\"2018-07-30T07:00:14+00:00\" \/>\n<meta property=\"article:modified_time\" content=\"2025-02-11T11:57:20+00:00\" \/>\n<meta property=\"og:image\" content=\"https:\/\/www.comundi.fr\/mag-des-competences\/wp-content\/uploads\/2018\/07\/shutterstock_192044093-e1532697272847.jpg\" \/>\n\t<meta property=\"og:image:width\" content=\"1000\" \/>\n\t<meta property=\"og:image:height\" content=\"667\" \/>\n<meta name=\"twitter:card\" content=\"summary_large_image\" \/>\n<meta name=\"twitter:creator\" content=\"@ComundiActu\" \/>\n<meta name=\"twitter:site\" content=\"@ComundiActu\" \/>\n<meta name=\"twitter:label1\" content=\"Dur\u00e9e de lecture est.\">\n\t<meta name=\"twitter:data1\" content=\"3 minutes\">\n<script type=\"application\/ld+json\" class=\"yoast-schema-graph\">{\"@context\":\"https:\/\/schema.org\",\"@graph\":[{\"@type\":\"Organization\",\"@id\":\"https:\/\/www.comundi.fr\/mag-des-competences\/#organization\",\"name\":\"Comundi\",\"url\":\"https:\/\/www.comundi.fr\/mag-des-competences\/\",\"sameAs\":[\"https:\/\/www.facebook.com\/Comundi\/?fref=ts\",\"https:\/\/www.linkedin.com\/company\/comundi\/\",\"https:\/\/www.youtube.com\/user\/ComundiFormations\",\"https:\/\/twitter.com\/ComundiActu\"],\"logo\":{\"@type\":\"ImageObject\",\"@id\":\"https:\/\/www.comundi.fr\/mag-des-competences\/#logo\",\"inLanguage\":\"fr-FR\",\"url\":\"https:\/\/www.comundi.fr\/mag-des-competences\/wp-content\/uploads\/2018\/01\/comundi.png\",\"contentUrl\":\"https:\/\/www.comundi.fr\/mag-des-competences\/wp-content\/uploads\/2018\/01\/comundi.png\",\"width\":300,\"height\":300,\"caption\":\"Comundi\"},\"image\":{\"@id\":\"https:\/\/www.comundi.fr\/mag-des-competences\/#logo\"}},{\"@type\":\"WebSite\",\"@id\":\"https:\/\/www.comundi.fr\/mag-des-competences\/#website\",\"url\":\"https:\/\/www.comundi.fr\/mag-des-competences\/\",\"name\":\"Mag des comp\\u00e9tences - Comundi\",\"description\":\"Le magazine des m\\u00e9tiers de demain\",\"publisher\":{\"@id\":\"https:\/\/www.comundi.fr\/mag-des-competences\/#organization\"},\"potentialAction\":[{\"@type\":\"SearchAction\",\"target\":\"https:\/\/www.comundi.fr\/mag-des-competences\/?s={search_term_string}\",\"query-input\":\"required name=search_term_string\"}],\"inLanguage\":\"fr-FR\"},{\"@type\":\"ImageObject\",\"@id\":\"https:\/\/www.comundi.fr\/mag-des-competences\/que-peut-vous-apporter-la-process-com\/#primaryimage\",\"inLanguage\":\"fr-FR\",\"url\":\"https:\/\/www.comundi.fr\/mag-des-competences\/wp-content\/uploads\/2018\/07\/shutterstock_192044093-e1532697272847.jpg\",\"contentUrl\":\"https:\/\/www.comundi.fr\/mag-des-competences\/wp-content\/uploads\/2018\/07\/shutterstock_192044093-e1532697272847.jpg\",\"width\":1000,\"height\":667,\"caption\":\"D\\u00e9velopper ses comp\\u00e9tences en communication interpersonnelle\"},{\"@type\":\"WebPage\",\"@id\":\"https:\/\/www.comundi.fr\/mag-des-competences\/que-peut-vous-apporter-la-process-com\/#webpage\",\"url\":\"https:\/\/www.comundi.fr\/mag-des-competences\/que-peut-vous-apporter-la-process-com\/\",\"name\":\"Que peut vous apporter la Process Com\\u00ae ? - Mag des comp\\u00e9tences - Comundi\",\"isPartOf\":{\"@id\":\"https:\/\/www.comundi.fr\/mag-des-competences\/#website\"},\"primaryImageOfPage\":{\"@id\":\"https:\/\/www.comundi.fr\/mag-des-competences\/que-peut-vous-apporter-la-process-com\/#primaryimage\"},\"datePublished\":\"2018-07-30T07:00:14+00:00\",\"dateModified\":\"2025-02-11T11:57:20+00:00\",\"description\":\"Cette m\\u00e9thode\\u00a0aide \\u00e0 mieux se conna\\u00eetre et \\u00e0 d\\u00e9velopper la qualit\\u00e9 des relations interpersonnelles. Gaelle du Penhoat, formatrice certifi\\u00e9e Process Com\\u00ae\",\"breadcrumb\":{\"@id\":\"https:\/\/www.comundi.fr\/mag-des-competences\/que-peut-vous-apporter-la-process-com\/#breadcrumb\"},\"inLanguage\":\"fr-FR\",\"potentialAction\":[{\"@type\":\"ReadAction\",\"target\":[\"https:\/\/www.comundi.fr\/mag-des-competences\/que-peut-vous-apporter-la-process-com\/\"]}]},{\"@type\":\"BreadcrumbList\",\"@id\":\"https:\/\/www.comundi.fr\/mag-des-competences\/que-peut-vous-apporter-la-process-com\/#breadcrumb\",\"itemListElement\":[{\"@type\":\"ListItem\",\"position\":1,\"item\":{\"@type\":\"WebPage\",\"@id\":\"https:\/\/www.comundi.fr\/mag-des-competences\/\",\"url\":\"https:\/\/www.comundi.fr\/mag-des-competences\/\",\"name\":\"Accueil\"}},{\"@type\":\"ListItem\",\"position\":2,\"item\":{\"@type\":\"WebPage\",\"@id\":\"https:\/\/www.comundi.fr\/mag-des-competences\/que-peut-vous-apporter-la-process-com\/\",\"url\":\"https:\/\/www.comundi.fr\/mag-des-competences\/que-peut-vous-apporter-la-process-com\/\",\"name\":\"Que peut vous apporter la Process Com\\u00ae ?\"}}]},{\"@type\":\"Article\",\"@id\":\"https:\/\/www.comundi.fr\/mag-des-competences\/que-peut-vous-apporter-la-process-com\/#article\",\"isPartOf\":{\"@id\":\"https:\/\/www.comundi.fr\/mag-des-competences\/que-peut-vous-apporter-la-process-com\/#webpage\"},\"author\":{\"@id\":\"https:\/\/www.comundi.fr\/mag-des-competences\/#\/schema\/person\/d08f5c2cf9de6fcfd33c30314745578e\"},\"headline\":\"Que peut vous apporter la Process Com\\u00ae ?\",\"datePublished\":\"2018-07-30T07:00:14+00:00\",\"dateModified\":\"2025-02-11T11:57:20+00:00\",\"mainEntityOfPage\":{\"@id\":\"https:\/\/www.comundi.fr\/mag-des-competences\/que-peut-vous-apporter-la-process-com\/#webpage\"},\"commentCount\":0,\"publisher\":{\"@id\":\"https:\/\/www.comundi.fr\/mag-des-competences\/#organization\"},\"image\":{\"@id\":\"https:\/\/www.comundi.fr\/mag-des-competences\/que-peut-vous-apporter-la-process-com\/#primaryimage\"},\"articleSection\":\"D\\u00e9veloppement personnel,Efficacit\\u00e9 professionnelle\",\"inLanguage\":\"fr-FR\",\"potentialAction\":[{\"@type\":\"CommentAction\",\"name\":\"Comment\",\"target\":[\"https:\/\/www.comundi.fr\/mag-des-competences\/que-peut-vous-apporter-la-process-com\/#respond\"]}]},{\"@type\":\"Person\",\"@id\":\"https:\/\/www.comundi.fr\/mag-des-competences\/#\/schema\/person\/d08f5c2cf9de6fcfd33c30314745578e\",\"name\":\"Comundi\",\"image\":{\"@type\":\"ImageObject\",\"@id\":\"https:\/\/www.comundi.fr\/mag-des-competences\/#personlogo\",\"inLanguage\":\"fr-FR\",\"url\":\"https:\/\/secure.gravatar.com\/avatar\/da2835ae7b2c1279e8e897d242f4cda6?s=96&d=mm&r=g\",\"contentUrl\":\"https:\/\/secure.gravatar.com\/avatar\/da2835ae7b2c1279e8e897d242f4cda6?s=96&d=mm&r=g\",\"caption\":\"Comundi\"}}]}<\/script>\n<!-- \/ Yoast SEO plugin. -->","amp_enabled":true,"_links":{"self":[{"href":"https:\/\/www.comundi.fr\/mag-des-competences\/wp-json\/wp\/v2\/posts\/1271"}],"collection":[{"href":"https:\/\/www.comundi.fr\/mag-des-competences\/wp-json\/wp\/v2\/posts"}],"about":[{"href":"https:\/\/www.comundi.fr\/mag-des-competences\/wp-json\/wp\/v2\/types\/post"}],"author":[{"embeddable":true,"href":"https:\/\/www.comundi.fr\/mag-des-competences\/wp-json\/wp\/v2\/users\/8"}],"replies":[{"embeddable":true,"href":"https:\/\/www.comundi.fr\/mag-des-competences\/wp-json\/wp\/v2\/comments?post=1271"}],"version-history":[{"count":8,"href":"https:\/\/www.comundi.fr\/mag-des-competences\/wp-json\/wp\/v2\/posts\/1271\/revisions"}],"predecessor-version":[{"id":13333,"href":"https:\/\/www.comundi.fr\/mag-des-competences\/wp-json\/wp\/v2\/posts\/1271\/revisions\/13333"}],"wp:featuredmedia":[{"embeddable":true,"href":"https:\/\/www.comundi.fr\/mag-des-competences\/wp-json\/wp\/v2\/media\/1283"}],"wp:attachment":[{"href":"https:\/\/www.comundi.fr\/mag-des-competences\/wp-json\/wp\/v2\/media?parent=1271"}],"wp:term":[{"taxonomy":"category","embeddable":true,"href":"https:\/\/www.comundi.fr\/mag-des-competences\/wp-json\/wp\/v2\/categories?post=1271"}],"curies":[{"name":"wp","href":"https:\/\/api.w.org\/{rel}","templated":true}]}}