{"id":12688,"date":"2024-07-18T08:50:00","date_gmt":"2024-07-18T06:50:00","guid":{"rendered":"https:\/\/www.comundi.fr\/mag-des-competences\/?p=12688"},"modified":"2024-07-16T14:02:44","modified_gmt":"2024-07-16T12:02:44","slug":"nos-conseils-pour-bien-teletravailler-pendant-ete","status":"publish","type":"post","link":"https:\/\/www.comundi.fr\/mag-des-competences\/nos-conseils-pour-bien-teletravailler-pendant-ete\/","title":{"rendered":"Nos conseils pour bien t\u00e9l\u00e9travailler pendant l&rsquo;\u00e9t\u00e9"},"content":{"rendered":"\n<p><strong>T\u00e9l\u00e9travailler pendant l&rsquo;\u00e9t\u00e9<\/strong> peut sembler idyllique, avec la possibilit\u00e9 de profiter du beau temps tout en restant productif. Cependant, cette saison apporte son lot de d\u00e9fis sp\u00e9cifiques qui peuvent impacter votre efficacit\u00e9. Pour profiter pleinement de cette p\u00e9riode tout en maintenant une performance optimale, voici les erreurs \u00e0 \u00e9viter pour <a href=\"https:\/\/www.comundi.fr\/formations\/formation-etre-efficace-en-teletravail.html\">bien <strong>t\u00e9l\u00e9travailler pendant l&rsquo;\u00e9t\u00e9<\/strong><\/a>.<\/p>\n\n\n\n<h2><strong>1. Adapter son espace de travail \u00e0 la chaleur<\/strong><\/h2>\n\n\n\n<p>La chaleur estivale peut rendre le t\u00e9l\u00e9travail inconfortable. <strong><a href=\"https:\/\/www.comundi.fr\/mag-des-competences\/workation-ou-comment-mixer-vacances-et-teletravail\">T\u00e9l\u00e9travailler pendant l&rsquo;\u00e9t\u00e9<\/a><\/strong> n\u00e9cessite un espace de travail adapt\u00e9 \u00e0 la chaleur. Assurez-vous que votre bureau soit bien ventil\u00e9 et utilisez un ventilateur ou une climatisation si n\u00e9cessaire. Hydratez-vous r\u00e9guli\u00e8rement et \u00e9vitez de travailler sous une lumi\u00e8re directe du soleil pour r\u00e9duire l\u2019inconfort thermique.<\/p>\n\n\n\n<ul><li><strong>Ventilation<\/strong> : Placez votre bureau dans une pi\u00e8ce bien a\u00e9r\u00e9e. Si possible, installez un ventilateur ou utilisez la climatisation pour maintenir une temp\u00e9rature agr\u00e9able.<\/li><li><strong>Hydratation<\/strong> : Gardez une bouteille d&rsquo;eau \u00e0 port\u00e9e de main et buvez r\u00e9guli\u00e8rement pour \u00e9viter la d\u00e9shydratation.<\/li><li><strong>\u00c9viter le soleil direct<\/strong> : Installez des rideaux ou des stores pour bloquer les rayons du soleil, ou d\u00e9placez votre bureau dans un endroit ombrag\u00e9 de votre maison.<\/li><\/ul>\n\n\n\n<h2><strong>2. Se prot\u00e9ger du soleil<\/strong><\/h2>\n\n\n\n<p>Si vous d\u00e9cidez de t\u00e9l\u00e9travailler en ext\u00e9rieur, privil\u00e9giez une installation \u00e0 l\u2019ombre. Cependant, si vous pr\u00e9f\u00e9rez vous mettre au soleil, pensez \u00e0 vous prot\u00e9ger. Utilisez un \u00e9cran solaire, portez un chapeau et des lunettes de soleil. Une exposition prolong\u00e9e sans protection peut non seulement nuire \u00e0 votre sant\u00e9, mais aussi \u00e0 votre capacit\u00e9 \u00e0 <strong>t\u00e9l\u00e9travailler pendant l&rsquo;\u00e9t\u00e9<\/strong>.<\/p>\n\n\n\n<ul><li><strong>Cr\u00e8me solaire<\/strong> : Appliquez une cr\u00e8me solaire avec un facteur de protection \u00e9lev\u00e9 pour prot\u00e9ger votre peau des rayons UV.<\/li><li><strong>\u00c9quipement de protection<\/strong> : Portez un chapeau \u00e0 large bord et des lunettes de soleil pour prot\u00e9ger votre visage et vos yeux.<\/li><li><strong>Limiter l&rsquo;exposition<\/strong> : Essayez de t\u00e9l\u00e9travailler \u00e0 l&rsquo;ext\u00e9rieur pendant les heures les moins chaudes de la journ\u00e9e, comme le matin ou en fin d&rsquo;apr\u00e8s-midi.<\/li><\/ul>\n\n\n\n<h2><strong>3. Avoir un bon \u00e9quipement<\/strong><\/h2>\n\n\n\n<p>Travailler en ext\u00e9rieur ou dans des endroits inhabituels n\u00e9cessite un \u00e9quipement adapt\u00e9. Assurez-vous d&rsquo;avoir une batterie externe pour votre ordinateur portable et votre t\u00e9l\u00e9phone, une connexion internet stable et \u00e9ventuellement un pare-soleil pour \u00e9viter les reflets sur l\u2019\u00e9cran de votre ordinateur. De plus, sachez qu\u2019il est pr\u00e9f\u00e9rable de prot\u00e9ger votre mat\u00e9riel du soleil pour \u00e9viter une \u00e9ventuelle surchauffe.<\/p>\n\n\n\n<ul><li><strong>Batterie externe<\/strong> : Une batterie de secours peut vous sauver la mise si vous travaillez en d\u00e9placement ou \u00e0 l&rsquo;ext\u00e9rieur.<\/li><li><strong>Connexion internet<\/strong> : V\u00e9rifiez que vous avez une connexion Internet fiable. Si n\u00e9cessaire, investissez dans un routeur portable.<\/li><li><strong>\u00c9cran anti-reflets<\/strong> : Utilisez un pare-soleil ou un \u00e9cran anti-reflets pour am\u00e9liorer la visibilit\u00e9 de votre \u00e9cran en plein jour.<\/li><\/ul>\n\n\n\n<h2><strong>4. Ne pas se laisser distraire<\/strong><\/h2>\n\n\n\n<p>Les distractions peuvent \u00eatre nombreuses en \u00e9t\u00e9, entre les invitations \u00e0 la plage, les barbecues et les activit\u00e9s en famille. Il peut \u00eatre difficile de r\u00e9sister \u00e0 la tentation. Apprenez \u00e0 dire non et \u00e0 prioriser vos t\u00e2ches professionnelles. Utilisez des techniques de gestion du temps comme le Pomodoro pour rester concentr\u00e9 et productif. Faites des plannings quotidiens des t\u00e2ches \u00e0 effectuer pour ne pas vous laisser d\u00e9passer. Une fois que vous aurez accompli vos t\u00e2ches quotidiennes, vous pourrez profiter du temps qu\u2019il vous reste pour des activit\u00e9s.<\/p>\n\n\n\n<ul><li><strong>Gestion du temps<\/strong> : Utilisez des techniques comme la m\u00e9thode Pomodoro pour structurer votre journ\u00e9e en sessions de travail intenses et pauses courtes.<\/li><li><strong>Priorisation<\/strong> : \u00c9tablissez une liste de t\u00e2ches prioritaires chaque matin pour rester concentr\u00e9 sur l&rsquo;essentiel.<\/li><li><strong>D\u00e9connexion<\/strong> : Apprenez \u00e0 dire non aux invitations sociales pendant vos heures de travail et planifiez ces activit\u00e9s en dehors de vos heures de travail.<\/li><\/ul>\n\n\n\n<h2><strong>5. Ajuster sa charge de travail<\/strong><\/h2>\n\n\n\n<p>L&rsquo;\u00e9t\u00e9 est souvent une p\u00e9riode o\u00f9 l&rsquo;activit\u00e9 professionnelle peut ralentir. <a href=\"https:\/\/www.comundi.fr\/mag-des-competences\/exercices-pratiques-pour-ameliorer-votre-gestion-du-temps-et-des-priorites\/\">Profitez de cette p\u00e9riode pour ajuster votre charge de travail, planifier des projets \u00e0 long terme ou am\u00e9liorer vos comp\u00e9tences<\/a>. Ne surchargez pas votre emploi du temps, mais utilisez ce temps pour des t\u00e2ches constructives.<\/p>\n\n\n\n<ul><li><strong>Planification<\/strong> : Utilisez cette p\u00e9riode pour planifier et organiser des projets \u00e0 long terme.<\/li><li><strong>Formation continue<\/strong> : Profitez du temps suppl\u00e9mentaire pour suivre des formations ou lire des livres professionnels.<\/li><li><strong>\u00c9quilibre<\/strong> : Adaptez votre charge de travail pour \u00e9viter le surmenage.<\/li><\/ul>\n\n\n\n<h2><strong>6. Rester connect\u00e9 avec son \u00e9quipe<\/strong><\/h2>\n\n\n\n<p>La communication avec votre \u00e9quipe est cruciale, surtout pendant l&rsquo;\u00e9t\u00e9 o\u00f9 chacun peut \u00eatre en vacances \u00e0 diff\u00e9rents moments. Organisez des r\u00e9unions r\u00e9guli\u00e8res avec les membres de l\u2019\u00e9quipe pr\u00e9sents et utilisez des outils de communication pour rester en contact. Vous maintenez ainsi une bonne coordination.<\/p>\n\n\n\n<ul><li><strong>R\u00e9unions r\u00e9guli\u00e8res<\/strong> : Planifiez des r\u00e9unions hebdomadaires ou bi-hebdomadaires pour faire le point avec votre \u00e9quipe.<\/li><li><strong>Outils de communication<\/strong> : Utilisez des outils comme Slack, Microsoft Teams ou Zoom pour rester connect\u00e9.<\/li><li><strong>Transparence<\/strong> : Soyez clair sur vos disponibilit\u00e9s et respectez celles de vos coll\u00e8gues pour \u00e9viter les malentendus.<\/li><\/ul>\n\n\n\n<h2><strong>7. Ne pas oublier de d\u00e9connecter<\/strong><\/h2>\n\n\n\n<p>Enfin, il est essentiel de savoir d\u00e9connecter. Profitez des belles journ\u00e9es estivales pour vraiment vous d\u00e9tendre apr\u00e8s votre journ\u00e9e de travail. Une bonne s\u00e9paration entre le temps de travail et le temps de repos est vitale pour \u00e9viter le burn-out et rester productif.<\/p>\n\n\n\n<ul><li><strong>Profitez de la fin de journ\u00e9e<\/strong> : les journ\u00e9es d\u2019\u00e9t\u00e9 sont longues et vous pouvez profiter de votre fin de journ\u00e9e pour faire une promenade ou une activit\u00e9 relaxante.<\/li><li><strong>Activit\u00e9s de loisirs<\/strong> : Planifiez des activit\u00e9s de loisirs en soir\u00e9e ou le week-end pour vous d\u00e9tendre.<\/li><li><strong>Techniques de relaxation<\/strong> : Pratiquez des techniques de relaxation comme la m\u00e9ditation ou le yoga pour r\u00e9duire le stress.<\/li><\/ul>\n\n\n\n<p><\/p>\n\n\n\n<p><strong>T\u00e9l\u00e9travailler pendant l&rsquo;\u00e9t\u00e9<\/strong> peut \u00eatre une exp\u00e9rience agr\u00e9able et productive si l&rsquo;on \u00e9vite certaines erreurs courantes. En adaptant votre espace de travail, en maintenant une routine et en restant disciplin\u00e9, vous pouvez profiter pleinement de l&rsquo;\u00e9t\u00e9 tout en restant efficace. N\u2019oubliez pas de prendre soin de vous et de bien vous organiser pour tirer le meilleur parti de cette saison tout en <strong>t\u00e9l\u00e9travaillant pendant l&rsquo;\u00e9t\u00e9<\/strong>.<\/p>\n","protected":false},"excerpt":{"rendered":"<p>T\u00e9l\u00e9travailler pendant l&rsquo;\u00e9t\u00e9 peut sembler idyllique, avec la possibilit\u00e9 de profiter du beau temps tout en restant productif. Cependant, cette saison apporte son lot de d\u00e9fis sp\u00e9cifiques qui peuvent impacter votre efficacit\u00e9. Pour profiter pleinement de cette p\u00e9riode tout en maintenant une performance optimale, voici les erreurs \u00e0 \u00e9viter pour bien t\u00e9l\u00e9travailler pendant l&rsquo;\u00e9t\u00e9. 1. [&hellip;]<\/p>\n","protected":false},"author":8,"featured_media":12690,"comment_status":"open","ping_status":"open","sticky":false,"template":"","format":"standard","meta":{"_mi_skip_tracking":false},"categories":[183],"yoast_head":"<!-- This site is optimized with the Yoast SEO plugin v16.1 - https:\/\/yoast.com\/wordpress\/plugins\/seo\/ -->\n<title>Nos conseils pour bien t\u00e9l\u00e9travailler pendant l&#039;\u00e9t\u00e9 - Mag des comp\u00e9tences - Comundi<\/title>\n<meta name=\"description\" content=\"Vous t\u00e9l\u00e9travaillez pendant l&#039;\u00e9t\u00e9 ? D\u00e9couvrez nos conseils pour rester productif et performant sous le soleil.\" \/>\n<meta name=\"robots\" content=\"index, follow, max-snippet:-1, max-image-preview:large, max-video-preview:-1\" \/>\n<link rel=\"canonical\" href=\"https:\/\/www.comundi.fr\/mag-des-competences\/nos-conseils-pour-bien-teletravailler-pendant-ete\/\" \/>\n<meta property=\"og:locale\" content=\"fr_FR\" \/>\n<meta property=\"og:type\" content=\"article\" \/>\n<meta property=\"og:title\" content=\"Nos conseils pour bien t\u00e9l\u00e9travailler pendant l&#039;\u00e9t\u00e9 - Mag des comp\u00e9tences - Comundi\" \/>\n<meta property=\"og:description\" content=\"Vous t\u00e9l\u00e9travaillez pendant l&#039;\u00e9t\u00e9 ? D\u00e9couvrez nos conseils pour rester productif et performant sous le soleil.\" \/>\n<meta property=\"og:url\" content=\"https:\/\/www.comundi.fr\/mag-des-competences\/nos-conseils-pour-bien-teletravailler-pendant-ete\/\" \/>\n<meta property=\"og:site_name\" content=\"Mag des comp\u00e9tences - Comundi\" \/>\n<meta property=\"article:publisher\" content=\"https:\/\/www.facebook.com\/Comundi\/?fref=ts\" \/>\n<meta property=\"article:published_time\" content=\"2024-07-18T06:50:00+00:00\" \/>\n<meta property=\"article:modified_time\" content=\"2024-07-16T12:02:44+00:00\" \/>\n<meta property=\"og:image\" content=\"https:\/\/www.comundi.fr\/mag-des-competences\/wp-content\/uploads\/2024\/07\/Bien-teletravailler-pendant-lete.jpg\" \/>\n\t<meta property=\"og:image:width\" content=\"1200\" \/>\n\t<meta property=\"og:image:height\" content=\"675\" \/>\n<meta name=\"twitter:card\" content=\"summary_large_image\" \/>\n<meta name=\"twitter:creator\" content=\"@ComundiActu\" \/>\n<meta name=\"twitter:site\" content=\"@ComundiActu\" \/>\n<meta name=\"twitter:label1\" content=\"Dur\u00e9e de lecture est.\">\n\t<meta name=\"twitter:data1\" content=\"5 minutes\">\n<script type=\"application\/ld+json\" class=\"yoast-schema-graph\">{\"@context\":\"https:\/\/schema.org\",\"@graph\":[{\"@type\":\"Organization\",\"@id\":\"https:\/\/www.comundi.fr\/mag-des-competences\/#organization\",\"name\":\"Comundi\",\"url\":\"https:\/\/www.comundi.fr\/mag-des-competences\/\",\"sameAs\":[\"https:\/\/www.facebook.com\/Comundi\/?fref=ts\",\"https:\/\/www.linkedin.com\/company\/comundi\/\",\"https:\/\/www.youtube.com\/user\/ComundiFormations\",\"https:\/\/twitter.com\/ComundiActu\"],\"logo\":{\"@type\":\"ImageObject\",\"@id\":\"https:\/\/www.comundi.fr\/mag-des-competences\/#logo\",\"inLanguage\":\"fr-FR\",\"url\":\"https:\/\/www.comundi.fr\/mag-des-competences\/wp-content\/uploads\/2018\/01\/comundi.png\",\"contentUrl\":\"https:\/\/www.comundi.fr\/mag-des-competences\/wp-content\/uploads\/2018\/01\/comundi.png\",\"width\":300,\"height\":300,\"caption\":\"Comundi\"},\"image\":{\"@id\":\"https:\/\/www.comundi.fr\/mag-des-competences\/#logo\"}},{\"@type\":\"WebSite\",\"@id\":\"https:\/\/www.comundi.fr\/mag-des-competences\/#website\",\"url\":\"https:\/\/www.comundi.fr\/mag-des-competences\/\",\"name\":\"Mag des comp\\u00e9tences - Comundi\",\"description\":\"Le magazine des m\\u00e9tiers de demain\",\"publisher\":{\"@id\":\"https:\/\/www.comundi.fr\/mag-des-competences\/#organization\"},\"potentialAction\":[{\"@type\":\"SearchAction\",\"target\":\"https:\/\/www.comundi.fr\/mag-des-competences\/?s={search_term_string}\",\"query-input\":\"required name=search_term_string\"}],\"inLanguage\":\"fr-FR\"},{\"@type\":\"ImageObject\",\"@id\":\"https:\/\/www.comundi.fr\/mag-des-competences\/nos-conseils-pour-bien-teletravailler-pendant-ete\/#primaryimage\",\"inLanguage\":\"fr-FR\",\"url\":\"https:\/\/www.comundi.fr\/mag-des-competences\/wp-content\/uploads\/2024\/07\/Bien-teletravailler-pendant-lete.jpg\",\"contentUrl\":\"https:\/\/www.comundi.fr\/mag-des-competences\/wp-content\/uploads\/2024\/07\/Bien-teletravailler-pendant-lete.jpg\",\"width\":1200,\"height\":675,\"caption\":\"Bien t\\u00e9l\\u00e9travailler pendant l'\\u00e9t\\u00e9\"},{\"@type\":\"WebPage\",\"@id\":\"https:\/\/www.comundi.fr\/mag-des-competences\/nos-conseils-pour-bien-teletravailler-pendant-ete\/#webpage\",\"url\":\"https:\/\/www.comundi.fr\/mag-des-competences\/nos-conseils-pour-bien-teletravailler-pendant-ete\/\",\"name\":\"Nos conseils pour bien t\\u00e9l\\u00e9travailler pendant l'\\u00e9t\\u00e9 - Mag des comp\\u00e9tences - Comundi\",\"isPartOf\":{\"@id\":\"https:\/\/www.comundi.fr\/mag-des-competences\/#website\"},\"primaryImageOfPage\":{\"@id\":\"https:\/\/www.comundi.fr\/mag-des-competences\/nos-conseils-pour-bien-teletravailler-pendant-ete\/#primaryimage\"},\"datePublished\":\"2024-07-18T06:50:00+00:00\",\"dateModified\":\"2024-07-16T12:02:44+00:00\",\"description\":\"Vous t\\u00e9l\\u00e9travaillez pendant l'\\u00e9t\\u00e9 ? D\\u00e9couvrez nos conseils pour rester productif et performant sous le soleil.\",\"breadcrumb\":{\"@id\":\"https:\/\/www.comundi.fr\/mag-des-competences\/nos-conseils-pour-bien-teletravailler-pendant-ete\/#breadcrumb\"},\"inLanguage\":\"fr-FR\",\"potentialAction\":[{\"@type\":\"ReadAction\",\"target\":[\"https:\/\/www.comundi.fr\/mag-des-competences\/nos-conseils-pour-bien-teletravailler-pendant-ete\/\"]}]},{\"@type\":\"BreadcrumbList\",\"@id\":\"https:\/\/www.comundi.fr\/mag-des-competences\/nos-conseils-pour-bien-teletravailler-pendant-ete\/#breadcrumb\",\"itemListElement\":[{\"@type\":\"ListItem\",\"position\":1,\"item\":{\"@type\":\"WebPage\",\"@id\":\"https:\/\/www.comundi.fr\/mag-des-competences\/\",\"url\":\"https:\/\/www.comundi.fr\/mag-des-competences\/\",\"name\":\"Accueil\"}},{\"@type\":\"ListItem\",\"position\":2,\"item\":{\"@type\":\"WebPage\",\"@id\":\"https:\/\/www.comundi.fr\/mag-des-competences\/nos-conseils-pour-bien-teletravailler-pendant-ete\/\",\"url\":\"https:\/\/www.comundi.fr\/mag-des-competences\/nos-conseils-pour-bien-teletravailler-pendant-ete\/\",\"name\":\"Nos conseils pour bien t\\u00e9l\\u00e9travailler pendant l&rsquo;\\u00e9t\\u00e9\"}}]},{\"@type\":\"Article\",\"@id\":\"https:\/\/www.comundi.fr\/mag-des-competences\/nos-conseils-pour-bien-teletravailler-pendant-ete\/#article\",\"isPartOf\":{\"@id\":\"https:\/\/www.comundi.fr\/mag-des-competences\/nos-conseils-pour-bien-teletravailler-pendant-ete\/#webpage\"},\"author\":{\"@id\":\"https:\/\/www.comundi.fr\/mag-des-competences\/#\/schema\/person\/d08f5c2cf9de6fcfd33c30314745578e\"},\"headline\":\"Nos conseils pour bien t\\u00e9l\\u00e9travailler pendant l&rsquo;\\u00e9t\\u00e9\",\"datePublished\":\"2024-07-18T06:50:00+00:00\",\"dateModified\":\"2024-07-16T12:02:44+00:00\",\"mainEntityOfPage\":{\"@id\":\"https:\/\/www.comundi.fr\/mag-des-competences\/nos-conseils-pour-bien-teletravailler-pendant-ete\/#webpage\"},\"commentCount\":0,\"publisher\":{\"@id\":\"https:\/\/www.comundi.fr\/mag-des-competences\/#organization\"},\"image\":{\"@id\":\"https:\/\/www.comundi.fr\/mag-des-competences\/nos-conseils-pour-bien-teletravailler-pendant-ete\/#primaryimage\"},\"articleSection\":\"Efficacit\\u00e9 professionnelle\",\"inLanguage\":\"fr-FR\",\"potentialAction\":[{\"@type\":\"CommentAction\",\"name\":\"Comment\",\"target\":[\"https:\/\/www.comundi.fr\/mag-des-competences\/nos-conseils-pour-bien-teletravailler-pendant-ete\/#respond\"]}]},{\"@type\":\"Person\",\"@id\":\"https:\/\/www.comundi.fr\/mag-des-competences\/#\/schema\/person\/d08f5c2cf9de6fcfd33c30314745578e\",\"name\":\"Comundi\",\"image\":{\"@type\":\"ImageObject\",\"@id\":\"https:\/\/www.comundi.fr\/mag-des-competences\/#personlogo\",\"inLanguage\":\"fr-FR\",\"url\":\"https:\/\/secure.gravatar.com\/avatar\/da2835ae7b2c1279e8e897d242f4cda6?s=96&d=mm&r=g\",\"contentUrl\":\"https:\/\/secure.gravatar.com\/avatar\/da2835ae7b2c1279e8e897d242f4cda6?s=96&d=mm&r=g\",\"caption\":\"Comundi\"}}]}<\/script>\n<!-- \/ Yoast SEO plugin. -->","amp_enabled":true,"_links":{"self":[{"href":"https:\/\/www.comundi.fr\/mag-des-competences\/wp-json\/wp\/v2\/posts\/12688"}],"collection":[{"href":"https:\/\/www.comundi.fr\/mag-des-competences\/wp-json\/wp\/v2\/posts"}],"about":[{"href":"https:\/\/www.comundi.fr\/mag-des-competences\/wp-json\/wp\/v2\/types\/post"}],"author":[{"embeddable":true,"href":"https:\/\/www.comundi.fr\/mag-des-competences\/wp-json\/wp\/v2\/users\/8"}],"replies":[{"embeddable":true,"href":"https:\/\/www.comundi.fr\/mag-des-competences\/wp-json\/wp\/v2\/comments?post=12688"}],"version-history":[{"count":2,"href":"https:\/\/www.comundi.fr\/mag-des-competences\/wp-json\/wp\/v2\/posts\/12688\/revisions"}],"predecessor-version":[{"id":12693,"href":"https:\/\/www.comundi.fr\/mag-des-competences\/wp-json\/wp\/v2\/posts\/12688\/revisions\/12693"}],"wp:featuredmedia":[{"embeddable":true,"href":"https:\/\/www.comundi.fr\/mag-des-competences\/wp-json\/wp\/v2\/media\/12690"}],"wp:attachment":[{"href":"https:\/\/www.comundi.fr\/mag-des-competences\/wp-json\/wp\/v2\/media?parent=12688"}],"wp:term":[{"taxonomy":"category","embeddable":true,"href":"https:\/\/www.comundi.fr\/mag-des-competences\/wp-json\/wp\/v2\/categories?post=12688"}],"curies":[{"name":"wp","href":"https:\/\/api.w.org\/{rel}","templated":true}]}}