{"id":12678,"date":"2024-08-08T08:50:00","date_gmt":"2024-08-08T06:50:00","guid":{"rendered":"https:\/\/www.comundi.fr\/mag-des-competences\/?p=12678"},"modified":"2024-07-11T15:49:23","modified_gmt":"2024-07-11T13:49:23","slug":"sexprimer-avec-diplomatie-au-travail","status":"publish","type":"post","link":"https:\/\/www.comundi.fr\/mag-des-competences\/sexprimer-avec-diplomatie-au-travail\/","title":{"rendered":"S&rsquo;exprimer avec diplomatie au travail"},"content":{"rendered":"\n<p>Dans le monde professionnel, la communication est une comp\u00e9tence essentielle qui va bien au-del\u00e0 de la simple transmission d&rsquo;informations. <strong>Savoir exprimer ses id\u00e9es <\/strong>de mani\u00e8re claire, mais aussi diplomate, est un atout majeur pour d\u00e9velopper des relations harmonieuses et productives au sein d&rsquo;une entreprise. Que ce soit lors de r\u00e9unions, dans les interactions quotidiennes avec les coll\u00e8gues ou lors de n\u00e9gociations avec des clients, <strong><a href=\"https:\/\/www.comundi.fr\/mag-des-competences\/communiquer-avec-tact-souplesse-diplomatie\/\">la diplomatie dans la communication<\/a><\/strong> peut faire toute la diff\u00e9rence entre une collaboration fructueuse et des conflits inutiles.<\/p>\n\n\n\n<h2 id=\"isPasted\">S&rsquo;adapter \u00e0 l&rsquo;autre pour communiquer avec souplesse et diplomatie<\/h2>\n\n\n\n<p id=\"isPasted\">L&rsquo;une des cl\u00e9s fondamentales pour<strong> s&rsquo;exprimer avec diplomatie au travail<\/strong> est la capacit\u00e9 \u00e0 s&rsquo;adapter \u00e0 son interlocuteur. Chaque personne a son propre style de communication, ses pr\u00e9f\u00e9rences et ses sensibilit\u00e9s. Ainsi, pour \u00e9viter les conflits et favoriser une <strong>communication efficace<\/strong>, il est essentiel de reconna\u00eetre et de respecter ces diff\u00e9rences.<\/p>\n\n\n\n<p>L&rsquo;\u00e9coute active joue un r\u00f4le crucial dans cette adaptation. En pr\u00eatant attention aux besoins et aux signaux verbaux et non verbaux de l&rsquo;autre, on peut ajuster son discours et sa mani\u00e8re de s&rsquo;exprimer pour \u00eatre plus en phase avec son interlocuteur. Par exemple, si l&rsquo;on remarque une certaine r\u00e9ticence ou une \u00e9motion particuli\u00e8re chez notre coll\u00e8gue ou notre sup\u00e9rieur lors d&rsquo;une conversation, il est important d&rsquo;<strong>adapter notre discours <\/strong>et notre comportement en cons\u00e9quence, en adoptant une approche plus douce et empathique.<\/p>\n\n\n\n<p>De m\u00eame, il est n\u00e9cessaire de prendre en compte le contexte et la situation dans laquelle se d\u00e9roule la communication. Parfois, il peut \u00eatre judicieux de diff\u00e9rer une conversation d\u00e9licate \u00e0 un moment plus propice ou de choisir un lieu plus neutre pour aborder un sujet sensible. Cette capacit\u00e9 \u00e0 choisir le bon moment et le bon endroit pour communiquer peut grandement influencer la r\u00e9ceptivit\u00e9 de notre interlocuteur et contribuer \u00e0 d\u00e9samorcer les tensions.<\/p>\n\n\n\n<p>Enfin, il est essentiel de conna\u00eetre et de comprendre le point de vue de l&rsquo;autre. En se mettant \u00e0 sa place et en essayant de voir les choses de son point de vue, on peut enrichir la communication et favoriser un dialogue constructif. Cette empathie et cette capacit\u00e9 \u00e0 prendre en consid\u00e9ration les opinions et les sentiments de l&rsquo;autre sont au c\u0153ur de la diplomatie dans la communication professionnelle.<\/p>\n\n\n\n<h2>Le tact : cl\u00e9 de la communication diplomatique<\/h2>\n\n\n\n<p id=\"isPasted\">Dans le monde professionnel, le tact est une qualit\u00e9 pr\u00e9cieuse qui peut faire toute la diff\u00e9rence dans la fa\u00e7on dont nous communiquons avec nos coll\u00e8gues, sup\u00e9rieurs, et subordonn\u00e9s. <a href=\"https:\/\/www.comundi.fr\/mag-des-competences\/communiquer-avec-tact-les-5-erreurs-a-eviter-pour-bien-communiquer\/\">Le tact consiste \u00e0 exprimer ses opinions et \u00e0 <strong>dire les choses de mani\u00e8re respectueuse<\/strong> et d\u00e9licate<\/a>, tout en tenant compte des sentiments et des opinions de l&rsquo;autre.<\/p>\n\n\n\n<p>Une \u00e9tude r\u00e9alis\u00e9e par le Harvard Business Review a r\u00e9v\u00e9l\u00e9 que <a href=\"https:\/\/www.comundi.fr\/mag-des-competences\/comment-faire-preuve-de-diplomatie-avec-ses-collegues\/\">le manque de tact est souvent per\u00e7u comme l&rsquo;une des principales raisons des conflits interpersonnels au travail.<\/a> En effet, lorsque les individus se sentent ignor\u00e9s, critiqu\u00e9s ou maltrait\u00e9s dans leurs interactions professionnelles, cela peut rapidement engendrer des tensions et des d\u00e9saccords.<\/p>\n\n\n\n<p>Le tact implique \u00e9galement la capacit\u00e9 \u00e0 choisir les bons mots et le bon moment pour aborder un sujet d\u00e9licat. Par exemple, au lieu de critiquer directement le travail d&rsquo;un coll\u00e8gue lors d&rsquo;une r\u00e9union publique, il peut \u00eatre plus appropri\u00e9 de lui donner des commentaires constructifs en priv\u00e9, de mani\u00e8re \u00e0 \u00e9viter de le mettre mal \u00e0 l&rsquo;aise ou de lui causer de l&#8217;embarras devant ses pairs.<\/p>\n\n\n\n<p>Une communication authentique et empathique est \u00e9galement essentielle pour <strong>faire preuve de tact<\/strong>. Il est important de reconna\u00eetre les \u00e9motions et les pr\u00e9occupations de l&rsquo;autre, et d&rsquo;adapter notre discours en cons\u00e9quence. Par exemple, si un coll\u00e8gue exprime des inqui\u00e9tudes quant \u00e0 un projet en cours, il est important de lui montrer que ses pr\u00e9occupations sont entendues et prises au s\u00e9rieux, m\u00eame si nous ne partageons pas n\u00e9cessairement le m\u00eame point de vue.<\/p>\n\n\n\n<h2>Les paradoxes de la diplomatie au travail<\/h2>\n\n\n\n<p id=\"isPasted\">Travailler dans un environnement professionnel exige souvent une navigation subtile \u00e0 travers des paradoxes. L&rsquo;un de ces d\u00e9fis r\u00e9side dans l&rsquo;\u00e9quilibre d\u00e9licat entre<strong> exprimer ses opinions de mani\u00e8re authentique<\/strong> et maintenir des relations harmonieuses gr\u00e2ce \u00e0 la diplomatie.<\/p>\n\n\n\n<p>Prenons l&rsquo;exemple d&rsquo;une r\u00e9union d&rsquo;\u00e9quipe o\u00f9 une d\u00e9cision importante doit \u00eatre prise. D&rsquo;un c\u00f4t\u00e9, il est crucial de pouvoir exprimer son point de vue de mani\u00e8re claire et assertive, afin de contribuer efficacement au processus d\u00e9cisionnel. D&rsquo;un autre c\u00f4t\u00e9, <a href=\"https:\/\/www.comundi.fr\/mag-des-competences\/des-cles-pour-mieux-communiquer-1-decoder-les-signaux-de-ses-interlocuteurs\/\">il est tout aussi important de <strong>savoir \u00e9couter les opinions<\/strong> des autres et de travailler de mani\u00e8re collaborative pour \u00e9viter les conflits et favoriser un consensus<\/a>.<\/p>\n\n\n\n<p>Un autre paradoxe auquel de nombreux professionnels sont confront\u00e9s est celui de la gestion des d\u00e9saccords. Alors qu&rsquo;il est essentiel d&rsquo;\u00eatre capable de d\u00e9fendre ses id\u00e9es et de r\u00e9pondre aux critiques de mani\u00e8re constructive, il est \u00e9galement important de savoir accepter les opinions divergentes et de maintenir des relations positives avec ses coll\u00e8gues.<\/p>\n\n\n\n<p>Vivre avec ces paradoxes peut parfois \u00eatre difficile, mais c&rsquo;est aussi ce qui rend le milieu professionnel si riche et stimulant. En apprenant \u00e0 naviguer avec \u00e9l\u00e9gance entre l&rsquo;assertivit\u00e9 et la diplomatie, les professionnels peuvent d\u00e9velopper des relations de confiance avec leurs coll\u00e8gues et contribuer de mani\u00e8re significative \u00e0 la r\u00e9ussite de leur entreprise.<\/p>\n\n\n\n<h2>Comment s&rsquo;affirmer de mani\u00e8re respectueuse ?<\/h2>\n\n\n\n<p id=\"isPasted\">S&rsquo;affirmer de mani\u00e8re respectueuse au travail est une comp\u00e9tence essentielle pour <a href=\"https:\/\/www.comundi.fr\/mag-des-competences\/cultiver-la-qualite-relationnelle-au-travail-comment-creer-des-relations-positives-et-productives\/\">d\u00e9velopper des <strong>relations professionnelles saines et productives<\/strong>. <\/a>Cela implique d&rsquo;<strong>exprimer ses opinions<\/strong>, ses id\u00e9es et ses besoins de mani\u00e8re claire et directe, tout en tenant compte des sentiments et des opinions des autres.<\/p>\n\n\n\n<p>Une des <a href=\"https:\/\/www.comundi.fr\/mag-des-competences\/4-points-cles-pour-apprendre-a-saffirmer\/\">techniques cl\u00e9s pour s&rsquo;affirmer <\/a>de mani\u00e8re respectueuse est d&rsquo;utiliser un langage positif et constructif. Plut\u00f4t que de critiquer ou de bl\u00e2mer, il est pr\u00e9f\u00e9rable de formuler ses remarques de mani\u00e8re \u00e0 encourager la collaboration et la r\u00e9solution de probl\u00e8mes. Par exemple, au lieu de dire \u00ab\u00a0Tu as fait une erreur\u00a0\u00bb, on peut dire \u00ab\u00a0Voici ce qui peut \u00eatre am\u00e9lior\u00e9 pour atteindre nos objectifs\u00a0\u00bb.<\/p>\n\n\n\n<p>Il est \u00e9galement important de choisir le bon moment et le bon lieu pour s&rsquo;exprimer. Aborder des sujets d\u00e9licats lors d&rsquo;une r\u00e9union d&rsquo;\u00e9quipe ou en pr\u00e9sence de coll\u00e8gues peut \u00eatre inappropri\u00e9 et contre-productif. Il est souvent plus efficace de prendre rendez-vous en t\u00eate-\u00e0-t\u00eate avec la personne concern\u00e9e pour discuter de la situation de mani\u00e8re confidentielle.<\/p>\n\n\n\n<p>En outre, il est crucial de rester \u00e0 l&rsquo;\u00e9coute et ouvert aux r\u00e9actions des autres. S&rsquo;affirmer ne signifie pas ignorer ou rejeter les opinions diff\u00e9rentes. Au contraire, cela implique d&rsquo;\u00eatre ouvert au dialogue et pr\u00eat \u00e0 \u00e9couter les points de vue divergents avec empathie et respect.<\/p>\n\n\n\n<p>Enfin, pratiquer la <a href=\"https:\/\/www.comundi.fr\/mag-des-competences\/intelligence-emotionnelle-quelle-est-son-utilite-en-entreprise\/\">gestion \u00e9motionnelle<\/a> est essentielle pour s&rsquo;affirmer de mani\u00e8re respectueuse. Cela implique de rester calme et ma\u00eetre de ses \u00e9motions, m\u00eame dans des situations tendues ou conflictuelles. En gardant le contr\u00f4le de soi, on \u00e9vite les d\u00e9rapages et on favorise des \u00e9changes constructifs.<\/p>\n\n\n\n<h2>Garder le contr\u00f4le de soi pour \u00e9viter les d\u00e9rapages et sortir des situations difficiles<\/h2>\n\n\n\n<p id=\"isPasted\">Dans le tumulte de la vie professionnelle, il est parfois facile de perdre son sang-froid et de r\u00e9agir de mani\u00e8re impulsive face \u00e0 des situations stressantes ou conflictuelles. Cependant, garder le contr\u00f4le de soi est essentiel pour <a href=\"https:\/\/www.comundi.fr\/mag-des-competences\/les-competences-relationnelles-un-atout-indispensable-en-entreprise\/\">maintenir des relations professionnelles positives<\/a> et \u00e9viter les d\u00e9rapages qui pourraient compromettre notre efficacit\u00e9 et notre r\u00e9putation au travail.<\/p>\n\n\n\n<p>L&rsquo;une des premi\u00e8res \u00e9tapes pour garder le contr\u00f4le de soi est de reconna\u00eetre les <a href=\"https:\/\/www.comundi.fr\/mag-des-competences\/yoga-tai-chi-shiatsu-quelle-pratique-pour-mieux-gerer-son-stress-au-travail\/\">signes de stress et d&rsquo;agitation<\/a>. Cela peut inclure une respiration rapide, une tension musculaire ou des pens\u00e9es n\u00e9gatives. Une fois que l&rsquo;on est conscient de ces signaux, on peut mettre en place des strat\u00e9gies pour les g\u00e9rer de mani\u00e8re efficace. Par exemple, la pratique de techniques de relaxation, comme la respiration profonde ou la m\u00e9ditation, peut aider \u00e0 calmer l&rsquo;esprit et \u00e0 r\u00e9duire le stress.<\/p>\n\n\n\n<p>Il est \u00e9galement important de prendre du recul et d&rsquo;\u00e9valuer la situation de mani\u00e8re objective. Plut\u00f4t que de r\u00e9agir impulsivement, prenez le temps de consid\u00e9rer les diff\u00e9rents points de vue et les options disponibles. Cela peut vous aider \u00e0 formuler une r\u00e9ponse plus r\u00e9fl\u00e9chie et appropri\u00e9e \u00e0 la situation.<\/p>\n\n\n\n<p>La communication assertive est \u00e9galement un outil puissant pour garder le contr\u00f4le de soi dans les situations difficiles. En exprimant clairement vos besoins et vos limites de mani\u00e8re respectueuse, vous pouvez \u00e9viter les conflits inutiles et trouver des solutions mutuellement b\u00e9n\u00e9fiques. Par exemple, au lieu de r\u00e9agir de mani\u00e8re agressive \u00e0 une critique injuste, essayez de reformuler la situation de mani\u00e8re constructive et de proposer des solutions pour r\u00e9soudre le probl\u00e8me.<\/p>\n\n\n\n<p>Enfin, n&rsquo;ayez pas peur de demander de l&rsquo;aide si n\u00e9cessaire. <a href=\"https:\/\/www.comundi.fr\/mag-des-competences\/nos-5-conseils-pour-prendre-des-decisions-optimales-en-periode-de-stress\/\">G\u00e9rer seul des situations stressantes <\/a>peut \u00eatre \u00e9puisant et contre-productif. En sollicitant le soutien de vos coll\u00e8gues, de votre manager ou d&rsquo;un professionnel de la sant\u00e9 mentale, vous pouvez obtenir les conseils et le soutien dont vous avez besoin pour faire face aux d\u00e9fis de mani\u00e8re efficace.<\/p>\n\n\n\n<h2>Conseils pour parler avec diplomatie<\/h2>\n\n\n\n<p id=\"isPasted\"><strong>Parler avec diplomatie au travail<\/strong> peut \u00eatre un d\u00e9fi, mais c&rsquo;est une comp\u00e9tence essentielle pour maintenir des relations professionnelles harmonieuses et productives. Voici quelques conseils pratiques pour vous aider \u00e0 am\u00e9liorer votre capacit\u00e9 \u00e0 <strong>communiquer avec diplomatie<\/strong> :<\/p>\n\n\n\n<ol><li><strong>\u00c9coutez activement<\/strong> : Avant de formuler votre r\u00e9ponse, prenez le temps d&rsquo;\u00e9couter attentivement ce que l&rsquo;autre personne a \u00e0 dire. Faites preuve d&#8217;empathie et montrez que vous comprenez son point de vue.<\/li><li><strong>Choisissez vos mots avec soin<\/strong> : Utilisez un langage respectueux et non accusateur. \u00c9vitez les termes agressifs ou condescendants qui pourraient blesser les sentiments de l&rsquo;autre personne.<\/li><li><strong>Soyez clair et pr\u00e9cis<\/strong> : Exprimez vos id\u00e9es de mani\u00e8re concise et directe, sans ambigu\u00eft\u00e9. Utilisez des exemples concrets pour illustrer vos propos et rendre votre message plus compr\u00e9hensible.<\/li><li><strong>Favorisez le dialogue<\/strong> : Encouragez la discussion ouverte et constructive en posant des questions ouvertes et en invitant l&rsquo;autre personne \u00e0 partager son point de vue. Soyez ouvert aux critiques et aux suggestions d&rsquo;am\u00e9lioration.<\/li><li><strong>Restez calme et ma\u00eetre de vous-m\u00eame<\/strong> : Gardez votre sang-froid, m\u00eame dans les situations tendues ou conflictuelles. Respirez profond\u00e9ment et prenez quelques instants pour vous calmer avant de r\u00e9pondre.<\/li><li><strong>Reformulez et clarifiez si n\u00e9cessaire<\/strong> : Si vous remarquez un malentendu ou une confusion, n&rsquo;h\u00e9sitez pas \u00e0 reformuler vos propos pour vous assurer que votre message est bien compris. Soyez patient et pr\u00eat \u00e0 expliquer davantage si n\u00e9cessaire.<\/li><li><strong>\u00c9vitez les jugements et les critiques personnelles<\/strong> : Concentrez-vous sur les comportements ou les actions sp\u00e9cifiques plut\u00f4t que sur la personne elle-m\u00eame. Restez objectif et constructif dans vos commentaires.<\/li><\/ol>\n\n\n\n<p>En suivant ces conseils, vous serez mieux \u00e9quip\u00e9 pour <strong>parler avec diplomatie au travail <\/strong>et g\u00e9rer les situations d\u00e9licates de mani\u00e8re efficace et respectueuse. La pratique r\u00e9guli\u00e8re de ces techniques vous permettra de renforcer vos comp\u00e9tences en communication et de favoriser un environnement de travail positif et collaboratif.<\/p>\n\n\n\n<p>Si vous souhaitez am\u00e9liorer vos <strong>comp\u00e9tences en diplomatie<\/strong>, une excellente option est de vous inscrire \u00e0 la <a href=\"https:\/\/www.comundi.fr\/formations\/formation-communiquer-avec-tact-et-diplomatie.html\" target=\"_blank\" rel=\"noreferrer noopener\">Formation : Communiquer avec tact et diplomatie<\/a> propos\u00e9e par Comundi. Cette formation offre une opportunit\u00e9 d&rsquo;am\u00e9liorer votre capacit\u00e9 \u00e0 agir avec les autres sans offenser pour <strong>s&rsquo;exprimer avec diplomatie<\/strong> dans un environnement professionnel. Gr\u00e2ce \u00e0 des sessions p\u00e9dagogiques et des exercices pratiques, vous pourrez d\u00e9velopper vos <strong>comp\u00e9tences en communication interpersonnelle<\/strong> et renforcer votre capacit\u00e9 \u00e0 g\u00e9rer les situations d\u00e9licates avec tact et assurance.<\/p>\n","protected":false},"excerpt":{"rendered":"<p>Dans le monde professionnel, la communication est une comp\u00e9tence essentielle qui va bien au-del\u00e0 de la simple transmission d&rsquo;informations. Savoir exprimer ses id\u00e9es de mani\u00e8re claire, mais aussi diplomate, est un atout majeur pour d\u00e9velopper des relations harmonieuses et productives au sein d&rsquo;une entreprise. Que ce soit lors de r\u00e9unions, dans les interactions quotidiennes avec [&hellip;]<\/p>\n","protected":false},"author":8,"featured_media":12679,"comment_status":"open","ping_status":"open","sticky":false,"template":"","format":"standard","meta":{"_mi_skip_tracking":false},"categories":[185,183],"yoast_head":"<!-- This site is optimized with the Yoast SEO plugin v16.1 - https:\/\/yoast.com\/wordpress\/plugins\/seo\/ -->\n<title>S&#039;exprimer avec diplomatie au travail - Mag des comp\u00e9tences - Comundi<\/title>\n<meta name=\"description\" content=\"D\u00e9couvrez comment exprimer vos id\u00e9es et critiques de mani\u00e8re constructive et respectueuse. Acqu\u00e9rez les comp\u00e9tences pour influencer avec subtilit\u00e9 et gagner en cr\u00e9dibilit\u00e9 professionnelle.\" \/>\n<meta name=\"robots\" content=\"index, follow, max-snippet:-1, max-image-preview:large, max-video-preview:-1\" \/>\n<link rel=\"canonical\" href=\"https:\/\/www.comundi.fr\/mag-des-competences\/sexprimer-avec-diplomatie-au-travail\/\" \/>\n<meta property=\"og:locale\" content=\"fr_FR\" \/>\n<meta property=\"og:type\" content=\"article\" \/>\n<meta property=\"og:title\" content=\"S&#039;exprimer avec diplomatie au travail - Mag des comp\u00e9tences - Comundi\" \/>\n<meta property=\"og:description\" content=\"D\u00e9couvrez comment exprimer vos id\u00e9es et critiques de mani\u00e8re constructive et respectueuse. Acqu\u00e9rez les comp\u00e9tences pour influencer avec subtilit\u00e9 et gagner en cr\u00e9dibilit\u00e9 professionnelle.\" \/>\n<meta property=\"og:url\" content=\"https:\/\/www.comundi.fr\/mag-des-competences\/sexprimer-avec-diplomatie-au-travail\/\" \/>\n<meta property=\"og:site_name\" content=\"Mag des comp\u00e9tences - Comundi\" \/>\n<meta property=\"article:publisher\" content=\"https:\/\/www.facebook.com\/Comundi\/?fref=ts\" \/>\n<meta property=\"article:published_time\" content=\"2024-08-08T06:50:00+00:00\" \/>\n<meta property=\"article:modified_time\" content=\"2024-07-11T13:49:23+00:00\" \/>\n<meta property=\"og:image\" content=\"https:\/\/www.comundi.fr\/mag-des-competences\/wp-content\/uploads\/2024\/07\/Sexprimer-avec-diplomatie-au-travail.jpg\" \/>\n\t<meta property=\"og:image:width\" content=\"1200\" \/>\n\t<meta property=\"og:image:height\" content=\"675\" \/>\n<meta name=\"twitter:card\" content=\"summary_large_image\" \/>\n<meta name=\"twitter:creator\" content=\"@ComundiActu\" \/>\n<meta name=\"twitter:site\" content=\"@ComundiActu\" \/>\n<meta name=\"twitter:label1\" content=\"Dur\u00e9e de lecture est.\">\n\t<meta name=\"twitter:data1\" content=\"8 minutes\">\n<script type=\"application\/ld+json\" class=\"yoast-schema-graph\">{\"@context\":\"https:\/\/schema.org\",\"@graph\":[{\"@type\":\"Organization\",\"@id\":\"https:\/\/www.comundi.fr\/mag-des-competences\/#organization\",\"name\":\"Comundi\",\"url\":\"https:\/\/www.comundi.fr\/mag-des-competences\/\",\"sameAs\":[\"https:\/\/www.facebook.com\/Comundi\/?fref=ts\",\"https:\/\/www.linkedin.com\/company\/comundi\/\",\"https:\/\/www.youtube.com\/user\/ComundiFormations\",\"https:\/\/twitter.com\/ComundiActu\"],\"logo\":{\"@type\":\"ImageObject\",\"@id\":\"https:\/\/www.comundi.fr\/mag-des-competences\/#logo\",\"inLanguage\":\"fr-FR\",\"url\":\"https:\/\/www.comundi.fr\/mag-des-competences\/wp-content\/uploads\/2018\/01\/comundi.png\",\"contentUrl\":\"https:\/\/www.comundi.fr\/mag-des-competences\/wp-content\/uploads\/2018\/01\/comundi.png\",\"width\":300,\"height\":300,\"caption\":\"Comundi\"},\"image\":{\"@id\":\"https:\/\/www.comundi.fr\/mag-des-competences\/#logo\"}},{\"@type\":\"WebSite\",\"@id\":\"https:\/\/www.comundi.fr\/mag-des-competences\/#website\",\"url\":\"https:\/\/www.comundi.fr\/mag-des-competences\/\",\"name\":\"Mag des comp\\u00e9tences - Comundi\",\"description\":\"Le magazine des m\\u00e9tiers de demain\",\"publisher\":{\"@id\":\"https:\/\/www.comundi.fr\/mag-des-competences\/#organization\"},\"potentialAction\":[{\"@type\":\"SearchAction\",\"target\":\"https:\/\/www.comundi.fr\/mag-des-competences\/?s={search_term_string}\",\"query-input\":\"required name=search_term_string\"}],\"inLanguage\":\"fr-FR\"},{\"@type\":\"ImageObject\",\"@id\":\"https:\/\/www.comundi.fr\/mag-des-competences\/sexprimer-avec-diplomatie-au-travail\/#primaryimage\",\"inLanguage\":\"fr-FR\",\"url\":\"https:\/\/www.comundi.fr\/mag-des-competences\/wp-content\/uploads\/2024\/07\/Sexprimer-avec-diplomatie-au-travail.jpg\",\"contentUrl\":\"https:\/\/www.comundi.fr\/mag-des-competences\/wp-content\/uploads\/2024\/07\/Sexprimer-avec-diplomatie-au-travail.jpg\",\"width\":1200,\"height\":675,\"caption\":\"S'exprimer avec diplomatie au travail\"},{\"@type\":\"WebPage\",\"@id\":\"https:\/\/www.comundi.fr\/mag-des-competences\/sexprimer-avec-diplomatie-au-travail\/#webpage\",\"url\":\"https:\/\/www.comundi.fr\/mag-des-competences\/sexprimer-avec-diplomatie-au-travail\/\",\"name\":\"S'exprimer avec diplomatie au travail - Mag des comp\\u00e9tences - Comundi\",\"isPartOf\":{\"@id\":\"https:\/\/www.comundi.fr\/mag-des-competences\/#website\"},\"primaryImageOfPage\":{\"@id\":\"https:\/\/www.comundi.fr\/mag-des-competences\/sexprimer-avec-diplomatie-au-travail\/#primaryimage\"},\"datePublished\":\"2024-08-08T06:50:00+00:00\",\"dateModified\":\"2024-07-11T13:49:23+00:00\",\"description\":\"D\\u00e9couvrez comment exprimer vos id\\u00e9es et critiques de mani\\u00e8re constructive et respectueuse. Acqu\\u00e9rez les comp\\u00e9tences pour influencer avec subtilit\\u00e9 et gagner en cr\\u00e9dibilit\\u00e9 professionnelle.\",\"breadcrumb\":{\"@id\":\"https:\/\/www.comundi.fr\/mag-des-competences\/sexprimer-avec-diplomatie-au-travail\/#breadcrumb\"},\"inLanguage\":\"fr-FR\",\"potentialAction\":[{\"@type\":\"ReadAction\",\"target\":[\"https:\/\/www.comundi.fr\/mag-des-competences\/sexprimer-avec-diplomatie-au-travail\/\"]}]},{\"@type\":\"BreadcrumbList\",\"@id\":\"https:\/\/www.comundi.fr\/mag-des-competences\/sexprimer-avec-diplomatie-au-travail\/#breadcrumb\",\"itemListElement\":[{\"@type\":\"ListItem\",\"position\":1,\"item\":{\"@type\":\"WebPage\",\"@id\":\"https:\/\/www.comundi.fr\/mag-des-competences\/\",\"url\":\"https:\/\/www.comundi.fr\/mag-des-competences\/\",\"name\":\"Accueil\"}},{\"@type\":\"ListItem\",\"position\":2,\"item\":{\"@type\":\"WebPage\",\"@id\":\"https:\/\/www.comundi.fr\/mag-des-competences\/sexprimer-avec-diplomatie-au-travail\/\",\"url\":\"https:\/\/www.comundi.fr\/mag-des-competences\/sexprimer-avec-diplomatie-au-travail\/\",\"name\":\"S&rsquo;exprimer avec diplomatie au travail\"}}]},{\"@type\":\"Article\",\"@id\":\"https:\/\/www.comundi.fr\/mag-des-competences\/sexprimer-avec-diplomatie-au-travail\/#article\",\"isPartOf\":{\"@id\":\"https:\/\/www.comundi.fr\/mag-des-competences\/sexprimer-avec-diplomatie-au-travail\/#webpage\"},\"author\":{\"@id\":\"https:\/\/www.comundi.fr\/mag-des-competences\/#\/schema\/person\/d08f5c2cf9de6fcfd33c30314745578e\"},\"headline\":\"S&rsquo;exprimer avec diplomatie au travail\",\"datePublished\":\"2024-08-08T06:50:00+00:00\",\"dateModified\":\"2024-07-11T13:49:23+00:00\",\"mainEntityOfPage\":{\"@id\":\"https:\/\/www.comundi.fr\/mag-des-competences\/sexprimer-avec-diplomatie-au-travail\/#webpage\"},\"commentCount\":1,\"publisher\":{\"@id\":\"https:\/\/www.comundi.fr\/mag-des-competences\/#organization\"},\"image\":{\"@id\":\"https:\/\/www.comundi.fr\/mag-des-competences\/sexprimer-avec-diplomatie-au-travail\/#primaryimage\"},\"articleSection\":\"D\\u00e9veloppement personnel,Efficacit\\u00e9 professionnelle\",\"inLanguage\":\"fr-FR\",\"potentialAction\":[{\"@type\":\"CommentAction\",\"name\":\"Comment\",\"target\":[\"https:\/\/www.comundi.fr\/mag-des-competences\/sexprimer-avec-diplomatie-au-travail\/#respond\"]}]},{\"@type\":\"Person\",\"@id\":\"https:\/\/www.comundi.fr\/mag-des-competences\/#\/schema\/person\/d08f5c2cf9de6fcfd33c30314745578e\",\"name\":\"Comundi\",\"image\":{\"@type\":\"ImageObject\",\"@id\":\"https:\/\/www.comundi.fr\/mag-des-competences\/#personlogo\",\"inLanguage\":\"fr-FR\",\"url\":\"https:\/\/secure.gravatar.com\/avatar\/da2835ae7b2c1279e8e897d242f4cda6?s=96&d=mm&r=g\",\"contentUrl\":\"https:\/\/secure.gravatar.com\/avatar\/da2835ae7b2c1279e8e897d242f4cda6?s=96&d=mm&r=g\",\"caption\":\"Comundi\"}}]}<\/script>\n<!-- \/ Yoast SEO plugin. -->","amp_enabled":true,"_links":{"self":[{"href":"https:\/\/www.comundi.fr\/mag-des-competences\/wp-json\/wp\/v2\/posts\/12678"}],"collection":[{"href":"https:\/\/www.comundi.fr\/mag-des-competences\/wp-json\/wp\/v2\/posts"}],"about":[{"href":"https:\/\/www.comundi.fr\/mag-des-competences\/wp-json\/wp\/v2\/types\/post"}],"author":[{"embeddable":true,"href":"https:\/\/www.comundi.fr\/mag-des-competences\/wp-json\/wp\/v2\/users\/8"}],"replies":[{"embeddable":true,"href":"https:\/\/www.comundi.fr\/mag-des-competences\/wp-json\/wp\/v2\/comments?post=12678"}],"version-history":[{"count":4,"href":"https:\/\/www.comundi.fr\/mag-des-competences\/wp-json\/wp\/v2\/posts\/12678\/revisions"}],"predecessor-version":[{"id":12687,"href":"https:\/\/www.comundi.fr\/mag-des-competences\/wp-json\/wp\/v2\/posts\/12678\/revisions\/12687"}],"wp:featuredmedia":[{"embeddable":true,"href":"https:\/\/www.comundi.fr\/mag-des-competences\/wp-json\/wp\/v2\/media\/12679"}],"wp:attachment":[{"href":"https:\/\/www.comundi.fr\/mag-des-competences\/wp-json\/wp\/v2\/media?parent=12678"}],"wp:term":[{"taxonomy":"category","embeddable":true,"href":"https:\/\/www.comundi.fr\/mag-des-competences\/wp-json\/wp\/v2\/categories?post=12678"}],"curies":[{"name":"wp","href":"https:\/\/api.w.org\/{rel}","templated":true}]}}