{"id":12650,"date":"2024-07-09T08:50:00","date_gmt":"2024-07-09T06:50:00","guid":{"rendered":"https:\/\/www.comundi.fr\/mag-des-competences\/?p=12650"},"modified":"2024-12-06T12:48:06","modified_gmt":"2024-12-06T11:48:06","slug":"5-bonnes-raisons-de-profiter-de-ete-pour-se-former","status":"publish","type":"post","link":"https:\/\/www.comundi.fr\/mag-des-competences\/5-bonnes-raisons-de-profiter-de-ete-pour-se-former\/","title":{"rendered":"5 bonnes raisons de profiter de l&rsquo;\u00e9t\u00e9 pour se former"},"content":{"rendered":"\n<p>L&rsquo;\u00e9t\u00e9, p\u00e9riode tant attendue de l&rsquo;ann\u00e9e, \u00e9voque instantan\u00e9ment des images de plages ensoleill\u00e9es et de d\u00e9tente. Cependant, pour de nombreux Fran\u00e7ais, cette saison repr\u00e9sente aussi une opportunit\u00e9 id\u00e9ale pour <strong>d\u00e9velopper de nouvelles comp\u00e9tences<\/strong>. Cette d\u00e9cision judicieuse s&rsquo;av\u00e8re b\u00e9n\u00e9fique \u00e0 bien des \u00e9gards. D\u00e9couvrez les 5 bonnes raisons de <strong>profiter de l&rsquo;\u00e9t\u00e9 pour se former<\/strong>.<\/p>\n\n\n\n<h2>1. <strong>Moins de stress, plus de s\u00e9r\u00e9nit\u00e9 pour se former<\/strong><\/h2>\n\n\n\n<p>Que vous soyez en activit\u00e9 ou en vacances, l&rsquo;\u00e9t\u00e9 offre un cadre id\u00e9al pour la formation. Dans la plupart des entreprises, le rythme des activit\u00e9s ralentit durant cette p\u00e9riode, ce qui cr\u00e9e une atmosph\u00e8re g\u00e9n\u00e9ralement d\u00e9tendue.<\/p>\n\n\n\n<p>Au travail, lib\u00e9r\u00e9 des contraintes quotidiennes et du rythme effr\u00e9n\u00e9, vous abordez l&rsquo;apprentissage avec un esprit serein. Si vous \u00eates en cong\u00e9s, vous pourrez vous concentrer pleinement sur votre formation. Vous n&rsquo;aurez pas \u00e0 penser \u00e0 vos obligations habituelles tout en continuant d&rsquo;\u00eatre r\u00e9mun\u00e9r\u00e9. Gr\u00e2ce \u00e0 cette p\u00e9riode assez calme, vous disposez aussi d&rsquo;une flexibilit\u00e9 accrue pour <a href=\"https:\/\/www.comundi.fr\/mag-des-competences\/exercices-pratiques-pour-ameliorer-votre-gestion-du-temps-et-des-priorites\/\">organiser votre emploi du temps<\/a> selon vos pr\u00e9f\u00e9rences.<\/p>\n\n\n\n<p>Par ailleurs, en p\u00e9riode estivale, les nouveaux projets et les urgences sont souvent moins nombreux. Les employeurs sont donc plus enclins \u00e0 accorder des cong\u00e9s de formation \u00e0 leurs salari\u00e9s. N&rsquo;h\u00e9sitez alors pas \u00e0 solliciter votre responsable pour obtenir l&rsquo;autorisation de suivre une <strong>formation professionnelle<\/strong> qui vous tient \u00e0 c\u0153ur.<\/p>\n\n\n\n<h2>2. <strong>Accro\u00eetre votre attrait sur le march\u00e9 du travail<\/strong><\/h2>\n\n\n\n<p>Le march\u00e9 du travail, en constante \u00e9volution, devient de plus en plus concurrentiel. Pour rester \u00e0 la pointe de votre domaine et vous d\u00e9marquer, il est crucial de d\u00e9velopper continuellement vos comp\u00e9tences. <strong>Profiter de l&rsquo;\u00e9t\u00e9 pour se former<\/strong> constitue une strat\u00e9gie gagnante pour booster votre employabilit\u00e9. Cela \u00e9largit vos horizons professionnels.<\/p>\n\n\n\n<p>En vous formant, vous enrichissez votre bagage professionnel avec des connaissances recherch\u00e9es par les entreprises. Vous vous positionnez ainsi comme un candidat plus attractif sur le march\u00e9 du travail. Choisissez une formation qui vous aide \u00e0 atteindre vos objectifs professionnels.<\/p>\n\n\n\n<p>Si vous n&rsquo;\u00eates pas en recherche d&#8217;emploi, suivre une <strong>formation professionnelle en \u00e9t\u00e9<\/strong> est un signal fort \u00e0 votre employeur. Vous d\u00e9montrez votre volont\u00e9 de progresser et votre soif d&rsquo;apprendre. Que vous soyez en CDI, en CDD ou int\u00e9rimaire, vous avez le droit de suivre une formation pour faire \u00e9voluer votre carri\u00e8re. De nombreuses options sont \u00e0 votre disposition, notamment le <a href=\"https:\/\/www.comundi.fr\/mag-des-competences\/le-cpf-1-comment-simplifier-lacces-aux-formations\/\">Compte Personnel de Formation (CPF)<\/a> pour concr\u00e9tiser votre projet.<\/p>\n\n\n\n<h2>3. <strong>Se pr\u00e9parer \u00e0 la rentr\u00e9e et aux nouvelles opportunit\u00e9s<\/strong><\/h2>\n\n\n\n<p>Dans le monde professionnel, de nouveaux d\u00e9fis \u00e9mergent constamment. <strong>Profiter de l&rsquo;\u00e9t\u00e9 pour se former<\/strong> constitue une excellente strat\u00e9gie pour aborder la rentr\u00e9e avec confiance. Gr\u00e2ce aux aptitudes nouvellement acquises, vous serez mieux arm\u00e9 pour affronter les futurs projets professionnels. Vous pourrez aussi saisir les opportunit\u00e9s qui se pr\u00e9senteront. Vous ouvrez la porte \u00e0 des postes plus avec plus de responsabilit\u00e9s et mieux pay\u00e9s.<\/p>\n\n\n\n<p>Sachez que la r\u00e9mun\u00e9ration de vos jours de formation peut varier selon le type de formation choisie. Renseignez-vous aupr\u00e8s de l&rsquo;organisme qui la finance pour conna\u00eetre les modalit\u00e9s pr\u00e9cises. Si vous d\u00e9sirez enrichir vos connaissances sans perturber vos obligations professionnelles, vous pouvez envisager de suivre une formation hors temps de travail. Vous disposez d&rsquo;un large \u00e9ventail de possibilit\u00e9s pour vous former, telles que les formations en ligne ou encore les formations pendant vos cong\u00e9s pay\u00e9s.<\/p>\n\n\n\n<h2>4. <strong>B\u00e9n\u00e9ficier d&rsquo;un vaste choix de formations<\/strong><\/h2>\n\n\n\n<p><strong>Profiter de l&rsquo;\u00e9t\u00e9 pour se former<\/strong> offre un autre avantage consid\u00e9rable : un acc\u00e8s \u00e0 une offre de formation diversifi\u00e9e. Que vous envisagiez une reconversion professionnelle vers un m\u00e9tier qui vous passionne, une \u00e9volution au sein de votre entreprise actuelle ou la recherche d&rsquo;un premier emploi, vous trouverez des formations adapt\u00e9es \u00e0 vos aspirations.<\/p>\n\n\n\n<p>En fonction de vos objectifs professionnels, vous pourrez choisir d&rsquo;approfondir vos comp\u00e9tences dans un domaine pr\u00e9cis ou de vous ouvrir \u00e0 de nouvelles th\u00e9matiques. Par exemple, <a href=\"https:\/\/www.comundi.fr\/mag-des-competences\/carrefour-de-ia-comment-definir-une-strategie-ia-efficace-et-responsable-pour-votre-entreprise\/\">l&rsquo;intelligence artificielle (IA)<\/a> est d\u00e9sormais une r\u00e9alit\u00e9 incontournable en entreprise. Pour les professionnels des ressources humaines, une formation sur l&rsquo;int\u00e9gration de cette technologie dans leur domaine pourrait optimiser leurs proc\u00e9dures de recrutement.<\/p>\n\n\n\n<p>Vous avez le<a href=\"https:\/\/www.comundi.fr\/mag-des-competences\/formation-en-presentiel-e-learning-ou-blended-learning-quel-format-choisir\/\"> choix entre les formations en ligne et en pr\u00e9sentiel<\/a>. Si vous souhaitez profiter du beau temps et \u00e9viter les contraintes d&rsquo;un centre fixe, les formations en ligne constituent une option id\u00e9ale. Ce mode d&rsquo;apprentissage flexible vous permet de vous former \u00e0 tout moment et en tout lieu, m\u00eame depuis votre lieu de vacances.<\/p>\n\n\n\n<h2>5. <strong>\u00c9viter la solitude et rester \u00e9panoui durant cette p\u00e9riode de ralentissement<\/strong><\/h2>\n\n\n\n<p>Selon les chiffres de l&rsquo;INSEE et du CREDOC, environ 55 \u00e0 60 % de la population part en cong\u00e9s en \u00e9t\u00e9. Cela peut parfois cr\u00e9er une p\u00e9riode d&rsquo;isolement social pour certains salari\u00e9s qui restent au bureau. Tandis que leurs coll\u00e8gues profitent des plages et du beau temps, ils peuvent se sentir coup\u00e9s du monde ext\u00e9rieur. Le calme inhabituel dans leur espace de travail peut accentuer ce sentiment de solitude et affecter leur bien-\u00eatre.<\/p>\n\n\n\n<p>Pour pallier ce manque d&rsquo;interactions sociales, <strong>profiter de l&rsquo;\u00e9t\u00e9 pour se former<\/strong> s&rsquo;av\u00e8re \u00eatre une excellente solution. Cela vous permet de vivre une exp\u00e9rience enrichissante. Vous b\u00e9n\u00e9ficiez non seulement d&rsquo;un enrichissement professionnel, mais aussi de pr\u00e9cieux moments d&rsquo;\u00e9changes. Les s\u00e9ances de formation offrent l&rsquo;occasion de rencontrer de nouvelles personnes, d&rsquo;\u00e9tablir des connexions avec des coll\u00e8gues d&rsquo;autres secteurs et de vous immerger dans un nouvel univers de connaissances.<\/p>\n\n\n\n<p>En suivant une formation durant cette p\u00e9riode moins charg\u00e9e, vous \u00e9vitez ainsi l&rsquo;isolement et enrichissez votre r\u00e9seau. Ces b\u00e9n\u00e9fices peuvent avoir des retomb\u00e9es positives tout au long de l&rsquo;ann\u00e9e. Il vous est possible, entre autres, de prendre des cong\u00e9s pay\u00e9s ou d&rsquo;utiliser votre compte CPF pour maintenir votre r\u00e9mun\u00e9ration pendant votre formation.<\/p>\n\n\n\n<div class=\"wp-block-buttons aligncenter\">\n<div class=\"wp-block-button\"><a class=\"wp-block-button__link has-white-color has-text-color has-background\" href=\"https:\/\/www.comundi.fr\/\" style=\"background-color:#e50048\" target=\"_blank\" rel=\"noreferrer noopener\">D\u00e9couvrez toutes les formations Comundi<\/a><\/div>\n<\/div>\n\n\n\n<p><\/p>\n","protected":false},"excerpt":{"rendered":"<p>L&rsquo;\u00e9t\u00e9, p\u00e9riode tant attendue de l&rsquo;ann\u00e9e, \u00e9voque instantan\u00e9ment des images de plages ensoleill\u00e9es et de d\u00e9tente. Cependant, pour de nombreux Fran\u00e7ais, cette saison repr\u00e9sente aussi une opportunit\u00e9 id\u00e9ale pour d\u00e9velopper de nouvelles comp\u00e9tences. Cette d\u00e9cision judicieuse s&rsquo;av\u00e8re b\u00e9n\u00e9fique \u00e0 bien des \u00e9gards. D\u00e9couvrez les 5 bonnes raisons de profiter de l&rsquo;\u00e9t\u00e9 pour se former. 1. [&hellip;]<\/p>\n","protected":false},"author":8,"featured_media":12657,"comment_status":"open","ping_status":"open","sticky":false,"template":"","format":"standard","meta":{"_mi_skip_tracking":false},"categories":[201],"yoast_head":"<!-- This site is optimized with the Yoast SEO plugin v16.1 - https:\/\/yoast.com\/wordpress\/plugins\/seo\/ -->\n<title>5 bonnes raisons de profiter de l&#039;\u00e9t\u00e9 pour se former - Mag des comp\u00e9tences - Comundi<\/title>\n<meta name=\"description\" content=\"Vous avez un projet de formation professionnelle ? D\u00e9couvrez pourquoi il est judicieux de profiter de l&#039;\u00e9t\u00e9 pour se former.\" \/>\n<meta name=\"robots\" content=\"index, follow, max-snippet:-1, max-image-preview:large, max-video-preview:-1\" \/>\n<link rel=\"canonical\" href=\"https:\/\/www.comundi.fr\/mag-des-competences\/5-bonnes-raisons-de-profiter-de-ete-pour-se-former\/\" \/>\n<meta property=\"og:locale\" content=\"fr_FR\" \/>\n<meta property=\"og:type\" content=\"article\" \/>\n<meta property=\"og:title\" content=\"5 bonnes raisons de profiter de l&#039;\u00e9t\u00e9 pour se former - Mag des comp\u00e9tences - Comundi\" \/>\n<meta property=\"og:description\" content=\"Vous avez un projet de formation professionnelle ? D\u00e9couvrez pourquoi il est judicieux de profiter de l&#039;\u00e9t\u00e9 pour se former.\" \/>\n<meta property=\"og:url\" content=\"https:\/\/www.comundi.fr\/mag-des-competences\/5-bonnes-raisons-de-profiter-de-ete-pour-se-former\/\" \/>\n<meta property=\"og:site_name\" content=\"Mag des comp\u00e9tences - Comundi\" \/>\n<meta property=\"article:publisher\" content=\"https:\/\/www.facebook.com\/Comundi\/?fref=ts\" \/>\n<meta property=\"article:published_time\" content=\"2024-07-09T06:50:00+00:00\" \/>\n<meta property=\"article:modified_time\" content=\"2024-12-06T11:48:06+00:00\" \/>\n<meta property=\"og:image\" content=\"https:\/\/www.comundi.fr\/mag-des-competences\/wp-content\/uploads\/2024\/07\/5-raisons-de-profiter-de-lete-pour-se-former1.jpg\" \/>\n\t<meta property=\"og:image:width\" content=\"1200\" \/>\n\t<meta property=\"og:image:height\" content=\"675\" \/>\n<meta name=\"twitter:card\" content=\"summary_large_image\" \/>\n<meta name=\"twitter:creator\" content=\"@ComundiActu\" \/>\n<meta name=\"twitter:site\" content=\"@ComundiActu\" \/>\n<meta name=\"twitter:label1\" content=\"Dur\u00e9e de lecture est.\">\n\t<meta name=\"twitter:data1\" content=\"5 minutes\">\n<script type=\"application\/ld+json\" class=\"yoast-schema-graph\">{\"@context\":\"https:\/\/schema.org\",\"@graph\":[{\"@type\":\"Organization\",\"@id\":\"https:\/\/www.comundi.fr\/mag-des-competences\/#organization\",\"name\":\"Comundi\",\"url\":\"https:\/\/www.comundi.fr\/mag-des-competences\/\",\"sameAs\":[\"https:\/\/www.facebook.com\/Comundi\/?fref=ts\",\"https:\/\/www.linkedin.com\/company\/comundi\/\",\"https:\/\/www.youtube.com\/user\/ComundiFormations\",\"https:\/\/twitter.com\/ComundiActu\"],\"logo\":{\"@type\":\"ImageObject\",\"@id\":\"https:\/\/www.comundi.fr\/mag-des-competences\/#logo\",\"inLanguage\":\"fr-FR\",\"url\":\"https:\/\/www.comundi.fr\/mag-des-competences\/wp-content\/uploads\/2018\/01\/comundi.png\",\"contentUrl\":\"https:\/\/www.comundi.fr\/mag-des-competences\/wp-content\/uploads\/2018\/01\/comundi.png\",\"width\":300,\"height\":300,\"caption\":\"Comundi\"},\"image\":{\"@id\":\"https:\/\/www.comundi.fr\/mag-des-competences\/#logo\"}},{\"@type\":\"WebSite\",\"@id\":\"https:\/\/www.comundi.fr\/mag-des-competences\/#website\",\"url\":\"https:\/\/www.comundi.fr\/mag-des-competences\/\",\"name\":\"Mag des comp\\u00e9tences - Comundi\",\"description\":\"Le magazine des m\\u00e9tiers de demain\",\"publisher\":{\"@id\":\"https:\/\/www.comundi.fr\/mag-des-competences\/#organization\"},\"potentialAction\":[{\"@type\":\"SearchAction\",\"target\":\"https:\/\/www.comundi.fr\/mag-des-competences\/?s={search_term_string}\",\"query-input\":\"required name=search_term_string\"}],\"inLanguage\":\"fr-FR\"},{\"@type\":\"ImageObject\",\"@id\":\"https:\/\/www.comundi.fr\/mag-des-competences\/5-bonnes-raisons-de-profiter-de-ete-pour-se-former\/#primaryimage\",\"inLanguage\":\"fr-FR\",\"url\":\"https:\/\/www.comundi.fr\/mag-des-competences\/wp-content\/uploads\/2024\/07\/5-raisons-de-profiter-de-lete-pour-se-former1.jpg\",\"contentUrl\":\"https:\/\/www.comundi.fr\/mag-des-competences\/wp-content\/uploads\/2024\/07\/5-raisons-de-profiter-de-lete-pour-se-former1.jpg\",\"width\":1200,\"height\":675,\"caption\":\"5 raisons de profiter de l'\\u00e9t\\u00e9 pour se former\"},{\"@type\":\"WebPage\",\"@id\":\"https:\/\/www.comundi.fr\/mag-des-competences\/5-bonnes-raisons-de-profiter-de-ete-pour-se-former\/#webpage\",\"url\":\"https:\/\/www.comundi.fr\/mag-des-competences\/5-bonnes-raisons-de-profiter-de-ete-pour-se-former\/\",\"name\":\"5 bonnes raisons de profiter de l'\\u00e9t\\u00e9 pour se former - Mag des comp\\u00e9tences - Comundi\",\"isPartOf\":{\"@id\":\"https:\/\/www.comundi.fr\/mag-des-competences\/#website\"},\"primaryImageOfPage\":{\"@id\":\"https:\/\/www.comundi.fr\/mag-des-competences\/5-bonnes-raisons-de-profiter-de-ete-pour-se-former\/#primaryimage\"},\"datePublished\":\"2024-07-09T06:50:00+00:00\",\"dateModified\":\"2024-12-06T11:48:06+00:00\",\"description\":\"Vous avez un projet de formation professionnelle ? D\\u00e9couvrez pourquoi il est judicieux de profiter de l'\\u00e9t\\u00e9 pour se former.\",\"breadcrumb\":{\"@id\":\"https:\/\/www.comundi.fr\/mag-des-competences\/5-bonnes-raisons-de-profiter-de-ete-pour-se-former\/#breadcrumb\"},\"inLanguage\":\"fr-FR\",\"potentialAction\":[{\"@type\":\"ReadAction\",\"target\":[\"https:\/\/www.comundi.fr\/mag-des-competences\/5-bonnes-raisons-de-profiter-de-ete-pour-se-former\/\"]}]},{\"@type\":\"BreadcrumbList\",\"@id\":\"https:\/\/www.comundi.fr\/mag-des-competences\/5-bonnes-raisons-de-profiter-de-ete-pour-se-former\/#breadcrumb\",\"itemListElement\":[{\"@type\":\"ListItem\",\"position\":1,\"item\":{\"@type\":\"WebPage\",\"@id\":\"https:\/\/www.comundi.fr\/mag-des-competences\/\",\"url\":\"https:\/\/www.comundi.fr\/mag-des-competences\/\",\"name\":\"Accueil\"}},{\"@type\":\"ListItem\",\"position\":2,\"item\":{\"@type\":\"WebPage\",\"@id\":\"https:\/\/www.comundi.fr\/mag-des-competences\/5-bonnes-raisons-de-profiter-de-ete-pour-se-former\/\",\"url\":\"https:\/\/www.comundi.fr\/mag-des-competences\/5-bonnes-raisons-de-profiter-de-ete-pour-se-former\/\",\"name\":\"5 bonnes raisons de profiter de l&rsquo;\\u00e9t\\u00e9 pour se former\"}}]},{\"@type\":\"Article\",\"@id\":\"https:\/\/www.comundi.fr\/mag-des-competences\/5-bonnes-raisons-de-profiter-de-ete-pour-se-former\/#article\",\"isPartOf\":{\"@id\":\"https:\/\/www.comundi.fr\/mag-des-competences\/5-bonnes-raisons-de-profiter-de-ete-pour-se-former\/#webpage\"},\"author\":{\"@id\":\"https:\/\/www.comundi.fr\/mag-des-competences\/#\/schema\/person\/d08f5c2cf9de6fcfd33c30314745578e\"},\"headline\":\"5 bonnes raisons de profiter de l&rsquo;\\u00e9t\\u00e9 pour se former\",\"datePublished\":\"2024-07-09T06:50:00+00:00\",\"dateModified\":\"2024-12-06T11:48:06+00:00\",\"mainEntityOfPage\":{\"@id\":\"https:\/\/www.comundi.fr\/mag-des-competences\/5-bonnes-raisons-de-profiter-de-ete-pour-se-former\/#webpage\"},\"commentCount\":0,\"publisher\":{\"@id\":\"https:\/\/www.comundi.fr\/mag-des-competences\/#organization\"},\"image\":{\"@id\":\"https:\/\/www.comundi.fr\/mag-des-competences\/5-bonnes-raisons-de-profiter-de-ete-pour-se-former\/#primaryimage\"},\"articleSection\":\"Formation professionnelle\",\"inLanguage\":\"fr-FR\",\"potentialAction\":[{\"@type\":\"CommentAction\",\"name\":\"Comment\",\"target\":[\"https:\/\/www.comundi.fr\/mag-des-competences\/5-bonnes-raisons-de-profiter-de-ete-pour-se-former\/#respond\"]}]},{\"@type\":\"Person\",\"@id\":\"https:\/\/www.comundi.fr\/mag-des-competences\/#\/schema\/person\/d08f5c2cf9de6fcfd33c30314745578e\",\"name\":\"Comundi\",\"image\":{\"@type\":\"ImageObject\",\"@id\":\"https:\/\/www.comundi.fr\/mag-des-competences\/#personlogo\",\"inLanguage\":\"fr-FR\",\"url\":\"https:\/\/secure.gravatar.com\/avatar\/da2835ae7b2c1279e8e897d242f4cda6?s=96&d=mm&r=g\",\"contentUrl\":\"https:\/\/secure.gravatar.com\/avatar\/da2835ae7b2c1279e8e897d242f4cda6?s=96&d=mm&r=g\",\"caption\":\"Comundi\"}}]}<\/script>\n<!-- \/ Yoast SEO plugin. -->","amp_enabled":true,"_links":{"self":[{"href":"https:\/\/www.comundi.fr\/mag-des-competences\/wp-json\/wp\/v2\/posts\/12650"}],"collection":[{"href":"https:\/\/www.comundi.fr\/mag-des-competences\/wp-json\/wp\/v2\/posts"}],"about":[{"href":"https:\/\/www.comundi.fr\/mag-des-competences\/wp-json\/wp\/v2\/types\/post"}],"author":[{"embeddable":true,"href":"https:\/\/www.comundi.fr\/mag-des-competences\/wp-json\/wp\/v2\/users\/8"}],"replies":[{"embeddable":true,"href":"https:\/\/www.comundi.fr\/mag-des-competences\/wp-json\/wp\/v2\/comments?post=12650"}],"version-history":[{"count":8,"href":"https:\/\/www.comundi.fr\/mag-des-competences\/wp-json\/wp\/v2\/posts\/12650\/revisions"}],"predecessor-version":[{"id":13149,"href":"https:\/\/www.comundi.fr\/mag-des-competences\/wp-json\/wp\/v2\/posts\/12650\/revisions\/13149"}],"wp:featuredmedia":[{"embeddable":true,"href":"https:\/\/www.comundi.fr\/mag-des-competences\/wp-json\/wp\/v2\/media\/12657"}],"wp:attachment":[{"href":"https:\/\/www.comundi.fr\/mag-des-competences\/wp-json\/wp\/v2\/media?parent=12650"}],"wp:term":[{"taxonomy":"category","embeddable":true,"href":"https:\/\/www.comundi.fr\/mag-des-competences\/wp-json\/wp\/v2\/categories?post=12650"}],"curies":[{"name":"wp","href":"https:\/\/api.w.org\/{rel}","templated":true}]}}