{"id":12576,"date":"2024-06-06T08:50:00","date_gmt":"2024-06-06T06:50:00","guid":{"rendered":"https:\/\/www.comundi.fr\/mag-des-competences\/?p=12576"},"modified":"2024-06-05T13:12:58","modified_gmt":"2024-06-05T11:12:58","slug":"prendre-la-parole-en-public-les-techniques-des-grands-orateurs-pour-captiver-votre-auditoire","status":"publish","type":"post","link":"https:\/\/www.comundi.fr\/mag-des-competences\/prendre-la-parole-en-public-les-techniques-des-grands-orateurs-pour-captiver-votre-auditoire\/","title":{"rendered":"Prendre la parole en public : les techniques des grands orateurs pour captiver votre auditoire"},"content":{"rendered":"\n<p><strong>Savoir prendre la parole en public<\/strong> n\u2019est pas inn\u00e9e. Cela fait d\u2019ailleurs partie des craintes les plus r\u00e9pandues&nbsp;au sein de la population.<\/p>\n\n\n\n<p>Pourtant, il est important, voire n\u00e9cessaire, d\u2019<strong><a href=\"https:\/\/www.comundi.fr\/formations\/formation-prise-de-parole-en-public.html\">apprendre \u00e0 prendre la parole en public<\/a><\/strong>. Que ce soit en milieu professionnel ou dans votre vie priv\u00e9e, vous serez amen\u00e9 \u00e0 communiquer, parfois devant un large auditoire. Sachez que les grands orateurs ont appris \u00e0 <strong>s&rsquo;exprimer en public<\/strong> en utilisant des techniques accessibles \u00e0 tous.<\/p>\n\n\n\n<p>Vous souhaitez mieux vous exprimer pour atteindre votre public et partager vos id\u00e9es ? Alors voici quelques techniques \u00e0 appliquer pour vous aider \u00e0 acqu\u00e9rir plus d&rsquo;<a href=\"https:\/\/www.comundi.fr\/mag-des-competences\/comment-developper-son-aisance-relationnelle-au-travail-strategies-et-exercices-pratiques\/\">aisance lors de vos prises de parole<\/a>.<\/p>\n\n\n\n<h2><strong>Cr\u00e9er un impact d\u00e8s l&rsquo;ouverture<\/strong><\/h2>\n\n\n\n<p>Le meilleur moyen pour captiver un auditoire consiste \u00e0 retenir l\u2019attention d\u00e8s les premiers mots. Une fois que vous trouvez la bonne accroche, ne l\u00e2chez plus rien et vous aurez l\u2019attention du public jusqu\u2019\u00e0 la fin de votre message. Pour cela, il est conseill\u00e9 de cr\u00e9er un impact d\u00e8s l\u2019ouverture de la communication. Il peut s\u2019agir, par exemple, d\u2019un message personnel, d\u2019une histoire qui semble hors du contexte ou d\u2019une anecdote. En cr\u00e9ant un effet de surprise, vous attirez l\u2019attention et gardez le public en haleine.&nbsp;<\/p>\n\n\n\n<p>Dans cette logique, plusieurs techniques peuvent vous aider. Tout d\u2019abord, il est n\u00e9cessaire d\u2019\u00e9valuer les enjeux de votre intervention et de d\u00e9finir les attentes de votre audience. Posez-vous les bonnes questions : qu&rsquo;attend le public ? Pourquoi ces personnes sont-elles pr\u00e9sentes ? Quel message vous souhaitez communiquer ? Ces questions vous aideront \u00e0 pr\u00e9parer votre accroche.<\/p>\n\n\n\n<p>Il est \u00e9galement conseill\u00e9 de travailler sur soi pour donner une image positive d\u00e8s le d\u00e9but de votre prise de parole. Ainsi, vous ajustez votre message en fonction de la cible, ce qui augmente vos chances de persuasion.<\/p>\n\n\n\n<h2><strong>Utiliser des techniques de storytelling pour cr\u00e9er l\u2019\u00e9motion<\/strong><\/h2>\n\n\n\n<p>Que ce soit pour pr\u00e9senter un produit ou encourager l\u2019auditoire \u00e0 adopter un comportement, le storytelling se r\u00e9v\u00e8le utile \u00e0 bien des \u00e9gards. Il fait partie des concepts fondamentaux de la prise de parole, car il mise sur l\u2019\u00e9motion et la cr\u00e9ation de ressentis. En marketing, le storytelling consiste \u00e0 mettre en r\u00e9cit une histoire souvent fictive, parfois authentique.\u00a0<\/p>\n\n\n\n<p>Il s\u2019agit de distiller subtilement des \u00e9l\u00e9ments concrets \u00e0 la marque en les pr\u00e9sentant de fa\u00e7on ludique. Le public est donc captiv\u00e9 par l\u2019histoire racont\u00e9e et ressent les \u00e9motions que le narrateur a voulu transmettre. En plus d\u2019\u00eatre une m\u00e9thode efficace, le storytelling aide \u00e0 surmonter la peur de prendre la parole en public. Vous ressentez du stress \u00e0 l\u2019id\u00e9e de parler devant un auditoire&nbsp;? Pensez \u00e0 structurer votre message en le rendant accessible et en misant sur les sentiments de l\u2019auditoire.&nbsp;<\/p>\n\n\n\n<p>La structuration du message implique de d\u00e9terminer son objectif et de construire ses arguments afin de transformer de simples phrases en propos convaincants. Il s\u2019agira aussi de mettre en valeur vos intentions en utilisant un registre de langue et une histoire appropri\u00e9e au contexte. Une fois que vous trouvez la bonne histoire, il ne reste plus qu\u2019\u00e0 la structurer pour qu\u2019elle transmette le message voulu.&nbsp;<\/p>\n\n\n\n<h2><strong>Engager le public<\/strong><\/h2>\n\n\n\n<p>Vous voulez <strong>apprendre \u00e0 prendre la parole en public<\/strong>\u00a0? Pensez \u00e0 vous approprier quelques techniques pour cr\u00e9er un engagement de votre auditoire. Cela est utile parce qu\u2019il est d\u00e9finitivement plus facile de communiquer avec un public r\u00e9actif et engag\u00e9. Au bout de quelques moments, <a href=\"https:\/\/www.comundi.fr\/mag-des-competences\/comment-surmonter-sa-peur-de-prendre-la-parole-en-public-strategies-et-conseils-pratiques\/\">le stress dispara\u00eet et l\u2019orateur se sent parfaitement \u00e0 l\u2019aise<\/a> pour poursuivre sa communication. En outre, l\u2019engagement du public vous rassure sur la perception et la compr\u00e9hension du message. Comment r\u00e9ussir \u00e0 engager votre public\u00a0?<\/p>\n\n\n\n<h3><strong>Poser des questions et g\u00e9rer l\u2019\u00e9change<\/strong><\/h3>\n\n\n\n<p>En posant des questions, vous cr\u00e9ez un v\u00e9ritable \u00e9change avec votre auditoire. Toutefois, il est important de trouver le bon moment pour interroger le public. N\u2019attendez pas que l\u2019attention r\u00e9gresse pour annoncer vos questions. Dans l\u2019id\u00e9al, vous devez inviter l\u2019auditoire \u00e0 r\u00e9agir lorsque la communication prend une tournure d\u00e9cisive. Il s\u2019agira ensuite de rebondir sur les r\u00e9ponses pour poursuivre la discussion.&nbsp;<\/p>\n\n\n\n<p>Notez que lorsque des contradictions se pr\u00e9sentent, il est important de bien g\u00e9rer l\u2019opposition pour obtenir l\u2019adh\u00e9sion de la cible. Vous devez ainsi apprendre \u00e0 rebondir pour nourrir l\u2019\u00e9change de mani\u00e8re positive. Dans tous les cas, tout bon communicant sait se pr\u00e9parer \u00e0 r\u00e9pondre aux objections et aux contre-arguments. Si vous d\u00e9cidez d\u2019<strong>apprendre \u00e0 prendre la parole en public<\/strong>, vous d\u00e9couvrirez plusieurs techniques pour vous affirmer face aux personnalit\u00e9s difficiles, envahissantes, n\u00e9gatives ou d\u00e9stabilisantes.<\/p>\n\n\n\n<h3><strong>Utiliser des exemples concrets<\/strong><\/h3>\n\n\n\n<p>Pour engager un public, n\u2019h\u00e9sitez pas \u00e0 employer des techniques d\u2019illustration adapt\u00e9es au contexte. Les exemples concrets aident \u00e0 convaincre plus rapidement, car ils sont objectifs. Il s\u2019agit, par exemple, des chiffres, des faits d\u2019actualit\u00e9 ou des arguments d\u2019autorit\u00e9s. En plus de cela, vous pouvez utiliser des m\u00e9taphores, des images, des comparaisons, des proverbes ou des citations pour d\u2019appuyer votre propos.&nbsp;<\/p>\n\n\n\n<h2><strong>Utiliser des techniques d&rsquo;expression corporelle et vocale<\/strong><\/h2>\n\n\n\n<p>Si vous voulez <strong>apprendre \u00e0 prendre la parole en public<\/strong>, il vous faut ma\u00eetriser les meilleures techniques d\u2019<a href=\"https:\/\/www.comundi.fr\/mag-des-competences\/quels-sont-les-4-piliers-de-la-cnv\/\">expression orale et non verbale<\/a>.\u00a0<\/p>\n\n\n\n<h3><strong>Adopter la bonne posture<\/strong><\/h3>\n\n\n\n<p>La posture en dit long sur vous\u00a0: elle peut inviter \u00e0 l\u2019\u00e9change ou traduire un message n\u00e9gatif. De nombreuses m\u00e9thodes permettent de d\u00e9velopper l\u2019expression et la communication de soi. Cela implique, entre autres, la gestion du regard et du sourire et la ma\u00eetrise de l\u2019espace. Plus particuli\u00e8rement dans le contexte professionnel, il est important d\u2019apprendre \u00e0 g\u00e9rer son image afin de <a href=\"https:\/\/www.comundi.fr\/mag-des-competences\/7-occasions-de-reussir-sa-prise-de-parole-en-public\/\">r\u00e9ussir ses prises de parole<\/a>.\u00a0\u00c9vitez d&rsquo;\u00eatre courb\u00e9 ou les bras crois\u00e9s. Gardez une posture ouverte, soyez souriant et pensez \u00e0 regarder votre audience. Si vous faites une pr\u00e9sentation, \u00e9vitez de rester trop longtemps le dos tourn\u00e9 \u00e0 votre public. Pensez r\u00e9p\u00e9ter votre pr\u00e9sentation devant un miroir en amont pour corriger votre posture si besoin.<\/p>\n\n\n\n<h3><strong>Ma\u00eetriser sa diction<\/strong><\/h3>\n\n\n\n<p>Vous r\u00eavez de <strong>prendre la parole en public sans stress<\/strong>&nbsp;? Cela implique de contr\u00f4ler le d\u00e9bit des mots et la respiration. En effet, il est primordial de donner un bon rythme au discours pour en augmenter l\u2019impact. Entre la modulation de la voix et les changements de ton, vous pouvez apprendre de nombreuses techniques pour communiquer ais\u00e9ment et efficacement.&nbsp;R\u00e9p\u00e9tez avant le jour J pour adopter le bon d\u00e9bit. Vous pouvez vous enregistrer ou demander \u00e0 un proche de vous aider \u00e0 vous pr\u00e9parer. Prenez en compte que le stress peut vous amener \u00e0 parler plus vite. Il est donc important de prendre le temps de bien se pr\u00e9parer.<\/p>\n\n\n\n<h2><strong>R\u00e9p\u00e9ter les informations cl\u00e9s<\/strong><\/h2>\n\n\n\n<p>Lorsque vous souhaitez attirer l\u2019attention sur un concept ou une information, n\u2019h\u00e9sitez pas \u00e0 la r\u00e9p\u00e9ter. L\u00e0 aussi, il est important de moduler la voix pour attirer l\u2019attention et atteindre l\u2019objectif souhait\u00e9. Cette r\u00e9p\u00e9tition peut aussi s\u2019accompagner de messages non verbaux, par exemple, l\u2019attitude, la gestuelle et le regard.&nbsp;R\u00e9p\u00e9ter la m\u00eame information lors de votre prise de parole en public permet \u00e0 votre public de retenir le message que vous souhaitez transmettre plus facilement. Attention toutefois \u00e0 ma\u00eetriser le nombre de r\u00e9p\u00e9titions. Cela doit se faire de mani\u00e8re fluide et logique dans votre discours.<\/p>\n\n\n\n<h2><strong>Surprendre pour garder l\u2019attention<\/strong><\/h2>\n\n\n\n<p>Il n\u2019est pas toujours \u00e9vident de captiver et de retenir l\u2019attention d\u2019une foule. Pour y arriver, misez sur l\u2019effet de surprise \u00e0 des moments cl\u00e9s de votre prise de parole&nbsp;: l\u2019accroche, les passages d\u00e9cisifs et la chute. Cela permet de rendre votre message plus percutant et de conserver l\u2019attention du public jusqu\u2019\u00e0 la fin de la communication. Prenez le temps de mettre en place un peu de suspense et des moments qui susciteront la surprise ou l&rsquo;\u00e9tonnement dans le public.<\/p>\n\n\n\n<p>Vous voulez <strong><a href=\"http:\/\/www.comundi.fr\">apprendre \u00e0 prendre la parole en public<\/a><\/strong>\u00a0? Misez sur une bonne pr\u00e9paration et une analyse du public cible. Pensez aussi \u00e0<a href=\"https:\/\/www.comundi.fr\/mag-des-competences\/les-8-erreurs-a-proscrire-lors-de-vos-prises-de-parole-en-public\/\"> vous affirmer et \u00e0 garder le contr\u00f4le<\/a> \u00e0 chaque \u00e9tape de votre communication.<\/p>\n","protected":false},"excerpt":{"rendered":"<p>Savoir prendre la parole en public n\u2019est pas inn\u00e9e. Cela fait d\u2019ailleurs partie des craintes les plus r\u00e9pandues&nbsp;au sein de la population. Pourtant, il est important, voire n\u00e9cessaire, d\u2019apprendre \u00e0 prendre la parole en public. Que ce soit en milieu professionnel ou dans votre vie priv\u00e9e, vous serez amen\u00e9 \u00e0 communiquer, parfois devant un large [&hellip;]<\/p>\n","protected":false},"author":8,"featured_media":12578,"comment_status":"open","ping_status":"open","sticky":false,"template":"","format":"standard","meta":{"_mi_skip_tracking":false},"categories":[185],"yoast_head":"<!-- This site is optimized with the Yoast SEO plugin v16.1 - https:\/\/yoast.com\/wordpress\/plugins\/seo\/ -->\n<title>Prendre la parole en public : les techniques des grands orateurs pour captiver votre auditoire - Mag des comp\u00e9tences - Comundi<\/title>\n<meta name=\"description\" content=\"D\u00e9couvrez les techniques des grands orateurs et apprenez \u00e0 prendre la parole en public pour des interventions orales toujours r\u00e9ussies.\" \/>\n<meta name=\"robots\" content=\"index, follow, max-snippet:-1, max-image-preview:large, max-video-preview:-1\" \/>\n<link rel=\"canonical\" href=\"https:\/\/www.comundi.fr\/mag-des-competences\/prendre-la-parole-en-public-les-techniques-des-grands-orateurs-pour-captiver-votre-auditoire\/\" \/>\n<meta property=\"og:locale\" content=\"fr_FR\" \/>\n<meta property=\"og:type\" content=\"article\" \/>\n<meta property=\"og:title\" content=\"Prendre la parole en public : les techniques des grands orateurs pour captiver votre auditoire - Mag des comp\u00e9tences - Comundi\" \/>\n<meta property=\"og:description\" content=\"D\u00e9couvrez les techniques des grands orateurs et apprenez \u00e0 prendre la parole en public pour des interventions orales toujours r\u00e9ussies.\" \/>\n<meta property=\"og:url\" content=\"https:\/\/www.comundi.fr\/mag-des-competences\/prendre-la-parole-en-public-les-techniques-des-grands-orateurs-pour-captiver-votre-auditoire\/\" \/>\n<meta property=\"og:site_name\" content=\"Mag des comp\u00e9tences - Comundi\" \/>\n<meta property=\"article:publisher\" content=\"https:\/\/www.facebook.com\/Comundi\/?fref=ts\" \/>\n<meta property=\"article:published_time\" content=\"2024-06-06T06:50:00+00:00\" \/>\n<meta property=\"article:modified_time\" content=\"2024-06-05T11:12:58+00:00\" \/>\n<meta property=\"og:image\" content=\"https:\/\/www.comundi.fr\/mag-des-competences\/wp-content\/uploads\/2024\/06\/Les-techniques-des-grands-orateurs.jpg\" \/>\n\t<meta property=\"og:image:width\" content=\"1200\" \/>\n\t<meta property=\"og:image:height\" content=\"675\" \/>\n<meta name=\"twitter:card\" content=\"summary_large_image\" \/>\n<meta name=\"twitter:creator\" content=\"@ComundiActu\" \/>\n<meta name=\"twitter:site\" content=\"@ComundiActu\" \/>\n<meta name=\"twitter:label1\" content=\"Dur\u00e9e de lecture est.\">\n\t<meta name=\"twitter:data1\" content=\"6 minutes\">\n<script type=\"application\/ld+json\" class=\"yoast-schema-graph\">{\"@context\":\"https:\/\/schema.org\",\"@graph\":[{\"@type\":\"Organization\",\"@id\":\"https:\/\/www.comundi.fr\/mag-des-competences\/#organization\",\"name\":\"Comundi\",\"url\":\"https:\/\/www.comundi.fr\/mag-des-competences\/\",\"sameAs\":[\"https:\/\/www.facebook.com\/Comundi\/?fref=ts\",\"https:\/\/www.linkedin.com\/company\/comundi\/\",\"https:\/\/www.youtube.com\/user\/ComundiFormations\",\"https:\/\/twitter.com\/ComundiActu\"],\"logo\":{\"@type\":\"ImageObject\",\"@id\":\"https:\/\/www.comundi.fr\/mag-des-competences\/#logo\",\"inLanguage\":\"fr-FR\",\"url\":\"https:\/\/www.comundi.fr\/mag-des-competences\/wp-content\/uploads\/2018\/01\/comundi.png\",\"contentUrl\":\"https:\/\/www.comundi.fr\/mag-des-competences\/wp-content\/uploads\/2018\/01\/comundi.png\",\"width\":300,\"height\":300,\"caption\":\"Comundi\"},\"image\":{\"@id\":\"https:\/\/www.comundi.fr\/mag-des-competences\/#logo\"}},{\"@type\":\"WebSite\",\"@id\":\"https:\/\/www.comundi.fr\/mag-des-competences\/#website\",\"url\":\"https:\/\/www.comundi.fr\/mag-des-competences\/\",\"name\":\"Mag des comp\\u00e9tences - Comundi\",\"description\":\"Le magazine des m\\u00e9tiers de demain\",\"publisher\":{\"@id\":\"https:\/\/www.comundi.fr\/mag-des-competences\/#organization\"},\"potentialAction\":[{\"@type\":\"SearchAction\",\"target\":\"https:\/\/www.comundi.fr\/mag-des-competences\/?s={search_term_string}\",\"query-input\":\"required name=search_term_string\"}],\"inLanguage\":\"fr-FR\"},{\"@type\":\"ImageObject\",\"@id\":\"https:\/\/www.comundi.fr\/mag-des-competences\/prendre-la-parole-en-public-les-techniques-des-grands-orateurs-pour-captiver-votre-auditoire\/#primaryimage\",\"inLanguage\":\"fr-FR\",\"url\":\"https:\/\/www.comundi.fr\/mag-des-competences\/wp-content\/uploads\/2024\/06\/Les-techniques-des-grands-orateurs.jpg\",\"contentUrl\":\"https:\/\/www.comundi.fr\/mag-des-competences\/wp-content\/uploads\/2024\/06\/Les-techniques-des-grands-orateurs.jpg\",\"width\":1200,\"height\":675,\"caption\":\"Les techniques des grands orateurs\"},{\"@type\":\"WebPage\",\"@id\":\"https:\/\/www.comundi.fr\/mag-des-competences\/prendre-la-parole-en-public-les-techniques-des-grands-orateurs-pour-captiver-votre-auditoire\/#webpage\",\"url\":\"https:\/\/www.comundi.fr\/mag-des-competences\/prendre-la-parole-en-public-les-techniques-des-grands-orateurs-pour-captiver-votre-auditoire\/\",\"name\":\"Prendre la parole en public : les techniques des grands orateurs pour captiver votre auditoire - Mag des comp\\u00e9tences - Comundi\",\"isPartOf\":{\"@id\":\"https:\/\/www.comundi.fr\/mag-des-competences\/#website\"},\"primaryImageOfPage\":{\"@id\":\"https:\/\/www.comundi.fr\/mag-des-competences\/prendre-la-parole-en-public-les-techniques-des-grands-orateurs-pour-captiver-votre-auditoire\/#primaryimage\"},\"datePublished\":\"2024-06-06T06:50:00+00:00\",\"dateModified\":\"2024-06-05T11:12:58+00:00\",\"description\":\"D\\u00e9couvrez les techniques des grands orateurs et apprenez \\u00e0 prendre la parole en public pour des interventions orales toujours r\\u00e9ussies.\",\"breadcrumb\":{\"@id\":\"https:\/\/www.comundi.fr\/mag-des-competences\/prendre-la-parole-en-public-les-techniques-des-grands-orateurs-pour-captiver-votre-auditoire\/#breadcrumb\"},\"inLanguage\":\"fr-FR\",\"potentialAction\":[{\"@type\":\"ReadAction\",\"target\":[\"https:\/\/www.comundi.fr\/mag-des-competences\/prendre-la-parole-en-public-les-techniques-des-grands-orateurs-pour-captiver-votre-auditoire\/\"]}]},{\"@type\":\"BreadcrumbList\",\"@id\":\"https:\/\/www.comundi.fr\/mag-des-competences\/prendre-la-parole-en-public-les-techniques-des-grands-orateurs-pour-captiver-votre-auditoire\/#breadcrumb\",\"itemListElement\":[{\"@type\":\"ListItem\",\"position\":1,\"item\":{\"@type\":\"WebPage\",\"@id\":\"https:\/\/www.comundi.fr\/mag-des-competences\/\",\"url\":\"https:\/\/www.comundi.fr\/mag-des-competences\/\",\"name\":\"Accueil\"}},{\"@type\":\"ListItem\",\"position\":2,\"item\":{\"@type\":\"WebPage\",\"@id\":\"https:\/\/www.comundi.fr\/mag-des-competences\/prendre-la-parole-en-public-les-techniques-des-grands-orateurs-pour-captiver-votre-auditoire\/\",\"url\":\"https:\/\/www.comundi.fr\/mag-des-competences\/prendre-la-parole-en-public-les-techniques-des-grands-orateurs-pour-captiver-votre-auditoire\/\",\"name\":\"Prendre la parole en public : les techniques des grands orateurs pour captiver votre auditoire\"}}]},{\"@type\":\"Article\",\"@id\":\"https:\/\/www.comundi.fr\/mag-des-competences\/prendre-la-parole-en-public-les-techniques-des-grands-orateurs-pour-captiver-votre-auditoire\/#article\",\"isPartOf\":{\"@id\":\"https:\/\/www.comundi.fr\/mag-des-competences\/prendre-la-parole-en-public-les-techniques-des-grands-orateurs-pour-captiver-votre-auditoire\/#webpage\"},\"author\":{\"@id\":\"https:\/\/www.comundi.fr\/mag-des-competences\/#\/schema\/person\/d08f5c2cf9de6fcfd33c30314745578e\"},\"headline\":\"Prendre la parole en public : les techniques des grands orateurs pour captiver votre auditoire\",\"datePublished\":\"2024-06-06T06:50:00+00:00\",\"dateModified\":\"2024-06-05T11:12:58+00:00\",\"mainEntityOfPage\":{\"@id\":\"https:\/\/www.comundi.fr\/mag-des-competences\/prendre-la-parole-en-public-les-techniques-des-grands-orateurs-pour-captiver-votre-auditoire\/#webpage\"},\"commentCount\":0,\"publisher\":{\"@id\":\"https:\/\/www.comundi.fr\/mag-des-competences\/#organization\"},\"image\":{\"@id\":\"https:\/\/www.comundi.fr\/mag-des-competences\/prendre-la-parole-en-public-les-techniques-des-grands-orateurs-pour-captiver-votre-auditoire\/#primaryimage\"},\"articleSection\":\"D\\u00e9veloppement personnel\",\"inLanguage\":\"fr-FR\",\"potentialAction\":[{\"@type\":\"CommentAction\",\"name\":\"Comment\",\"target\":[\"https:\/\/www.comundi.fr\/mag-des-competences\/prendre-la-parole-en-public-les-techniques-des-grands-orateurs-pour-captiver-votre-auditoire\/#respond\"]}]},{\"@type\":\"Person\",\"@id\":\"https:\/\/www.comundi.fr\/mag-des-competences\/#\/schema\/person\/d08f5c2cf9de6fcfd33c30314745578e\",\"name\":\"Comundi\",\"image\":{\"@type\":\"ImageObject\",\"@id\":\"https:\/\/www.comundi.fr\/mag-des-competences\/#personlogo\",\"inLanguage\":\"fr-FR\",\"url\":\"https:\/\/secure.gravatar.com\/avatar\/da2835ae7b2c1279e8e897d242f4cda6?s=96&d=mm&r=g\",\"contentUrl\":\"https:\/\/secure.gravatar.com\/avatar\/da2835ae7b2c1279e8e897d242f4cda6?s=96&d=mm&r=g\",\"caption\":\"Comundi\"}}]}<\/script>\n<!-- \/ Yoast SEO plugin. -->","amp_enabled":true,"_links":{"self":[{"href":"https:\/\/www.comundi.fr\/mag-des-competences\/wp-json\/wp\/v2\/posts\/12576"}],"collection":[{"href":"https:\/\/www.comundi.fr\/mag-des-competences\/wp-json\/wp\/v2\/posts"}],"about":[{"href":"https:\/\/www.comundi.fr\/mag-des-competences\/wp-json\/wp\/v2\/types\/post"}],"author":[{"embeddable":true,"href":"https:\/\/www.comundi.fr\/mag-des-competences\/wp-json\/wp\/v2\/users\/8"}],"replies":[{"embeddable":true,"href":"https:\/\/www.comundi.fr\/mag-des-competences\/wp-json\/wp\/v2\/comments?post=12576"}],"version-history":[{"count":1,"href":"https:\/\/www.comundi.fr\/mag-des-competences\/wp-json\/wp\/v2\/posts\/12576\/revisions"}],"predecessor-version":[{"id":12579,"href":"https:\/\/www.comundi.fr\/mag-des-competences\/wp-json\/wp\/v2\/posts\/12576\/revisions\/12579"}],"wp:featuredmedia":[{"embeddable":true,"href":"https:\/\/www.comundi.fr\/mag-des-competences\/wp-json\/wp\/v2\/media\/12578"}],"wp:attachment":[{"href":"https:\/\/www.comundi.fr\/mag-des-competences\/wp-json\/wp\/v2\/media?parent=12576"}],"wp:term":[{"taxonomy":"category","embeddable":true,"href":"https:\/\/www.comundi.fr\/mag-des-competences\/wp-json\/wp\/v2\/categories?post=12576"}],"curies":[{"name":"wp","href":"https:\/\/api.w.org\/{rel}","templated":true}]}}