{"id":12391,"date":"2024-04-18T08:50:00","date_gmt":"2024-04-18T06:50:00","guid":{"rendered":"https:\/\/www.comundi.fr\/mag-des-competences\/?p=12391"},"modified":"2024-04-17T11:21:55","modified_gmt":"2024-04-17T09:21:55","slug":"les-cles-pour-developper-son-sens-du-tact","status":"publish","type":"post","link":"https:\/\/www.comundi.fr\/mag-des-competences\/les-cles-pour-developper-son-sens-du-tact\/","title":{"rendered":"Les cl\u00e9s pour d\u00e9velopper son sens du tact"},"content":{"rendered":"\n<p>En milieu professionnel, la communication est parfois entrav\u00e9e par des mots d\u00e9plac\u00e9s ou des&nbsp;attitudes agressives. Que vous soyez un responsable d\u2019\u00e9quipe ou un simple cadre, la diplomatie du langage est un \u00e9l\u00e9ment \u00e0 d\u00e9velopper. Le tact aide \u00e0 tenir des propos constructifs et \u00e0 adopter le bon registre de langue pour g\u00e9rer chaque situation. Pourquoi et <strong>comment avoir du tact<\/strong> en entreprise ?<\/p>\n\n\n\n<h2 id=\"isPasted\">Quelle est l\u2019importance du tact&nbsp;en&nbsp;milieu professionnel&nbsp;?<\/h2>\n\n\n\n<p>Que ce soit pour transmettre des directives ou \u00e9changer sur un projet, la communication est incontournable en entreprise. Pour que les \u00e9changes soient utiles et b\u00e9n\u00e9fiques, <a href=\"https:\/\/www.comundi.fr\/mag-des-competences\/communiquer-avec-tact-souplesse-diplomatie\/\">il est important de communiquer avec tact<\/a>.<\/p>\n\n\n\n<h3>Les avantages du tact en entreprise<\/h3>\n\n\n\n<p><strong>Avoir du tact<\/strong> consiste \u00e0 choisir les bons mots pour v\u00e9hiculer votre message afin qu\u2019il soit per\u00e7u positivement par l\u2019interlocuteur. La diplomatie du langage pr\u00e9sente au moins trois avantages. Tout d\u2019abord, elle permet de communiquer objectivement sans heurter votre interlocuteur ni cr\u00e9er d\u2019\u00e9motions n\u00e9gatives ou de ressentiment. En effet, si vous voulez attirer l\u2019attention d\u2019un collaborateur sur un comportement aga\u00e7ant, il vaut mieux utiliser des mots neutres et justes. L\u2019\u00e9change objectif consiste \u00e0 faire la diff\u00e9rence entre les faits, les sentiments et les opinions. Ainsi, vous pouvez \u00e9voquer la situation en vous exprimant dans le bon registre et en adoptant une&nbsp;attitude saine.<\/p>\n\n\n\n<p>Dans un second temps, la <strong>culture du tact<\/strong> aide \u00e0 pr\u00e9server l\u2019harmonie dans les rapports interpersonnels. Au travail, vous serez amen\u00e9 \u00e0 c\u00f4toyer des profils venant de plusieurs horizons et ayant re\u00e7u diff\u00e9rentes \u00e9ducations. Il est important que vous appreniez \u00e0 exprimer votre d\u00e9saccord sans \u00eatre d\u00e9sagr\u00e9able. Vous pouvez ainsi mentionner votre d\u00e9sagr\u00e9ment tout en pr\u00e9servant la qualit\u00e9 de vos relations professionnelles. <a href=\"https:\/\/www.comundi.fr\/mag-des-competences\/vie-de-bureau-comment-desarmer-un-conflit-entre-salaries\/\">Notez que la diplomatie du langage permet de contourner les contrari\u00e9t\u00e9s et les sources de conflit. <\/a>En d\u00e9veloppant votre connaissance de l\u2019autre par l\u2019\u00e9coute active, vous lui montrez qu\u2019il est respect\u00e9 et entendu. Au cours d\u2019un \u00e9change contradictoire, il devient alors possible de d\u00e9velopper une\u00a0attitude amicale, ou tout au moins, paisible.\u00a0<\/p>\n\n\n\n<h3 id=\"isPasted\">Les cons\u00e9quences d&rsquo;un manque de tact<\/h3>\n\n\n\n<p>La diplomatie du langage vise \u00e0 partager une id\u00e9e, une critique ou encore un commentaire sans offenser votre interlocuteur et en pr\u00e9servant l\u2019estime de votre interlocuteur. Par exemple, il n\u2019est pas utile d\u2019exprimer de but en blanc un avis d\u00e9favorable face \u00e0 une demande. Vous risqueriez de laisser un go\u00fbt amer \u00e0 votre coll\u00e8gue ou de froisser sa sensibilit\u00e9. De m\u00eame, un refus net et sans m\u00e9nagement est susceptible de le brusquer. Les ressentiments accumul\u00e9s peuvent ensuite nourrir des contrari\u00e9t\u00e9s qui finiront par s\u2019exprimer sous forme de conflits. \u00c0 long terme, cela peut d\u00e9grader l\u2019ambiance de travail et avoir un impact n\u00e9gatif sur le niveau d\u2019engagement des collaborateurs.<\/p>\n\n\n\n<h2>Comment avoir du tact dans le contexte professionnel&nbsp;?<\/h2>\n\n\n\n<p>De nombreux cadres et managers se demandent <strong>comment avoir du tact<\/strong> et <a href=\"https:\/\/www.comundi.fr\/mag-des-competences\/renforcer-son-sens-de-la-communication-au-travail-astuces-et-exercices-pour-une-communication-plus-efficace\/\">mieux communiquer en entreprise<\/a>. Voici trois pistes qui pourraient vous aider en ce sens.<\/p>\n\n\n\n<h3>L&#8217;empathie<\/h3>\n\n\n\n<p>L\u2019empathie est une comp\u00e9tence essentielle qui vous permet de vous exprimer avec d\u00e9licatesse et \u00e9l\u00e9gance. Il s&rsquo;agit d&rsquo;une facult\u00e9 consistant \u00e0 se mettre \u00e0 la place de l\u2019autre. En entreprise, vous n\u2019\u00eates pas tenu d\u2019acc\u00e9der \u00e0 toutes les demandes de vos coll\u00e8gues. Toutefois, si vous devez refuser, faites-le d\u2019une mani\u00e8re qui ne vous froisserait pas si vous \u00e9tiez dans la position du demandeur. Bien entendu, chaque personne pr\u00e9sente un niveau de sensibilit\u00e9 diff\u00e9rent. Le mieux est de fonder vos propos sur des raisons neutres, en repla\u00e7ant chaque situation dans son contexte et en \u00e9liminant ce qui n\u2019apporte rien de constructif \u00e0 la discussion.&nbsp;<\/p>\n\n\n\n<h3 id=\"isPasted\">La communication non verbale<\/h3>\n\n\n\n<p>Autant les mots sont importants dans une conversation, autant les gestes peuvent exprimer l\u2019agacement ou l\u2019agressivit\u00e9. Une discussion peut para\u00eetre saine en apparence et pourtant provoquer des contrari\u00e9t\u00e9s en raison d\u2019une ou plusieurs&nbsp;attitudes n\u00e9fastes. La communication non verbale est particuli\u00e8rement subtile. Vous devez donc apprendre \u00e0 d\u00e9samorcer les \u00e9motions explosives, \u00e0 g\u00e9rer votre impulsivit\u00e9 et \u00e0 garder des pens\u00e9es positives pour favoriser la coop\u00e9ration. Ce travail m\u00e9rite une attention constante, car bien souvent, notre&nbsp;attitude trahit nos pens\u00e9es sans m\u00eame que nous en ayons conscience.<\/p>\n\n\n\n<h3>Utiliser le tact dans la gestion d\u2019\u00e9quipes<\/h3>\n\n\n\n<p>La gestion d\u2019une \u00e9quipe n\u00e9cessite d\u2019avoir un bon sens du leadership. En plus de ma\u00eetriser la diplomatie du langage, vous devez d\u00e9velopper des techniques et des comportements positifs pour sortir des situations d\u00e9licates. Dans un premier temps, cela consiste \u00e0 garder le contr\u00f4le de soi et de ses mots. La technique de l\u2019ancrage, qui permet de cr\u00e9er des associations positives avec une situation ou une action donn\u00e9e, se r\u00e9v\u00e8le tr\u00e8s efficace pour communiquer paisiblement sans se laisser d\u00e9stabiliser. Dans un deuxi\u00e8me temps, il est question de d\u00e9jouer les&nbsp;attitudes manipulatrices en sachant g\u00e9rer au mieux les divergences d\u2019opinion.&nbsp;<\/p>\n\n\n\n<h2 id=\"isPasted\">Comment am\u00e9liorer son sens du tact&nbsp;?<\/h2>\n\n\n\n<p>Vous cherchez quelques astuces pour am\u00e9liorer votre sens du tact ? La diplomatie du langage permet de communiquer facilement et d\u2019\u00e9viter les situations conflictuelles. <strong>Comment avoir du tact<\/strong> et l\u2019entretenir ?<\/p>\n\n\n\n<h3>Pratiquer l&rsquo;\u00e9coute active<\/h3>\n\n\n\n<p>L\u2019\u00e9coute active consiste \u00e0 se concentrer r\u00e9ellement sur les propos de l\u2019interlocuteur. Il s\u2019agit d\u2019\u00e9couter sans interrompre et sans porter de jugement. Une bonne \u00e9coute consiste aussi \u00e0 r\u00e9p\u00e9ter ou \u00e0 reformuler les propos entendus. Cela permet de confirmer le message pour s\u2019assurer que la compr\u00e9hension est la m\u00eame pour les deux parties.<\/p>\n\n\n\n<h3>D\u00e9velopper sa capacit\u00e9 \u00e0 g\u00e9rer les situations d\u00e9licates<\/h3>\n\n\n\n<p>Les situations d\u00e9licates ne manquent pas en entreprise. <a href=\"https:\/\/www.comundi.fr\/mag-des-competences\/comment-faire-preuve-de-diplomatie-avec-ses-collegues\/\">Qu\u2019il s\u2019agisse d\u2019un conflit entre deux coll\u00e8gues ou d\u2019un d\u00e9saccord dirig\u00e9 contre vous<\/a>, plusieurs cl\u00e9s permettent d\u2019en venir \u00e0 bout et de r\u00e9tablir un climat agr\u00e9able. Le compromis constitue un excellent moyen pour r\u00e9gler les diff\u00e9rends en douceur. Vous pouvez aussi employer des techniques positives pour faire coop\u00e9rer les collaborateurs et cr\u00e9er ou maintenir des relations harmonieuses sur le lieu de travail.\u00a0<\/p>\n\n\n\n<h3 id=\"isPasted\">L&rsquo;importance de pratiquer son tact au quotidien<\/h3>\n\n\n\n<p>Le tact est une comp\u00e9tence qui s\u2019entretient et se d\u00e9veloppe au quotidien. La communication agressive peut \u00eatre d\u00fb au conditionnement social auquel nous sommes soumis. Il faut donc \u00e9viter que des attitudes n\u00e9gatives ne reprennent le dessus. Cela peut se faire en appliquant les principes de la communication interpersonnelle et en identifiant le bon registre pour s\u2019exprimer.&nbsp;<\/p>\n\n\n\n<p>Si vous avez des difficult\u00e9s \u00e0 suivre nos conseils et \u00e0 d\u00e9velopper votre sens du tact, n&rsquo;h\u00e9sitez pas \u00e0 vous faire accompagner. Ainsi, vous pouvez <a href=\"https:\/\/www.comundi.fr\/formations\/formation-communiquer-avec-tact-et-diplomatie.html\">suivre une formation chez vous permettant d&rsquo;acqu\u00e9rir ou de d\u00e9velopper cette comp\u00e9tence<\/a>.<\/p>\n","protected":false},"excerpt":{"rendered":"<p>En milieu professionnel, la communication est parfois entrav\u00e9e par des mots d\u00e9plac\u00e9s ou des&nbsp;attitudes agressives. Que vous soyez un responsable d\u2019\u00e9quipe ou un simple cadre, la diplomatie du langage est un \u00e9l\u00e9ment \u00e0 d\u00e9velopper. Le tact aide \u00e0 tenir des propos constructifs et \u00e0 adopter le bon registre de langue pour g\u00e9rer chaque situation. Pourquoi [&hellip;]<\/p>\n","protected":false},"author":8,"featured_media":12392,"comment_status":"open","ping_status":"open","sticky":false,"template":"","format":"standard","meta":{"_mi_skip_tracking":false},"categories":[185],"yoast_head":"<!-- This site is optimized with the Yoast SEO plugin v16.1 - https:\/\/yoast.com\/wordpress\/plugins\/seo\/ -->\n<title>Les cl\u00e9s pour d\u00e9velopper son sens du tact - Mag des comp\u00e9tences - Comundi<\/title>\n<meta name=\"description\" content=\"D\u00e9couvrez les strat\u00e9gies pratiques pour d\u00e9velopper votre sens du tact et am\u00e9liorer vos interactions professionnelles. Apprenez \u00e0 \u00e9viter les conflits et \u00e0 influencer avec \u00e9l\u00e9gance dans vos relations professionnelles.\" \/>\n<meta name=\"robots\" content=\"index, follow, max-snippet:-1, max-image-preview:large, max-video-preview:-1\" \/>\n<link rel=\"canonical\" href=\"https:\/\/www.comundi.fr\/mag-des-competences\/les-cles-pour-developper-son-sens-du-tact\/\" \/>\n<meta property=\"og:locale\" content=\"fr_FR\" \/>\n<meta property=\"og:type\" content=\"article\" \/>\n<meta property=\"og:title\" content=\"Les cl\u00e9s pour d\u00e9velopper son sens du tact - Mag des comp\u00e9tences - Comundi\" \/>\n<meta property=\"og:description\" content=\"D\u00e9couvrez les strat\u00e9gies pratiques pour d\u00e9velopper votre sens du tact et am\u00e9liorer vos interactions professionnelles. Apprenez \u00e0 \u00e9viter les conflits et \u00e0 influencer avec \u00e9l\u00e9gance dans vos relations professionnelles.\" \/>\n<meta property=\"og:url\" content=\"https:\/\/www.comundi.fr\/mag-des-competences\/les-cles-pour-developper-son-sens-du-tact\/\" \/>\n<meta property=\"og:site_name\" content=\"Mag des comp\u00e9tences - Comundi\" \/>\n<meta property=\"article:publisher\" content=\"https:\/\/www.facebook.com\/Comundi\/?fref=ts\" \/>\n<meta property=\"article:published_time\" content=\"2024-04-18T06:50:00+00:00\" \/>\n<meta property=\"article:modified_time\" content=\"2024-04-17T09:21:55+00:00\" \/>\n<meta property=\"og:image\" content=\"https:\/\/www.comundi.fr\/mag-des-competences\/wp-content\/uploads\/2024\/04\/Les-cles-pour-developper-son-sens-du-tact.jpg\" \/>\n\t<meta property=\"og:image:width\" content=\"1200\" \/>\n\t<meta property=\"og:image:height\" content=\"675\" \/>\n<meta name=\"twitter:card\" content=\"summary_large_image\" \/>\n<meta name=\"twitter:creator\" content=\"@ComundiActu\" \/>\n<meta name=\"twitter:site\" content=\"@ComundiActu\" \/>\n<meta name=\"twitter:label1\" content=\"Dur\u00e9e de lecture est.\">\n\t<meta name=\"twitter:data1\" content=\"5 minutes\">\n<script type=\"application\/ld+json\" class=\"yoast-schema-graph\">{\"@context\":\"https:\/\/schema.org\",\"@graph\":[{\"@type\":\"Organization\",\"@id\":\"https:\/\/www.comundi.fr\/mag-des-competences\/#organization\",\"name\":\"Comundi\",\"url\":\"https:\/\/www.comundi.fr\/mag-des-competences\/\",\"sameAs\":[\"https:\/\/www.facebook.com\/Comundi\/?fref=ts\",\"https:\/\/www.linkedin.com\/company\/comundi\/\",\"https:\/\/www.youtube.com\/user\/ComundiFormations\",\"https:\/\/twitter.com\/ComundiActu\"],\"logo\":{\"@type\":\"ImageObject\",\"@id\":\"https:\/\/www.comundi.fr\/mag-des-competences\/#logo\",\"inLanguage\":\"fr-FR\",\"url\":\"https:\/\/www.comundi.fr\/mag-des-competences\/wp-content\/uploads\/2018\/01\/comundi.png\",\"contentUrl\":\"https:\/\/www.comundi.fr\/mag-des-competences\/wp-content\/uploads\/2018\/01\/comundi.png\",\"width\":300,\"height\":300,\"caption\":\"Comundi\"},\"image\":{\"@id\":\"https:\/\/www.comundi.fr\/mag-des-competences\/#logo\"}},{\"@type\":\"WebSite\",\"@id\":\"https:\/\/www.comundi.fr\/mag-des-competences\/#website\",\"url\":\"https:\/\/www.comundi.fr\/mag-des-competences\/\",\"name\":\"Mag des comp\\u00e9tences - Comundi\",\"description\":\"Le magazine des m\\u00e9tiers de demain\",\"publisher\":{\"@id\":\"https:\/\/www.comundi.fr\/mag-des-competences\/#organization\"},\"potentialAction\":[{\"@type\":\"SearchAction\",\"target\":\"https:\/\/www.comundi.fr\/mag-des-competences\/?s={search_term_string}\",\"query-input\":\"required name=search_term_string\"}],\"inLanguage\":\"fr-FR\"},{\"@type\":\"ImageObject\",\"@id\":\"https:\/\/www.comundi.fr\/mag-des-competences\/les-cles-pour-developper-son-sens-du-tact\/#primaryimage\",\"inLanguage\":\"fr-FR\",\"url\":\"https:\/\/www.comundi.fr\/mag-des-competences\/wp-content\/uploads\/2024\/04\/Les-cles-pour-developper-son-sens-du-tact.jpg\",\"contentUrl\":\"https:\/\/www.comundi.fr\/mag-des-competences\/wp-content\/uploads\/2024\/04\/Les-cles-pour-developper-son-sens-du-tact.jpg\",\"width\":1200,\"height\":675,\"caption\":\"Les cl\\u00e9s pour d\\u00e9velopper son sens du tact\"},{\"@type\":\"WebPage\",\"@id\":\"https:\/\/www.comundi.fr\/mag-des-competences\/les-cles-pour-developper-son-sens-du-tact\/#webpage\",\"url\":\"https:\/\/www.comundi.fr\/mag-des-competences\/les-cles-pour-developper-son-sens-du-tact\/\",\"name\":\"Les cl\\u00e9s pour d\\u00e9velopper son sens du tact - Mag des comp\\u00e9tences - Comundi\",\"isPartOf\":{\"@id\":\"https:\/\/www.comundi.fr\/mag-des-competences\/#website\"},\"primaryImageOfPage\":{\"@id\":\"https:\/\/www.comundi.fr\/mag-des-competences\/les-cles-pour-developper-son-sens-du-tact\/#primaryimage\"},\"datePublished\":\"2024-04-18T06:50:00+00:00\",\"dateModified\":\"2024-04-17T09:21:55+00:00\",\"description\":\"D\\u00e9couvrez les strat\\u00e9gies pratiques pour d\\u00e9velopper votre sens du tact et am\\u00e9liorer vos interactions professionnelles. Apprenez \\u00e0 \\u00e9viter les conflits et \\u00e0 influencer avec \\u00e9l\\u00e9gance dans vos relations professionnelles.\",\"breadcrumb\":{\"@id\":\"https:\/\/www.comundi.fr\/mag-des-competences\/les-cles-pour-developper-son-sens-du-tact\/#breadcrumb\"},\"inLanguage\":\"fr-FR\",\"potentialAction\":[{\"@type\":\"ReadAction\",\"target\":[\"https:\/\/www.comundi.fr\/mag-des-competences\/les-cles-pour-developper-son-sens-du-tact\/\"]}]},{\"@type\":\"BreadcrumbList\",\"@id\":\"https:\/\/www.comundi.fr\/mag-des-competences\/les-cles-pour-developper-son-sens-du-tact\/#breadcrumb\",\"itemListElement\":[{\"@type\":\"ListItem\",\"position\":1,\"item\":{\"@type\":\"WebPage\",\"@id\":\"https:\/\/www.comundi.fr\/mag-des-competences\/\",\"url\":\"https:\/\/www.comundi.fr\/mag-des-competences\/\",\"name\":\"Accueil\"}},{\"@type\":\"ListItem\",\"position\":2,\"item\":{\"@type\":\"WebPage\",\"@id\":\"https:\/\/www.comundi.fr\/mag-des-competences\/les-cles-pour-developper-son-sens-du-tact\/\",\"url\":\"https:\/\/www.comundi.fr\/mag-des-competences\/les-cles-pour-developper-son-sens-du-tact\/\",\"name\":\"Les cl\\u00e9s pour d\\u00e9velopper son sens du tact\"}}]},{\"@type\":\"Article\",\"@id\":\"https:\/\/www.comundi.fr\/mag-des-competences\/les-cles-pour-developper-son-sens-du-tact\/#article\",\"isPartOf\":{\"@id\":\"https:\/\/www.comundi.fr\/mag-des-competences\/les-cles-pour-developper-son-sens-du-tact\/#webpage\"},\"author\":{\"@id\":\"https:\/\/www.comundi.fr\/mag-des-competences\/#\/schema\/person\/d08f5c2cf9de6fcfd33c30314745578e\"},\"headline\":\"Les cl\\u00e9s pour d\\u00e9velopper son sens du tact\",\"datePublished\":\"2024-04-18T06:50:00+00:00\",\"dateModified\":\"2024-04-17T09:21:55+00:00\",\"mainEntityOfPage\":{\"@id\":\"https:\/\/www.comundi.fr\/mag-des-competences\/les-cles-pour-developper-son-sens-du-tact\/#webpage\"},\"commentCount\":0,\"publisher\":{\"@id\":\"https:\/\/www.comundi.fr\/mag-des-competences\/#organization\"},\"image\":{\"@id\":\"https:\/\/www.comundi.fr\/mag-des-competences\/les-cles-pour-developper-son-sens-du-tact\/#primaryimage\"},\"articleSection\":\"D\\u00e9veloppement personnel\",\"inLanguage\":\"fr-FR\",\"potentialAction\":[{\"@type\":\"CommentAction\",\"name\":\"Comment\",\"target\":[\"https:\/\/www.comundi.fr\/mag-des-competences\/les-cles-pour-developper-son-sens-du-tact\/#respond\"]}]},{\"@type\":\"Person\",\"@id\":\"https:\/\/www.comundi.fr\/mag-des-competences\/#\/schema\/person\/d08f5c2cf9de6fcfd33c30314745578e\",\"name\":\"Comundi\",\"image\":{\"@type\":\"ImageObject\",\"@id\":\"https:\/\/www.comundi.fr\/mag-des-competences\/#personlogo\",\"inLanguage\":\"fr-FR\",\"url\":\"https:\/\/secure.gravatar.com\/avatar\/da2835ae7b2c1279e8e897d242f4cda6?s=96&d=mm&r=g\",\"contentUrl\":\"https:\/\/secure.gravatar.com\/avatar\/da2835ae7b2c1279e8e897d242f4cda6?s=96&d=mm&r=g\",\"caption\":\"Comundi\"}}]}<\/script>\n<!-- \/ Yoast SEO plugin. -->","amp_enabled":true,"_links":{"self":[{"href":"https:\/\/www.comundi.fr\/mag-des-competences\/wp-json\/wp\/v2\/posts\/12391"}],"collection":[{"href":"https:\/\/www.comundi.fr\/mag-des-competences\/wp-json\/wp\/v2\/posts"}],"about":[{"href":"https:\/\/www.comundi.fr\/mag-des-competences\/wp-json\/wp\/v2\/types\/post"}],"author":[{"embeddable":true,"href":"https:\/\/www.comundi.fr\/mag-des-competences\/wp-json\/wp\/v2\/users\/8"}],"replies":[{"embeddable":true,"href":"https:\/\/www.comundi.fr\/mag-des-competences\/wp-json\/wp\/v2\/comments?post=12391"}],"version-history":[{"count":2,"href":"https:\/\/www.comundi.fr\/mag-des-competences\/wp-json\/wp\/v2\/posts\/12391\/revisions"}],"predecessor-version":[{"id":12395,"href":"https:\/\/www.comundi.fr\/mag-des-competences\/wp-json\/wp\/v2\/posts\/12391\/revisions\/12395"}],"wp:featuredmedia":[{"embeddable":true,"href":"https:\/\/www.comundi.fr\/mag-des-competences\/wp-json\/wp\/v2\/media\/12392"}],"wp:attachment":[{"href":"https:\/\/www.comundi.fr\/mag-des-competences\/wp-json\/wp\/v2\/media?parent=12391"}],"wp:term":[{"taxonomy":"category","embeddable":true,"href":"https:\/\/www.comundi.fr\/mag-des-competences\/wp-json\/wp\/v2\/categories?post=12391"}],"curies":[{"name":"wp","href":"https:\/\/api.w.org\/{rel}","templated":true}]}}