{"id":12384,"date":"2024-04-23T08:50:00","date_gmt":"2024-04-23T06:50:00","guid":{"rendered":"https:\/\/www.comundi.fr\/mag-des-competences\/?p=12384"},"modified":"2024-04-23T12:36:17","modified_gmt":"2024-04-23T10:36:17","slug":"oser-prendre-la-parole-en-public-comment-depasser-ses-limites-et-sexprimer-avec-confiance","status":"publish","type":"post","link":"https:\/\/www.comundi.fr\/mag-des-competences\/oser-prendre-la-parole-en-public-comment-depasser-ses-limites-et-sexprimer-avec-confiance\/","title":{"rendered":"Oser prendre la parole en public : comment d\u00e9passer ses limites et s&rsquo;exprimer avec confiance"},"content":{"rendered":"\n<p id=\"isPasted\">Dans la vie professionnelle et dans la vie pratique, la capacit\u00e9 \u00e0 s&rsquo;exprimer en public est une comp\u00e9tence pr\u00e9cieuse. Que ce soit pour pr\u00e9senter un projet, animer une r\u00e9union, d\u00e9fendre une id\u00e9e ou simplement cr\u00e9er du lien avec son auditoire, savoir parler en public est une cl\u00e9 essentielle du d\u00e9veloppement personnel et professionnel. Cependant, beaucoup \u00e9prouvent une grande difficult\u00e9 \u00e0 franchir le cap de la prise de parole devant un auditoire. La peur du jugement, le manque de confiance en soi ou encore la crainte de ne pas \u00eatre \u00e0 la hauteur sont autant de freins qui peuvent entraver notre capacit\u00e9 \u00e0 nous exprimer avec assurance et authenticit\u00e9.<\/p>\n\n\n\n<p>Cet article vous propose une m\u00e9thode simple et efficace pour surmonter vos appr\u00e9hensions et <a href=\"https:\/\/www.comundi.fr\/mag-des-competences\/reussir-prise-de-parole-en-public\/\">d\u00e9velopper votre confiance en vous lors de vos prises de parole en\u00a0public<\/a>. En mettant l&rsquo;accent sur l&rsquo;importance de l&rsquo;assurance et de l&rsquo;authenticit\u00e9, nous explorerons ensemble diff\u00e9rentes techniques, outils et exercices pour vous permettre de vous exprimer avec aisance et conviction, que ce soit devant un petit groupe de coll\u00e8gues ou une grande audience.<\/p>\n\n\n\n<h2>L&rsquo;importance de la prise de parole<\/h2>\n\n\n\n<p>La <strong>capacit\u00e9 \u00e0 prendre la parole <\/strong>rev\u00eat une importance capitale dans de nombreux aspects de la vie professionnelle et personnelle. Que ce soit lors de pr\u00e9sentations, de r\u00e9unions, de discours ou m\u00eame de conversations informelles, notre aptitude \u00e0 nous exprimer clairement et avec assurance peut avoir un impact significatif sur notre r\u00e9ussite et notre bien-\u00eatre.<\/p>\n\n\n\n<p>Dans le cadre professionnel, une prise de parole efficace est souvent cruciale pour d\u00e9fendre des id\u00e9es, persuader des coll\u00e8gues, ou encore pr\u00e9senter des projets \u00e0 des clients ou des investisseurs. Elle est \u00e9galement un moyen puissant de cr\u00e9er du lien avec son&nbsp;public, de partager son expertise et de renforcer sa cr\u00e9dibilit\u00e9. Un orateur capable de communiquer de mani\u00e8re convaincante et authentique peut influencer positivement les d\u00e9cisions et les perceptions de son auditoire, ce qui peut avoir des r\u00e9percussions majeures sur le succ\u00e8s d&rsquo;une&nbsp;entreprise ou d&rsquo;une initiative.<\/p>\n\n\n\n<p>Sur le plan personnel, savoir s&rsquo;exprimer en\u00a0public peut \u00e9galement \u00eatre b\u00e9n\u00e9fique. Que ce soit lors d&rsquo;\u00e9v\u00e9nements sociaux, de d\u00e9bats familiaux ou de situations quotidiennes, une communication claire et confiante peut aider \u00e0 exprimer ses id\u00e9es, \u00e0 d\u00e9fendre ses opinions et \u00e0 \u00e9tablir des relations solides avec les autres. De plus, <strong>prendre la parole<\/strong> peut contribuer au d\u00e9veloppement personnel en renfor\u00e7ant l&rsquo;estime de soi, en cultivant la confiance en ses capacit\u00e9s et en offrant des occasions de croissance et d&rsquo;apprentissage.<\/p>\n\n\n\n<p>En somme, la prise de parole en&nbsp;public est bien plus qu&rsquo;une simple comp\u00e9tence technique. Elle est un v\u00e9ritable art oratoire qui peut transformer la mani\u00e8re dont nous interagissons avec le monde qui nous entoure. En d\u00e9veloppant cette aptitude, nous sommes en mesure de nous exprimer avec clart\u00e9, conviction et authenticit\u00e9, ce qui nous permet de mieux influencer notre environnement et de cr\u00e9er des opportunit\u00e9s pour nous-m\u00eames et pour les autres.<\/p>\n\n\n\n<h2>Les freins \u00e0 la prise de parole<\/h2>\n\n\n\n<p>La peur de <strong>prendre la parole en\u00a0public<\/strong> peut \u00eatre paralysante pour de nombreuses personnes. Ce ph\u00e9nom\u00e8ne peut largement influer notre vie professionnelle, et cela peut provenir de diverses sources. <a href=\"https:\/\/www.comundi.fr\/mag-des-competences\/les-8-erreurs-a-proscrire-lors-de-vos-prises-de-parole-en-public\/\">Identifier ses freins psychologiques est la premi\u00e8re \u00e9tape pour les surmonter avec succ\u00e8s<\/a>.<\/p>\n\n\n\n<h3>La peur des autres et &#8230; de soi !<\/h3>\n\n\n\n<p>L&rsquo;un des principaux freins \u00e0 la prise de parole est la peur du jugement des autres. Que ce soit la crainte d&rsquo;\u00eatre critiqu\u00e9, ridiculis\u00e9 ou simplement mal per\u00e7u par l&rsquo;auditoire, cette appr\u00e9hension peut \u00eatre extr\u00eamement inhibante. De plus, la peur de ne pas \u00eatre \u00e0 la hauteur de ses propres attentes ou de celles des autres peut \u00e9galement jouer un r\u00f4le important. Cette auto-critique constante peut cr\u00e9er un cercle vicieux o\u00f9 chaque exp\u00e9rience n\u00e9gative renforce davantage l&rsquo;anxi\u00e9t\u00e9 li\u00e9e \u00e0 la prise de parole.<\/p>\n\n\n\n<h3>La peur de ne pas \u00eatre parfait<\/h3>\n\n\n\n<p>Une autre barri\u00e8re courante \u00e0 la prise de parole est la recherche constante de la perfection. Beaucoup de gens ont tendance \u00e0 se fixer des standards irr\u00e9alistes et \u00e0 craindre de commettre des erreurs ou de ne pas r\u00e9pondre aux attentes. Cette qu\u00eate incessante de perfection peut \u00eatre \u00e9puisante et peut emp\u00eacher les individus de s&rsquo;exprimer avec authenticit\u00e9 et spontan\u00e9it\u00e9.<\/p>\n\n\n\n<p>En reconnaissant ces peurs et en comprenant leurs origines, il devient possible de les surmonter progressivement. En adoptant des strat\u00e9gies et des techniques sp\u00e9cifiques, il est tout \u00e0 fait r\u00e9alisable de vaincre ces freins psychologiques et de s&rsquo;\u00e9panouir dans la prise de parole en&nbsp;public.<\/p>\n\n\n\n<h2>Techniques pour surmonter la peur de la prise de parole<\/h2>\n\n\n\n<p><strong>Prendre la parole en\u00a0public<\/strong> peut \u00eatre une exp\u00e9rience intimidante pour beaucoup, mais avec les bonnes techniques, il est possible de surmonter cette peur et de s&rsquo;exprimer avec confiance et assurance. Voici quelques techniques pour vous aider \u00e0 ma\u00eetriser l&rsquo;art de la prise de parole.<\/p>\n\n\n\n<h3>Pr\u00e9parer sa prise de parole<\/h3>\n\n\n\n<p>La pr\u00e9paration est essentielle pour se sentir confiant lors d&rsquo;une prise de parole en&nbsp;public. Choisissez un sujet que vous connaissez par exp\u00e9rience ou parce que vous l\u2019avez \u00e9tudi\u00e9. Prenez le temps de structurer vos id\u00e9es et de pr\u00e9parer un plan d\u00e9taill\u00e9 pour votre discours ou votre pr\u00e9sentation. Plus vous serez pr\u00e9par\u00e9, plus vous vous sentirez en contr\u00f4le et capable de r\u00e9pondre aux questions et aux d\u00e9fis qui pourraient survenir.<\/p>\n\n\n\n<h3>R\u00e9p\u00e9ter au calme<\/h3>\n\n\n\n<p>La r\u00e9p\u00e9tition est une \u00e9tape cruciale pour renforcer votre confiance en votre discours. Pratiquez votre pr\u00e9sentation plusieurs fois dans un environnement calme et sans distractions. Cela vous permettra de vous familiariser avec le contenu de votre discours, d&rsquo;am\u00e9liorer votre fluidit\u00e9 et de r\u00e9duire le risque de bafouillage ou d&rsquo;oubli pendant votre prise de parole en&nbsp;public.<\/p>\n\n\n\n<h3>Poser sa voix<\/h3>\n\n\n\n<p>La fa\u00e7on dont vous utilisez votre voix peut avoir un impact significatif sur la fa\u00e7on dont votre message est per\u00e7u par votre&nbsp;public. Apprenez \u00e0 contr\u00f4ler votre ton, votre d\u00e9bit et votre intonation pour transmettre votre message de mani\u00e8re claire et convaincante. Pratiquez des exercices de respiration et de relaxation pour vous aider \u00e0 vous d\u00e9tendre et \u00e0 projeter votre voix avec force et assurance<\/p>\n\n\n\n<h3>Travailler son langage corporel<\/h3>\n\n\n\n<p>Votre langage corporel joue \u00e9galement un r\u00f4le crucial dans votre prise de parole en&nbsp;public. Faites attention \u00e0 votre posture, \u00e0 vos gestes et \u00e0 votre expression faciale pour communiquer efficacement avec votre auditoire. Maintenez une posture droite et ouverte, utilisez des gestes naturels et faites attention \u00e0 votre expression faciale pour renforcer votre message et captiver votre&nbsp;public.<\/p>\n\n\n\n<h3>Avoir le bon \u00e9tat d&rsquo;esprit<\/h3>\n\n\n\n<p>L&rsquo;\u00e9tat d&rsquo;esprit que vous adoptez avant et pendant votre prise de parole en&nbsp;public peut faire toute la diff\u00e9rence. Au lieu de vous concentrer sur vos peurs et vos doutes, concentrez-vous sur les aspects positifs de votre pr\u00e9sentation et sur le message que vous souhaitez transmettre. Visualisez-vous en train de parler avec confiance et succ\u00e8s, et rappelez-vous que vous avez le pouvoir d&rsquo;influencer et de inspirer votre&nbsp;public avec vos paroles.<\/p>\n\n\n\n<h2>Outils pour d\u00e9velopper ses comp\u00e9tences en prise de parole<\/h2>\n\n\n\n<p>D\u00e9velopper ses comp\u00e9tences en prise de parole en&nbsp;public ne se limite pas seulement \u00e0 ma\u00eetriser les aspects verbaux de la communication. Il est \u00e9galement crucial de comprendre et d&rsquo;utiliser efficacement les strat\u00e9gies de communication non-verbale. Voici quelques ressources et conseils pour vous aider \u00e0 perfectionner cette facette importante de votre expression orale :<\/p>\n\n\n\n<h3>Reprendre confiance en soi<\/h3>\n\n\n\n<p>La confiance en soi est un pilier essentiel de la prise de parole en&nbsp;public. Si vous manquez de confiance en vous, il existe des formations sp\u00e9cifiques, des s\u00e9minaires ou des livres d\u00e9di\u00e9s au renforcement de l&rsquo;estime de soi et \u00e0 la construction de la confiance en soi. Ces ressources peuvent vous aider \u00e0 surmonter vos doutes et \u00e0 vous sentir plus assur\u00e9 lorsque vous prenez la parole en&nbsp;public.<\/p>\n\n\n\n<h3>Visualiser son discours pour gagner en confiance<\/h3>\n\n\n\n<p>La visualisation est une technique puissante pour renforcer votre confiance avant une prise de parole en&nbsp;public. Prenez quelques instants pour vous imaginer en train de r\u00e9ussir votre discours de mani\u00e8re convaincante et captivante. Visualisez-vous en train de communiquer avec assurance, recevant des r\u00e9actions positives de votre&nbsp;auditoireet atteignant vos objectifs de communication.<\/p>\n\n\n\n<h3>Ma\u00eetriser son rythme pour poser sa parole<\/h3>\n\n\n\n<p>Le rythme de votre discours peut avoir un impact significatif sur la fa\u00e7on dont il est per\u00e7u par votre&nbsp;public. Si vous parlez trop rapidement, vous risquez de perdre votre auditoire ; si vous parlez trop lentement, vous risquez de les ennuyer. Apprenez \u00e0 moduler votre d\u00e9bit de parole en fonction du contenu de votre discours et des r\u00e9actions de vos&nbsp;interlocuteurs. Des formations sp\u00e9cifiques peuvent vous aider \u00e0 d\u00e9velopper cette comp\u00e9tence importante.<\/p>\n\n\n\n<h3>Utiliser les strat\u00e9gies de communication non-verbale<\/h3>\n\n\n\n<p>La communication non-verbale, telle que le langage corporel, l&rsquo;expression faciale et la gestuelle, joue un r\u00f4le crucial dans la transmission efficace de votre message. Apprenez \u00e0 utiliser votre langage corporel de mani\u00e8re intentionnelle pour renforcer votre discours, captiver votre&nbsp;auditoireet transmettre votre message de mani\u00e8re claire et convaincante. Des formations en communication non-verbale peuvent vous fournir des techniques pratiques pour d\u00e9velopper cette comp\u00e9tence et l&rsquo;int\u00e9grer dans votre prise de parole en&nbsp;public.<\/p>\n\n\n\n<h2>Des exercices pour s&rsquo;entrainer \u00e0 prendre la parole<\/h2>\n\n\n\n<p><a href=\"https:\/\/www.comundi.fr\/mag-des-competences\/comment-et-pourquoi-ameliorer-son-aisance-orale-au-travail\/\"><strong>Prendre la parole en\u00a0public<\/strong> peut sembler d\u00e9courageant, mais comme toute comp\u00e9tence, elle peut \u00eatre am\u00e9lior\u00e9e avec la pratique r\u00e9guli\u00e8re.<\/a> Voici quelques exercices simples mais efficaces pour vous aider \u00e0 vous entra\u00eener \u00e0 <strong>prendre la parole avec confiance<\/strong> :<\/p>\n\n\n\n<h3>R\u00e9p\u00e9ter votre texte avec des proches<\/h3>\n\n\n\n<p>Une des meilleures fa\u00e7ons de se pr\u00e9parer \u00e0 <strong>prendre la parole en\u00a0public<\/strong> est de r\u00e9p\u00e9ter votre discours devant des amis, des membres de votre famille ou des coll\u00e8gues. Pratiquer devant un\u00a0public bienveillant vous permettra de vous habituer \u00e0 exprimer vos id\u00e9es \u00e0 voix haute et \u00e0 recevoir des r\u00e9troactions constructives.<\/p>\n\n\n\n<h3>Regarder vos interlocuteurs dans les yeux<\/h3>\n\n\n\n<p>Le contact visuel est un \u00e9l\u00e9ment crucial de la communication efficace. Lorsque vous prenez la parole en&nbsp;public, assurez-vous de regarder votre&nbsp;auditoiredans les yeux. Cela vous aidera \u00e0 \u00e9tablir une connexion plus profonde avec votre auditoire et \u00e0 transmettre votre message avec plus d&rsquo;impact.<\/p>\n\n\n\n<h3>Entrainer sa posture et sa gestuelle<\/h3>\n\n\n\n<p>Votre langage corporel joue un r\u00f4le important dans la fa\u00e7on dont votre discours est per\u00e7u par votre&nbsp;public. Pratiquez une posture ouverte et confiante, en \u00e9vitant les gestes nerveux ou inconfortables. Entra\u00eenez-vous \u00e9galement \u00e0 utiliser des gestes naturels pour renforcer vos propos et captiver votre auditoire.<\/p>\n\n\n\n<h3>Avouez vos \u00e9motions<\/h3>\n\n\n\n<p>Exprimer ses \u00e9motions de mani\u00e8re authentique peut rendre votre discours plus convaincant et captivant. Ne craignez pas de montrer vos sentiments lorsque vous prenez la parole en&nbsp;public. Cela peut aider votre&nbsp;auditoire\u00e0 se connecter avec vous sur un niveau plus personnel et \u00e0 \u00eatre plus r\u00e9ceptif \u00e0 votre message. Si cela pour aider, appuyez-vous sur de petites phrases pr\u00e9parer \u00e0 l&rsquo;avance pour vous aider \u00e0 reprendre pieds si vous perdez vos moyens (\u00ab\u00a0Je crois que j&rsquo;ai besoin de reprendre mon souffle\u00a0\u00bb, \u00ab\u00a0Youuu, tant de monde, je ne suis pas habitu\u00e9, \u00e7a m&rsquo;impressionne\u00a0\u00bb). Cette petite pause vous permettra de faire retomber la pression et vous permettra d&rsquo;enchainer plus facilement.<\/p>\n\n\n\n<h2>Formez-vous pour oser prendre la parole en&nbsp;public<\/h2>\n\n\n\n<p>Si vous cherchez un <a href=\"https:\/\/www.comundi.fr\/mag-des-competences\/organiser-un-atelier-prise-de-parole-en-public-conseils-et-bonnes-pratiques\/\">environnement s\u00e9curis\u00e9 pour pratiquer et perfectionner vos comp\u00e9tences en prise de parole<\/a>, tout en recevant des conseils personnalis\u00e9s de la part d&rsquo;experts en communication, Comundi vous propose sa formation <a href=\"https:\/\/www.comundi.fr\/formations\/formation-prise-de-parole-en-public.html\" target=\"_blank\" rel=\"noreferrer noopener\">Prise de parole en\u00a0public, en r\u00e9union, en distanciel<\/a> pour apprendre les cl\u00e9s pour intervenir en public en toute confiance.<\/p>\n","protected":false},"excerpt":{"rendered":"<p>Dans la vie professionnelle et dans la vie pratique, la capacit\u00e9 \u00e0 s&rsquo;exprimer en public est une comp\u00e9tence pr\u00e9cieuse. Que ce soit pour pr\u00e9senter un projet, animer une r\u00e9union, d\u00e9fendre une id\u00e9e ou simplement cr\u00e9er du lien avec son auditoire, savoir parler en public est une cl\u00e9 essentielle du d\u00e9veloppement personnel et professionnel. Cependant, beaucoup [&hellip;]<\/p>\n","protected":false},"author":8,"featured_media":12397,"comment_status":"open","ping_status":"open","sticky":false,"template":"","format":"standard","meta":{"_mi_skip_tracking":false},"categories":[185],"yoast_head":"<!-- This site is optimized with the Yoast SEO plugin v16.1 - https:\/\/yoast.com\/wordpress\/plugins\/seo\/ -->\n<title>Oser prendre la parole en public : comment d\u00e9passer ses limites et s&#039;exprimer avec confiance - Mag des comp\u00e9tences - Comundi<\/title>\n<meta name=\"description\" content=\"Apprenez \u00e0 d\u00e9passer vos appr\u00e9hensions et \u00e0 exprimer votre voix avec confiance en public. Cette page offre des conseils et des encouragements pour surmonter la peur de prendre la parole en public, en mettant en avant l&#039;importance de l&#039;assurance et de l&#039;authenticit\u00e9 dans vos interventions publiques.\" \/>\n<meta name=\"robots\" content=\"index, follow, max-snippet:-1, max-image-preview:large, max-video-preview:-1\" \/>\n<link rel=\"canonical\" href=\"https:\/\/www.comundi.fr\/mag-des-competences\/oser-prendre-la-parole-en-public-comment-depasser-ses-limites-et-sexprimer-avec-confiance\/\" \/>\n<meta property=\"og:locale\" content=\"fr_FR\" \/>\n<meta property=\"og:type\" content=\"article\" \/>\n<meta property=\"og:title\" content=\"Oser prendre la parole en public : comment d\u00e9passer ses limites et s&#039;exprimer avec confiance - Mag des comp\u00e9tences - Comundi\" \/>\n<meta property=\"og:description\" content=\"Apprenez \u00e0 d\u00e9passer vos appr\u00e9hensions et \u00e0 exprimer votre voix avec confiance en public. Cette page offre des conseils et des encouragements pour surmonter la peur de prendre la parole en public, en mettant en avant l&#039;importance de l&#039;assurance et de l&#039;authenticit\u00e9 dans vos interventions publiques.\" \/>\n<meta property=\"og:url\" content=\"https:\/\/www.comundi.fr\/mag-des-competences\/oser-prendre-la-parole-en-public-comment-depasser-ses-limites-et-sexprimer-avec-confiance\/\" \/>\n<meta property=\"og:site_name\" content=\"Mag des comp\u00e9tences - Comundi\" \/>\n<meta property=\"article:publisher\" content=\"https:\/\/www.facebook.com\/Comundi\/?fref=ts\" \/>\n<meta property=\"article:published_time\" content=\"2024-04-23T06:50:00+00:00\" \/>\n<meta property=\"article:modified_time\" content=\"2024-04-23T10:36:17+00:00\" \/>\n<meta property=\"og:image\" content=\"https:\/\/www.comundi.fr\/mag-des-competences\/wp-content\/uploads\/2024\/04\/Oser-prendre-la-parole-en-public.jpg\" \/>\n\t<meta property=\"og:image:width\" content=\"1200\" \/>\n\t<meta property=\"og:image:height\" content=\"675\" \/>\n<meta name=\"twitter:card\" content=\"summary_large_image\" \/>\n<meta name=\"twitter:creator\" content=\"@ComundiActu\" \/>\n<meta name=\"twitter:site\" content=\"@ComundiActu\" \/>\n<meta name=\"twitter:label1\" content=\"Dur\u00e9e de lecture est.\">\n\t<meta name=\"twitter:data1\" content=\"9 minutes\">\n<script type=\"application\/ld+json\" class=\"yoast-schema-graph\">{\"@context\":\"https:\/\/schema.org\",\"@graph\":[{\"@type\":\"Organization\",\"@id\":\"https:\/\/www.comundi.fr\/mag-des-competences\/#organization\",\"name\":\"Comundi\",\"url\":\"https:\/\/www.comundi.fr\/mag-des-competences\/\",\"sameAs\":[\"https:\/\/www.facebook.com\/Comundi\/?fref=ts\",\"https:\/\/www.linkedin.com\/company\/comundi\/\",\"https:\/\/www.youtube.com\/user\/ComundiFormations\",\"https:\/\/twitter.com\/ComundiActu\"],\"logo\":{\"@type\":\"ImageObject\",\"@id\":\"https:\/\/www.comundi.fr\/mag-des-competences\/#logo\",\"inLanguage\":\"fr-FR\",\"url\":\"https:\/\/www.comundi.fr\/mag-des-competences\/wp-content\/uploads\/2018\/01\/comundi.png\",\"contentUrl\":\"https:\/\/www.comundi.fr\/mag-des-competences\/wp-content\/uploads\/2018\/01\/comundi.png\",\"width\":300,\"height\":300,\"caption\":\"Comundi\"},\"image\":{\"@id\":\"https:\/\/www.comundi.fr\/mag-des-competences\/#logo\"}},{\"@type\":\"WebSite\",\"@id\":\"https:\/\/www.comundi.fr\/mag-des-competences\/#website\",\"url\":\"https:\/\/www.comundi.fr\/mag-des-competences\/\",\"name\":\"Mag des comp\\u00e9tences - Comundi\",\"description\":\"Le magazine des m\\u00e9tiers de demain\",\"publisher\":{\"@id\":\"https:\/\/www.comundi.fr\/mag-des-competences\/#organization\"},\"potentialAction\":[{\"@type\":\"SearchAction\",\"target\":\"https:\/\/www.comundi.fr\/mag-des-competences\/?s={search_term_string}\",\"query-input\":\"required name=search_term_string\"}],\"inLanguage\":\"fr-FR\"},{\"@type\":\"ImageObject\",\"@id\":\"https:\/\/www.comundi.fr\/mag-des-competences\/oser-prendre-la-parole-en-public-comment-depasser-ses-limites-et-sexprimer-avec-confiance\/#primaryimage\",\"inLanguage\":\"fr-FR\",\"url\":\"https:\/\/www.comundi.fr\/mag-des-competences\/wp-content\/uploads\/2024\/04\/Oser-prendre-la-parole-en-public.jpg\",\"contentUrl\":\"https:\/\/www.comundi.fr\/mag-des-competences\/wp-content\/uploads\/2024\/04\/Oser-prendre-la-parole-en-public.jpg\",\"width\":1200,\"height\":675,\"caption\":\"Oser prendre la parole en public\"},{\"@type\":\"WebPage\",\"@id\":\"https:\/\/www.comundi.fr\/mag-des-competences\/oser-prendre-la-parole-en-public-comment-depasser-ses-limites-et-sexprimer-avec-confiance\/#webpage\",\"url\":\"https:\/\/www.comundi.fr\/mag-des-competences\/oser-prendre-la-parole-en-public-comment-depasser-ses-limites-et-sexprimer-avec-confiance\/\",\"name\":\"Oser prendre la parole en public : comment d\\u00e9passer ses limites et s'exprimer avec confiance - Mag des comp\\u00e9tences - Comundi\",\"isPartOf\":{\"@id\":\"https:\/\/www.comundi.fr\/mag-des-competences\/#website\"},\"primaryImageOfPage\":{\"@id\":\"https:\/\/www.comundi.fr\/mag-des-competences\/oser-prendre-la-parole-en-public-comment-depasser-ses-limites-et-sexprimer-avec-confiance\/#primaryimage\"},\"datePublished\":\"2024-04-23T06:50:00+00:00\",\"dateModified\":\"2024-04-23T10:36:17+00:00\",\"description\":\"Apprenez \\u00e0 d\\u00e9passer vos appr\\u00e9hensions et \\u00e0 exprimer votre voix avec confiance en public. Cette page offre des conseils et des encouragements pour surmonter la peur de prendre la parole en public, en mettant en avant l'importance de l'assurance et de l'authenticit\\u00e9 dans vos interventions publiques.\",\"breadcrumb\":{\"@id\":\"https:\/\/www.comundi.fr\/mag-des-competences\/oser-prendre-la-parole-en-public-comment-depasser-ses-limites-et-sexprimer-avec-confiance\/#breadcrumb\"},\"inLanguage\":\"fr-FR\",\"potentialAction\":[{\"@type\":\"ReadAction\",\"target\":[\"https:\/\/www.comundi.fr\/mag-des-competences\/oser-prendre-la-parole-en-public-comment-depasser-ses-limites-et-sexprimer-avec-confiance\/\"]}]},{\"@type\":\"BreadcrumbList\",\"@id\":\"https:\/\/www.comundi.fr\/mag-des-competences\/oser-prendre-la-parole-en-public-comment-depasser-ses-limites-et-sexprimer-avec-confiance\/#breadcrumb\",\"itemListElement\":[{\"@type\":\"ListItem\",\"position\":1,\"item\":{\"@type\":\"WebPage\",\"@id\":\"https:\/\/www.comundi.fr\/mag-des-competences\/\",\"url\":\"https:\/\/www.comundi.fr\/mag-des-competences\/\",\"name\":\"Accueil\"}},{\"@type\":\"ListItem\",\"position\":2,\"item\":{\"@type\":\"WebPage\",\"@id\":\"https:\/\/www.comundi.fr\/mag-des-competences\/oser-prendre-la-parole-en-public-comment-depasser-ses-limites-et-sexprimer-avec-confiance\/\",\"url\":\"https:\/\/www.comundi.fr\/mag-des-competences\/oser-prendre-la-parole-en-public-comment-depasser-ses-limites-et-sexprimer-avec-confiance\/\",\"name\":\"Oser prendre la parole en public : comment d\\u00e9passer ses limites et s&rsquo;exprimer avec confiance\"}}]},{\"@type\":\"Article\",\"@id\":\"https:\/\/www.comundi.fr\/mag-des-competences\/oser-prendre-la-parole-en-public-comment-depasser-ses-limites-et-sexprimer-avec-confiance\/#article\",\"isPartOf\":{\"@id\":\"https:\/\/www.comundi.fr\/mag-des-competences\/oser-prendre-la-parole-en-public-comment-depasser-ses-limites-et-sexprimer-avec-confiance\/#webpage\"},\"author\":{\"@id\":\"https:\/\/www.comundi.fr\/mag-des-competences\/#\/schema\/person\/d08f5c2cf9de6fcfd33c30314745578e\"},\"headline\":\"Oser prendre la parole en public : comment d\\u00e9passer ses limites et s&rsquo;exprimer avec confiance\",\"datePublished\":\"2024-04-23T06:50:00+00:00\",\"dateModified\":\"2024-04-23T10:36:17+00:00\",\"mainEntityOfPage\":{\"@id\":\"https:\/\/www.comundi.fr\/mag-des-competences\/oser-prendre-la-parole-en-public-comment-depasser-ses-limites-et-sexprimer-avec-confiance\/#webpage\"},\"commentCount\":0,\"publisher\":{\"@id\":\"https:\/\/www.comundi.fr\/mag-des-competences\/#organization\"},\"image\":{\"@id\":\"https:\/\/www.comundi.fr\/mag-des-competences\/oser-prendre-la-parole-en-public-comment-depasser-ses-limites-et-sexprimer-avec-confiance\/#primaryimage\"},\"articleSection\":\"D\\u00e9veloppement personnel\",\"inLanguage\":\"fr-FR\",\"potentialAction\":[{\"@type\":\"CommentAction\",\"name\":\"Comment\",\"target\":[\"https:\/\/www.comundi.fr\/mag-des-competences\/oser-prendre-la-parole-en-public-comment-depasser-ses-limites-et-sexprimer-avec-confiance\/#respond\"]}]},{\"@type\":\"Person\",\"@id\":\"https:\/\/www.comundi.fr\/mag-des-competences\/#\/schema\/person\/d08f5c2cf9de6fcfd33c30314745578e\",\"name\":\"Comundi\",\"image\":{\"@type\":\"ImageObject\",\"@id\":\"https:\/\/www.comundi.fr\/mag-des-competences\/#personlogo\",\"inLanguage\":\"fr-FR\",\"url\":\"https:\/\/secure.gravatar.com\/avatar\/da2835ae7b2c1279e8e897d242f4cda6?s=96&d=mm&r=g\",\"contentUrl\":\"https:\/\/secure.gravatar.com\/avatar\/da2835ae7b2c1279e8e897d242f4cda6?s=96&d=mm&r=g\",\"caption\":\"Comundi\"}}]}<\/script>\n<!-- \/ Yoast SEO plugin. -->","amp_enabled":true,"_links":{"self":[{"href":"https:\/\/www.comundi.fr\/mag-des-competences\/wp-json\/wp\/v2\/posts\/12384"}],"collection":[{"href":"https:\/\/www.comundi.fr\/mag-des-competences\/wp-json\/wp\/v2\/posts"}],"about":[{"href":"https:\/\/www.comundi.fr\/mag-des-competences\/wp-json\/wp\/v2\/types\/post"}],"author":[{"embeddable":true,"href":"https:\/\/www.comundi.fr\/mag-des-competences\/wp-json\/wp\/v2\/users\/8"}],"replies":[{"embeddable":true,"href":"https:\/\/www.comundi.fr\/mag-des-competences\/wp-json\/wp\/v2\/comments?post=12384"}],"version-history":[{"count":2,"href":"https:\/\/www.comundi.fr\/mag-des-competences\/wp-json\/wp\/v2\/posts\/12384\/revisions"}],"predecessor-version":[{"id":12399,"href":"https:\/\/www.comundi.fr\/mag-des-competences\/wp-json\/wp\/v2\/posts\/12384\/revisions\/12399"}],"wp:featuredmedia":[{"embeddable":true,"href":"https:\/\/www.comundi.fr\/mag-des-competences\/wp-json\/wp\/v2\/media\/12397"}],"wp:attachment":[{"href":"https:\/\/www.comundi.fr\/mag-des-competences\/wp-json\/wp\/v2\/media?parent=12384"}],"wp:term":[{"taxonomy":"category","embeddable":true,"href":"https:\/\/www.comundi.fr\/mag-des-competences\/wp-json\/wp\/v2\/categories?post=12384"}],"curies":[{"name":"wp","href":"https:\/\/api.w.org\/{rel}","templated":true}]}}