{"id":12239,"date":"2024-02-27T14:37:27","date_gmt":"2024-02-27T13:37:27","guid":{"rendered":"https:\/\/www.comundi.fr\/mag-des-competences\/?p=12239"},"modified":"2024-03-12T14:06:04","modified_gmt":"2024-03-12T13:06:04","slug":"ces-entreprises-qui-bannissent-les-reunions-le-vendredi","status":"publish","type":"post","link":"https:\/\/www.comundi.fr\/mag-des-competences\/ces-entreprises-qui-bannissent-les-reunions-le-vendredi\/","title":{"rendered":"Ces entreprises qui bannissent les r\u00e9unions le vendredi"},"content":{"rendered":"\n<p>Le vendredi, dernier bastion du monde du travail tel qu&rsquo;il \u00e9tait avant le Covid ? Les entreprises tentent d\u00e9sesp\u00e9r\u00e9ment d&rsquo;enrayer la baisse du taux d&rsquo;engagement qui, selon une \u00e9tude, a co\u00fbt\u00e9 \u00e0 l&rsquo;\u00e9conomie am\u00e9ricaine 1.900 milliards de dollars en 2023.<\/p>\n\n\n\n<p>Vous connaissiez d\u00e9j\u00e0 le \u00ab&nbsp;Casual Friday&nbsp;\u00bb, d\u00e9barqu\u00e9 tout droit des Etats-Unis&nbsp;: ce jour de la semaine o\u00f9 les cols blancs peuvent abandonner costumes et tailleurs au profit de tenues plus d\u00e9contract\u00e9es&nbsp;; un rituel instaur\u00e9 pour redynamiser cette journ\u00e9e r\u00e9put\u00e9e moins productive que les autres. Faites place aux nouvelles formules&nbsp;: \u00ab&nbsp;Flow Friday&nbsp;\u00bb ou \u00ab&nbsp;Focus Friday&nbsp;\u00bb, que de plus en plus d&rsquo;entreprises adoptent outre-Atlantique pour d\u00e9dier une journ\u00e9e &#8211; sans r\u00e9union ni aucun autre engagement &#8211; au bouclage des dossiers entam\u00e9s.<\/p>\n\n\n\n<p>Loin d&rsquo;\u00eatre altruiste, cette mesure tente de contrecarrer l&rsquo;accalmie du vendredi, raconte Bloomberg. Des chercheurs l&rsquo;universit\u00e9 A&amp;M du Texas, qui ont \u00e9tudi\u00e9 \u00ab&nbsp;l&rsquo;effet vendredi&nbsp;\u00bb, ont document\u00e9&nbsp;<a href=\"https:\/\/www.lesechos.fr\/monde\/europe\/lecart-de-productivite-se-creuse-entre-leurope-et-lamerique-2077075\">la baisse de productivit\u00e9<\/a>&nbsp;qui y est associ\u00e9e &#8211; que les employ\u00e9s soient au bureau ou \u00e0 distance. L&rsquo;ann\u00e9e derni\u00e8re, le d\u00e9sengagement au travail a co\u00fbt\u00e9 1.900&nbsp;milliards de dollars \u00e0 l&rsquo;\u00e9conomie am\u00e9ricaine, selon Gallup.<\/p>\n\n\n\n<h2>Les r\u00e9unions dans le collimateur<\/h2>\n\n\n\n<p>Parmi les autres pistes pour rendre le vendredi plus attractif au travail : des d\u00e9gustations gratuites de collations sucr\u00e9es ou de \u00ab junk food \u00bb au bureau, ou un vendredi apr\u00e8s-midi de libre par mois &#8211; pour tenter d&rsquo;accomplir deux fois plus au cours de la matin\u00e9e. Mais ces tentatives se sont r\u00e9v\u00e9l\u00e9es infructueuses.<\/p>\n\n\n\n<p>Steven Fitzgerald, pr\u00e9sident du Habanero Consulting Group \u00e0 Vancouver interrog\u00e9 par Bloomberg, explique que l&rsquo;interdiction des r\u00e9unions le vendredi permet \u00e0 ses \u00e9quipes de mieux profiter de la journ\u00e9e, tout en remontant le moral des troupes. \u00ab Il est facile d&rsquo;encha\u00eener r\u00e9union sur r\u00e9union, et franchement, on ne donne pas \u00e0 son cerveau l&rsquo;espace n\u00e9cessaire pour r\u00e9fl\u00e9chir \u00bb, a-t-il justifi\u00e9.<\/p>\n\n\n\n<h2>La disparition du vendredi apr\u00e8s-midi<\/h2>\n\n\n\n<p>Certaines entreprises testent aussi la suppression pure et simple du vendredi apr\u00e8s-midi, baptis\u00e9e \u00ab Flex Friday \u00bb. Mais ces approches ne conviennent pas \u00e0 tout le monde, d\u00e9plorent les chercheurs. Les g\u00e9ants de Wall Street vont probablement hausser les \u00e9paules, alors que cette mesure pourrait s&rsquo;av\u00e9rer efficace, expliquent-ils.<\/p>\n\n\n\n<p>\u00ab&nbsp;Nous pourrions obtenir autant de productivit\u00e9 en quatre jours et demi qu&rsquo;en cinq jours&nbsp;\u00bb, a assur\u00e9 Mark Benden, professeur \u00e0 l&rsquo;universit\u00e9 A&amp;M, \u00e0 l&rsquo;agence de presse am\u00e9ricaine. \u00ab&nbsp;Je ne pense pas que le vendredi soit le jour le plus propice \u00e0 la r\u00e9flexion. Et le vendredi apr\u00e8s-midi ne nous apporte pas grand-chose.&nbsp;\u00bb<\/p>\n\n\n\n<h2>Les grandes structures plus frileuses<\/h2>\n\n\n\n<p>La plupart des exp\u00e9riences men\u00e9es sur le lieu de travail apr\u00e8s la pand\u00e9mie ont lieu dans de petites structures, avec des r\u00e9percussions importantes sur le recrutement et la performance. L&rsquo;ann\u00e9e derni\u00e8re, la plateforme de commerce en ligne canadienne&nbsp;<a href=\"https:\/\/www.lesechos.fr\/tech-medias\/hightech\/cette-entreprise-se-mobilise-contre-les-reunions-inutiles-1967326\">Shopify a relanc\u00e9 sa croisade<\/a>&nbsp;contre les r\u00e9unions inutiles. L&rsquo;entreprise agroalimentaire am\u00e9ricaine JM Smucker a mis en place ce qu&rsquo;elle appelle \u00ab&nbsp;des semaines de base&nbsp;\u00bb, au cours desquelles les employ\u00e9s sont invit\u00e9s \u00e0 se rendre au bureau du mardi au jeudi, une semaine sur deux.<\/p>\n\n\n\n<p>D&rsquo;autres entreprises ont pris&nbsp;<a href=\"https:\/\/www.lesechos.fr\/idees-debats\/leadership-management\/ces-entreprises-qui-font-volte-face-sur-le-teletravail-1973608\" target=\"_blank\" rel=\"noreferrer noopener\">le contre-pied de cette tendance :<\/a>&nbsp;le g\u00e9ant de la livraison UPS et la banque JPMorgan Chase ont par exemple impos\u00e9 \u00e0 certains employ\u00e9s de revenir au bureau cinq jours par semaine. De l&rsquo;autre c\u00f4t\u00e9 du Rhin, Deutsche Bank interdit \u00e0 ses \u00e9quipes de t\u00e9l\u00e9travailler le vendredi et le lundi suivant.<\/p>\n\n\n\n<p><strong>Par Ne\u00efla Beyler<\/strong><\/p>\n","protected":false},"excerpt":{"rendered":"<p>Le vendredi, dernier bastion du monde du travail tel qu&rsquo;il \u00e9tait avant le Covid ? Les entreprises tentent d\u00e9sesp\u00e9r\u00e9ment d&rsquo;enrayer la baisse du taux d&rsquo;engagement qui, selon une \u00e9tude, a co\u00fbt\u00e9 \u00e0 l&rsquo;\u00e9conomie am\u00e9ricaine 1.900 milliards de dollars en 2023. Vous connaissiez d\u00e9j\u00e0 le \u00ab&nbsp;Casual Friday&nbsp;\u00bb, d\u00e9barqu\u00e9 tout droit des Etats-Unis&nbsp;: ce jour de la [&hellip;]<\/p>\n","protected":false},"author":6,"featured_media":12241,"comment_status":"open","ping_status":"open","sticky":false,"template":"","format":"standard","meta":{"_mi_skip_tracking":false},"categories":[185],"yoast_head":"<!-- This site is optimized with the Yoast SEO plugin v16.1 - https:\/\/yoast.com\/wordpress\/plugins\/seo\/ -->\n<title>Ces entreprises qui bannissent les r\u00e9unions le vendredi - Mag des comp\u00e9tences - Comundi<\/title>\n<meta name=\"robots\" content=\"index, follow, max-snippet:-1, max-image-preview:large, max-video-preview:-1\" \/>\n<link rel=\"canonical\" href=\"https:\/\/www.comundi.fr\/mag-des-competences\/ces-entreprises-qui-bannissent-les-reunions-le-vendredi\/\" \/>\n<meta property=\"og:locale\" content=\"fr_FR\" \/>\n<meta property=\"og:type\" content=\"article\" \/>\n<meta property=\"og:title\" content=\"Ces entreprises qui bannissent les r\u00e9unions le vendredi - Mag des comp\u00e9tences - Comundi\" \/>\n<meta property=\"og:description\" content=\"Le vendredi, dernier bastion du monde du travail tel qu&rsquo;il \u00e9tait avant le Covid ? Les entreprises tentent d\u00e9sesp\u00e9r\u00e9ment d&rsquo;enrayer la baisse du taux d&rsquo;engagement qui, selon une \u00e9tude, a co\u00fbt\u00e9 \u00e0 l&rsquo;\u00e9conomie am\u00e9ricaine 1.900 milliards de dollars en 2023. Vous connaissiez d\u00e9j\u00e0 le \u00ab&nbsp;Casual Friday&nbsp;\u00bb, d\u00e9barqu\u00e9 tout droit des Etats-Unis&nbsp;: ce jour de la [&hellip;]\" \/>\n<meta property=\"og:url\" content=\"https:\/\/www.comundi.fr\/mag-des-competences\/ces-entreprises-qui-bannissent-les-reunions-le-vendredi\/\" \/>\n<meta property=\"og:site_name\" content=\"Mag des comp\u00e9tences - Comundi\" \/>\n<meta property=\"article:publisher\" content=\"https:\/\/www.facebook.com\/Comundi\/?fref=ts\" \/>\n<meta property=\"article:published_time\" content=\"2024-02-27T13:37:27+00:00\" \/>\n<meta property=\"article:modified_time\" content=\"2024-03-12T13:06:04+00:00\" \/>\n<meta property=\"og:image\" content=\"https:\/\/www.comundi.fr\/mag-des-competences\/wp-content\/uploads\/2024\/02\/Mag-des-competences-Ces-entreprises-qui-bannissent-les-reunions-le-vendredi.jpg\" \/>\n\t<meta property=\"og:image:width\" content=\"1200\" \/>\n\t<meta property=\"og:image:height\" content=\"675\" \/>\n<meta name=\"twitter:card\" content=\"summary_large_image\" \/>\n<meta name=\"twitter:creator\" content=\"@ComundiActu\" \/>\n<meta name=\"twitter:site\" content=\"@ComundiActu\" \/>\n<meta name=\"twitter:label1\" content=\"Dur\u00e9e de lecture est.\">\n\t<meta name=\"twitter:data1\" content=\"3 minutes\">\n<script type=\"application\/ld+json\" class=\"yoast-schema-graph\">{\"@context\":\"https:\/\/schema.org\",\"@graph\":[{\"@type\":\"Organization\",\"@id\":\"https:\/\/www.comundi.fr\/mag-des-competences\/#organization\",\"name\":\"Comundi\",\"url\":\"https:\/\/www.comundi.fr\/mag-des-competences\/\",\"sameAs\":[\"https:\/\/www.facebook.com\/Comundi\/?fref=ts\",\"https:\/\/www.linkedin.com\/company\/comundi\/\",\"https:\/\/www.youtube.com\/user\/ComundiFormations\",\"https:\/\/twitter.com\/ComundiActu\"],\"logo\":{\"@type\":\"ImageObject\",\"@id\":\"https:\/\/www.comundi.fr\/mag-des-competences\/#logo\",\"inLanguage\":\"fr-FR\",\"url\":\"https:\/\/www.comundi.fr\/mag-des-competences\/wp-content\/uploads\/2018\/01\/comundi.png\",\"contentUrl\":\"https:\/\/www.comundi.fr\/mag-des-competences\/wp-content\/uploads\/2018\/01\/comundi.png\",\"width\":300,\"height\":300,\"caption\":\"Comundi\"},\"image\":{\"@id\":\"https:\/\/www.comundi.fr\/mag-des-competences\/#logo\"}},{\"@type\":\"WebSite\",\"@id\":\"https:\/\/www.comundi.fr\/mag-des-competences\/#website\",\"url\":\"https:\/\/www.comundi.fr\/mag-des-competences\/\",\"name\":\"Mag des comp\\u00e9tences - Comundi\",\"description\":\"Le magazine des m\\u00e9tiers de demain\",\"publisher\":{\"@id\":\"https:\/\/www.comundi.fr\/mag-des-competences\/#organization\"},\"potentialAction\":[{\"@type\":\"SearchAction\",\"target\":\"https:\/\/www.comundi.fr\/mag-des-competences\/?s={search_term_string}\",\"query-input\":\"required name=search_term_string\"}],\"inLanguage\":\"fr-FR\"},{\"@type\":\"ImageObject\",\"@id\":\"https:\/\/www.comundi.fr\/mag-des-competences\/ces-entreprises-qui-bannissent-les-reunions-le-vendredi\/#primaryimage\",\"inLanguage\":\"fr-FR\",\"url\":\"https:\/\/www.comundi.fr\/mag-des-competences\/wp-content\/uploads\/2024\/02\/Mag-des-competences-Ces-entreprises-qui-bannissent-les-reunions-le-vendredi.jpg\",\"contentUrl\":\"https:\/\/www.comundi.fr\/mag-des-competences\/wp-content\/uploads\/2024\/02\/Mag-des-competences-Ces-entreprises-qui-bannissent-les-reunions-le-vendredi.jpg\",\"width\":1200,\"height\":675,\"caption\":\"Salari\\u00e9s en r\\u00e9union\"},{\"@type\":\"WebPage\",\"@id\":\"https:\/\/www.comundi.fr\/mag-des-competences\/ces-entreprises-qui-bannissent-les-reunions-le-vendredi\/#webpage\",\"url\":\"https:\/\/www.comundi.fr\/mag-des-competences\/ces-entreprises-qui-bannissent-les-reunions-le-vendredi\/\",\"name\":\"Ces entreprises qui bannissent les r\\u00e9unions le vendredi - Mag des comp\\u00e9tences - Comundi\",\"isPartOf\":{\"@id\":\"https:\/\/www.comundi.fr\/mag-des-competences\/#website\"},\"primaryImageOfPage\":{\"@id\":\"https:\/\/www.comundi.fr\/mag-des-competences\/ces-entreprises-qui-bannissent-les-reunions-le-vendredi\/#primaryimage\"},\"datePublished\":\"2024-02-27T13:37:27+00:00\",\"dateModified\":\"2024-03-12T13:06:04+00:00\",\"breadcrumb\":{\"@id\":\"https:\/\/www.comundi.fr\/mag-des-competences\/ces-entreprises-qui-bannissent-les-reunions-le-vendredi\/#breadcrumb\"},\"inLanguage\":\"fr-FR\",\"potentialAction\":[{\"@type\":\"ReadAction\",\"target\":[\"https:\/\/www.comundi.fr\/mag-des-competences\/ces-entreprises-qui-bannissent-les-reunions-le-vendredi\/\"]}]},{\"@type\":\"BreadcrumbList\",\"@id\":\"https:\/\/www.comundi.fr\/mag-des-competences\/ces-entreprises-qui-bannissent-les-reunions-le-vendredi\/#breadcrumb\",\"itemListElement\":[{\"@type\":\"ListItem\",\"position\":1,\"item\":{\"@type\":\"WebPage\",\"@id\":\"https:\/\/www.comundi.fr\/mag-des-competences\/\",\"url\":\"https:\/\/www.comundi.fr\/mag-des-competences\/\",\"name\":\"Accueil\"}},{\"@type\":\"ListItem\",\"position\":2,\"item\":{\"@type\":\"WebPage\",\"@id\":\"https:\/\/www.comundi.fr\/mag-des-competences\/ces-entreprises-qui-bannissent-les-reunions-le-vendredi\/\",\"url\":\"https:\/\/www.comundi.fr\/mag-des-competences\/ces-entreprises-qui-bannissent-les-reunions-le-vendredi\/\",\"name\":\"Ces entreprises qui bannissent les r\\u00e9unions le vendredi\"}}]},{\"@type\":\"Article\",\"@id\":\"https:\/\/www.comundi.fr\/mag-des-competences\/ces-entreprises-qui-bannissent-les-reunions-le-vendredi\/#article\",\"isPartOf\":{\"@id\":\"https:\/\/www.comundi.fr\/mag-des-competences\/ces-entreprises-qui-bannissent-les-reunions-le-vendredi\/#webpage\"},\"author\":{\"@id\":\"https:\/\/www.comundi.fr\/mag-des-competences\/#\/schema\/person\/96b8f219e4cddee126473c6fbcc0e089\"},\"headline\":\"Ces entreprises qui bannissent les r\\u00e9unions le vendredi\",\"datePublished\":\"2024-02-27T13:37:27+00:00\",\"dateModified\":\"2024-03-12T13:06:04+00:00\",\"mainEntityOfPage\":{\"@id\":\"https:\/\/www.comundi.fr\/mag-des-competences\/ces-entreprises-qui-bannissent-les-reunions-le-vendredi\/#webpage\"},\"commentCount\":0,\"publisher\":{\"@id\":\"https:\/\/www.comundi.fr\/mag-des-competences\/#organization\"},\"image\":{\"@id\":\"https:\/\/www.comundi.fr\/mag-des-competences\/ces-entreprises-qui-bannissent-les-reunions-le-vendredi\/#primaryimage\"},\"articleSection\":\"D\\u00e9veloppement personnel\",\"inLanguage\":\"fr-FR\",\"potentialAction\":[{\"@type\":\"CommentAction\",\"name\":\"Comment\",\"target\":[\"https:\/\/www.comundi.fr\/mag-des-competences\/ces-entreprises-qui-bannissent-les-reunions-le-vendredi\/#respond\"]}]},{\"@type\":\"Person\",\"@id\":\"https:\/\/www.comundi.fr\/mag-des-competences\/#\/schema\/person\/96b8f219e4cddee126473c6fbcc0e089\",\"name\":\"Les Echos\",\"image\":{\"@type\":\"ImageObject\",\"@id\":\"https:\/\/www.comundi.fr\/mag-des-competences\/#personlogo\",\"inLanguage\":\"fr-FR\",\"url\":\"https:\/\/secure.gravatar.com\/avatar\/041d1b3114ce5dce17eaefa721d4ed06?s=96&d=mm&r=g\",\"contentUrl\":\"https:\/\/secure.gravatar.com\/avatar\/041d1b3114ce5dce17eaefa721d4ed06?s=96&d=mm&r=g\",\"caption\":\"Les Echos\"}}]}<\/script>\n<!-- \/ Yoast SEO plugin. -->","amp_enabled":true,"_links":{"self":[{"href":"https:\/\/www.comundi.fr\/mag-des-competences\/wp-json\/wp\/v2\/posts\/12239"}],"collection":[{"href":"https:\/\/www.comundi.fr\/mag-des-competences\/wp-json\/wp\/v2\/posts"}],"about":[{"href":"https:\/\/www.comundi.fr\/mag-des-competences\/wp-json\/wp\/v2\/types\/post"}],"author":[{"embeddable":true,"href":"https:\/\/www.comundi.fr\/mag-des-competences\/wp-json\/wp\/v2\/users\/6"}],"replies":[{"embeddable":true,"href":"https:\/\/www.comundi.fr\/mag-des-competences\/wp-json\/wp\/v2\/comments?post=12239"}],"version-history":[{"count":9,"href":"https:\/\/www.comundi.fr\/mag-des-competences\/wp-json\/wp\/v2\/posts\/12239\/revisions"}],"predecessor-version":[{"id":12257,"href":"https:\/\/www.comundi.fr\/mag-des-competences\/wp-json\/wp\/v2\/posts\/12239\/revisions\/12257"}],"wp:featuredmedia":[{"embeddable":true,"href":"https:\/\/www.comundi.fr\/mag-des-competences\/wp-json\/wp\/v2\/media\/12241"}],"wp:attachment":[{"href":"https:\/\/www.comundi.fr\/mag-des-competences\/wp-json\/wp\/v2\/media?parent=12239"}],"wp:term":[{"taxonomy":"category","embeddable":true,"href":"https:\/\/www.comundi.fr\/mag-des-competences\/wp-json\/wp\/v2\/categories?post=12239"}],"curies":[{"name":"wp","href":"https:\/\/api.w.org\/{rel}","templated":true}]}}