{"id":12183,"date":"2024-02-08T08:50:00","date_gmt":"2024-02-08T07:50:00","guid":{"rendered":"https:\/\/www.comundi.fr\/mag-des-competences\/?p=12183"},"modified":"2025-06-09T20:39:33","modified_gmt":"2025-06-09T18:39:33","slug":"decouvrez-6-techniques-de-formation-qui-vont-se-developper-dans-les-entreprises-en-2024","status":"publish","type":"post","link":"https:\/\/www.comundi.fr\/mag-des-competences\/decouvrez-6-techniques-de-formation-qui-vont-se-developper-dans-les-entreprises-en-2024\/","title":{"rendered":"D\u00e9couvrez 6 techniques de formation qui vont se d\u00e9velopper dans les entreprises en 2024"},"content":{"rendered":"\n<p>L\u2019ann\u00e9e 2023 a vu appara\u00eetre dans les entreprises des <strong><a href=\"https:\/\/www.comundi.fr\/mag-des-competences\/formation-en-presentiel-e-learning-ou-blended-learning-quel-format-choisir\">techniques de formation innovantes<\/a> <\/strong>comme le nudge et l\u2019immersive learning. Malgr\u00e9 des budgets de formation serr\u00e9s dans certaines organisations en raison de la crise \u00e9conomique, 2024 ne devrait pas faire exception. <a href=\"https:\/\/www.comundi.fr\/mag-des-competences\/quelles-sont-les-etapes-de-ingenierie-de-formation-de-lanalyse-des-besoins-jusqua-levaluation-des-resultats\/\">Les m\u00e9thodes de formation innovantes vont poursuivre leur d\u00e9veloppement sans pour autant mettre de c\u00f4t\u00e9 les formations traditionnelles.<\/a> D\u00e9couvrez 6 <strong>techniques d\u2019apprentissage <\/strong>qui vont marquer l\u2019ann\u00e9e.<\/p>\n\n\n\n<h2><strong>Technique de formation n\u00b01 : Le social learning<\/strong><\/h2>\n\n\n\n<p><strong>M\u00e9thode d\u2019apprentissage<\/strong> qui repose sur le partage d\u2019informations, l\u2019\u00e9change entre apprenants et le travail collaboratif, le social learning que l\u2019on appelle aussi apprentissage entre pairs a de quoi s\u00e9duire les collaborateurs et les entreprises. Et pour cause, cette technique de formation vient combler les lacunes de l\u2019<strong>apprentissage vertical et passif<\/strong>.&nbsp;&nbsp;<\/p>\n\n\n\n<p>En effet, plusieurs \u00e9tudes ont montr\u00e9 que lorsque l\u2019information est transmise de fa\u00e7on passive (conf\u00e9rence, cours magistral), les apprenants retiennent seulement 5% de l\u2019information. Alors que ce chiffre monte \u00e0 50% lorsqu\u2019ils apprennent par le partage d\u2019exp\u00e9riences (source : \u00ab\u00a0The Learning Pyramid, \u00ab\u00a0National Training Laboratories, 2000).<\/p>\n\n\n\n<p>D\u00e9ploy\u00e9 dans les <strong>sessions de formation <\/strong>en pr\u00e9sentiel et en distanciel, le <strong>social learning <\/strong>vient enrichir la formation et stimuler l\u2019engagement des apprenants. Avec cette approche p\u00e9dagogique, les collaborateurs sont acteurs de leur <strong>mont\u00e9e en comp\u00e9tences<\/strong>.<\/p>\n\n\n\n<h2><strong>Technique de formation n\u00b02 : Le micro learning<\/strong><\/h2>\n\n\n\n<p>En 2024, il faut s\u2019attendre \u00e0 ce que le <strong>micro learning <\/strong>se d\u00e9veloppe en entreprise. Cette m\u00e9thode qui se base sur des modules d\u2019apprentissage courts d\u2019environ 10 minutes s\u2019adapte aux contraintes des salari\u00e9s et se pr\u00e9sente comme une solution efficace au principal frein \u00e0 la formation : le manque de temps.<\/p>\n\n\n\n<p>Avec le micro learning, tout est fait pour encourager les collaborateurs \u00e0 se former. Au bureau, dans les transports, \u00e0 la maison, les<strong> modules de formation<\/strong> sont disponibles en plusieurs formats : vid\u00e9o, podcast, fiche pratique et sur divers supports (mobile, tablette, ordinateur). Mais le principal atout du micro learning est son format court qui s\u2019adapte aux capacit\u00e9s cognitives des humains. Avec un temps moyen d\u2019attention sur un m\u00eame sujet de 10 \u00e0 15 minutes, cette <strong>technique de formation <\/strong>garantit aucune d\u00e9perdition de connaissances.<\/p>\n\n\n\n<h2><strong>Technique de formation n\u00b03 : Le coaching professionnel<\/strong><\/h2>\n\n\n\n<p>Longtemps r\u00e9serv\u00e9 aux top managers et dirigeants, le <strong>coaching professionnel<\/strong> commence \u00e0 se d\u00e9mocratiser en entreprise gr\u00e2ce au digital qui permet de r\u00e9duire les <strong>co\u00fbts de la formation<\/strong>. Cette pratique de d\u00e9veloppement professionnel vise \u00e0 accompagner des individus ou des \u00e9quipes \u00e0 d\u00e9velopper leurs potentiels et <a href=\"https:\/\/www.comundi.fr\/mag-des-competences\/6-solutions-pour-faire-remonter-les-besoins-en-formation-soft-skills-des-collaborateurs\/\">leurs <strong>soft skills<\/strong> dans le cadre d\u2019objectifs professionnels<\/a>.<\/p>\n\n\n\n<p>Autrement dit, le r\u00f4le du coach n\u2019est pas d\u2019apporter la solution et des conseils au collaborateur, mais de le guider dans le cadre d\u2019un <strong>accompagnement personnalis\u00e9<\/strong> et individuel. C\u2019est \u00e0 partir du besoin et de la demande du salari\u00e9\/manager que le coach l\u2019aide \u00e0 trouver ses propres ressources et \u00e0 d\u00e9velopper ses soft skills.&nbsp;<\/p>\n\n\n\n<p>Avec cette <strong>m\u00e9thode de formation<\/strong>, on est donc dans une logique proactive, le collaborateur s\u2019interroge, prend de la hauteur et surtout exp\u00e9rimente des outils dans son quotidien. Compte tenu de son efficacit\u00e9 et de sa praticit\u00e9, en 2024 on peut s\u2019attendre \u00e0 ce que le coaching professionnel digitalis\u00e9 se d\u00e9ploie dans les entreprises.<\/p>\n\n\n\n<h2><strong>Technique de formation n\u00b04 : Les mises en situation r\u00e9elle<\/strong><\/h2>\n\n\n\n<p>Les situations de travail r\u00e9elles ne sont-elles pas le meilleur moyen de d\u00e9velopper ses comp\u00e9tences ? \u00c0 en croire le c\u00e9l\u00e8bre<a href=\"https:\/\/fr.wikipedia.org\/wiki\/C%C3%B4ne_de_l%27apprentissage\"> c\u00f4ne d\u2019apprentissage<\/a> d\u2019Edgar Dale, la r\u00e9ponse est oui. Nous retenons jusqu\u2019\u00e0 75% de l\u2019information lorsque nous apprenons en faisant (simulation, atelier de mise en pratique, stage). Par cons\u00e9quent, la <strong>mise en situation r\u00e9elle <\/strong>constitue un formidable terrain pour d\u00e9velopper de <strong>nouvelles comp\u00e9tences.<\/strong>&nbsp;&nbsp;<\/p>\n\n\n\n<p>Concr\u00e8tement, la mise en situation r\u00e9elle repose sur ce que l\u2019on appelle \u00ab<strong> l\u2019apprentissage exp\u00e9rientiel<\/strong> \u00bb. Cette m\u00e9thode se concentre sur la r\u00e9solution de probl\u00e8mes concrets dans des situations de la vie r\u00e9elle. D\u00e9velopp\u00e9e par David A. Kolb, la mise en situation r\u00e9elle part du principe que c\u2019est en r\u00e9solvant les probl\u00e8mes rencontr\u00e9s dans leur travail que les collaborateurs montent en comp\u00e9tences. On est donc dans une logique de <strong>formation sur mesure.<\/strong><\/p>\n\n\n\n<p>En pratique, l\u2019efficacit\u00e9 de la mise en situation r\u00e9elle repose sur trois \u00e9tapes :<\/p>\n\n\n\n<ul><li>L\u2019exp\u00e9rience concr\u00e8te. Le collaborateur applique dans une situation de travail concr\u00e8te les<strong> savoirs, savoir-faire et savoir-\u00eatre<\/strong> qu\u2019il poss\u00e8de et\/ou qu\u2019il a acquis.<\/li><li>L\u2019observation r\u00e9fl\u00e9chie. C\u2019est la phase o\u00f9 il analyse l\u2019exp\u00e9rience v\u00e9cue. Il prend du recul et partage son retour au<strong> formateur<\/strong>, au coach ou \u00e0 d\u2019autres collaborateurs.<\/li><li>La conceptualisation. Le salari\u00e9 apprenant est capable de transformer les <strong>comp\u00e9tences<\/strong> d\u00e9velopp\u00e9es en concept de fa\u00e7on \u00e0 pouvoir les mettre en application dans d\u2019autres exp\u00e9riences professionnelles.<\/li><\/ul>\n\n\n\n<p>Dans le cadre de la <strong>formation professionnelle<\/strong>, cette technique peut \u00eatre mise en place par le formateur de deux mani\u00e8res :<\/p>\n\n\n\n<ul><li>Par la cr\u00e9ation ou la mobilisation d\u2019une \u00ab situation \u00bb, un environnement propice \u00e0 <strong>l\u2019apprentissage <\/strong>(mise en situation, simulateur, jeux de r\u00f4le) ;<\/li><li>Par l\u2019apprentissage par l\u2019usage (appel\u00e9 aussi learning by doing). Ici, l\u2019apprenant doit \u00eatre en action, dans son environnement de travail pour <strong>d\u00e9velopper ses comp\u00e9tences<\/strong>.&nbsp;<\/li><\/ul>\n\n\n\n<h2><strong>Technique de formation n\u00b05 : le nudge<\/strong><\/h2>\n\n\n\n<p>Le <strong>nudge<\/strong> est une technique de formation qui a le vent en poupe ! Contrairement aux m\u00e9thodes traditionnelles fond\u00e9es sur des sanctions et des r\u00e9compenses, le nudge utilise des techniques de persuasion subtile pour encourager les collaborateurs \u00e0 r\u00e9aliser des actions personnalis\u00e9es de fa\u00e7on \u00e0 atteindre leur objectif de mont\u00e9e en comp\u00e9tences. C\u2019est un dispositif pens\u00e9 pour cr\u00e9er des <strong>environnements d\u2019apprentissage<\/strong> stimulants et engageants.<\/p>\n\n\n\n<p>L\u2019un de ces avantages est que cette m\u00e9thode d\u2019apprentissage peut \u00eatre facilit\u00e9e via une solution int\u00e9gr\u00e9e aux outils du quotidien (Microsoft Teams, Agenda). Par exemple, un salari\u00e9 qui a besoin de travailler sa gestion des priorit\u00e9s peut recevoir des actions de nudge via des notifications comme<\/p>\n\n\n\n<p>&#8211;&nbsp; &nbsp; &nbsp; &nbsp; Bloquer un cr\u00e9neau d\u00e9di\u00e9 \u00e0 l\u2019organisation de sa semaine de travail ;<\/p>\n\n\n\n<p>&#8211;&nbsp; &nbsp; &nbsp; &nbsp; Prioriser ses actions \u00e0 l\u2019aide de la<a href=\"https:\/\/www.cadremploi.fr\/editorial\/conseils\/conseils-carriere\/tuto-la-matrice-eisenhower-pour-ameliorer-sa-productivite\"> matrice d\u2019Eisenhower<\/a>.<\/p>\n\n\n\n<p>Aussi, le nudge est facile \u00e0 mettre en place ! Tout d\u2019abord, il est n\u00e9cessaire d\u2019identifier les comportements que l\u2019on souhaite encourager chez <strong>les apprenants<\/strong>. Puis, d\u00e9terminer les actions associ\u00e9es.<\/p>\n\n\n\n<h2><strong>Technique de formation n\u00b06 : L\u2019organisme de formation, une solution \u00e9prouv\u00e9e et fiable !<\/strong><\/h2>\n\n\n\n<p>Devant toutes ces techniques, on peut se demander : les formations dispens\u00e9es par des organismes agr\u00e9\u00e9s ont-elles un avenir ? Oui ! Choisir un <strong>organisme de formation<\/strong> permet de confier la mont\u00e9e en comp\u00e9tences des collaborateurs \u00e0 des <a href=\"https:\/\/www.comundi.fr\/mag-des-competences\/quelles-sont-les-5-qualites-pour-etre-un-bon-formateur\/\"><strong>formateurs<\/strong> <\/a>experts reconnus.&nbsp;<\/p>\n\n\n\n<p>Les organismes de formation ont su s\u2019adapter aux contraintes budg\u00e9taires et organisationnelles des entreprises en faisant varier leur <strong>offre de formation<\/strong>. Par exemple, chez Comundi nous proposant des formations en distanciel et des journ\u00e9es de formation pour les professionnels qui manquent de temps, mais qui souhaitent tout de m\u00eame progresser. De m\u00eame, les techniques innovantes et de personnalisation d\u00e9crites pour renforcer l\u2019efficacit\u00e9 des formations sont aujourd\u2019hui int\u00e9gr\u00e9es en tout ou partie dans le programme.<\/p>\n\n\n\n<p>Aussi, l\u2019avantage qui va s\u00e9duire les entreprises en 2024 est le <strong>financement<\/strong>. Les formations propos\u00e9es par des organismes certifi\u00e9es ont le m\u00e9rite de proposer des parcours de formation \u00e9ligibles au<strong> CPF<\/strong>, au <strong>FNE<\/strong> et pris en charge par les <strong>OPCO<\/strong>.&nbsp;<\/p>\n\n\n\n<p>Pour r\u00e9sumer, l\u2019ann\u00e9e 2024 sera sous le signe de l\u2019innovation. Avec ces 6 techniques, le r\u00e9sultat est clair : am\u00e9liorer l\u2019efficacit\u00e9 de la formation professionnelle !<\/p>\n\n\n\n<p>En tant que professionnel en charge de la mise en \u0153uvre d&rsquo;une action de formation, il vous revient de trouver des solutions innovantes pour optimiser vos actions p\u00e9dagogiques. Aussi, notre<strong><a href=\"https:\/\/www.comundi.fr\/formations\/formation-ingenierie-de-la-formation-et-innovation-pedagogique.html\"> formation en ing\u00e9nierie de formation<\/a><\/strong> vous permet de ma\u00eetriser tous les nouveaux outils p\u00e9dagogiques indispensables \u00e0 l&rsquo;\u00e9laboration de votre prochaine formation.<\/p>\n","protected":false},"excerpt":{"rendered":"<p>L\u2019ann\u00e9e 2023 a vu appara\u00eetre dans les entreprises des techniques de formation innovantes comme le nudge et l\u2019immersive learning. Malgr\u00e9 des budgets de formation serr\u00e9s dans certaines organisations en raison de la crise \u00e9conomique, 2024 ne devrait pas faire exception. Les m\u00e9thodes de formation innovantes vont poursuivre leur d\u00e9veloppement sans pour autant mettre de c\u00f4t\u00e9 [&hellip;]<\/p>\n","protected":false},"author":8,"featured_media":12185,"comment_status":"open","ping_status":"open","sticky":false,"template":"","format":"standard","meta":{"_mi_skip_tracking":false},"categories":[201],"yoast_head":"<!-- This site is optimized with the Yoast SEO plugin v16.1 - https:\/\/yoast.com\/wordpress\/plugins\/seo\/ -->\n<title>D\u00e9couvrez 6 techniques de formation qui vont se d\u00e9velopper dans les entreprises en 2024 - Mag des comp\u00e9tences - Comundi<\/title>\n<meta name=\"description\" content=\"En 2024, l&#039;innovation continue dans la formation professionnelle. D\u00e9couvrez les nouvelles m\u00e9thodes d&#039;apprentissage dans notre article.\" \/>\n<meta name=\"robots\" content=\"index, follow, max-snippet:-1, max-image-preview:large, max-video-preview:-1\" \/>\n<link rel=\"canonical\" href=\"https:\/\/www.comundi.fr\/mag-des-competences\/decouvrez-6-techniques-de-formation-qui-vont-se-developper-dans-les-entreprises-en-2024\/\" \/>\n<meta property=\"og:locale\" content=\"fr_FR\" \/>\n<meta property=\"og:type\" content=\"article\" \/>\n<meta property=\"og:title\" content=\"D\u00e9couvrez 6 techniques de formation qui vont se d\u00e9velopper dans les entreprises en 2024 - Mag des comp\u00e9tences - Comundi\" \/>\n<meta property=\"og:description\" content=\"En 2024, l&#039;innovation continue dans la formation professionnelle. D\u00e9couvrez les nouvelles m\u00e9thodes d&#039;apprentissage dans notre article.\" \/>\n<meta property=\"og:url\" content=\"https:\/\/www.comundi.fr\/mag-des-competences\/decouvrez-6-techniques-de-formation-qui-vont-se-developper-dans-les-entreprises-en-2024\/\" \/>\n<meta property=\"og:site_name\" content=\"Mag des comp\u00e9tences - Comundi\" \/>\n<meta property=\"article:publisher\" content=\"https:\/\/www.facebook.com\/Comundi\/?fref=ts\" \/>\n<meta property=\"article:published_time\" content=\"2024-02-08T07:50:00+00:00\" \/>\n<meta property=\"article:modified_time\" content=\"2025-06-09T18:39:33+00:00\" \/>\n<meta property=\"og:image\" content=\"https:\/\/www.comundi.fr\/mag-des-competences\/wp-content\/uploads\/2024\/01\/Les-techniques-de-formation.jpg\" \/>\n\t<meta property=\"og:image:width\" content=\"1200\" \/>\n\t<meta property=\"og:image:height\" content=\"675\" \/>\n<meta name=\"twitter:card\" content=\"summary_large_image\" \/>\n<meta name=\"twitter:creator\" content=\"@ComundiActu\" \/>\n<meta name=\"twitter:site\" content=\"@ComundiActu\" \/>\n<meta name=\"twitter:label1\" content=\"Dur\u00e9e de lecture est.\">\n\t<meta name=\"twitter:data1\" content=\"6 minutes\">\n<script type=\"application\/ld+json\" class=\"yoast-schema-graph\">{\"@context\":\"https:\/\/schema.org\",\"@graph\":[{\"@type\":\"Organization\",\"@id\":\"https:\/\/www.comundi.fr\/mag-des-competences\/#organization\",\"name\":\"Comundi\",\"url\":\"https:\/\/www.comundi.fr\/mag-des-competences\/\",\"sameAs\":[\"https:\/\/www.facebook.com\/Comundi\/?fref=ts\",\"https:\/\/www.linkedin.com\/company\/comundi\/\",\"https:\/\/www.youtube.com\/user\/ComundiFormations\",\"https:\/\/twitter.com\/ComundiActu\"],\"logo\":{\"@type\":\"ImageObject\",\"@id\":\"https:\/\/www.comundi.fr\/mag-des-competences\/#logo\",\"inLanguage\":\"fr-FR\",\"url\":\"https:\/\/www.comundi.fr\/mag-des-competences\/wp-content\/uploads\/2018\/01\/comundi.png\",\"contentUrl\":\"https:\/\/www.comundi.fr\/mag-des-competences\/wp-content\/uploads\/2018\/01\/comundi.png\",\"width\":300,\"height\":300,\"caption\":\"Comundi\"},\"image\":{\"@id\":\"https:\/\/www.comundi.fr\/mag-des-competences\/#logo\"}},{\"@type\":\"WebSite\",\"@id\":\"https:\/\/www.comundi.fr\/mag-des-competences\/#website\",\"url\":\"https:\/\/www.comundi.fr\/mag-des-competences\/\",\"name\":\"Mag des comp\\u00e9tences - Comundi\",\"description\":\"Le magazine des m\\u00e9tiers de demain\",\"publisher\":{\"@id\":\"https:\/\/www.comundi.fr\/mag-des-competences\/#organization\"},\"potentialAction\":[{\"@type\":\"SearchAction\",\"target\":\"https:\/\/www.comundi.fr\/mag-des-competences\/?s={search_term_string}\",\"query-input\":\"required name=search_term_string\"}],\"inLanguage\":\"fr-FR\"},{\"@type\":\"ImageObject\",\"@id\":\"https:\/\/www.comundi.fr\/mag-des-competences\/decouvrez-6-techniques-de-formation-qui-vont-se-developper-dans-les-entreprises-en-2024\/#primaryimage\",\"inLanguage\":\"fr-FR\",\"url\":\"https:\/\/www.comundi.fr\/mag-des-competences\/wp-content\/uploads\/2024\/01\/Les-techniques-de-formation.jpg\",\"contentUrl\":\"https:\/\/www.comundi.fr\/mag-des-competences\/wp-content\/uploads\/2024\/01\/Les-techniques-de-formation.jpg\",\"width\":1200,\"height\":675,\"caption\":\"Les techniques de formation\"},{\"@type\":\"WebPage\",\"@id\":\"https:\/\/www.comundi.fr\/mag-des-competences\/decouvrez-6-techniques-de-formation-qui-vont-se-developper-dans-les-entreprises-en-2024\/#webpage\",\"url\":\"https:\/\/www.comundi.fr\/mag-des-competences\/decouvrez-6-techniques-de-formation-qui-vont-se-developper-dans-les-entreprises-en-2024\/\",\"name\":\"D\\u00e9couvrez 6 techniques de formation qui vont se d\\u00e9velopper dans les entreprises en 2024 - Mag des comp\\u00e9tences - Comundi\",\"isPartOf\":{\"@id\":\"https:\/\/www.comundi.fr\/mag-des-competences\/#website\"},\"primaryImageOfPage\":{\"@id\":\"https:\/\/www.comundi.fr\/mag-des-competences\/decouvrez-6-techniques-de-formation-qui-vont-se-developper-dans-les-entreprises-en-2024\/#primaryimage\"},\"datePublished\":\"2024-02-08T07:50:00+00:00\",\"dateModified\":\"2025-06-09T18:39:33+00:00\",\"description\":\"En 2024, l'innovation continue dans la formation professionnelle. D\\u00e9couvrez les nouvelles m\\u00e9thodes d'apprentissage dans notre article.\",\"breadcrumb\":{\"@id\":\"https:\/\/www.comundi.fr\/mag-des-competences\/decouvrez-6-techniques-de-formation-qui-vont-se-developper-dans-les-entreprises-en-2024\/#breadcrumb\"},\"inLanguage\":\"fr-FR\",\"potentialAction\":[{\"@type\":\"ReadAction\",\"target\":[\"https:\/\/www.comundi.fr\/mag-des-competences\/decouvrez-6-techniques-de-formation-qui-vont-se-developper-dans-les-entreprises-en-2024\/\"]}]},{\"@type\":\"BreadcrumbList\",\"@id\":\"https:\/\/www.comundi.fr\/mag-des-competences\/decouvrez-6-techniques-de-formation-qui-vont-se-developper-dans-les-entreprises-en-2024\/#breadcrumb\",\"itemListElement\":[{\"@type\":\"ListItem\",\"position\":1,\"item\":{\"@type\":\"WebPage\",\"@id\":\"https:\/\/www.comundi.fr\/mag-des-competences\/\",\"url\":\"https:\/\/www.comundi.fr\/mag-des-competences\/\",\"name\":\"Accueil\"}},{\"@type\":\"ListItem\",\"position\":2,\"item\":{\"@type\":\"WebPage\",\"@id\":\"https:\/\/www.comundi.fr\/mag-des-competences\/decouvrez-6-techniques-de-formation-qui-vont-se-developper-dans-les-entreprises-en-2024\/\",\"url\":\"https:\/\/www.comundi.fr\/mag-des-competences\/decouvrez-6-techniques-de-formation-qui-vont-se-developper-dans-les-entreprises-en-2024\/\",\"name\":\"D\\u00e9couvrez 6 techniques de formation qui vont se d\\u00e9velopper dans les entreprises en 2024\"}}]},{\"@type\":\"Article\",\"@id\":\"https:\/\/www.comundi.fr\/mag-des-competences\/decouvrez-6-techniques-de-formation-qui-vont-se-developper-dans-les-entreprises-en-2024\/#article\",\"isPartOf\":{\"@id\":\"https:\/\/www.comundi.fr\/mag-des-competences\/decouvrez-6-techniques-de-formation-qui-vont-se-developper-dans-les-entreprises-en-2024\/#webpage\"},\"author\":{\"@id\":\"https:\/\/www.comundi.fr\/mag-des-competences\/#\/schema\/person\/d08f5c2cf9de6fcfd33c30314745578e\"},\"headline\":\"D\\u00e9couvrez 6 techniques de formation qui vont se d\\u00e9velopper dans les entreprises en 2024\",\"datePublished\":\"2024-02-08T07:50:00+00:00\",\"dateModified\":\"2025-06-09T18:39:33+00:00\",\"mainEntityOfPage\":{\"@id\":\"https:\/\/www.comundi.fr\/mag-des-competences\/decouvrez-6-techniques-de-formation-qui-vont-se-developper-dans-les-entreprises-en-2024\/#webpage\"},\"commentCount\":0,\"publisher\":{\"@id\":\"https:\/\/www.comundi.fr\/mag-des-competences\/#organization\"},\"image\":{\"@id\":\"https:\/\/www.comundi.fr\/mag-des-competences\/decouvrez-6-techniques-de-formation-qui-vont-se-developper-dans-les-entreprises-en-2024\/#primaryimage\"},\"articleSection\":\"Formation professionnelle\",\"inLanguage\":\"fr-FR\",\"potentialAction\":[{\"@type\":\"CommentAction\",\"name\":\"Comment\",\"target\":[\"https:\/\/www.comundi.fr\/mag-des-competences\/decouvrez-6-techniques-de-formation-qui-vont-se-developper-dans-les-entreprises-en-2024\/#respond\"]}]},{\"@type\":\"Person\",\"@id\":\"https:\/\/www.comundi.fr\/mag-des-competences\/#\/schema\/person\/d08f5c2cf9de6fcfd33c30314745578e\",\"name\":\"Comundi\",\"image\":{\"@type\":\"ImageObject\",\"@id\":\"https:\/\/www.comundi.fr\/mag-des-competences\/#personlogo\",\"inLanguage\":\"fr-FR\",\"url\":\"https:\/\/secure.gravatar.com\/avatar\/da2835ae7b2c1279e8e897d242f4cda6?s=96&d=mm&r=g\",\"contentUrl\":\"https:\/\/secure.gravatar.com\/avatar\/da2835ae7b2c1279e8e897d242f4cda6?s=96&d=mm&r=g\",\"caption\":\"Comundi\"}}]}<\/script>\n<!-- \/ Yoast SEO plugin. -->","amp_enabled":true,"_links":{"self":[{"href":"https:\/\/www.comundi.fr\/mag-des-competences\/wp-json\/wp\/v2\/posts\/12183"}],"collection":[{"href":"https:\/\/www.comundi.fr\/mag-des-competences\/wp-json\/wp\/v2\/posts"}],"about":[{"href":"https:\/\/www.comundi.fr\/mag-des-competences\/wp-json\/wp\/v2\/types\/post"}],"author":[{"embeddable":true,"href":"https:\/\/www.comundi.fr\/mag-des-competences\/wp-json\/wp\/v2\/users\/8"}],"replies":[{"embeddable":true,"href":"https:\/\/www.comundi.fr\/mag-des-competences\/wp-json\/wp\/v2\/comments?post=12183"}],"version-history":[{"count":3,"href":"https:\/\/www.comundi.fr\/mag-des-competences\/wp-json\/wp\/v2\/posts\/12183\/revisions"}],"predecessor-version":[{"id":14050,"href":"https:\/\/www.comundi.fr\/mag-des-competences\/wp-json\/wp\/v2\/posts\/12183\/revisions\/14050"}],"wp:featuredmedia":[{"embeddable":true,"href":"https:\/\/www.comundi.fr\/mag-des-competences\/wp-json\/wp\/v2\/media\/12185"}],"wp:attachment":[{"href":"https:\/\/www.comundi.fr\/mag-des-competences\/wp-json\/wp\/v2\/media?parent=12183"}],"wp:term":[{"taxonomy":"category","embeddable":true,"href":"https:\/\/www.comundi.fr\/mag-des-competences\/wp-json\/wp\/v2\/categories?post=12183"}],"curies":[{"name":"wp","href":"https:\/\/api.w.org\/{rel}","templated":true}]}}