{"id":12178,"date":"2024-01-30T08:50:00","date_gmt":"2024-01-30T07:50:00","guid":{"rendered":"https:\/\/www.comundi.fr\/mag-des-competences\/?p=12178"},"modified":"2024-01-29T18:33:24","modified_gmt":"2024-01-29T17:33:24","slug":"pourquoi-il-est-urgent-de-prendre-enfin-au-serieux-la-qualite-et-les-conditions-de-travail","status":"publish","type":"post","link":"https:\/\/www.comundi.fr\/mag-des-competences\/pourquoi-il-est-urgent-de-prendre-enfin-au-serieux-la-qualite-et-les-conditions-de-travail\/","title":{"rendered":"Pourquoi il est urgent de prendre enfin au s\u00e9rieux la qualit\u00e9 et les conditions de travail"},"content":{"rendered":"\n<p><a href=\"https:\/\/www.comundi.fr\/mag-des-competences\/bien-etre-des-salaries-ou-sarrete-la-responsabilite-des-entreprises\/\">L&rsquo;\u00e9tendue du mal-\u00eatre, qui touche nombre de salari\u00e9s, est le risque le moins bien anticip\u00e9 par l&rsquo;\u00c9tat et les entreprises.<\/a> Un paradoxe, \u00e0 l&rsquo;heure o\u00f9 leur engagement est cl\u00e9 pour soutenir la transformation des organisations.<\/p>\n\n\n\n<p>Alors que le cycle des n\u00e9gociations annuelles obligatoires (\u00a0<a href=\"https:\/\/www.lesechos.fr\/idees-debats\/leadership-management\/nao-le-bal-des-negociations-salariales-souvre-avec-de-tres-fortes-attentes-1356044\">NAO<\/a>\u00a0) se poursuit avec de fortes attentes des salari\u00e9s, qu&rsquo;une n\u00e9cessit\u00e9 de transformation se fait persistante au sein des organisations et que le gouvernement Attal, sur fond de march\u00e9 de l&#8217;emploi ralenti (apr\u00e8s une forte baisse du taux de ch\u00f4mage depuis\u00a02017), entend \u00e9riger le travail en valeur cardinale, l&rsquo;\u00e9tendue du mal-\u00eatre, qui touche nombre de salari\u00e9s, est\u00a0<a href=\"https:\/\/www.lesechos.fr\/idees-debats\/leadership-management\/la-science-et-la-tech-au-chevet-de-la-sante-mentale-au-travail-1412028\">le risque le moins bien anticip\u00e9 par l&rsquo;Etat et les entreprises<\/a>.<\/p>\n\n\n\n<p>Soucis de pouvoir d&rsquo;achat,\u00a0<a href=\"https:\/\/www.lesechos.fr\/idees-debats\/leadership-management\/exclusif-les-ravages-persistants-de-lhyperconnexion-1955801\">ravages de l&rsquo;hyperconnexion<\/a>,\u00a0<a href=\"https:\/\/www.lesechos.fr\/idees-debats\/leadership-management\/quete-de-sens-au-travail-pourquoi-les-francais-nosent-pas-se-reconvertir-1910571\">perte de sens au travail<\/a>\u00a0, tensions soci\u00e9tales inqui\u00e9tantes, d\u00e9sordres mondiaux (guerre, catastrophes naturelles, crises sanitaires),\u00a0<a href=\"https:\/\/www.lesechos.fr\/idees-debats\/leadership-management\/un-tiers-des-aidants-contraints-de-demissionner-de-leur-travail-pour-prendre-soin-de-leurs-proches-1983255\">impact sur les familles du grand \u00e2ge d\u00e9pendant<\/a>\u00a0,\u00a0<a href=\"https:\/\/www.lesechos.fr\/idees-debats\/leadership-management\/detresse-psychologique-des-salaries-les-femmes-les-jeunes-et-les-managers-sont-les-plus-touches-1775121\">d\u00e9tresse psychologique<\/a>\u00a0, transformation \u00e0 marche forc\u00e9e des organisations (60\u00a0% des dirigeants fran\u00e7ais estiment devoir repenser leur business model d&rsquo;ici dix ans, selon PwC)\u2026 Les sources d&rsquo;inqui\u00e9tude montent chez tout un chacun.<\/p>\n\n\n\n<p>\u00ab&nbsp;Autant les apaiser en adoptant une d\u00e9marche qui se soucie de la qualit\u00e9 de la vie et des conditions de travail (QVCT) des effectifs. Les soci\u00e9t\u00e9s qui l&rsquo;adoptent ont ainsi cinq fois plus de salari\u00e9s engag\u00e9s que celles qui ne le font pas&nbsp;\u00bb, avance Camy Puech, CEO de Qualisocial, \u00e9paisse \u00e9tude \u00e0 l&rsquo;appui. C&rsquo;est dire, certains collaborateurs se montreraient 7,8 fois plus motiv\u00e9s d\u00e8s lors que leur est laiss\u00e9e la possibilit\u00e9 de pleinement utiliser leurs comp\u00e9tences&nbsp;!<\/p>\n\n\n\n<h2><strong>Pas une th\u00e9matique connexe<\/strong><\/h2>\n\n\n\n<p>Voici de quoi faire passer la qualit\u00e9 de la vie et des conditions de travail \ufeffd&rsquo;une th\u00e9matique connexe aux pr\u00e9occupations cl\u00e9s de l&rsquo;entreprise \u00e0 un sujet de direction g\u00e9n\u00e9rale. Et de lui conf\u00e9rer une dimension strat\u00e9gique en ne la limitant plus \u00e0 des cases \u00e0 cocher, histoire de plaire aux partenaires sociaux, servir l&rsquo;image employeur et attirer les talents.<\/p>\n\n\n\n<p>Ce, d&rsquo;autant plus que l&rsquo;\u00e9tude que Qualisocial a men\u00e9e aupr\u00e8s de plus de 3.000 salari\u00e9s regorge de donn\u00e9es susceptibles d&rsquo;inciter les entreprises, qui h\u00e9sitent encore \u00e0 corr\u00e9ler vie professionnelle, engagement et satisfaction des salari\u00e9s et performance de l&rsquo;organisation, \u00e0 agir. Elle pointe ainsi, \u00e0 de nombreuses reprises, l&rsquo;impact positif de la QVCT sur la sant\u00e9 des salari\u00e9s&nbsp;: 5,9 fois plus de salari\u00e9s engag\u00e9s au sein des soci\u00e9t\u00e9s qui la mettent en oeuvre.<\/p>\n\n\n\n<p>A contrario, toujours \u00e0 fouiller la m\u00eame enqu\u00eate, on comprend que l&rsquo;absence d&rsquo;une telle d\u00e9marche p\u00e8se n\u00e9gativement sur le fonctionnement et la performance des organisations ainsi que sur les comptes publics. Ainsi, apprend-on que des relations ex\u00e9crables au travail g\u00e9n\u00e8rent 2,23 plus de collaborateurs en mauvaise sant\u00e9 qu&rsquo;ailleurs et 3,8 fois plus de \u00ab&nbsp;<a href=\"https:\/\/www.lesechos.fr\/idees-debats\/leadership-management\/travail-apres-la-grande-demission-et-la-demission-silencieuse-ou-en-conscience-vient-le-ressentiment-2031411\">salari\u00e9s activement d\u00e9sengag\u00e9s<\/a>&nbsp;\u00bb, adeptes de l&rsquo;absent\u00e9isme, du fameux \u00ab&nbsp;<a href=\"https:\/\/www.lesechos.fr\/idees-debats\/leadership-management\/le-job-crafting-pour-lutter-contre-le-quiet-quitting-et-les-demissions-1871091\">quiet quitting<\/a>&nbsp;\u00bb ou pis encore &#8211; en version bruyante &#8211; du \u00ab&nbsp;loudquitting&nbsp;\u00bb.<\/p>\n\n\n\n<h2><strong>Charge de travail inadapt\u00e9e et contre-productive<\/strong><strong><\/strong><\/h2>\n\n\n\n<p>Le manque de consid\u00e9ration et une mauvaise ambiance au travail sont des facteurs d\u00e9terminants dans la d\u00e9cision de quitter un poste, comme l&rsquo;ont fait 45&nbsp;% des salari\u00e9s pour le premier motif et 42&nbsp;% pour le second, indique une r\u00e9cente enqu\u00eate de l&rsquo;Apec, qui souligne que plus d&rsquo;un tiers des cadres seraient pr\u00eats \u00e0 quitter un poste qui ne propose pas une qualit\u00e9 de vie et des conditions de travail satisfaisantes.<\/p>\n\n\n\n<p>Avis \u00e0 ceux toujours prompts \u00e0 charger la barque&nbsp;: un volant de travail inadapt\u00e9 se r\u00e9v\u00e8le tout bonnement contre-productif, car n\u00e9faste \u00e0 l&rsquo;engagement des collaborateurs parmi lesquels Qualisocial d\u00e9nombre, pour cette raison, 3,2 fois plus de salari\u00e9s en mauvaise sant\u00e9 qu&rsquo;ailleurs.<\/p>\n\n\n\n<p>De mauvaises conditions de travail pousseraient 32&nbsp;% des cadres \u00e0 quitter leur poste, indique l&rsquo;Apec, alors que 40&nbsp;% estiment qu&rsquo;il suffirait d&rsquo;instaurer des conditions de travail satisfaisantes (bonne ambiance, droit \u00e0 l&rsquo;erreur, \u00ab&nbsp;<a href=\"https:\/\/www.lesechos.fr\/idees-debats\/leadership-management\/valoriser-encourager-prevenir-les-secrets-dun-feedback-reussi-1777295\">feedbacks<\/a>&nbsp;\u00bb ou retours d&rsquo;appr\u00e9ciation,&nbsp;etc.) pour les retenir.<\/p>\n\n\n\n<h2><strong>Un enjeu de sant\u00e9 publique<\/strong><\/h2>\n\n\n\n<p>\u00ab En d\u00e9finitive, il faudrait pouvoir proc\u00e9der autrement avec la QVCT. Au-del\u00e0 de la contrainte (NAO, responsabilit\u00e9 p\u00e9nale de l&#8217;employeur, etc.), il faudrait davantage jouer sur l&rsquo;effet incitatif, comme on le fait d\u00e9j\u00e0 avec l&rsquo;investissement dans l&rsquo;innovation ou les enjeux climatiques \u00bb, estime Camy Puech.<\/p>\n\n\n\n<p>Quand les risques psychosociaux se tiennent, \u00e0 ce point, en embuscade, un mot d&rsquo;ordre s&rsquo;impose en entreprise&nbsp;: \u00ab&nbsp;\u00e9quilibre&nbsp;\u00bb. Avec ni trop de pr\u00e9sent\u00e9isme ni trop de&nbsp;<a href=\"https:\/\/www.lesechos.fr\/idees-debats\/leadership-management\/la-verite-ultime-sur-le-teletravail-1975968\">t\u00e9l\u00e9travail<\/a>&nbsp;, pour ceux qui sont concern\u00e9s par cette probl\u00e9matique. Et, partout sans exception, de la flexibilit\u00e9 et un souci constant de&nbsp;<a href=\"https:\/\/www.lesechos.fr\/idees-debats\/leadership-management\/la-securite-psychologique-est-le-le-plus-puissant-levier-de-motivation-des-equipes-1950185\">s\u00e9curit\u00e9 psychologique.<\/a><\/p>\n\n\n\n<p>L&rsquo;ann\u00e9e 2024 s&rsquo;annonce difficile, avec un probable surcro\u00eet de d\u00e9faillances d&rsquo;entreprises et d&rsquo;in\u00e9vitables enjeux de transformation organisationnelle, qui requiert des salari\u00e9s motiv\u00e9s et engag\u00e9s. Puisque rien ne peut se faire sans ces derniers, autant tout mettre en \u0153uvre pour soigner non seulement la qualit\u00e9 et les conditions mat\u00e9rielles, cognitives et \u00e9motionnelles de leur vie au travail, mais aussi leur capital c\u00e9r\u00e9bral en prot\u00e9geant leur sant\u00e9 mentale.<\/p>\n\n\n\n<p>Les organisations ont tout int\u00e9r\u00eat \u00e0 prendre enfin au s\u00e9rieux la d\u00e9marche QVCT, tax\u00e9e d&rsquo;enjeu de sant\u00e9 publique par l&rsquo;OIT, l&rsquo;Organisation internationale du travail.<\/p>\n\n\n\n<p><strong>Par\u00a0Muriel Jasor<\/strong><\/p>\n","protected":false},"excerpt":{"rendered":"<p>L&rsquo;\u00e9tendue du mal-\u00eatre, qui touche nombre de salari\u00e9s, est le risque le moins bien anticip\u00e9 par l&rsquo;\u00c9tat et les entreprises. Un paradoxe, \u00e0 l&rsquo;heure o\u00f9 leur engagement est cl\u00e9 pour soutenir la transformation des organisations. Alors que le cycle des n\u00e9gociations annuelles obligatoires (\u00a0NAO\u00a0) se poursuit avec de fortes attentes des salari\u00e9s, qu&rsquo;une n\u00e9cessit\u00e9 de [&hellip;]<\/p>\n","protected":false},"author":6,"featured_media":12180,"comment_status":"open","ping_status":"open","sticky":false,"template":"","format":"standard","meta":{"_mi_skip_tracking":false},"categories":[179],"yoast_head":"<!-- This site is optimized with the Yoast SEO plugin v16.1 - https:\/\/yoast.com\/wordpress\/plugins\/seo\/ -->\n<title>Pourquoi il est urgent de prendre enfin au s\u00e9rieux la qualit\u00e9 et les conditions de travail - Mag des comp\u00e9tences - Comundi<\/title>\n<meta name=\"robots\" content=\"noindex, follow\" \/>\n<meta property=\"og:locale\" content=\"fr_FR\" \/>\n<meta property=\"og:type\" content=\"article\" \/>\n<meta property=\"og:title\" content=\"Pourquoi il est urgent de prendre enfin au s\u00e9rieux la qualit\u00e9 et les conditions de travail - Mag des comp\u00e9tences - Comundi\" \/>\n<meta property=\"og:description\" content=\"L&rsquo;\u00e9tendue du mal-\u00eatre, qui touche nombre de salari\u00e9s, est le risque le moins bien anticip\u00e9 par l&rsquo;\u00c9tat et les entreprises. Un paradoxe, \u00e0 l&rsquo;heure o\u00f9 leur engagement est cl\u00e9 pour soutenir la transformation des organisations. Alors que le cycle des n\u00e9gociations annuelles obligatoires (\u00a0NAO\u00a0) se poursuit avec de fortes attentes des salari\u00e9s, qu&rsquo;une n\u00e9cessit\u00e9 de [&hellip;]\" \/>\n<meta property=\"og:url\" content=\"https:\/\/www.comundi.fr\/mag-des-competences\/pourquoi-il-est-urgent-de-prendre-enfin-au-serieux-la-qualite-et-les-conditions-de-travail\/\" \/>\n<meta property=\"og:site_name\" content=\"Mag des comp\u00e9tences - Comundi\" \/>\n<meta property=\"article:publisher\" content=\"https:\/\/www.facebook.com\/Comundi\/?fref=ts\" \/>\n<meta property=\"article:published_time\" content=\"2024-01-30T07:50:00+00:00\" \/>\n<meta property=\"article:modified_time\" content=\"2024-01-29T17:33:24+00:00\" \/>\n<meta property=\"og:image\" content=\"https:\/\/www.comundi.fr\/mag-des-competences\/wp-content\/uploads\/2024\/01\/La-qualite-et-les-conditions-de-travail.jpg\" \/>\n\t<meta property=\"og:image:width\" content=\"1200\" \/>\n\t<meta property=\"og:image:height\" content=\"675\" \/>\n<meta name=\"twitter:card\" content=\"summary_large_image\" \/>\n<meta name=\"twitter:creator\" content=\"@ComundiActu\" \/>\n<meta name=\"twitter:site\" content=\"@ComundiActu\" \/>\n<meta name=\"twitter:label1\" content=\"Dur\u00e9e de lecture est.\">\n\t<meta name=\"twitter:data1\" content=\"4 minutes\">\n<script type=\"application\/ld+json\" class=\"yoast-schema-graph\">{\"@context\":\"https:\/\/schema.org\",\"@graph\":[{\"@type\":\"Organization\",\"@id\":\"https:\/\/www.comundi.fr\/mag-des-competences\/#organization\",\"name\":\"Comundi\",\"url\":\"https:\/\/www.comundi.fr\/mag-des-competences\/\",\"sameAs\":[\"https:\/\/www.facebook.com\/Comundi\/?fref=ts\",\"https:\/\/www.linkedin.com\/company\/comundi\/\",\"https:\/\/www.youtube.com\/user\/ComundiFormations\",\"https:\/\/twitter.com\/ComundiActu\"],\"logo\":{\"@type\":\"ImageObject\",\"@id\":\"https:\/\/www.comundi.fr\/mag-des-competences\/#logo\",\"inLanguage\":\"fr-FR\",\"url\":\"https:\/\/www.comundi.fr\/mag-des-competences\/wp-content\/uploads\/2018\/01\/comundi.png\",\"contentUrl\":\"https:\/\/www.comundi.fr\/mag-des-competences\/wp-content\/uploads\/2018\/01\/comundi.png\",\"width\":300,\"height\":300,\"caption\":\"Comundi\"},\"image\":{\"@id\":\"https:\/\/www.comundi.fr\/mag-des-competences\/#logo\"}},{\"@type\":\"WebSite\",\"@id\":\"https:\/\/www.comundi.fr\/mag-des-competences\/#website\",\"url\":\"https:\/\/www.comundi.fr\/mag-des-competences\/\",\"name\":\"Mag des comp\\u00e9tences - Comundi\",\"description\":\"Le magazine des m\\u00e9tiers de demain\",\"publisher\":{\"@id\":\"https:\/\/www.comundi.fr\/mag-des-competences\/#organization\"},\"potentialAction\":[{\"@type\":\"SearchAction\",\"target\":\"https:\/\/www.comundi.fr\/mag-des-competences\/?s={search_term_string}\",\"query-input\":\"required name=search_term_string\"}],\"inLanguage\":\"fr-FR\"},{\"@type\":\"ImageObject\",\"@id\":\"https:\/\/www.comundi.fr\/mag-des-competences\/pourquoi-il-est-urgent-de-prendre-enfin-au-serieux-la-qualite-et-les-conditions-de-travail\/#primaryimage\",\"inLanguage\":\"fr-FR\",\"url\":\"https:\/\/www.comundi.fr\/mag-des-competences\/wp-content\/uploads\/2024\/01\/La-qualite-et-les-conditions-de-travail.jpg\",\"contentUrl\":\"https:\/\/www.comundi.fr\/mag-des-competences\/wp-content\/uploads\/2024\/01\/La-qualite-et-les-conditions-de-travail.jpg\",\"width\":1200,\"height\":675},{\"@type\":\"WebPage\",\"@id\":\"https:\/\/www.comundi.fr\/mag-des-competences\/pourquoi-il-est-urgent-de-prendre-enfin-au-serieux-la-qualite-et-les-conditions-de-travail\/#webpage\",\"url\":\"https:\/\/www.comundi.fr\/mag-des-competences\/pourquoi-il-est-urgent-de-prendre-enfin-au-serieux-la-qualite-et-les-conditions-de-travail\/\",\"name\":\"Pourquoi il est urgent de prendre enfin au s\\u00e9rieux la qualit\\u00e9 et les conditions de travail - Mag des comp\\u00e9tences - Comundi\",\"isPartOf\":{\"@id\":\"https:\/\/www.comundi.fr\/mag-des-competences\/#website\"},\"primaryImageOfPage\":{\"@id\":\"https:\/\/www.comundi.fr\/mag-des-competences\/pourquoi-il-est-urgent-de-prendre-enfin-au-serieux-la-qualite-et-les-conditions-de-travail\/#primaryimage\"},\"datePublished\":\"2024-01-30T07:50:00+00:00\",\"dateModified\":\"2024-01-29T17:33:24+00:00\",\"breadcrumb\":{\"@id\":\"https:\/\/www.comundi.fr\/mag-des-competences\/pourquoi-il-est-urgent-de-prendre-enfin-au-serieux-la-qualite-et-les-conditions-de-travail\/#breadcrumb\"},\"inLanguage\":\"fr-FR\",\"potentialAction\":[{\"@type\":\"ReadAction\",\"target\":[\"https:\/\/www.comundi.fr\/mag-des-competences\/pourquoi-il-est-urgent-de-prendre-enfin-au-serieux-la-qualite-et-les-conditions-de-travail\/\"]}]},{\"@type\":\"BreadcrumbList\",\"@id\":\"https:\/\/www.comundi.fr\/mag-des-competences\/pourquoi-il-est-urgent-de-prendre-enfin-au-serieux-la-qualite-et-les-conditions-de-travail\/#breadcrumb\",\"itemListElement\":[{\"@type\":\"ListItem\",\"position\":1,\"item\":{\"@type\":\"WebPage\",\"@id\":\"https:\/\/www.comundi.fr\/mag-des-competences\/\",\"url\":\"https:\/\/www.comundi.fr\/mag-des-competences\/\",\"name\":\"Accueil\"}},{\"@type\":\"ListItem\",\"position\":2,\"item\":{\"@type\":\"WebPage\",\"@id\":\"https:\/\/www.comundi.fr\/mag-des-competences\/pourquoi-il-est-urgent-de-prendre-enfin-au-serieux-la-qualite-et-les-conditions-de-travail\/\",\"url\":\"https:\/\/www.comundi.fr\/mag-des-competences\/pourquoi-il-est-urgent-de-prendre-enfin-au-serieux-la-qualite-et-les-conditions-de-travail\/\",\"name\":\"Pourquoi il est urgent de prendre enfin au s\\u00e9rieux la qualit\\u00e9 et les conditions de travail\"}}]},{\"@type\":\"Article\",\"@id\":\"https:\/\/www.comundi.fr\/mag-des-competences\/pourquoi-il-est-urgent-de-prendre-enfin-au-serieux-la-qualite-et-les-conditions-de-travail\/#article\",\"isPartOf\":{\"@id\":\"https:\/\/www.comundi.fr\/mag-des-competences\/pourquoi-il-est-urgent-de-prendre-enfin-au-serieux-la-qualite-et-les-conditions-de-travail\/#webpage\"},\"author\":{\"@id\":\"https:\/\/www.comundi.fr\/mag-des-competences\/#\/schema\/person\/96b8f219e4cddee126473c6fbcc0e089\"},\"headline\":\"Pourquoi il est urgent de prendre enfin au s\\u00e9rieux la qualit\\u00e9 et les conditions de travail\",\"datePublished\":\"2024-01-30T07:50:00+00:00\",\"dateModified\":\"2024-01-29T17:33:24+00:00\",\"mainEntityOfPage\":{\"@id\":\"https:\/\/www.comundi.fr\/mag-des-competences\/pourquoi-il-est-urgent-de-prendre-enfin-au-serieux-la-qualite-et-les-conditions-de-travail\/#webpage\"},\"commentCount\":0,\"publisher\":{\"@id\":\"https:\/\/www.comundi.fr\/mag-des-competences\/#organization\"},\"image\":{\"@id\":\"https:\/\/www.comundi.fr\/mag-des-competences\/pourquoi-il-est-urgent-de-prendre-enfin-au-serieux-la-qualite-et-les-conditions-de-travail\/#primaryimage\"},\"articleSection\":\"Sant\\u00e9 au travail - QVT\",\"inLanguage\":\"fr-FR\",\"potentialAction\":[{\"@type\":\"CommentAction\",\"name\":\"Comment\",\"target\":[\"https:\/\/www.comundi.fr\/mag-des-competences\/pourquoi-il-est-urgent-de-prendre-enfin-au-serieux-la-qualite-et-les-conditions-de-travail\/#respond\"]}]},{\"@type\":\"Person\",\"@id\":\"https:\/\/www.comundi.fr\/mag-des-competences\/#\/schema\/person\/96b8f219e4cddee126473c6fbcc0e089\",\"name\":\"Les Echos\",\"image\":{\"@type\":\"ImageObject\",\"@id\":\"https:\/\/www.comundi.fr\/mag-des-competences\/#personlogo\",\"inLanguage\":\"fr-FR\",\"url\":\"https:\/\/secure.gravatar.com\/avatar\/041d1b3114ce5dce17eaefa721d4ed06?s=96&d=mm&r=g\",\"contentUrl\":\"https:\/\/secure.gravatar.com\/avatar\/041d1b3114ce5dce17eaefa721d4ed06?s=96&d=mm&r=g\",\"caption\":\"Les Echos\"}}]}<\/script>\n<!-- \/ Yoast SEO plugin. -->","amp_enabled":true,"_links":{"self":[{"href":"https:\/\/www.comundi.fr\/mag-des-competences\/wp-json\/wp\/v2\/posts\/12178"}],"collection":[{"href":"https:\/\/www.comundi.fr\/mag-des-competences\/wp-json\/wp\/v2\/posts"}],"about":[{"href":"https:\/\/www.comundi.fr\/mag-des-competences\/wp-json\/wp\/v2\/types\/post"}],"author":[{"embeddable":true,"href":"https:\/\/www.comundi.fr\/mag-des-competences\/wp-json\/wp\/v2\/users\/6"}],"replies":[{"embeddable":true,"href":"https:\/\/www.comundi.fr\/mag-des-competences\/wp-json\/wp\/v2\/comments?post=12178"}],"version-history":[{"count":2,"href":"https:\/\/www.comundi.fr\/mag-des-competences\/wp-json\/wp\/v2\/posts\/12178\/revisions"}],"predecessor-version":[{"id":12182,"href":"https:\/\/www.comundi.fr\/mag-des-competences\/wp-json\/wp\/v2\/posts\/12178\/revisions\/12182"}],"wp:featuredmedia":[{"embeddable":true,"href":"https:\/\/www.comundi.fr\/mag-des-competences\/wp-json\/wp\/v2\/media\/12180"}],"wp:attachment":[{"href":"https:\/\/www.comundi.fr\/mag-des-competences\/wp-json\/wp\/v2\/media?parent=12178"}],"wp:term":[{"taxonomy":"category","embeddable":true,"href":"https:\/\/www.comundi.fr\/mag-des-competences\/wp-json\/wp\/v2\/categories?post=12178"}],"curies":[{"name":"wp","href":"https:\/\/api.w.org\/{rel}","templated":true}]}}