{"id":12159,"date":"2024-01-25T08:50:00","date_gmt":"2024-01-25T07:50:00","guid":{"rendered":"https:\/\/www.comundi.fr\/mag-des-competences\/?p=12159"},"modified":"2024-04-26T12:29:55","modified_gmt":"2024-04-26T10:29:55","slug":"comment-et-pourquoi-ameliorer-son-aisance-orale-au-travail","status":"publish","type":"post","link":"https:\/\/www.comundi.fr\/mag-des-competences\/comment-et-pourquoi-ameliorer-son-aisance-orale-au-travail\/","title":{"rendered":"Comment et pourquoi am\u00e9liorer son aisance orale au travail ?"},"content":{"rendered":"\n<p>L\u2019id\u00e9e de prendre la parole en public suscite beaucoup de crainte chez de nombreuses personnes. Il suffit, pour s\u2019en convaincre, de voir le nombre d\u2019ateliers propos\u00e9s sur le sujet. En milieu professionnel, vous aurez \u00e0 prendre la parole, que ce soit pour animer une r\u00e9union, d\u00e9fendre une id\u00e9e d\u2019investissement ou donner des directives. De nombreux professionnels souhaitent <strong>mieux communiquer<\/strong> afin d\u2019am\u00e9liorer leurs relations de travail.<\/p>\n\n\n\n<p>Comment gagner en <strong>aisance \u00e0 l\u2019oral<\/strong>&nbsp;? En quoi une formation peut-elle vous aider ?<\/p>\n\n\n\n<h2><strong>En quoi l\u2019aisance orale est-elle si importante au travail&nbsp;?<\/strong><\/h2>\n\n\n\n<p><br>Il est essentiel de pouvoir s\u2019exprimer ais\u00e9ment en milieu professionnel. Cet imp\u00e9ratif se justifie par plusieurs raisons.&nbsp;<\/p>\n\n\n\n<h3><strong>Pour d\u00e9fendre vos id\u00e9es et votre position<\/strong><\/h3>\n\n\n\n<p>Quel que soit le poste que vous occupez dans votre environnement professionnel, vous serez amen\u00e9 \u00e0 d\u00e9fendre vos arguments. Il peut s\u2019agir d\u2019expliquer \u00e0 vos sup\u00e9rieurs pourquoi l\u2019entreprise devrait investir dans un logiciel novateur, par exemple. Vous pouvez aussi prendre la parole pour exposer l\u2019int\u00e9r\u00eat d\u2019une strat\u00e9gie commerciale ou expliquer pourquoi un dossier sensible devrait vous \u00eatre confi\u00e9. La valeur de votre argumentaire d\u00e9pendra en majeure partie de votre aisance \u00e0 vous exprimer. En effet, les propos sont g\u00e9n\u00e9ralement mieux per\u00e7us lorsqu\u2019ils sont pr\u00e9sent\u00e9s de fa\u00e7on claire, sans balbutiement et avec l\u2019\u00e9loquence n\u00e9cessaire.&nbsp;<\/p>\n\n\n\n<h3><strong>Pour communiquer efficacement avec vos collaborateurs<\/strong><\/h3>\n\n\n\n<p>En travaillant au sein d\u2019une \u00e9quipe, vous aurez parfois \u00e0 \u00e9changer sur des projets communs. Votre aisance \u00e0 vous exprimer facilitera une communication fluide et efficace, ce qui permettra \u00e0 l\u2019\u00e9quipe de progresser. Notez qu\u2019il ne s\u2019agit pas d\u2019imposer vos seules id\u00e9es ou de parler plus fort que tous les autres membres. En revanche, il est conseill\u00e9 d&rsquo;<strong>am\u00e9liorer son aisance \u00e0 l&rsquo;oral<\/strong>, de trouver sa propre voix et de l\u2019assumer. Cela vous permettra de travailler de concert avec vos collaborateurs, mais aussi, <a href=\"https:\/\/www.comundi.fr\/mag-des-competences\/comment-communiquer-efficacement-personnes-negatives\/\">d\u2019apaiser les \u00e9ventuelles tensions qui pourraient se pr\u00e9senter.<\/a>&nbsp;<\/p>\n\n\n\n<h3><strong>Pour vous positionner en tant que manager<\/strong><\/h3>\n\n\n\n<p>Si vous \u00eates \u00e0 la t\u00eate de votre \u00e9quipe ou occupez un poste \u00e0 responsabilit\u00e9, il est plus que n\u00e9cessaire d\u2019<strong>am\u00e9liorer votre aisance \u00e0 l&rsquo;oral<\/strong>. En effet, vous aurez \u00e0 prendre des d\u00e9cisions et \u00e0 transmettre des instructions directes \u00e0 vos collaborateurs. Tout bon leader sait qu\u2019il n\u2019est pas n\u00e9cessaire d\u2019\u00e9craser les autres. En revanche, il est important de savoir parler avec aisance pour se faire respecter. Cette aisance est \u00e9galement essentielle pour vous assurer que vos instructions sont comprises et seront correctement ex\u00e9cut\u00e9es.&nbsp;<a href=\"https:\/\/www.comundi.fr\/mag-des-competences\/les-5-cles-de-la-communication-pour-renforcer-son-leadership\/\">Elle vous permet aussi de renforcer votre leadership.<\/a><\/p>\n\n\n\n<h2><strong>Comment gagner&nbsp;en&nbsp;aisance \u00e0 l&rsquo;oral ?<\/strong><\/h2>\n\n\n\n<p>Il n\u2019est pas toujours simple de prendre la parole et de s\u2019exprimer sans difficult\u00e9. Ce n\u2019est d\u2019ailleurs pas un hasard si autant de professionnels et de leaders optent pour une <strong><a href=\"https:\/\/www.comundi.fr\/formations\/formation-communiquer-clairement-a-l-ecrit-et-a-l-oral.html\">formation en communication orale<\/a><\/strong>. Vous pouvez d\u00e9cider de vous former et de d\u00e9couvrir plus en d\u00e9tail les techniques suivantes.<\/p>\n\n\n\n<h3><strong>Se pr\u00e9parer \u00e0 la prise de parole<\/strong><\/h3>\n\n\n\n<p>Que ce soit pour piloter un avion de chasse ou tenir un discours, rien ne vaut une bonne pr\u00e9paration. Au cours d\u2019une <strong>formation en communication orale<\/strong>, vous apprendrez, par exemple, \u00e0 d\u00e9finir un objectif pour chacune de vos prises de parole. <a href=\"https:\/\/www.comundi.fr\/mag-des-competences\/communiquer-avec-tact-souplesse-diplomatie\/\">Il peut s\u2019agir d\u2019informer, de convaincre ou de pousser une \u00e9quipe \u00e0 agir. <\/a>Vous apprendrez aussi pourquoi il est important d\u2019analyser le profil de vos interlocuteurs. Cela vous permettra d\u2019adapter votre message, ainsi que votre canal de communication en fonction de votre cible. De m\u00eame, les formateurs vous enseigneront comment construire un message impactant et capter l\u2019attention du public d\u00e8s le d\u00e9but de votre discours.&nbsp;<\/p>\n\n\n\n<h3><strong>Structurer son propos au fur et \u00e0 mesure<\/strong><\/h3>\n\n\n\n<p>Il n\u2019est pas rare qu\u2019une personne, m\u00eame \u00e9loquente, commence \u00e0 s\u2019exprimer ais\u00e9ment, et qu\u2019elle perde le fil de ses id\u00e9es apr\u00e8s son propos introductif. Tr\u00e8s souvent, cela t\u00e9moigne d\u2019un manque d\u2019organisation dans les id\u00e9es. Pour <strong>am\u00e9liorer son aisance \u00e0 l&rsquo;oral<\/strong>, il est important d\u2019organiser ses id\u00e9es&nbsp;en suivant deux crit\u00e8res&nbsp;: la logique et la fluidit\u00e9. Votre propos doit \u00eatre agenc\u00e9 de la mani\u00e8re la plus simple pour que vous n\u2019en perdiez pas le fil, mais aussi pour que votre interlocuteur&nbsp;continue de vous \u00e9couter jusqu\u2019au bout.&nbsp;<br><br>Si vous voulez<a href=\"https:\/\/www.comundi.fr\/mag-des-competences\/des-cles-pour-mieux-communiquer-3-adopter-une-communication-positive\/\"> <strong>mieux communiquer<\/strong><\/a>, il vous faut apprendre \u00e0 construire et \u00e0 d\u00e9velopper une argumentation. Au cours d\u2019une formation, vous d\u00e9couvrirez comment mettre en \u00e9vidence les grandes \u00e9tapes de votre raisonnement et comment soigner l\u2019organisation de votre discours.&nbsp;<\/p>\n\n\n\n<h3><strong>Aller jusqu\u2019au bout de ses id\u00e9es<\/strong><\/h3>\n\n\n\n<p>Le stress conduit parfois \u00e0 laisser ses phrases en suspens ou \u00e0 passer rapidement d\u2019une id\u00e9e \u00e0 une autre. Cela peut cr\u00e9er, chez votre public, une impression de fuite, d\u2019impr\u00e9cision ou d\u2019incomp\u00e9tence. Pour \u00e9viter cette situation, prenez le temps de bien assimiler votre propos. Vous pouvez \u00e9crire votre discours dans un style simple, sans lourdeurs, ni impr\u00e9cisions. Pendant la pr\u00e9paration, n\u2019h\u00e9sitez pas \u00e0 reformuler certains passages pour les m\u00e9moriser plus facilement. En optant pour une <strong>formation en communication orale<\/strong>, vous apprendrez certainement \u00e0 mieux vous exprimer. Vous d\u00e9couvrirez aussi plusieurs techniques pour la r\u00e9daction de mails, notes de synth\u00e8ses, rapports ou discours.&nbsp;<\/p>\n\n\n\n<h2><strong>Comment rem\u00e9dier aux difficult\u00e9s de l&rsquo;oral ?<\/strong><\/h2>\n\n\n\n<p>Vous souhaitez <strong>mieux communiquer<\/strong> avec vos collaborateurs, employ\u00e9s ou partenaires&nbsp;? Voici quelques astuces simples pouvant vous aider en ce sens.&nbsp;<\/p>\n\n\n\n<h3><strong>Pratiquer des exercices d\u2019\u00e9locution<\/strong><\/h3>\n\n\n\n<p>Les exercices d\u2019\u00e9locution sont tr\u00e8s utiles pour surmonter la crainte de l\u2019expression orale. Cela vous aidera \u00e0 prendre confiance en vous, \u00e0 vous exprimer clairement et sans bafouiller. Essayez, par exemple, des exercices de virelangue&nbsp;: les chaussettes s\u00e8ches de l\u2019archiduchesse, la chemise du chimiste s\u00e8che, ou encore, le chasseur sachant chasser sans son chien. Il en existe toute une s\u00e9lection sur internet.&nbsp;N\u2019h\u00e9sitez pas \u00e0 vous les approprier et \u00e0 les r\u00e9p\u00e9ter \u00e0 l\u2019occasion. Non seulement, cela est amusant, mais le virelangue vous aidera aussi \u00e0 prononcer ais\u00e9ment les mots complexes de la langue fran\u00e7aise.&nbsp;<\/p>\n\n\n\n<h3><strong>Enrichir son vocabulaire<\/strong><\/h3>\n\n\n\n<p>Pour <strong>am\u00e9liorer son aisance \u00e0 l&rsquo;oral<\/strong>, il est conseill\u00e9 d\u2019\u00e9lever \u00e9galement son vocabulaire. Cela n\u00e9cessite de s\u2019approprier ou de se r\u00e9approprier certains mots du langage soutenu. Sans pour autant parler de fa\u00e7on ennuyeuse ou hautaine,<a href=\"https:\/\/www.comundi.fr\/mag-des-competences\/des-cles-pour-mieux-communiquer-2-explorer-le-langage-corporel\/\"> vous pouvez apporter plus d\u2019\u00e9l\u00e9gance et de prestance \u00e0 vos prises de parole.<\/a> Cela vous permettra d\u2019\u00e9veiller et de maintenir l\u2019int\u00e9r\u00eat de vos interlocuteurs tout au long de la communication.&nbsp;<br><br>Que vous souhaitiez \u00e9changer plus efficacement ou assumer votre position de leader, vous devez pouvoir <strong>parler avec aisance<\/strong>. Une <strong>formation en communication orale<\/strong> constitue donc le cadre id\u00e9al pour apprendre les bases de l\u2019expression verbale et surmonter la peur li\u00e9e \u00e0 la prise de parole.<\/p>\n","protected":false},"excerpt":{"rendered":"<p>L\u2019id\u00e9e de prendre la parole en public suscite beaucoup de crainte chez de nombreuses personnes. Il suffit, pour s\u2019en convaincre, de voir le nombre d\u2019ateliers propos\u00e9s sur le sujet. En milieu professionnel, vous aurez \u00e0 prendre la parole, que ce soit pour animer une r\u00e9union, d\u00e9fendre une id\u00e9e d\u2019investissement ou donner des directives. De nombreux [&hellip;]<\/p>\n","protected":false},"author":8,"featured_media":12160,"comment_status":"open","ping_status":"open","sticky":false,"template":"","format":"standard","meta":{"_mi_skip_tracking":false},"categories":[185,183],"yoast_head":"<!-- This site is optimized with the Yoast SEO plugin v16.1 - https:\/\/yoast.com\/wordpress\/plugins\/seo\/ -->\n<title>Comment et pourquoi am\u00e9liorer son aisance orale au travail ? - Mag des comp\u00e9tences - Comundi<\/title>\n<meta name=\"description\" content=\"D\u00e9couvrez nos conseils pour am\u00e9liorer son aisance \u00e0 l&#039;oral et mieux communiquer, que ce soit dans votre vie professionnelle ou priv\u00e9e.\" \/>\n<meta name=\"robots\" content=\"index, follow, max-snippet:-1, max-image-preview:large, max-video-preview:-1\" \/>\n<link rel=\"canonical\" href=\"https:\/\/www.comundi.fr\/mag-des-competences\/comment-et-pourquoi-ameliorer-son-aisance-orale-au-travail\/\" \/>\n<meta property=\"og:locale\" content=\"fr_FR\" \/>\n<meta property=\"og:type\" content=\"article\" \/>\n<meta property=\"og:title\" content=\"Comment et pourquoi am\u00e9liorer son aisance orale au travail ? - Mag des comp\u00e9tences - Comundi\" \/>\n<meta property=\"og:description\" content=\"D\u00e9couvrez nos conseils pour am\u00e9liorer son aisance \u00e0 l&#039;oral et mieux communiquer, que ce soit dans votre vie professionnelle ou priv\u00e9e.\" \/>\n<meta property=\"og:url\" content=\"https:\/\/www.comundi.fr\/mag-des-competences\/comment-et-pourquoi-ameliorer-son-aisance-orale-au-travail\/\" \/>\n<meta property=\"og:site_name\" content=\"Mag des comp\u00e9tences - Comundi\" \/>\n<meta property=\"article:publisher\" content=\"https:\/\/www.facebook.com\/Comundi\/?fref=ts\" \/>\n<meta property=\"article:published_time\" content=\"2024-01-25T07:50:00+00:00\" \/>\n<meta property=\"article:modified_time\" content=\"2024-04-26T10:29:55+00:00\" \/>\n<meta property=\"og:image\" content=\"https:\/\/www.comundi.fr\/mag-des-competences\/wp-content\/uploads\/2024\/01\/Laisance-a-loral.jpg\" \/>\n\t<meta property=\"og:image:width\" content=\"1200\" \/>\n\t<meta property=\"og:image:height\" content=\"675\" \/>\n<meta name=\"twitter:card\" content=\"summary_large_image\" \/>\n<meta name=\"twitter:creator\" content=\"@ComundiActu\" \/>\n<meta name=\"twitter:site\" content=\"@ComundiActu\" \/>\n<meta name=\"twitter:label1\" content=\"Dur\u00e9e de lecture est.\">\n\t<meta name=\"twitter:data1\" content=\"5 minutes\">\n<script type=\"application\/ld+json\" class=\"yoast-schema-graph\">{\"@context\":\"https:\/\/schema.org\",\"@graph\":[{\"@type\":\"Organization\",\"@id\":\"https:\/\/www.comundi.fr\/mag-des-competences\/#organization\",\"name\":\"Comundi\",\"url\":\"https:\/\/www.comundi.fr\/mag-des-competences\/\",\"sameAs\":[\"https:\/\/www.facebook.com\/Comundi\/?fref=ts\",\"https:\/\/www.linkedin.com\/company\/comundi\/\",\"https:\/\/www.youtube.com\/user\/ComundiFormations\",\"https:\/\/twitter.com\/ComundiActu\"],\"logo\":{\"@type\":\"ImageObject\",\"@id\":\"https:\/\/www.comundi.fr\/mag-des-competences\/#logo\",\"inLanguage\":\"fr-FR\",\"url\":\"https:\/\/www.comundi.fr\/mag-des-competences\/wp-content\/uploads\/2018\/01\/comundi.png\",\"contentUrl\":\"https:\/\/www.comundi.fr\/mag-des-competences\/wp-content\/uploads\/2018\/01\/comundi.png\",\"width\":300,\"height\":300,\"caption\":\"Comundi\"},\"image\":{\"@id\":\"https:\/\/www.comundi.fr\/mag-des-competences\/#logo\"}},{\"@type\":\"WebSite\",\"@id\":\"https:\/\/www.comundi.fr\/mag-des-competences\/#website\",\"url\":\"https:\/\/www.comundi.fr\/mag-des-competences\/\",\"name\":\"Mag des comp\\u00e9tences - Comundi\",\"description\":\"Le magazine des m\\u00e9tiers de demain\",\"publisher\":{\"@id\":\"https:\/\/www.comundi.fr\/mag-des-competences\/#organization\"},\"potentialAction\":[{\"@type\":\"SearchAction\",\"target\":\"https:\/\/www.comundi.fr\/mag-des-competences\/?s={search_term_string}\",\"query-input\":\"required name=search_term_string\"}],\"inLanguage\":\"fr-FR\"},{\"@type\":\"ImageObject\",\"@id\":\"https:\/\/www.comundi.fr\/mag-des-competences\/comment-et-pourquoi-ameliorer-son-aisance-orale-au-travail\/#primaryimage\",\"inLanguage\":\"fr-FR\",\"url\":\"https:\/\/www.comundi.fr\/mag-des-competences\/wp-content\/uploads\/2024\/01\/Laisance-a-loral.jpg\",\"contentUrl\":\"https:\/\/www.comundi.fr\/mag-des-competences\/wp-content\/uploads\/2024\/01\/Laisance-a-loral.jpg\",\"width\":1200,\"height\":675,\"caption\":\"L'aisance \\u00e0 l'oral\"},{\"@type\":\"WebPage\",\"@id\":\"https:\/\/www.comundi.fr\/mag-des-competences\/comment-et-pourquoi-ameliorer-son-aisance-orale-au-travail\/#webpage\",\"url\":\"https:\/\/www.comundi.fr\/mag-des-competences\/comment-et-pourquoi-ameliorer-son-aisance-orale-au-travail\/\",\"name\":\"Comment et pourquoi am\\u00e9liorer son aisance orale au travail ? - Mag des comp\\u00e9tences - Comundi\",\"isPartOf\":{\"@id\":\"https:\/\/www.comundi.fr\/mag-des-competences\/#website\"},\"primaryImageOfPage\":{\"@id\":\"https:\/\/www.comundi.fr\/mag-des-competences\/comment-et-pourquoi-ameliorer-son-aisance-orale-au-travail\/#primaryimage\"},\"datePublished\":\"2024-01-25T07:50:00+00:00\",\"dateModified\":\"2024-04-26T10:29:55+00:00\",\"description\":\"D\\u00e9couvrez nos conseils pour am\\u00e9liorer son aisance \\u00e0 l'oral et mieux communiquer, que ce soit dans votre vie professionnelle ou priv\\u00e9e.\",\"breadcrumb\":{\"@id\":\"https:\/\/www.comundi.fr\/mag-des-competences\/comment-et-pourquoi-ameliorer-son-aisance-orale-au-travail\/#breadcrumb\"},\"inLanguage\":\"fr-FR\",\"potentialAction\":[{\"@type\":\"ReadAction\",\"target\":[\"https:\/\/www.comundi.fr\/mag-des-competences\/comment-et-pourquoi-ameliorer-son-aisance-orale-au-travail\/\"]}]},{\"@type\":\"BreadcrumbList\",\"@id\":\"https:\/\/www.comundi.fr\/mag-des-competences\/comment-et-pourquoi-ameliorer-son-aisance-orale-au-travail\/#breadcrumb\",\"itemListElement\":[{\"@type\":\"ListItem\",\"position\":1,\"item\":{\"@type\":\"WebPage\",\"@id\":\"https:\/\/www.comundi.fr\/mag-des-competences\/\",\"url\":\"https:\/\/www.comundi.fr\/mag-des-competences\/\",\"name\":\"Accueil\"}},{\"@type\":\"ListItem\",\"position\":2,\"item\":{\"@type\":\"WebPage\",\"@id\":\"https:\/\/www.comundi.fr\/mag-des-competences\/comment-et-pourquoi-ameliorer-son-aisance-orale-au-travail\/\",\"url\":\"https:\/\/www.comundi.fr\/mag-des-competences\/comment-et-pourquoi-ameliorer-son-aisance-orale-au-travail\/\",\"name\":\"Comment et pourquoi am\\u00e9liorer son aisance orale au travail ?\"}}]},{\"@type\":\"Article\",\"@id\":\"https:\/\/www.comundi.fr\/mag-des-competences\/comment-et-pourquoi-ameliorer-son-aisance-orale-au-travail\/#article\",\"isPartOf\":{\"@id\":\"https:\/\/www.comundi.fr\/mag-des-competences\/comment-et-pourquoi-ameliorer-son-aisance-orale-au-travail\/#webpage\"},\"author\":{\"@id\":\"https:\/\/www.comundi.fr\/mag-des-competences\/#\/schema\/person\/d08f5c2cf9de6fcfd33c30314745578e\"},\"headline\":\"Comment et pourquoi am\\u00e9liorer son aisance orale au travail ?\",\"datePublished\":\"2024-01-25T07:50:00+00:00\",\"dateModified\":\"2024-04-26T10:29:55+00:00\",\"mainEntityOfPage\":{\"@id\":\"https:\/\/www.comundi.fr\/mag-des-competences\/comment-et-pourquoi-ameliorer-son-aisance-orale-au-travail\/#webpage\"},\"commentCount\":0,\"publisher\":{\"@id\":\"https:\/\/www.comundi.fr\/mag-des-competences\/#organization\"},\"image\":{\"@id\":\"https:\/\/www.comundi.fr\/mag-des-competences\/comment-et-pourquoi-ameliorer-son-aisance-orale-au-travail\/#primaryimage\"},\"articleSection\":\"D\\u00e9veloppement personnel,Efficacit\\u00e9 professionnelle\",\"inLanguage\":\"fr-FR\",\"potentialAction\":[{\"@type\":\"CommentAction\",\"name\":\"Comment\",\"target\":[\"https:\/\/www.comundi.fr\/mag-des-competences\/comment-et-pourquoi-ameliorer-son-aisance-orale-au-travail\/#respond\"]}]},{\"@type\":\"Person\",\"@id\":\"https:\/\/www.comundi.fr\/mag-des-competences\/#\/schema\/person\/d08f5c2cf9de6fcfd33c30314745578e\",\"name\":\"Comundi\",\"image\":{\"@type\":\"ImageObject\",\"@id\":\"https:\/\/www.comundi.fr\/mag-des-competences\/#personlogo\",\"inLanguage\":\"fr-FR\",\"url\":\"https:\/\/secure.gravatar.com\/avatar\/da2835ae7b2c1279e8e897d242f4cda6?s=96&d=mm&r=g\",\"contentUrl\":\"https:\/\/secure.gravatar.com\/avatar\/da2835ae7b2c1279e8e897d242f4cda6?s=96&d=mm&r=g\",\"caption\":\"Comundi\"}}]}<\/script>\n<!-- \/ Yoast SEO plugin. -->","amp_enabled":true,"_links":{"self":[{"href":"https:\/\/www.comundi.fr\/mag-des-competences\/wp-json\/wp\/v2\/posts\/12159"}],"collection":[{"href":"https:\/\/www.comundi.fr\/mag-des-competences\/wp-json\/wp\/v2\/posts"}],"about":[{"href":"https:\/\/www.comundi.fr\/mag-des-competences\/wp-json\/wp\/v2\/types\/post"}],"author":[{"embeddable":true,"href":"https:\/\/www.comundi.fr\/mag-des-competences\/wp-json\/wp\/v2\/users\/8"}],"replies":[{"embeddable":true,"href":"https:\/\/www.comundi.fr\/mag-des-competences\/wp-json\/wp\/v2\/comments?post=12159"}],"version-history":[{"count":3,"href":"https:\/\/www.comundi.fr\/mag-des-competences\/wp-json\/wp\/v2\/posts\/12159\/revisions"}],"predecessor-version":[{"id":12416,"href":"https:\/\/www.comundi.fr\/mag-des-competences\/wp-json\/wp\/v2\/posts\/12159\/revisions\/12416"}],"wp:featuredmedia":[{"embeddable":true,"href":"https:\/\/www.comundi.fr\/mag-des-competences\/wp-json\/wp\/v2\/media\/12160"}],"wp:attachment":[{"href":"https:\/\/www.comundi.fr\/mag-des-competences\/wp-json\/wp\/v2\/media?parent=12159"}],"wp:term":[{"taxonomy":"category","embeddable":true,"href":"https:\/\/www.comundi.fr\/mag-des-competences\/wp-json\/wp\/v2\/categories?post=12159"}],"curies":[{"name":"wp","href":"https:\/\/api.w.org\/{rel}","templated":true}]}}