{"id":1211,"date":"2018-07-12T09:00:16","date_gmt":"2018-07-12T07:00:16","guid":{"rendered":"https:\/\/www.comundi.fr\/mag-des-competences\/?p=1211"},"modified":"2020-02-05T16:36:01","modified_gmt":"2020-02-05T15:36:01","slug":"la-transformation-numerique-dope-lemploi-des-cadres","status":"publish","type":"post","link":"https:\/\/www.comundi.fr\/mag-des-competences\/la-transformation-numerique-dope-lemploi-des-cadres\/","title":{"rendered":"La transformation num\u00e9rique dope l&#8217;emploi des cadres"},"content":{"rendered":"<p>Port\u00e9es par la reprise \u00e9conomique, les entreprises n&rsquo;h\u00e9sitent plus \u00e0 recruter pour faire face aux bouleversements induits par le num\u00e9rique.<\/p>\n<p>Ce n&rsquo;est plus un secret pour personne\u00a0:<a href=\"https:\/\/www.comundi.fr\/mag-des-competences\/les-managers-inquiets-de-la-transformation-numerique\/\"> <strong>la transformation num\u00e9rique<\/strong><\/a> touche d\u00e9sormais l&rsquo;ensemble des organisations et des secteurs d&rsquo;activit\u00e9. Pour trouver les talents capables d&rsquo;investir ces nouveaux m\u00e9tiers et champs d&rsquo;expertise, les entreprises, soutenues par la reprise \u00e9conomique, n&rsquo;h\u00e9sitent plus \u00e0 recruter.<\/p>\n<p>D\u00e9j\u00e0 premi\u00e8re fonction d&#8217;embauche de cadres dans le secteur priv\u00e9 en 2017, l&rsquo;informatique resterait largement en t\u00eate en 2018 et concentrerait pr\u00e8s d&rsquo;un cinqui\u00e8me des 271.000 recrutements de cadres envisag\u00e9s cette ann\u00e9e, en hausse de 12\u00a0%.<\/p>\n<figure id=\"attachment_1213\" aria-describedby=\"caption-attachment-1213\" style=\"width: 533px\" class=\"wp-caption aligncenter\"><img loading=\"lazy\" class=\"wp-image-1213 size-full\" src=\"https:\/\/www.comundi.fr\/mag-des-competences\/wp-content\/uploads\/2018\/07\/Emploi-des-cadres-01.jpg\" alt=\"Emploi des cadres 2\" width=\"533\" height=\"2163\" srcset=\"https:\/\/www.comundi.fr\/mag-des-competences\/wp-content\/uploads\/2018\/07\/Emploi-des-cadres-01.jpg 533w, https:\/\/www.comundi.fr\/mag-des-competences\/wp-content\/uploads\/2018\/07\/Emploi-des-cadres-01-74x300.jpg 74w, https:\/\/www.comundi.fr\/mag-des-competences\/wp-content\/uploads\/2018\/07\/Emploi-des-cadres-01-252x1024.jpg 252w\" sizes=\"(max-width: 533px) 100vw, 533px\" \/><figcaption id=\"caption-attachment-1213\" class=\"wp-caption-text\">Emploi des cadres 2<\/figcaption><\/figure>\n<p>Pour autant, les autres fonctions de l&rsquo;entreprise ne sont pas en reste.\u00a0\u00ab\u00a0Avec respectivement 19\u00a0% et 17\u00a0% des embauches pr\u00e9vues, les fonctions \u00e9tudes-R&amp;D et commercial-marketing offriraient d&rsquo;importantes opportunit\u00e9s pour les cadres en 2018,\u00a0souligne l&rsquo;Apec.\u00a0Par ailleurs, la fonction production industrielle et chantier a enregistr\u00e9 la plus forte progression des recrutements de cadres en 2017 (+22\u00a0%), et les embauches devraient se poursuivre.\u00a0\u00bb\u00a0Idem pour les fonctions achats, qualit\u00e9, maintenance, logistique, s\u00e9curit\u00e9 et finance, comptabilit\u00e9, audit dont le nombre de recrutements devrait augmenter, en moyenne, de 7\u00a0% cette ann\u00e9e. Seules les fonctions strictement support (administration, RH, communication, juridique) et la direction g\u00e9n\u00e9rale verraient leur dynamique d&#8217;embauche se tasser l\u00e9g\u00e8rement, en recul de 3\u00a0%.<\/p>\n<h3>Les services en pointe<\/h3>\n<p>En concentrant pr\u00e8s de sept recrutements pr\u00e9vus sur dix, les services resteraient, logiquement, le principal secteur porteur de l&#8217;emploi cadre en 2018. Avec leurs volumes cons\u00e9quents et leurs taux de croissance sup\u00e9rieurs \u00e0 10\u00a0%, les embauches dans les activit\u00e9s informatiques et t\u00e9l\u00e9communication, l&rsquo;ing\u00e9nierie-R&amp;D, les activit\u00e9s juridiques-comptables et de conseil devraient se r\u00e9v\u00e9ler tout aussi dynamiques.\u00a0\u00ab\u00a0Ces secteurs accompagnent souvent la transformation num\u00e9rique, notamment toutes les probl\u00e9matiques concernant la cybers\u00e9curit\u00e9 et les activit\u00e9s de Big Data,\u00a0remarque l&rsquo;Apec.\u00a0L&rsquo;ing\u00e9nierie-R&amp;D, en appui de l&rsquo;industrie, est particuli\u00e8rement sollicit\u00e9e pour les projets d&rsquo;accompagnement de l&rsquo;usine du futur ou de d\u00e9veloppement de l&rsquo;intelligence artificielle.\u00a0\u00bb\u00a0A croire que, pour les cadres, l&rsquo;avenir professionnel sera num\u00e9rique ou ne sera pas.<\/p>\n<p>Vincent Bouquet<\/p>\n","protected":false},"excerpt":{"rendered":"<p>Port\u00e9es par la reprise \u00e9conomique, les entreprises n&rsquo;h\u00e9sitent plus \u00e0 recruter pour faire face aux bouleversements induits par le num\u00e9rique. Ce n&rsquo;est plus un secret pour personne\u00a0: la transformation num\u00e9rique touche d\u00e9sormais l&rsquo;ensemble des organisations et des secteurs d&rsquo;activit\u00e9. Pour trouver les talents capables d&rsquo;investir ces nouveaux m\u00e9tiers et champs d&rsquo;expertise, les entreprises, soutenues par [&hellip;]<\/p>\n","protected":false},"author":6,"featured_media":1214,"comment_status":"open","ping_status":"open","sticky":false,"template":"","format":"standard","meta":{"_mi_skip_tracking":false},"categories":[180,200],"yoast_head":"<!-- This site is optimized with the Yoast SEO plugin v16.1 - https:\/\/yoast.com\/wordpress\/plugins\/seo\/ -->\n<title>La transformation num\u00e9rique dope l&#039;emploi des cadres - Mag des comp\u00e9tences - Comundi<\/title>\n<meta name=\"description\" content=\"Port\u00e9es par la reprise \u00e9conomique, les entreprises n&#039;h\u00e9sitent plus \u00e0 recruter pour faire face aux bouleversements induits par le num\u00e9rique.\" \/>\n<meta name=\"robots\" content=\"noindex, nofollow\" \/>\n<meta property=\"og:locale\" content=\"fr_FR\" \/>\n<meta property=\"og:type\" content=\"article\" \/>\n<meta property=\"og:title\" content=\"La transformation num\u00e9rique dope l&#039;emploi des cadres - Mag des comp\u00e9tences - Comundi\" \/>\n<meta property=\"og:description\" content=\"Port\u00e9es par la reprise \u00e9conomique, les entreprises n&#039;h\u00e9sitent plus \u00e0 recruter pour faire face aux bouleversements induits par le num\u00e9rique.\" \/>\n<meta property=\"og:url\" content=\"https:\/\/www.comundi.fr\/mag-des-competences\/la-transformation-numerique-dope-lemploi-des-cadres\/\" \/>\n<meta property=\"og:site_name\" content=\"Mag des comp\u00e9tences - Comundi\" \/>\n<meta property=\"article:publisher\" content=\"https:\/\/www.facebook.com\/Comundi\/?fref=ts\" \/>\n<meta property=\"article:published_time\" content=\"2018-07-12T07:00:16+00:00\" \/>\n<meta property=\"article:modified_time\" content=\"2020-02-05T15:36:01+00:00\" \/>\n<meta property=\"og:image\" content=\"https:\/\/www.comundi.fr\/mag-des-competences\/wp-content\/uploads\/2018\/07\/Emlpoi-des-cadres-02-e1531123053150.jpg\" \/>\n\t<meta property=\"og:image:width\" content=\"1000\" \/>\n\t<meta property=\"og:image:height\" content=\"660\" \/>\n<meta name=\"twitter:card\" content=\"summary_large_image\" \/>\n<meta name=\"twitter:creator\" content=\"@ComundiActu\" \/>\n<meta name=\"twitter:site\" content=\"@ComundiActu\" \/>\n<meta name=\"twitter:label1\" content=\"Dur\u00e9e de lecture est.\">\n\t<meta name=\"twitter:data1\" content=\"2 minutes\">\n<script type=\"application\/ld+json\" class=\"yoast-schema-graph\">{\"@context\":\"https:\/\/schema.org\",\"@graph\":[{\"@type\":\"Organization\",\"@id\":\"https:\/\/www.comundi.fr\/mag-des-competences\/#organization\",\"name\":\"Comundi\",\"url\":\"https:\/\/www.comundi.fr\/mag-des-competences\/\",\"sameAs\":[\"https:\/\/www.facebook.com\/Comundi\/?fref=ts\",\"https:\/\/www.linkedin.com\/company\/comundi\/\",\"https:\/\/www.youtube.com\/user\/ComundiFormations\",\"https:\/\/twitter.com\/ComundiActu\"],\"logo\":{\"@type\":\"ImageObject\",\"@id\":\"https:\/\/www.comundi.fr\/mag-des-competences\/#logo\",\"inLanguage\":\"fr-FR\",\"url\":\"https:\/\/www.comundi.fr\/mag-des-competences\/wp-content\/uploads\/2018\/01\/comundi.png\",\"contentUrl\":\"https:\/\/www.comundi.fr\/mag-des-competences\/wp-content\/uploads\/2018\/01\/comundi.png\",\"width\":300,\"height\":300,\"caption\":\"Comundi\"},\"image\":{\"@id\":\"https:\/\/www.comundi.fr\/mag-des-competences\/#logo\"}},{\"@type\":\"WebSite\",\"@id\":\"https:\/\/www.comundi.fr\/mag-des-competences\/#website\",\"url\":\"https:\/\/www.comundi.fr\/mag-des-competences\/\",\"name\":\"Mag des comp\\u00e9tences - Comundi\",\"description\":\"Le magazine des m\\u00e9tiers de demain\",\"publisher\":{\"@id\":\"https:\/\/www.comundi.fr\/mag-des-competences\/#organization\"},\"potentialAction\":[{\"@type\":\"SearchAction\",\"target\":\"https:\/\/www.comundi.fr\/mag-des-competences\/?s={search_term_string}\",\"query-input\":\"required name=search_term_string\"}],\"inLanguage\":\"fr-FR\"},{\"@type\":\"ImageObject\",\"@id\":\"https:\/\/www.comundi.fr\/mag-des-competences\/la-transformation-numerique-dope-lemploi-des-cadres\/#primaryimage\",\"inLanguage\":\"fr-FR\",\"url\":\"https:\/\/www.comundi.fr\/mag-des-competences\/wp-content\/uploads\/2018\/07\/Emlpoi-des-cadres-02-e1531123053150.jpg\",\"contentUrl\":\"https:\/\/www.comundi.fr\/mag-des-competences\/wp-content\/uploads\/2018\/07\/Emlpoi-des-cadres-02-e1531123053150.jpg\",\"width\":1000,\"height\":660,\"caption\":\"L'emploi des cadres dop\\u00e9 par le num\\u00e9rique\"},{\"@type\":\"WebPage\",\"@id\":\"https:\/\/www.comundi.fr\/mag-des-competences\/la-transformation-numerique-dope-lemploi-des-cadres\/#webpage\",\"url\":\"https:\/\/www.comundi.fr\/mag-des-competences\/la-transformation-numerique-dope-lemploi-des-cadres\/\",\"name\":\"La transformation num\\u00e9rique dope l'emploi des cadres - Mag des comp\\u00e9tences - Comundi\",\"isPartOf\":{\"@id\":\"https:\/\/www.comundi.fr\/mag-des-competences\/#website\"},\"primaryImageOfPage\":{\"@id\":\"https:\/\/www.comundi.fr\/mag-des-competences\/la-transformation-numerique-dope-lemploi-des-cadres\/#primaryimage\"},\"datePublished\":\"2018-07-12T07:00:16+00:00\",\"dateModified\":\"2020-02-05T15:36:01+00:00\",\"description\":\"Port\\u00e9es par la reprise \\u00e9conomique, les entreprises n'h\\u00e9sitent plus \\u00e0 recruter pour faire face aux bouleversements induits par le num\\u00e9rique.\",\"breadcrumb\":{\"@id\":\"https:\/\/www.comundi.fr\/mag-des-competences\/la-transformation-numerique-dope-lemploi-des-cadres\/#breadcrumb\"},\"inLanguage\":\"fr-FR\",\"potentialAction\":[{\"@type\":\"ReadAction\",\"target\":[\"https:\/\/www.comundi.fr\/mag-des-competences\/la-transformation-numerique-dope-lemploi-des-cadres\/\"]}]},{\"@type\":\"BreadcrumbList\",\"@id\":\"https:\/\/www.comundi.fr\/mag-des-competences\/la-transformation-numerique-dope-lemploi-des-cadres\/#breadcrumb\",\"itemListElement\":[{\"@type\":\"ListItem\",\"position\":1,\"item\":{\"@type\":\"WebPage\",\"@id\":\"https:\/\/www.comundi.fr\/mag-des-competences\/\",\"url\":\"https:\/\/www.comundi.fr\/mag-des-competences\/\",\"name\":\"Accueil\"}},{\"@type\":\"ListItem\",\"position\":2,\"item\":{\"@type\":\"WebPage\",\"@id\":\"https:\/\/www.comundi.fr\/mag-des-competences\/la-transformation-numerique-dope-lemploi-des-cadres\/\",\"url\":\"https:\/\/www.comundi.fr\/mag-des-competences\/la-transformation-numerique-dope-lemploi-des-cadres\/\",\"name\":\"La transformation num\\u00e9rique dope l&#8217;emploi des cadres\"}}]},{\"@type\":\"Article\",\"@id\":\"https:\/\/www.comundi.fr\/mag-des-competences\/la-transformation-numerique-dope-lemploi-des-cadres\/#article\",\"isPartOf\":{\"@id\":\"https:\/\/www.comundi.fr\/mag-des-competences\/la-transformation-numerique-dope-lemploi-des-cadres\/#webpage\"},\"author\":{\"@id\":\"https:\/\/www.comundi.fr\/mag-des-competences\/#\/schema\/person\/96b8f219e4cddee126473c6fbcc0e089\"},\"headline\":\"La transformation num\\u00e9rique dope l&#8217;emploi des cadres\",\"datePublished\":\"2018-07-12T07:00:16+00:00\",\"dateModified\":\"2020-02-05T15:36:01+00:00\",\"mainEntityOfPage\":{\"@id\":\"https:\/\/www.comundi.fr\/mag-des-competences\/la-transformation-numerique-dope-lemploi-des-cadres\/#webpage\"},\"commentCount\":0,\"publisher\":{\"@id\":\"https:\/\/www.comundi.fr\/mag-des-competences\/#organization\"},\"image\":{\"@id\":\"https:\/\/www.comundi.fr\/mag-des-competences\/la-transformation-numerique-dope-lemploi-des-cadres\/#primaryimage\"},\"articleSection\":\"Industrie - Risques chimiques - Energie - Construction,Ressources humaines\",\"inLanguage\":\"fr-FR\",\"potentialAction\":[{\"@type\":\"CommentAction\",\"name\":\"Comment\",\"target\":[\"https:\/\/www.comundi.fr\/mag-des-competences\/la-transformation-numerique-dope-lemploi-des-cadres\/#respond\"]}]},{\"@type\":\"Person\",\"@id\":\"https:\/\/www.comundi.fr\/mag-des-competences\/#\/schema\/person\/96b8f219e4cddee126473c6fbcc0e089\",\"name\":\"Les Echos\",\"image\":{\"@type\":\"ImageObject\",\"@id\":\"https:\/\/www.comundi.fr\/mag-des-competences\/#personlogo\",\"inLanguage\":\"fr-FR\",\"url\":\"https:\/\/secure.gravatar.com\/avatar\/041d1b3114ce5dce17eaefa721d4ed06?s=96&d=mm&r=g\",\"contentUrl\":\"https:\/\/secure.gravatar.com\/avatar\/041d1b3114ce5dce17eaefa721d4ed06?s=96&d=mm&r=g\",\"caption\":\"Les Echos\"}}]}<\/script>\n<!-- \/ Yoast SEO plugin. -->","amp_enabled":true,"_links":{"self":[{"href":"https:\/\/www.comundi.fr\/mag-des-competences\/wp-json\/wp\/v2\/posts\/1211"}],"collection":[{"href":"https:\/\/www.comundi.fr\/mag-des-competences\/wp-json\/wp\/v2\/posts"}],"about":[{"href":"https:\/\/www.comundi.fr\/mag-des-competences\/wp-json\/wp\/v2\/types\/post"}],"author":[{"embeddable":true,"href":"https:\/\/www.comundi.fr\/mag-des-competences\/wp-json\/wp\/v2\/users\/6"}],"replies":[{"embeddable":true,"href":"https:\/\/www.comundi.fr\/mag-des-competences\/wp-json\/wp\/v2\/comments?post=1211"}],"version-history":[{"count":3,"href":"https:\/\/www.comundi.fr\/mag-des-competences\/wp-json\/wp\/v2\/posts\/1211\/revisions"}],"predecessor-version":[{"id":3267,"href":"https:\/\/www.comundi.fr\/mag-des-competences\/wp-json\/wp\/v2\/posts\/1211\/revisions\/3267"}],"wp:featuredmedia":[{"embeddable":true,"href":"https:\/\/www.comundi.fr\/mag-des-competences\/wp-json\/wp\/v2\/media\/1214"}],"wp:attachment":[{"href":"https:\/\/www.comundi.fr\/mag-des-competences\/wp-json\/wp\/v2\/media?parent=1211"}],"wp:term":[{"taxonomy":"category","embeddable":true,"href":"https:\/\/www.comundi.fr\/mag-des-competences\/wp-json\/wp\/v2\/categories?post=1211"}],"curies":[{"name":"wp","href":"https:\/\/api.w.org\/{rel}","templated":true}]}}