{"id":12100,"date":"2024-01-16T08:50:00","date_gmt":"2024-01-16T07:50:00","guid":{"rendered":"https:\/\/www.comundi.fr\/mag-des-competences\/?p=12100"},"modified":"2025-02-20T17:31:26","modified_gmt":"2025-02-20T16:31:26","slug":"face-a-lia-voici-les-competences-a-developper","status":"publish","type":"post","link":"https:\/\/www.comundi.fr\/mag-des-competences\/face-a-lia-voici-les-competences-a-developper\/","title":{"rendered":"Face \u00e0 l&rsquo;IA, voici les comp\u00e9tences \u00e0 d\u00e9velopper"},"content":{"rendered":"\n<p>Emmanuelle Blons, autrice du livre \u00ab L&rsquo;IA au coeur de l&rsquo;entreprise* \u00bb, explique que l&rsquo;intelligence artificielle acc\u00e9l\u00e8re le besoin de d\u00e9velopper des capacit\u00e9s proprement humaines. Les voici.<\/p>\n\n\n\n<p>L<strong>&lsquo;\u00e9volution des comp\u00e9tences<\/strong> et des emplois face \u00e0 l&rsquo;IA constitue un champ d&rsquo;investigation strat\u00e9gique pour les directions des ressources humaines. \u00ab Les approches de formation bas\u00e9e sur la connaissance d&rsquo;il y a 200 ans m\u00e8neraient nos enfants \u00e0 l&rsquo;\u00e9chec car ils ne pourront jamais rivaliser avec les machines. Il faut enseigner aux enfants des comp\u00e9tences de \u00ab<a href=\"https:\/\/www.comundi.fr\/mag-des-competences\/6-solutions-pour-faire-remonter-les-besoins-en-formation-soft-skills-des-collaborateurs\/\"> savoir-\u00eatre \u00bb ( soft skills en anglais) comme l&rsquo;esprit critique et la collaboration<\/a> \u00bb explique Jack Ma, fondateur d&rsquo;Alibaba, g\u00e9ant chinois de l&rsquo;e-commerce.<\/p>\n\n\n\n<p>Une \u00e9tude du forum \u00e9conomique mondial de Davos montre une modification de l&rsquo;ordre des comp\u00e9tences cl\u00e9s en un tr\u00e8s court laps de temps : la pens\u00e9e analytique, l&rsquo;apprentissage actif et les capacit\u00e9s \u00e0 r\u00e9soudre des probl\u00e8mes complexes ravissent les premi\u00e8res places. On note aussi la pr\u00e9sence de la pens\u00e9e critique et de la cr\u00e9ativit\u00e9. Avec l&rsquo;arriv\u00e9e de l&rsquo;IA, on assiste \u00e0 un bouleversement de la hi\u00e9rarchie des comp\u00e9tences : les comp\u00e9tences transversales, sociales et situationnelles deviennent cl\u00e9s.<\/p>\n\n\n\n<p>De fa\u00e7on tr\u00e8s claire,<a href=\"https:\/\/www.comundi.fr\/mag-des-competences\/les-soft-skills-dans-lentreprise\/\"> il s&rsquo;agit principalement de d\u00e9velopper massivement les comp\u00e9tences humaines<\/a> compl\u00e9mentaires de l&rsquo;intelligence artificielle, ou tout au moins \u00ab non substituables \u00bb. Ainsi, le d\u00e9ploiement de l&rsquo;IA acc\u00e9l\u00e8re le besoin de d\u00e9velopper des capacit\u00e9s proprement humaines (cr\u00e9ativit\u00e9, dext\u00e9rit\u00e9 manuelle, pens\u00e9e abstraite, r\u00e9solution de probl\u00e8mes).<\/p>\n\n\n\n<p>L&rsquo;\u00e9tude du conseil d&rsquo;orientation pour l&#8217;emploi (COE) confirme ces analyses : elle montre ainsi que les comp\u00e9tences sociales (travail en \u00e9quipe, intelligence sociale) et situationnelles (autonomie, apprendre \u00e0 apprendre) sont en moyenne toujours plus sollicit\u00e9es dans un environnement de travail num\u00e9ris\u00e9. [\u2026]<\/p>\n\n\n\n<h2><strong>Les soft skills, des comp\u00e9tences majeures<\/strong><\/h2>\n\n\n\n<p>D\u00e9but&nbsp;2021, Netlegis, Todoskills et Legisocial ont mis en place le premier barom\u00e8tre national des soft-skills en s&rsquo;appuyant sur une liste de 48 comp\u00e9tences class\u00e9es en six cat\u00e9gories. Les cat\u00e9gories regroupent la majeure partie des soft-skills et ont \u00e9t\u00e9 r\u00e9alis\u00e9es \u00e0 partir de la liste des comp\u00e9tences les plus souvent mentionn\u00e9es par les chercheurs et les classements internationaux.<\/p>\n\n\n\n<p><strong>&#8211; Communication&nbsp;:<\/strong>&nbsp;les comp\u00e9tences relevant du domaine d&rsquo;\u00e9change d&rsquo;informations avec autrui&nbsp;;<\/p>\n\n\n\n<p><strong>&#8211; Comp\u00e9tences interpersonnelles&nbsp;:<\/strong>&nbsp;les <a href=\"https:\/\/www.comundi.fr\/mag-des-competences\/ameliorer-sa-communication-au-travail-pour-un-environnement-sain-et-productif\/\">comp\u00e9tences relevant du domaine de l&rsquo;interaction <\/a>avec les autres au sein d&rsquo;un groupe social ou d&rsquo;un collectif&nbsp;;<\/p>\n\n\n\n<p><strong>&#8211; <a href=\"https:\/\/www.comundi.fr\/mag-des-competences\/les-5-cles-de-la-communication-pour-renforcer-son-leadership\/\">Leadership<\/a>&nbsp;:<\/strong>&nbsp;les comp\u00e9tences relevant du domaine de l&rsquo;influence positive qu&rsquo;un individu exerce sur ses collaborateurs&nbsp;;<\/p>\n\n\n\n<p><strong>&#8211; Apprentissage&nbsp;:<\/strong>&nbsp;les comp\u00e9tences relevant du domaine des <a href=\"https:\/\/www.comundi.fr\/mag-des-competences\/quelles-sont-les-etapes-de-ingenierie-de-formation-de-lanalyse-des-besoins-jusqua-levaluation-des-resultats\/\">m\u00e9canismes d&rsquo;acquisition des savoirs<\/a>&nbsp;;<\/p>\n\n\n\n<p><strong>&#8211; Comp\u00e9tences intrapersonnelles&nbsp;:<\/strong>&nbsp;les comp\u00e9tences relevant du savoir-\u00eatre et des attitudes orient\u00e9es vers et pour soi-m\u00eame&nbsp;;<\/p>\n\n\n\n<p><strong>&#8211; R\u00e9flexion et imagination&nbsp;:<\/strong>&nbsp;les comp\u00e9tences n\u00e9cessaires \u00e0 la r\u00e9solution de probl\u00e8mes. Ces comp\u00e9tences permettent de trouver des solutions astucieuses, logiques ou cr\u00e9atives.<\/p>\n\n\n\n<p>[\u2026]<\/p>\n\n\n\n<h2><strong>La curiosit\u00e9, un facteur de valeur dans la nouvelle \u00e8re num\u00e9rique<\/strong><\/h2>\n\n\n\n<p>En&nbsp;2019 et&nbsp;2020, la&nbsp;<a href=\"https:\/\/entrepreneurs.lesechos.fr\/developpement-entreprise\/management\/la-creativite-et-la-curiosite-piliers-de-linnovation-2019748\">cr\u00e9ativit\u00e9<\/a>&nbsp;a pris une place pr\u00e9pond\u00e9rante dans la liste des comp\u00e9tences non techniques demand\u00e9es par les entreprises. Dans leur r\u00e9cent ouvrage,&nbsp;<em>The Curious Advantage<\/em>, Paul Ashcroft, Simon Brown et Garrick Jones affirment que \u00ab&nbsp;la curiosit\u00e9 est le plus grand facteur de valeur dans la nouvelle \u00e8re num\u00e9rique&nbsp;\u00bb.<\/p>\n\n\n\n<p>La curiosit\u00e9 est au coeur des comp\u00e9tences requises pour naviguer avec succ\u00e8s dans nos vies num\u00e9riques, alors que l&rsquo;avenir est incertain. Cette cr\u00e9ativit\u00e9 permet d&rsquo;imaginer des solutions nouvelles \u00e0 des probl\u00e8mes complexes, elle permet de s&rsquo;adapter collectivement dans le nouveau monde du travail. Dans un autre registre, les auteurs Paul R. Daugherty et H. James Wilson, dans<em>&nbsp;Human + Machine<\/em>, expliquent que la collaboration homme machine requiert le d\u00e9veloppement de huit comp\u00e9tences de \u00ab&nbsp;fusion&nbsp;\u00bb (fusion skills).<\/p>\n\n\n\n<p>Chacune de ces comp\u00e9tences renforce la fusion entre l&rsquo;homme et la machine pour am\u00e9liorer les r\u00e9sultats d&rsquo;un processus m\u00e9tier. Ce qui diff\u00e8re des \u00e8res pr\u00e9c\u00e9dentes, c&rsquo;est justement l&rsquo;interaction homme machine&nbsp;: la machine apprend de vous et vous apprenez d&rsquo;elle, cr\u00e9ant ainsi un cercle vertueux d&rsquo;am\u00e9lioration des processus.<\/p>\n\n\n\n<h3><strong>Ces fusion skills sont les suivantes&nbsp;:<\/strong><\/h3>\n\n\n\n<p><strong>\u00b7 R\u00e9humaniser le temps&nbsp;:<\/strong>&nbsp;la capacit\u00e9 \u00e0 utiliser son temps disponible pour des t\u00e2ches de socialisation, cr\u00e9ation, prise de d\u00e9cision&nbsp;;<\/p>\n\n\n\n<p><strong>\u00b7 Normalisation responsable&nbsp;:<\/strong>&nbsp;\u00eatre capable de normaliser, de fa\u00e7on responsable, les objectifs et la perception des interactions homme machine quand elles concernent les individus, la soci\u00e9t\u00e9 et les affaires&nbsp;;<\/p>\n\n\n\n<p><strong>\u00b7 D\u00e9veloppement de son jugement&nbsp;:<\/strong>&nbsp;la capacit\u00e9 \u00e0 d\u00e9cider d&rsquo;une ligne de conduite quand la machine est incertaine sur la t\u00e2che \u00e0 effectuer&nbsp;;<\/p>\n\n\n\n<p><strong>\u00b7 Interrogation intelligente&nbsp;:<\/strong>&nbsp;savoir quelle question poser \u00e0 l&rsquo;IA, avec diff\u00e9rents niveaux d&rsquo;abstraction, pour obtenir les r\u00e9ponses dont on a besoin&nbsp;;<\/p>\n\n\n\n<p><strong>\u00b7 Autonomisation gr\u00e2ce aux robots&nbsp;:<\/strong>&nbsp;\u00eatre capable de travailler avec des agents intelligents pour \u00e9tendre ses capacit\u00e9s, acc\u00e9l\u00e9rer les processus m\u00e9tiers et le d\u00e9veloppement de sa carri\u00e8re professionnelle&nbsp;;<\/p>\n\n\n\n<p><strong>\u00b7 Fusion holistique&nbsp;:<\/strong>&nbsp;la capacit\u00e9 de d\u00e9velopper des mod\u00e8les cognitifs robustes pour maximiser les r\u00e9sultats des agents intelligents. C&rsquo;est par exemple le cas lorsque vous \u00e9prouvez le sentiment d&rsquo;utiliser un outil aussi facilement que si c&rsquo;\u00e9tait une extension de votre corps ou de votre esprit&nbsp;;<\/p>\n\n\n\n<p><strong>\u00b7 Apprentissage r\u00e9ciproque&nbsp;:<\/strong>&nbsp;(i) l&rsquo;utilisateur performe des t\u00e2ches \u00e0 c\u00f4t\u00e9 de l&rsquo;intelligence artificielle pour qu&rsquo;ils puissent tous deux apprendre, (ii) la formation des salari\u00e9s permet de mieux travailler avec des IA&nbsp;;<\/p>\n\n\n\n<p><strong>\u00b7 Imagination permanente&nbsp;:<\/strong>&nbsp;la capacit\u00e9 \u00e0 cr\u00e9er de nouveaux processus et de nouveaux mod\u00e8les \u00e0 partir de z\u00e9ro, plut\u00f4t que de simplement automatiser d&rsquo;anciens processus.<\/p>\n\n\n\n<p>Cette derni\u00e8re comp\u00e9tence refl\u00e8te l&rsquo;essence m\u00eame de la collaboration homme machine. Il serait totalement inutile d&rsquo;insuffler de l&rsquo;IA en calquant nos anciens modes d&rsquo;organisation du travail. Il convient de se servir de l&rsquo;opportunit\u00e9 que nous offre l&rsquo;IA pour tout r\u00e9inventer et cr\u00e9er de nouvelles fa\u00e7ons de travailler.<\/p>\n\n\n\n<h2><strong>L&#8217;empathie, un aspect qui reste le privil\u00e8ge de l&rsquo;humain<\/strong><\/h2>\n\n\n\n<p>Dans un futur tr\u00e8s proche, les entreprises et les individus vont devoir se diff\u00e9rencier sur un aspect qui reste le privil\u00e8ge de l&rsquo;humain et qu&rsquo;aucun algorithme ne peut recr\u00e9er&nbsp;:&nbsp;<a href=\"https:\/\/entrepreneurs.lesechos.fr\/ma-vie\/developpement-personnel\/lart-de-la-communication-apaisee-six-attitudes-pour-elever-le-debat-2020111\">l&#8217;empathie<\/a>&nbsp;. En psychologie, l&#8217;empathie d\u00e9signe la capacit\u00e9 \u00e0&nbsp;<a href=\"https:\/\/entrepreneurs.lesechos.fr\/ma-vie\/developpement-personnel\/comment-faire-de-lhypersensibilite-un-super-pouvoir-2020186\">ressentir les \u00e9motions de quelqu&rsquo;un<\/a>&nbsp;d&rsquo;autre, <a href=\"https:\/\/www.comundi.fr\/mag-des-competences\/lempathie-dans-le-contexte-professionnel\/\">arriver \u00e0 se mettre \u00e0 la place d&rsquo;autrui, se repr\u00e9senter ce qu&rsquo;il ressent et\/ou pense.<\/a> On distingue l&#8217;empathie cognitive et l&#8217;empathie \u00e9motionnelle. L&#8217;empathie cognitive consiste \u00e0 se repr\u00e9senter les \u00e9tats mentaux d&rsquo;autrui et l&#8217;empathie \u00e9motionnelle \u00e0 ressentir l&rsquo;\u00e9tat \u00e9motionnel d&rsquo;autrui.<\/p>\n\n\n\n<p>L&rsquo;auteur St\u00e9phane Mallard, dans son ouvrage Disruption, explique que pour r\u00e9pondre \u00e0 ce besoin d&#8217;empathie, les entreprises doivent se pr\u00e9parer et \u00ab devront recruter et former \u00e0 l&rsquo;excellence \u00e9motionnelle. Elles devront travailler avec des psychologues, des philosophes, des artistes et d&rsquo;autres professionnels des soft skills, pour apprendre \u00e0 se mettre \u00e0 la place de leurs clients et cr\u00e9er cette relation exceptionnelle. \u00bb<\/p>\n\n\n\n<p>*Ce texte est extrait de \u00ab L&rsquo;IA au coeur de l&rsquo;entreprise \u00bb publi\u00e9 aux \u00e9ditions EMS, 204 pages, 22 euros.<\/p>\n\n\n\n<p>Emmanuelle Blons<\/p>\n","protected":false},"excerpt":{"rendered":"<p>Emmanuelle Blons, autrice du livre \u00ab L&rsquo;IA au coeur de l&rsquo;entreprise* \u00bb, explique que l&rsquo;intelligence artificielle acc\u00e9l\u00e8re le besoin de d\u00e9velopper des capacit\u00e9s proprement humaines. Les voici. L&lsquo;\u00e9volution des comp\u00e9tences et des emplois face \u00e0 l&rsquo;IA constitue un champ d&rsquo;investigation strat\u00e9gique pour les directions des ressources humaines. \u00ab Les approches de formation bas\u00e9e sur la [&hellip;]<\/p>\n","protected":false},"author":6,"featured_media":12103,"comment_status":"open","ping_status":"open","sticky":false,"template":"","format":"standard","meta":{"_mi_skip_tracking":false},"categories":[190,216],"yoast_head":"<!-- This site is optimized with the Yoast SEO plugin v16.1 - https:\/\/yoast.com\/wordpress\/plugins\/seo\/ -->\n<title>Face \u00e0 l&#039;IA, voici les comp\u00e9tences \u00e0 d\u00e9velopper - Mag des comp\u00e9tences - Comundi<\/title>\n<meta name=\"description\" content=\"Quelles sont les comp\u00e9tences humaines ou soft skills indispensable \u00e0 acqu\u00e9rir que la technologie ne peut remplacer ? R\u00e9ponse notre article.\" \/>\n<meta name=\"robots\" content=\"noindex, follow\" \/>\n<meta property=\"og:locale\" content=\"fr_FR\" \/>\n<meta property=\"og:type\" content=\"article\" \/>\n<meta property=\"og:title\" content=\"Face \u00e0 l&#039;IA, voici les comp\u00e9tences \u00e0 d\u00e9velopper - Mag des comp\u00e9tences - Comundi\" \/>\n<meta property=\"og:description\" content=\"Quelles sont les comp\u00e9tences humaines ou soft skills indispensable \u00e0 acqu\u00e9rir que la technologie ne peut remplacer ? R\u00e9ponse notre article.\" \/>\n<meta property=\"og:url\" content=\"https:\/\/www.comundi.fr\/mag-des-competences\/face-a-lia-voici-les-competences-a-developper\/\" \/>\n<meta property=\"og:site_name\" content=\"Mag des comp\u00e9tences - Comundi\" \/>\n<meta property=\"article:publisher\" content=\"https:\/\/www.facebook.com\/Comundi\/?fref=ts\" \/>\n<meta property=\"article:published_time\" content=\"2024-01-16T07:50:00+00:00\" \/>\n<meta property=\"article:modified_time\" content=\"2025-02-20T16:31:26+00:00\" \/>\n<meta property=\"og:image\" content=\"https:\/\/www.comundi.fr\/mag-des-competences\/wp-content\/uploads\/2024\/01\/Face-a-lIA-voici-les-competences-a-developper.jpg\" \/>\n\t<meta property=\"og:image:width\" content=\"1200\" \/>\n\t<meta property=\"og:image:height\" content=\"675\" \/>\n<meta name=\"twitter:card\" content=\"summary_large_image\" \/>\n<meta name=\"twitter:creator\" content=\"@ComundiActu\" \/>\n<meta name=\"twitter:site\" content=\"@ComundiActu\" \/>\n<meta name=\"twitter:label1\" content=\"Dur\u00e9e de lecture est.\">\n\t<meta name=\"twitter:data1\" content=\"5 minutes\">\n<script type=\"application\/ld+json\" class=\"yoast-schema-graph\">{\"@context\":\"https:\/\/schema.org\",\"@graph\":[{\"@type\":\"Organization\",\"@id\":\"https:\/\/www.comundi.fr\/mag-des-competences\/#organization\",\"name\":\"Comundi\",\"url\":\"https:\/\/www.comundi.fr\/mag-des-competences\/\",\"sameAs\":[\"https:\/\/www.facebook.com\/Comundi\/?fref=ts\",\"https:\/\/www.linkedin.com\/company\/comundi\/\",\"https:\/\/www.youtube.com\/user\/ComundiFormations\",\"https:\/\/twitter.com\/ComundiActu\"],\"logo\":{\"@type\":\"ImageObject\",\"@id\":\"https:\/\/www.comundi.fr\/mag-des-competences\/#logo\",\"inLanguage\":\"fr-FR\",\"url\":\"https:\/\/www.comundi.fr\/mag-des-competences\/wp-content\/uploads\/2018\/01\/comundi.png\",\"contentUrl\":\"https:\/\/www.comundi.fr\/mag-des-competences\/wp-content\/uploads\/2018\/01\/comundi.png\",\"width\":300,\"height\":300,\"caption\":\"Comundi\"},\"image\":{\"@id\":\"https:\/\/www.comundi.fr\/mag-des-competences\/#logo\"}},{\"@type\":\"WebSite\",\"@id\":\"https:\/\/www.comundi.fr\/mag-des-competences\/#website\",\"url\":\"https:\/\/www.comundi.fr\/mag-des-competences\/\",\"name\":\"Mag des comp\\u00e9tences - Comundi\",\"description\":\"Le magazine des m\\u00e9tiers de demain\",\"publisher\":{\"@id\":\"https:\/\/www.comundi.fr\/mag-des-competences\/#organization\"},\"potentialAction\":[{\"@type\":\"SearchAction\",\"target\":\"https:\/\/www.comundi.fr\/mag-des-competences\/?s={search_term_string}\",\"query-input\":\"required name=search_term_string\"}],\"inLanguage\":\"fr-FR\"},{\"@type\":\"ImageObject\",\"@id\":\"https:\/\/www.comundi.fr\/mag-des-competences\/face-a-lia-voici-les-competences-a-developper\/#primaryimage\",\"inLanguage\":\"fr-FR\",\"url\":\"https:\/\/www.comundi.fr\/mag-des-competences\/wp-content\/uploads\/2024\/01\/Face-a-lIA-voici-les-competences-a-developper.jpg\",\"contentUrl\":\"https:\/\/www.comundi.fr\/mag-des-competences\/wp-content\/uploads\/2024\/01\/Face-a-lIA-voici-les-competences-a-developper.jpg\",\"width\":1200,\"height\":675,\"caption\":\"Face \\u00e0 l'IA, voici les comp\\u00e9tences \\u00e0 d\\u00e9velopper\"},{\"@type\":\"WebPage\",\"@id\":\"https:\/\/www.comundi.fr\/mag-des-competences\/face-a-lia-voici-les-competences-a-developper\/#webpage\",\"url\":\"https:\/\/www.comundi.fr\/mag-des-competences\/face-a-lia-voici-les-competences-a-developper\/\",\"name\":\"Face \\u00e0 l'IA, voici les comp\\u00e9tences \\u00e0 d\\u00e9velopper - Mag des comp\\u00e9tences - Comundi\",\"isPartOf\":{\"@id\":\"https:\/\/www.comundi.fr\/mag-des-competences\/#website\"},\"primaryImageOfPage\":{\"@id\":\"https:\/\/www.comundi.fr\/mag-des-competences\/face-a-lia-voici-les-competences-a-developper\/#primaryimage\"},\"datePublished\":\"2024-01-16T07:50:00+00:00\",\"dateModified\":\"2025-02-20T16:31:26+00:00\",\"description\":\"Quelles sont les comp\\u00e9tences humaines ou soft skills indispensable \\u00e0 acqu\\u00e9rir que la technologie ne peut remplacer ? R\\u00e9ponse notre article.\",\"breadcrumb\":{\"@id\":\"https:\/\/www.comundi.fr\/mag-des-competences\/face-a-lia-voici-les-competences-a-developper\/#breadcrumb\"},\"inLanguage\":\"fr-FR\",\"potentialAction\":[{\"@type\":\"ReadAction\",\"target\":[\"https:\/\/www.comundi.fr\/mag-des-competences\/face-a-lia-voici-les-competences-a-developper\/\"]}]},{\"@type\":\"BreadcrumbList\",\"@id\":\"https:\/\/www.comundi.fr\/mag-des-competences\/face-a-lia-voici-les-competences-a-developper\/#breadcrumb\",\"itemListElement\":[{\"@type\":\"ListItem\",\"position\":1,\"item\":{\"@type\":\"WebPage\",\"@id\":\"https:\/\/www.comundi.fr\/mag-des-competences\/\",\"url\":\"https:\/\/www.comundi.fr\/mag-des-competences\/\",\"name\":\"Accueil\"}},{\"@type\":\"ListItem\",\"position\":2,\"item\":{\"@type\":\"WebPage\",\"@id\":\"https:\/\/www.comundi.fr\/mag-des-competences\/face-a-lia-voici-les-competences-a-developper\/\",\"url\":\"https:\/\/www.comundi.fr\/mag-des-competences\/face-a-lia-voici-les-competences-a-developper\/\",\"name\":\"Face \\u00e0 l&rsquo;IA, voici les comp\\u00e9tences \\u00e0 d\\u00e9velopper\"}}]},{\"@type\":\"Article\",\"@id\":\"https:\/\/www.comundi.fr\/mag-des-competences\/face-a-lia-voici-les-competences-a-developper\/#article\",\"isPartOf\":{\"@id\":\"https:\/\/www.comundi.fr\/mag-des-competences\/face-a-lia-voici-les-competences-a-developper\/#webpage\"},\"author\":{\"@id\":\"https:\/\/www.comundi.fr\/mag-des-competences\/#\/schema\/person\/96b8f219e4cddee126473c6fbcc0e089\"},\"headline\":\"Face \\u00e0 l&rsquo;IA, voici les comp\\u00e9tences \\u00e0 d\\u00e9velopper\",\"datePublished\":\"2024-01-16T07:50:00+00:00\",\"dateModified\":\"2025-02-20T16:31:26+00:00\",\"mainEntityOfPage\":{\"@id\":\"https:\/\/www.comundi.fr\/mag-des-competences\/face-a-lia-voici-les-competences-a-developper\/#webpage\"},\"commentCount\":0,\"publisher\":{\"@id\":\"https:\/\/www.comundi.fr\/mag-des-competences\/#organization\"},\"image\":{\"@id\":\"https:\/\/www.comundi.fr\/mag-des-competences\/face-a-lia-voici-les-competences-a-developper\/#primaryimage\"},\"articleSection\":\"Digital,Intelligence artificielle\",\"inLanguage\":\"fr-FR\",\"potentialAction\":[{\"@type\":\"CommentAction\",\"name\":\"Comment\",\"target\":[\"https:\/\/www.comundi.fr\/mag-des-competences\/face-a-lia-voici-les-competences-a-developper\/#respond\"]}]},{\"@type\":\"Person\",\"@id\":\"https:\/\/www.comundi.fr\/mag-des-competences\/#\/schema\/person\/96b8f219e4cddee126473c6fbcc0e089\",\"name\":\"Les Echos\",\"image\":{\"@type\":\"ImageObject\",\"@id\":\"https:\/\/www.comundi.fr\/mag-des-competences\/#personlogo\",\"inLanguage\":\"fr-FR\",\"url\":\"https:\/\/secure.gravatar.com\/avatar\/041d1b3114ce5dce17eaefa721d4ed06?s=96&d=mm&r=g\",\"contentUrl\":\"https:\/\/secure.gravatar.com\/avatar\/041d1b3114ce5dce17eaefa721d4ed06?s=96&d=mm&r=g\",\"caption\":\"Les Echos\"}}]}<\/script>\n<!-- \/ Yoast SEO plugin. -->","amp_enabled":true,"_links":{"self":[{"href":"https:\/\/www.comundi.fr\/mag-des-competences\/wp-json\/wp\/v2\/posts\/12100"}],"collection":[{"href":"https:\/\/www.comundi.fr\/mag-des-competences\/wp-json\/wp\/v2\/posts"}],"about":[{"href":"https:\/\/www.comundi.fr\/mag-des-competences\/wp-json\/wp\/v2\/types\/post"}],"author":[{"embeddable":true,"href":"https:\/\/www.comundi.fr\/mag-des-competences\/wp-json\/wp\/v2\/users\/6"}],"replies":[{"embeddable":true,"href":"https:\/\/www.comundi.fr\/mag-des-competences\/wp-json\/wp\/v2\/comments?post=12100"}],"version-history":[{"count":4,"href":"https:\/\/www.comundi.fr\/mag-des-competences\/wp-json\/wp\/v2\/posts\/12100\/revisions"}],"predecessor-version":[{"id":13410,"href":"https:\/\/www.comundi.fr\/mag-des-competences\/wp-json\/wp\/v2\/posts\/12100\/revisions\/13410"}],"wp:featuredmedia":[{"embeddable":true,"href":"https:\/\/www.comundi.fr\/mag-des-competences\/wp-json\/wp\/v2\/media\/12103"}],"wp:attachment":[{"href":"https:\/\/www.comundi.fr\/mag-des-competences\/wp-json\/wp\/v2\/media?parent=12100"}],"wp:term":[{"taxonomy":"category","embeddable":true,"href":"https:\/\/www.comundi.fr\/mag-des-competences\/wp-json\/wp\/v2\/categories?post=12100"}],"curies":[{"name":"wp","href":"https:\/\/api.w.org\/{rel}","templated":true}]}}