{"id":12082,"date":"2024-02-29T08:50:00","date_gmt":"2024-02-29T07:50:00","guid":{"rendered":"https:\/\/www.comundi.fr\/mag-des-competences\/?p=12082"},"modified":"2024-01-13T13:44:14","modified_gmt":"2024-01-13T12:44:14","slug":"campus-fiducial-un-remede-a-la-penurie-de-talents","status":"publish","type":"post","link":"https:\/\/www.comundi.fr\/mag-des-competences\/campus-fiducial-un-remede-a-la-penurie-de-talents\/","title":{"rendered":"Campus Fiducial, un rem\u00e8de \u00e0 la p\u00e9nurie de talents"},"content":{"rendered":"\n<p>En d\u00e9but d\u2019ann\u00e9e, <strong>Fiducial <\/strong>a lanc\u00e9 son <strong>\u00e9cole interne<\/strong> avec l\u2019id\u00e9e de former ses futures recrues aux m\u00e9tiers de gestionnaire de paie ou de comptable. Explications avec <strong>Nicolas Leroy, directeur du recrutement<\/strong> chez <strong>Fiducial<\/strong>.<\/p>\n\n\n\n<h2><strong>Comment est n\u00e9 le Campus Fiducial ?<\/strong><\/h2>\n\n\n\n<div class=\"wp-block-image\"><figure class=\"alignright size-large is-resized\"><img loading=\"lazy\" src=\"https:\/\/www.comundi.fr\/mag-des-competences\/wp-content\/uploads\/2024\/01\/Nicolas-Leroy-directeur-du-recrutement-de-Fiducial.jpg\" alt=\"\" class=\"wp-image-12149\" width=\"342\" height=\"226\" srcset=\"https:\/\/www.comundi.fr\/mag-des-competences\/wp-content\/uploads\/2024\/01\/Nicolas-Leroy-directeur-du-recrutement-de-Fiducial.jpg 742w, https:\/\/www.comundi.fr\/mag-des-competences\/wp-content\/uploads\/2024\/01\/Nicolas-Leroy-directeur-du-recrutement-de-Fiducial-300x199.jpg 300w, https:\/\/www.comundi.fr\/mag-des-competences\/wp-content\/uploads\/2024\/01\/Nicolas-Leroy-directeur-du-recrutement-de-Fiducial-100x65.jpg 100w\" sizes=\"(max-width: 342px) 100vw, 342px\" \/><figcaption>Nicolas Leroy, directeur du recrutement chez Fiducial<\/figcaption><\/figure><\/div>\n\n\n\n<p><strong>Nicolas Leroy : Fiducial <\/strong>est un groupe d\u2019expertise comptable qui s\u2019est progressivement diversifi\u00e9 dans d\u2019autres m\u00e9tiers. Nous recrutons environ 2000 personnes par an, dont la moiti\u00e9 pour notre r\u00e9seau d\u2019experts-comptables. Nous sommes confront\u00e9s \u00e0 une telle p\u00e9nurie de candidats que <a href=\"https:\/\/www.comundi.fr\/mag-des-competences\/fnac-darty-lance-son-centre-de-formation-dapprentis\/\">nous avons pris la d\u00e9cision de former nos recrues sur nos <strong>m\u00e9tiers en tension<\/strong> et de cr\u00e9er notre propre \u00e9cole<\/a>. Nous avons lanc\u00e9 un premier cycle de<strong> formation aux m\u00e9tiers de la paie<\/strong> en mars 2023 avec l\u2019id\u00e9e de tester notre concept, avant de lancer en fin d\u2019ann\u00e9e notre formation en comptabilit\u00e9, o\u00f9 nos besoins sont plus volumiques.<\/p>\n\n\n\n<h2><strong>\u00c0 qui vos formations s\u2019adressent-elles ?<\/strong><\/h2>\n\n\n\n<p><strong>N. L.<\/strong> : Nous ciblons des personnes qui font le choix de la <strong>reconversion dans les m\u00e9tiers de la paie<\/strong>, sans aucun pr\u00e9requis de formation ou de comp\u00e9tences. Nous leur donnons l\u2019opportunit\u00e9 de <strong><a href=\"https:\/\/www.comundi.fr\/\">se former \u00e0 un m\u00e9tier<\/a><\/strong> p\u00e9nurique, qui va leur offrir une garantie de l\u2019emploi. C\u2019est une v\u00e9ritable seconde chance pour les profils \u00e0 l\u2019\u00e9cart de l\u2019emploi ou qui n\u2019ont pas fait les bonnes formations.<\/p>\n\n\n\n<h2><strong>Comment est pr\u00e9par\u00e9 le contenu des formations ?<\/strong><\/h2>\n\n\n\n<p><strong>N. L.<\/strong> : Notre cursus de formation a \u00e9t\u00e9 \u00e9labor\u00e9 par notre direction technique et adapt\u00e9 aux besoins de <strong>Fiducial<\/strong>. Nous avons fait le choix du pragmatisme avec un<strong> apprentissage interne <\/strong>centr\u00e9 sur nos m\u00e9tiers. Notre formation alterne cours th\u00e9oriques et stage en pr\u00e9sentiel en agence. Les personnes qui nous rejoignent sont imm\u00e9diatement recrut\u00e9es en CDI, r\u00e9mun\u00e9r\u00e9es et travaillent d\u00e8s leurs d\u00e9buts sur de vrais dossiers, tout en \u00e9tant supervis\u00e9es. Il n\u2019y a rien de mieux pour apprendre.<\/p>\n\n\n\n<blockquote class=\"wp-block-quote\"><p>Nous avons fait le choix du pragmatisme avec un apprentissage interne centr\u00e9 sur nos m\u00e9tiers.<\/p><\/blockquote>\n\n\n\n<h2><strong>Quelles difficult\u00e9s constatez-vous ?<\/strong><\/h2>\n\n\n\n<p><strong>N. L. :<\/strong> Un des d\u00e9fis auxquels nous sommes confront\u00e9s est de r\u00e9ussir \u00e0 <strong><a href=\"https:\/\/www.comundi.fr\/mag-des-competences\/profiling-vs-assessment-que-choisir-entre-lanalyse-transverse-et-levaluation-du-candidat-pour-securiser-un-recrutement\/\">recruter les bonnes personnes<\/a><\/strong>, assez motiv\u00e9es pour aller jusqu\u2019au bout de la formation. C\u2019est pour cela que nous sommes en train de d\u00e9velopper des tests pour \u00e9valuer les pr\u00e9dispositions et aptitudes des futures recrues : rigueur, facilit\u00e9 \u00e0 travailler avec les chiffres&#8230;<\/p>\n\n\n\n<h2><strong>Pourquoi n\u2019avoir pas opt\u00e9 pour une formation 100 % en ligne ?<\/strong> <\/h2>\n\n\n\n<p><strong>N. L. :<\/strong> Nous tenions \u00e0 ce que nos apprenants puissent se retrouver pour d\u00e9velopper un sentiment de coh\u00e9sion. Ils alternent cessions collectives dans notre campus \u00e0 Lyon, cours en ligne et mise en pratique au sein de leurs agences. L\u2019id\u00e9e est de passer un maximum de temps en agence mais malgr\u00e9 tout de d\u00e9velopper un esprit de \u201cpromotion\u201d. En effet, apr\u00e8s leur formation et leur exp\u00e9rience chez <strong>Fiducial<\/strong>, ils vont vite <strong>monter en comp\u00e9tences<\/strong> et devenir s\u00e9duisants sur le march\u00e9 du travail. Nous pensons qu\u2019en leur donnant leur chance et en cr\u00e9ant un sentiment d\u2019appartenance, nous parviendrons \u00e0 les garder dans la dur\u00e9e.<\/p>\n\n\n\n<p>D\u00e9couvrez toutes l&rsquo;actualit\u00e9 RH et formation dans le dernier Mag des Comp\u00e9tences<\/p>\n","protected":false},"excerpt":{"rendered":"<p>En d\u00e9but d\u2019ann\u00e9e, Fiducial a lanc\u00e9 son \u00e9cole interne avec l\u2019id\u00e9e de former ses futures recrues aux m\u00e9tiers de gestionnaire de paie ou de comptable. Explications avec Nicolas Leroy, directeur du recrutement chez Fiducial. Comment est n\u00e9 le Campus Fiducial ? Nicolas Leroy : Fiducial est un groupe d\u2019expertise comptable qui s\u2019est progressivement diversifi\u00e9 dans [&hellip;]<\/p>\n","protected":false},"author":8,"featured_media":12152,"comment_status":"open","ping_status":"open","sticky":false,"template":"","format":"standard","meta":{"_mi_skip_tracking":false},"categories":[201],"yoast_head":"<!-- This site is optimized with the Yoast SEO plugin v16.1 - https:\/\/yoast.com\/wordpress\/plugins\/seo\/ -->\n<title>Campus Fiducial, un rem\u00e8de \u00e0 la p\u00e9nurie de talents - Mag des comp\u00e9tences - Comundi<\/title>\n<meta name=\"description\" content=\"Nicolas Leroy, directeur du recrutement chez Fiducial, nous explique les avantages de former ses futures recrues en interne.\" \/>\n<meta name=\"robots\" content=\"index, follow, max-snippet:-1, max-image-preview:large, max-video-preview:-1\" \/>\n<link rel=\"canonical\" href=\"https:\/\/www.comundi.fr\/mag-des-competences\/campus-fiducial-un-remede-a-la-penurie-de-talents\/\" \/>\n<meta property=\"og:locale\" content=\"fr_FR\" \/>\n<meta property=\"og:type\" content=\"article\" \/>\n<meta property=\"og:title\" content=\"Campus Fiducial, un rem\u00e8de \u00e0 la p\u00e9nurie de talents - Mag des comp\u00e9tences - Comundi\" \/>\n<meta property=\"og:description\" content=\"Nicolas Leroy, directeur du recrutement chez Fiducial, nous explique les avantages de former ses futures recrues en interne.\" \/>\n<meta property=\"og:url\" content=\"https:\/\/www.comundi.fr\/mag-des-competences\/campus-fiducial-un-remede-a-la-penurie-de-talents\/\" \/>\n<meta property=\"og:site_name\" content=\"Mag des comp\u00e9tences - Comundi\" \/>\n<meta property=\"article:publisher\" content=\"https:\/\/www.facebook.com\/Comundi\/?fref=ts\" \/>\n<meta property=\"article:published_time\" content=\"2024-02-29T07:50:00+00:00\" \/>\n<meta property=\"article:modified_time\" content=\"2024-01-13T12:44:14+00:00\" \/>\n<meta property=\"og:image\" content=\"https:\/\/www.comundi.fr\/mag-des-competences\/wp-content\/uploads\/2024\/02\/Interview-de-Nicolas-Leroy-directeur-du-recrutement-de-Fiducial.jpg\" \/>\n\t<meta property=\"og:image:width\" content=\"1201\" \/>\n\t<meta property=\"og:image:height\" content=\"676\" \/>\n<meta name=\"twitter:card\" content=\"summary_large_image\" \/>\n<meta name=\"twitter:creator\" content=\"@ComundiActu\" \/>\n<meta name=\"twitter:site\" content=\"@ComundiActu\" \/>\n<meta name=\"twitter:label1\" content=\"Dur\u00e9e de lecture est.\">\n\t<meta name=\"twitter:data1\" content=\"3 minutes\">\n<script type=\"application\/ld+json\" class=\"yoast-schema-graph\">{\"@context\":\"https:\/\/schema.org\",\"@graph\":[{\"@type\":\"Organization\",\"@id\":\"https:\/\/www.comundi.fr\/mag-des-competences\/#organization\",\"name\":\"Comundi\",\"url\":\"https:\/\/www.comundi.fr\/mag-des-competences\/\",\"sameAs\":[\"https:\/\/www.facebook.com\/Comundi\/?fref=ts\",\"https:\/\/www.linkedin.com\/company\/comundi\/\",\"https:\/\/www.youtube.com\/user\/ComundiFormations\",\"https:\/\/twitter.com\/ComundiActu\"],\"logo\":{\"@type\":\"ImageObject\",\"@id\":\"https:\/\/www.comundi.fr\/mag-des-competences\/#logo\",\"inLanguage\":\"fr-FR\",\"url\":\"https:\/\/www.comundi.fr\/mag-des-competences\/wp-content\/uploads\/2018\/01\/comundi.png\",\"contentUrl\":\"https:\/\/www.comundi.fr\/mag-des-competences\/wp-content\/uploads\/2018\/01\/comundi.png\",\"width\":300,\"height\":300,\"caption\":\"Comundi\"},\"image\":{\"@id\":\"https:\/\/www.comundi.fr\/mag-des-competences\/#logo\"}},{\"@type\":\"WebSite\",\"@id\":\"https:\/\/www.comundi.fr\/mag-des-competences\/#website\",\"url\":\"https:\/\/www.comundi.fr\/mag-des-competences\/\",\"name\":\"Mag des comp\\u00e9tences - Comundi\",\"description\":\"Le magazine des m\\u00e9tiers de demain\",\"publisher\":{\"@id\":\"https:\/\/www.comundi.fr\/mag-des-competences\/#organization\"},\"potentialAction\":[{\"@type\":\"SearchAction\",\"target\":\"https:\/\/www.comundi.fr\/mag-des-competences\/?s={search_term_string}\",\"query-input\":\"required name=search_term_string\"}],\"inLanguage\":\"fr-FR\"},{\"@type\":\"ImageObject\",\"@id\":\"https:\/\/www.comundi.fr\/mag-des-competences\/campus-fiducial-un-remede-a-la-penurie-de-talents\/#primaryimage\",\"inLanguage\":\"fr-FR\",\"url\":\"https:\/\/www.comundi.fr\/mag-des-competences\/wp-content\/uploads\/2024\/02\/Interview-de-Nicolas-Leroy-directeur-du-recrutement-de-Fiducial.jpg\",\"contentUrl\":\"https:\/\/www.comundi.fr\/mag-des-competences\/wp-content\/uploads\/2024\/02\/Interview-de-Nicolas-Leroy-directeur-du-recrutement-de-Fiducial.jpg\",\"width\":1201,\"height\":676,\"caption\":\"Interview de Nicolas Leroy, directeur du recrutement de Fiducial\"},{\"@type\":\"WebPage\",\"@id\":\"https:\/\/www.comundi.fr\/mag-des-competences\/campus-fiducial-un-remede-a-la-penurie-de-talents\/#webpage\",\"url\":\"https:\/\/www.comundi.fr\/mag-des-competences\/campus-fiducial-un-remede-a-la-penurie-de-talents\/\",\"name\":\"Campus Fiducial, un rem\\u00e8de \\u00e0 la p\\u00e9nurie de talents - Mag des comp\\u00e9tences - Comundi\",\"isPartOf\":{\"@id\":\"https:\/\/www.comundi.fr\/mag-des-competences\/#website\"},\"primaryImageOfPage\":{\"@id\":\"https:\/\/www.comundi.fr\/mag-des-competences\/campus-fiducial-un-remede-a-la-penurie-de-talents\/#primaryimage\"},\"datePublished\":\"2024-02-29T07:50:00+00:00\",\"dateModified\":\"2024-01-13T12:44:14+00:00\",\"description\":\"Nicolas Leroy, directeur du recrutement chez Fiducial, nous explique les avantages de former ses futures recrues en interne.\",\"breadcrumb\":{\"@id\":\"https:\/\/www.comundi.fr\/mag-des-competences\/campus-fiducial-un-remede-a-la-penurie-de-talents\/#breadcrumb\"},\"inLanguage\":\"fr-FR\",\"potentialAction\":[{\"@type\":\"ReadAction\",\"target\":[\"https:\/\/www.comundi.fr\/mag-des-competences\/campus-fiducial-un-remede-a-la-penurie-de-talents\/\"]}]},{\"@type\":\"BreadcrumbList\",\"@id\":\"https:\/\/www.comundi.fr\/mag-des-competences\/campus-fiducial-un-remede-a-la-penurie-de-talents\/#breadcrumb\",\"itemListElement\":[{\"@type\":\"ListItem\",\"position\":1,\"item\":{\"@type\":\"WebPage\",\"@id\":\"https:\/\/www.comundi.fr\/mag-des-competences\/\",\"url\":\"https:\/\/www.comundi.fr\/mag-des-competences\/\",\"name\":\"Accueil\"}},{\"@type\":\"ListItem\",\"position\":2,\"item\":{\"@type\":\"WebPage\",\"@id\":\"https:\/\/www.comundi.fr\/mag-des-competences\/campus-fiducial-un-remede-a-la-penurie-de-talents\/\",\"url\":\"https:\/\/www.comundi.fr\/mag-des-competences\/campus-fiducial-un-remede-a-la-penurie-de-talents\/\",\"name\":\"Campus Fiducial, un rem\\u00e8de \\u00e0 la p\\u00e9nurie de talents\"}}]},{\"@type\":\"Article\",\"@id\":\"https:\/\/www.comundi.fr\/mag-des-competences\/campus-fiducial-un-remede-a-la-penurie-de-talents\/#article\",\"isPartOf\":{\"@id\":\"https:\/\/www.comundi.fr\/mag-des-competences\/campus-fiducial-un-remede-a-la-penurie-de-talents\/#webpage\"},\"author\":{\"@id\":\"https:\/\/www.comundi.fr\/mag-des-competences\/#\/schema\/person\/d08f5c2cf9de6fcfd33c30314745578e\"},\"headline\":\"Campus Fiducial, un rem\\u00e8de \\u00e0 la p\\u00e9nurie de talents\",\"datePublished\":\"2024-02-29T07:50:00+00:00\",\"dateModified\":\"2024-01-13T12:44:14+00:00\",\"mainEntityOfPage\":{\"@id\":\"https:\/\/www.comundi.fr\/mag-des-competences\/campus-fiducial-un-remede-a-la-penurie-de-talents\/#webpage\"},\"commentCount\":0,\"publisher\":{\"@id\":\"https:\/\/www.comundi.fr\/mag-des-competences\/#organization\"},\"image\":{\"@id\":\"https:\/\/www.comundi.fr\/mag-des-competences\/campus-fiducial-un-remede-a-la-penurie-de-talents\/#primaryimage\"},\"articleSection\":\"Formation professionnelle\",\"inLanguage\":\"fr-FR\",\"potentialAction\":[{\"@type\":\"CommentAction\",\"name\":\"Comment\",\"target\":[\"https:\/\/www.comundi.fr\/mag-des-competences\/campus-fiducial-un-remede-a-la-penurie-de-talents\/#respond\"]}]},{\"@type\":\"Person\",\"@id\":\"https:\/\/www.comundi.fr\/mag-des-competences\/#\/schema\/person\/d08f5c2cf9de6fcfd33c30314745578e\",\"name\":\"Comundi\",\"image\":{\"@type\":\"ImageObject\",\"@id\":\"https:\/\/www.comundi.fr\/mag-des-competences\/#personlogo\",\"inLanguage\":\"fr-FR\",\"url\":\"https:\/\/secure.gravatar.com\/avatar\/da2835ae7b2c1279e8e897d242f4cda6?s=96&d=mm&r=g\",\"contentUrl\":\"https:\/\/secure.gravatar.com\/avatar\/da2835ae7b2c1279e8e897d242f4cda6?s=96&d=mm&r=g\",\"caption\":\"Comundi\"}}]}<\/script>\n<!-- \/ Yoast SEO plugin. -->","amp_enabled":true,"_links":{"self":[{"href":"https:\/\/www.comundi.fr\/mag-des-competences\/wp-json\/wp\/v2\/posts\/12082"}],"collection":[{"href":"https:\/\/www.comundi.fr\/mag-des-competences\/wp-json\/wp\/v2\/posts"}],"about":[{"href":"https:\/\/www.comundi.fr\/mag-des-competences\/wp-json\/wp\/v2\/types\/post"}],"author":[{"embeddable":true,"href":"https:\/\/www.comundi.fr\/mag-des-competences\/wp-json\/wp\/v2\/users\/8"}],"replies":[{"embeddable":true,"href":"https:\/\/www.comundi.fr\/mag-des-competences\/wp-json\/wp\/v2\/comments?post=12082"}],"version-history":[{"count":8,"href":"https:\/\/www.comundi.fr\/mag-des-competences\/wp-json\/wp\/v2\/posts\/12082\/revisions"}],"predecessor-version":[{"id":12157,"href":"https:\/\/www.comundi.fr\/mag-des-competences\/wp-json\/wp\/v2\/posts\/12082\/revisions\/12157"}],"wp:featuredmedia":[{"embeddable":true,"href":"https:\/\/www.comundi.fr\/mag-des-competences\/wp-json\/wp\/v2\/media\/12152"}],"wp:attachment":[{"href":"https:\/\/www.comundi.fr\/mag-des-competences\/wp-json\/wp\/v2\/media?parent=12082"}],"wp:term":[{"taxonomy":"category","embeddable":true,"href":"https:\/\/www.comundi.fr\/mag-des-competences\/wp-json\/wp\/v2\/categories?post=12082"}],"curies":[{"name":"wp","href":"https:\/\/api.w.org\/{rel}","templated":true}]}}