{"id":1183,"date":"2018-07-02T16:04:32","date_gmt":"2018-07-02T14:04:32","guid":{"rendered":"https:\/\/www.comundi.fr\/mag-des-competences\/?p=1183"},"modified":"2020-02-05T16:22:21","modified_gmt":"2020-02-05T15:22:21","slug":"la-competence-petite-enfance-a-quelle-echelle-geographique-intercommunale","status":"publish","type":"post","link":"https:\/\/www.comundi.fr\/mag-des-competences\/la-competence-petite-enfance-a-quelle-echelle-geographique-intercommunale\/","title":{"rendered":"La comp\u00e9tence Petite Enfance : \u00e0 quelle \u00e9chelle g\u00e9ographique ? Intercommunale ?"},"content":{"rendered":"<p>Aujourd\u2019hui, la comp\u00e9tence Petite Enfance est intercommunalis\u00e9e : elle est g\u00e9r\u00e9e \u00e0 l\u2019\u00e9chelle de plusieurs communes dans une grande partie du territoire national, notamment dans le monde rural et surtout dans le monde rural p\u00e9ri-urbain.<\/p>\n<p>Dans d\u2019autres territoires (grand urbain\u2026) c\u2019est tout \u00e0 fait nouveau et \u00e7a n\u2019est pas fait. Si l\u2019on veut d\u00e9cider tous ensemble d\u2019intercommunaliser, cela va poser de nombreux probl\u00e8mes : agents, relations avec les usagers (et c\u2019est un sujet \u00e9lectoral bien sensible !), financement. En m\u00eame temps, ce sont des enjeux passionnants en termes de taille, d\u2019\u00e9conomie d\u2019\u00e9chelles, de performance et d\u2019\u00e9volution de carri\u00e8re.<\/p>\n<p>Aujourd\u2019hui, nous sommes plus sur un positionnement de choix \u00ab j\u2019intercommunalise ou j\u2019intercommunalise pas \u00bb. Les collectivit\u00e9s \u00e9voluent cependant sur une prise de d\u00e9cision d\u2019intercommunalisation sur une comp\u00e9tence en particulier mais pas forc\u00e9ment une autre, telle partie du territoire, pas celle d\u2019\u00e0-c\u00f4t\u00e9, quitte par des contrats, des conventions, toute une s\u00e9rie d\u2019outils, \u00e0 remettre de l\u2019unit\u00e9, du liant dans l\u2019action.<\/p>\n<p>De ce fait, il n\u2019y a pas de \u00ab bonne solution \u00bb de mani\u00e8re g\u00e9n\u00e9rale, il y a des bonnes solutions pour tel territoire \u00e0 un moment-donn\u00e9 ou un autre. Il existe aussi diff\u00e9rentes mani\u00e8res d\u2019intercommunaliser la comp\u00e9tence Petite Enfance : de mani\u00e8re unitaire ou par cr\u00e9ation d\u2019unit\u00e9s de gestion selon les territoires. Comment choisir parmi ces diff\u00e9rentes options ? Cela d\u00e9pend du territoire, de sa culture de travail en commun.<\/p>\n<p>On peut aussi mutualiser. C\u2019est un peu diff\u00e9rent : les communes vont s\u2019engager par contrat sur une dur\u00e9e donn\u00e9e. Cela peut \u00eatre positif pour les communes et peut \u00eatre aussi rentable qu\u2019une DGF. Par contre, un travail de n\u00e9gociation doit \u00eatre men\u00e9 pour que les communes tombent d\u2019accord sur une politique commune.<\/p>\n<p>En effet, elles souhaitent garder un pouvoir de d\u00e9cision sans se sentir \u00ab imposer \u00bb des choix. L\u2019autre solution est d\u2019intercommunaliser avec plus ou moins d\u2019autonomie certaines parties du territoire.<\/p>\n<p>Cette solution a \u00e9galement des avantages et des inconv\u00e9nients, tr\u00e8s diff\u00e9rents selon les territoires, avec \u00e0 chaque fois une m\u00e9thodologie qui doit associer les agents, peut-\u00eatre les usagers, mais surtout un pilotage tr\u00e8s fin du personnel d\u2019encadrement et des \u00e9lus pour \u00e9liminer un certain nombre de sc\u00e9narios et arriver petit \u00e0 petit \u00e0 des solutions consensuelles. Un point important \u00e9galement : neutralisation financi\u00e8re, les personnes ont toujours ce point en t\u00eate, cela am\u00e8ne des discussions mais l\u2019on finit toujours par trouver une solution qui convienne \u00e0 tous<\/p>\n","protected":false},"excerpt":{"rendered":"<p>Aujourd\u2019hui, la comp\u00e9tence Petite Enfance est intercommunalis\u00e9e : elle est g\u00e9r\u00e9e \u00e0 l\u2019\u00e9chelle de plusieurs communes dans une grande partie du territoire national, notamment dans le monde rural et surtout dans le monde rural p\u00e9ri-urbain. Dans d\u2019autres territoires (grand urbain\u2026) c\u2019est tout \u00e0 fait nouveau et \u00e7a n\u2019est pas fait. Si l\u2019on veut d\u00e9cider tous [&hellip;]<\/p>\n","protected":false},"author":8,"featured_media":1185,"comment_status":"open","ping_status":"open","sticky":false,"template":"","format":"video","meta":{"_mi_skip_tracking":false},"categories":[194,191],"yoast_head":"<!-- This site is optimized with the Yoast SEO plugin v16.1 - https:\/\/yoast.com\/wordpress\/plugins\/seo\/ -->\n<title>Comp\u00e9tence Petite Enfance : \u00e0 quelle \u00e9chelle g\u00e9ographique ? Intercommunale? - Mag des comp\u00e9tences - Comundi<\/title>\n<meta name=\"description\" content=\"Quels sont les diff\u00e9rents enjeux li\u00e9s \u00e0 l&#039;intercommunalit\u00e9 de comp\u00e9tence la Petite Enfance ? R\u00e9ponse d&#039;Eric Landot, avocat au barreau de Paris.\" \/>\n<meta name=\"robots\" content=\"index, follow, max-snippet:-1, max-image-preview:large, max-video-preview:-1\" \/>\n<link rel=\"canonical\" href=\"https:\/\/www.comundi.fr\/mag-des-competences\/la-competence-petite-enfance-a-quelle-echelle-geographique-intercommunale\/\" \/>\n<meta property=\"og:locale\" content=\"fr_FR\" \/>\n<meta property=\"og:type\" content=\"article\" \/>\n<meta property=\"og:title\" content=\"Comp\u00e9tence Petite Enfance : \u00e0 quelle \u00e9chelle g\u00e9ographique ? Intercommunale? - Mag des comp\u00e9tences - Comundi\" \/>\n<meta property=\"og:description\" content=\"Quels sont les diff\u00e9rents enjeux li\u00e9s \u00e0 l&#039;intercommunalit\u00e9 de comp\u00e9tence la Petite Enfance ? R\u00e9ponse d&#039;Eric Landot, avocat au barreau de Paris.\" \/>\n<meta property=\"og:url\" content=\"https:\/\/www.comundi.fr\/mag-des-competences\/la-competence-petite-enfance-a-quelle-echelle-geographique-intercommunale\/\" \/>\n<meta property=\"og:site_name\" content=\"Mag des comp\u00e9tences - Comundi\" \/>\n<meta property=\"article:publisher\" content=\"https:\/\/www.facebook.com\/Comundi\/?fref=ts\" \/>\n<meta property=\"article:published_time\" content=\"2018-07-02T14:04:32+00:00\" \/>\n<meta property=\"article:modified_time\" content=\"2020-02-05T15:22:21+00:00\" \/>\n<meta property=\"og:image\" content=\"https:\/\/www.comundi.fr\/mag-des-competences\/wp-content\/uploads\/2018\/07\/maxresdefault.jpg\" \/>\n\t<meta property=\"og:image:width\" content=\"1280\" \/>\n\t<meta property=\"og:image:height\" content=\"720\" \/>\n<meta name=\"twitter:card\" content=\"summary_large_image\" \/>\n<meta name=\"twitter:creator\" content=\"@ComundiActu\" \/>\n<meta name=\"twitter:site\" content=\"@ComundiActu\" \/>\n<meta name=\"twitter:label1\" content=\"Dur\u00e9e de lecture est.\">\n\t<meta name=\"twitter:data1\" content=\"2 minutes\">\n<script type=\"application\/ld+json\" class=\"yoast-schema-graph\">{\"@context\":\"https:\/\/schema.org\",\"@graph\":[{\"@type\":\"Organization\",\"@id\":\"https:\/\/www.comundi.fr\/mag-des-competences\/#organization\",\"name\":\"Comundi\",\"url\":\"https:\/\/www.comundi.fr\/mag-des-competences\/\",\"sameAs\":[\"https:\/\/www.facebook.com\/Comundi\/?fref=ts\",\"https:\/\/www.linkedin.com\/company\/comundi\/\",\"https:\/\/www.youtube.com\/user\/ComundiFormations\",\"https:\/\/twitter.com\/ComundiActu\"],\"logo\":{\"@type\":\"ImageObject\",\"@id\":\"https:\/\/www.comundi.fr\/mag-des-competences\/#logo\",\"inLanguage\":\"fr-FR\",\"url\":\"https:\/\/www.comundi.fr\/mag-des-competences\/wp-content\/uploads\/2018\/01\/comundi.png\",\"contentUrl\":\"https:\/\/www.comundi.fr\/mag-des-competences\/wp-content\/uploads\/2018\/01\/comundi.png\",\"width\":300,\"height\":300,\"caption\":\"Comundi\"},\"image\":{\"@id\":\"https:\/\/www.comundi.fr\/mag-des-competences\/#logo\"}},{\"@type\":\"WebSite\",\"@id\":\"https:\/\/www.comundi.fr\/mag-des-competences\/#website\",\"url\":\"https:\/\/www.comundi.fr\/mag-des-competences\/\",\"name\":\"Mag des comp\\u00e9tences - Comundi\",\"description\":\"Le magazine des m\\u00e9tiers de demain\",\"publisher\":{\"@id\":\"https:\/\/www.comundi.fr\/mag-des-competences\/#organization\"},\"potentialAction\":[{\"@type\":\"SearchAction\",\"target\":\"https:\/\/www.comundi.fr\/mag-des-competences\/?s={search_term_string}\",\"query-input\":\"required name=search_term_string\"}],\"inLanguage\":\"fr-FR\"},{\"@type\":\"ImageObject\",\"@id\":\"https:\/\/www.comundi.fr\/mag-des-competences\/la-competence-petite-enfance-a-quelle-echelle-geographique-intercommunale\/#primaryimage\",\"inLanguage\":\"fr-FR\",\"url\":\"https:\/\/www.comundi.fr\/mag-des-competences\/wp-content\/uploads\/2018\/07\/maxresdefault.jpg\",\"contentUrl\":\"https:\/\/www.comundi.fr\/mag-des-competences\/wp-content\/uploads\/2018\/07\/maxresdefault.jpg\",\"width\":1280,\"height\":720,\"caption\":\"Eric Landot, avocat \\u00e0 Paris\"},{\"@type\":\"WebPage\",\"@id\":\"https:\/\/www.comundi.fr\/mag-des-competences\/la-competence-petite-enfance-a-quelle-echelle-geographique-intercommunale\/#webpage\",\"url\":\"https:\/\/www.comundi.fr\/mag-des-competences\/la-competence-petite-enfance-a-quelle-echelle-geographique-intercommunale\/\",\"name\":\"Comp\\u00e9tence Petite Enfance : \\u00e0 quelle \\u00e9chelle g\\u00e9ographique ? Intercommunale? - Mag des comp\\u00e9tences - Comundi\",\"isPartOf\":{\"@id\":\"https:\/\/www.comundi.fr\/mag-des-competences\/#website\"},\"primaryImageOfPage\":{\"@id\":\"https:\/\/www.comundi.fr\/mag-des-competences\/la-competence-petite-enfance-a-quelle-echelle-geographique-intercommunale\/#primaryimage\"},\"datePublished\":\"2018-07-02T14:04:32+00:00\",\"dateModified\":\"2020-02-05T15:22:21+00:00\",\"description\":\"Quels sont les diff\\u00e9rents enjeux li\\u00e9s \\u00e0 l'intercommunalit\\u00e9 de comp\\u00e9tence la Petite Enfance ? R\\u00e9ponse d'Eric Landot, avocat au barreau de Paris.\",\"breadcrumb\":{\"@id\":\"https:\/\/www.comundi.fr\/mag-des-competences\/la-competence-petite-enfance-a-quelle-echelle-geographique-intercommunale\/#breadcrumb\"},\"inLanguage\":\"fr-FR\",\"potentialAction\":[{\"@type\":\"ReadAction\",\"target\":[\"https:\/\/www.comundi.fr\/mag-des-competences\/la-competence-petite-enfance-a-quelle-echelle-geographique-intercommunale\/\"]}]},{\"@type\":\"BreadcrumbList\",\"@id\":\"https:\/\/www.comundi.fr\/mag-des-competences\/la-competence-petite-enfance-a-quelle-echelle-geographique-intercommunale\/#breadcrumb\",\"itemListElement\":[{\"@type\":\"ListItem\",\"position\":1,\"item\":{\"@type\":\"WebPage\",\"@id\":\"https:\/\/www.comundi.fr\/mag-des-competences\/\",\"url\":\"https:\/\/www.comundi.fr\/mag-des-competences\/\",\"name\":\"Accueil\"}},{\"@type\":\"ListItem\",\"position\":2,\"item\":{\"@type\":\"WebPage\",\"@id\":\"https:\/\/www.comundi.fr\/mag-des-competences\/la-competence-petite-enfance-a-quelle-echelle-geographique-intercommunale\/\",\"url\":\"https:\/\/www.comundi.fr\/mag-des-competences\/la-competence-petite-enfance-a-quelle-echelle-geographique-intercommunale\/\",\"name\":\"La comp\\u00e9tence Petite Enfance : \\u00e0 quelle \\u00e9chelle g\\u00e9ographique ? Intercommunale ?\"}}]},{\"@type\":\"Article\",\"@id\":\"https:\/\/www.comundi.fr\/mag-des-competences\/la-competence-petite-enfance-a-quelle-echelle-geographique-intercommunale\/#article\",\"isPartOf\":{\"@id\":\"https:\/\/www.comundi.fr\/mag-des-competences\/la-competence-petite-enfance-a-quelle-echelle-geographique-intercommunale\/#webpage\"},\"author\":{\"@id\":\"https:\/\/www.comundi.fr\/mag-des-competences\/#\/schema\/person\/d08f5c2cf9de6fcfd33c30314745578e\"},\"headline\":\"La comp\\u00e9tence Petite Enfance : \\u00e0 quelle \\u00e9chelle g\\u00e9ographique ? Intercommunale ?\",\"datePublished\":\"2018-07-02T14:04:32+00:00\",\"dateModified\":\"2020-02-05T15:22:21+00:00\",\"mainEntityOfPage\":{\"@id\":\"https:\/\/www.comundi.fr\/mag-des-competences\/la-competence-petite-enfance-a-quelle-echelle-geographique-intercommunale\/#webpage\"},\"commentCount\":0,\"publisher\":{\"@id\":\"https:\/\/www.comundi.fr\/mag-des-competences\/#organization\"},\"image\":{\"@id\":\"https:\/\/www.comundi.fr\/mag-des-competences\/la-competence-petite-enfance-a-quelle-echelle-geographique-intercommunale\/#primaryimage\"},\"articleSection\":\"Action sociale,Gestion publique\",\"inLanguage\":\"fr-FR\",\"potentialAction\":[{\"@type\":\"CommentAction\",\"name\":\"Comment\",\"target\":[\"https:\/\/www.comundi.fr\/mag-des-competences\/la-competence-petite-enfance-a-quelle-echelle-geographique-intercommunale\/#respond\"]}]},{\"@type\":\"Person\",\"@id\":\"https:\/\/www.comundi.fr\/mag-des-competences\/#\/schema\/person\/d08f5c2cf9de6fcfd33c30314745578e\",\"name\":\"Comundi\",\"image\":{\"@type\":\"ImageObject\",\"@id\":\"https:\/\/www.comundi.fr\/mag-des-competences\/#personlogo\",\"inLanguage\":\"fr-FR\",\"url\":\"https:\/\/secure.gravatar.com\/avatar\/da2835ae7b2c1279e8e897d242f4cda6?s=96&d=mm&r=g\",\"contentUrl\":\"https:\/\/secure.gravatar.com\/avatar\/da2835ae7b2c1279e8e897d242f4cda6?s=96&d=mm&r=g\",\"caption\":\"Comundi\"}}]}<\/script>\n<!-- \/ Yoast SEO plugin. -->","amp_enabled":true,"_links":{"self":[{"href":"https:\/\/www.comundi.fr\/mag-des-competences\/wp-json\/wp\/v2\/posts\/1183"}],"collection":[{"href":"https:\/\/www.comundi.fr\/mag-des-competences\/wp-json\/wp\/v2\/posts"}],"about":[{"href":"https:\/\/www.comundi.fr\/mag-des-competences\/wp-json\/wp\/v2\/types\/post"}],"author":[{"embeddable":true,"href":"https:\/\/www.comundi.fr\/mag-des-competences\/wp-json\/wp\/v2\/users\/8"}],"replies":[{"embeddable":true,"href":"https:\/\/www.comundi.fr\/mag-des-competences\/wp-json\/wp\/v2\/comments?post=1183"}],"version-history":[{"count":3,"href":"https:\/\/www.comundi.fr\/mag-des-competences\/wp-json\/wp\/v2\/posts\/1183\/revisions"}],"predecessor-version":[{"id":3252,"href":"https:\/\/www.comundi.fr\/mag-des-competences\/wp-json\/wp\/v2\/posts\/1183\/revisions\/3252"}],"wp:featuredmedia":[{"embeddable":true,"href":"https:\/\/www.comundi.fr\/mag-des-competences\/wp-json\/wp\/v2\/media\/1185"}],"wp:attachment":[{"href":"https:\/\/www.comundi.fr\/mag-des-competences\/wp-json\/wp\/v2\/media?parent=1183"}],"wp:term":[{"taxonomy":"category","embeddable":true,"href":"https:\/\/www.comundi.fr\/mag-des-competences\/wp-json\/wp\/v2\/categories?post=1183"}],"curies":[{"name":"wp","href":"https:\/\/api.w.org\/{rel}","templated":true}]}}