{"id":11824,"date":"2023-10-12T12:00:00","date_gmt":"2023-10-12T10:00:00","guid":{"rendered":"https:\/\/www.comundi.fr\/mag-des-competences\/?p=11824"},"modified":"2026-01-12T15:57:02","modified_gmt":"2026-01-12T14:57:02","slug":"nos-5-conseils-pour-apprendre-le-lacher-prise-au-travail","status":"publish","type":"post","link":"https:\/\/www.comundi.fr\/mag-des-competences\/nos-5-conseils-pour-apprendre-le-lacher-prise-au-travail\/","title":{"rendered":"Nos 5 conseils pour apprendre le l\u00e2cher prise au travail"},"content":{"rendered":"\n<p>Ces derni\u00e8res ann\u00e9es, la recherche de l\u2019\u00e9quilibre entre vie professionnelle et familiale est au c\u0153ur de tous les d\u00e9bats. Les salari\u00e9s sont conscients des <a href=\"https:\/\/www.comundi.fr\/mag-des-competences\/yoga-tai-chi-shiatsu-quelle-pratique-pour-mieux-gerer-son-stress-au-travail\/\">effets n\u00e9gatifs du stress<\/a>, tant pour leur sant\u00e9 que pour leurs performances au travail. Dans cette logique, le <strong>l\u00e2cher prise <\/strong>se pr\u00e9sente comme une solution \u00e0 la fois simple et pratique, mais dont la mise en \u0153uvre peut para\u00eetre complexe. <\/p>\n\n\n\n<p>Comment apprendre \u00e0 <strong>l\u00e2cher prise au travail<\/strong> ?<\/p>\n\n\n\n<h2><strong>Qu\u2019est-ce-que le l\u00e2cher prise ?<\/strong><\/h2>\n\n\n\n<p>Le <strong>l\u00e2cher prise<\/strong> est un \u00e9tat d\u2019esprit qui nous vient principalement d\u2019Inde. Il consiste \u00e0 renoncer \u00e0 l\u2019id\u00e9e de tout contr\u00f4ler et \u00e0 se laisser porter par le mouvement de la vie. Bien \u00e9videmment, il n\u2019est pas question d\u2019abandonner tout effort, mais plut\u00f4t d\u2019affronter avec d\u00e9tachement les \u00e9v\u00e8nements qui sont ind\u00e9pendants de notre volont\u00e9. Dans le monde professionnel, le fait d\u2019adopter un tel \u00e9tat d\u2019esprit favoriserait la s\u00e9r\u00e9nit\u00e9 et \u00e9loignerait les salari\u00e9s du <a href=\"https:\/\/www.comundi.fr\/mag-des-competences\/burnout-attention-danger\/\">burn-out<\/a>.<br><br>Une \u00e9tude r\u00e9alis\u00e9e par Opinion Way r\u00e9v\u00e8le que 6 salari\u00e9s sur 10 sont en \u00e9tat de d\u00e9tresse psychologique et pr\u00e9sentent des signes d\u2019\u00e9puisement et de d\u00e9pression. De m\u00eame, d\u2019apr\u00e8s une enqu\u00eate de Cigna International Health, 84% des r\u00e9pondants affirment \u00eatre soumis au stress pratiquement tous les jours. Face \u00e0 de tels chiffres, les cadres et les responsables RH adoptent diverses solutions pour prot\u00e9ger leurs \u00e9quipes contre les facteurs de stress. Dans ce cadre, une <strong><a href=\"https:\/\/www.comundi.fr\/formations\/formation-apprendre-a-lacher-prise.html\">formation l\u00e2cher prise au travail<\/a><\/strong> peut \u00eatre envisag\u00e9e, aux c\u00f4t\u00e9s d\u2019autres m\u00e9thodes comme la m\u00e9ditation ou la <a href=\"https:\/\/www.comundi.fr\/formations\/formation-rester-maitre-de-ses-emotions.html\">gestion des \u00e9motions<\/a>.<\/p>\n\n\n\n<h2><strong>Comment l\u00e2cher prise au travail : cinq astuces efficaces<\/strong><\/h2>\n\n\n\n<p>Si vous souhaitez pouvoir <strong>l\u00e2cher prise au travail<\/strong>, vous devez apprendre \u00e0 bien vous conna\u00eetre, \u00e0 accueillir vos \u00e9motions et \u00e0 relativiser. Voici cinq astuces qui pourraient vous aider en ce sens.<\/p>\n\n\n\n<h3><strong>Mieux comprendre son mode de fonctionnement<\/strong><\/h3>\n\n\n\n<p>Quelle que soit votre exp\u00e9rience professionnelle, vous avez un mode de fonctionnement qui vous est propre. Cela se rapporte, entre autres, \u00e0 vos \u00e9l\u00e9ments d\u00e9clencheurs de nervosit\u00e9 ou de contrari\u00e9t\u00e9. Par cons\u00e9quent, il est essentiel d\u2019observer votre environnement pour identifier le contexte dans lequel les conflits surviennent le plus souvent.<br><br>Comprendre son mode de fonctionnement revient \u00e0 identifier les circonstances, les interlocuteurs et parfois les successions d\u2019\u00e9v\u00e9nements qui vous font r\u00e9agir \u00e0 une \u00e9motion. Cette \u00e9motion peut \u00eatre la col\u00e8re, l\u2019agacement, le stress ou encore, l\u2019humiliation. Pour y parvenir, il est possible d\u2019opter pour une <strong>formation l\u00e2cher prise au travail<\/strong>. Vous aurez l\u2019occasion d\u2019apprendre \u00e0 identifier les diff\u00e9rents facteurs d\u2019\u00e9motion et de comprendre pourquoi et comment ils surviennent. En travaillant avec des experts, vous pourrez mieux canaliser votre \u00e9nergie, savoir quand <a href=\"https:\/\/www.comundi.fr\/mag-des-competences\/conserver-son-calme-malgre-la-pression-et-le-stress\/\">prendre du recul et r\u00e9ussir \u00e0 vous \u00e9panouir <\/a>dans votre vie priv\u00e9e et professionnelle.<\/p>\n\n\n\n<h3><strong>Apprendre \u00e0 reconna\u00eetre les signes de stress professionnel<\/strong><\/h3>\n\n\n\n<p>Vous avez sans doute d\u00e9j\u00e0 entendu parler du stress professionnel, mais vous ne savez peut-\u00eatre pas comment il se manifeste ? Ce type de stress pr\u00e9sente des sympt\u00f4mes vari\u00e9s et parfois tr\u00e8s discrets. Chez certaines personnes, il se manifeste par des troubles du sommeil, un manque d\u2019app\u00e9tit ou des troubles de digestion. Il peut aussi se manifester par des douleurs musculaires ou abdominales, une sensation d\u2019\u00e9touffement ou des sueurs anormales.<br><br>Chez d\u2019autres personnes encore, l\u2019on peut observer une forte sensibilit\u00e9 (nervosit\u00e9, d\u00e9motivation, tristesse, crise de larmes, excitation ou sentiment g\u00e9n\u00e9ral de mal-\u00eatre). Il est important de savoir identifier les signes de stress professionnel, car ceux-ci vous indiquent qu\u2019il est justement temps de l\u00e2cher prise pour ne pas vous laisser submerger par votre ressenti.<\/p>\n\n\n\n<h3><strong>Prendre du recul face \u00e0 certaines situations<\/strong><\/h3>\n\n\n\n<p>Prendre du recul signifie que lorsque vous \u00eates confront\u00e9 \u00e0 une situation stressante, vous d\u00e9cidez de placer une certaine distance pour ne pas \u00eatre \u00e9motionnellement impliqu\u00e9. Plusieurs techniques peuvent \u00eatre utiles en ce sens, notamment celle qui consiste \u00e0 relativiser. Il s\u2019agit d\u2019analyser la situation avec objectivit\u00e9 sans s\u2019y engager personnellement. <a href=\"https:\/\/www.comundi.fr\/mag-des-competences\/nos-5-conseils-pour-prendre-des-decisions-optimales-en-periode-de-stress\/\">De cette mani\u00e8re, vous pouvez appr\u00e9cier uniquement les faits et prendre la d\u00e9cision qui s\u2019impose, en toute neutralit\u00e9.<\/a><br><br>Plusieurs autres techniques sont enseign\u00e9es au cours des <strong>formations sur le l\u00e2cher prise au travail<\/strong>. Que ce soit pour vous-m\u00eame ou pour des membres de votre \u00e9quipe professionnelle, vous pouvez opter pour ce type d\u2019enseignement et apprendre, par exemple, \u00e0 :<br><br>\u2022 accepter vos limites,<br>\u2022 affronter plus sereinement la peur de l\u2019\u00e9chec,<br>\u2022 \u00e9liminer le ressentiment,<br>\u2022 vous concentrer sur ce qui est vraiment important,<br>\u2022 mettre de la distance entre vous, le stress et son facteur d\u00e9clencheur.<\/p>\n\n\n\n<h3><strong>Apprendre \u00e0 s\u2019exprimer au travail<\/strong><\/h3>\n\n\n\n<p>L\u2019un des principaux facteurs de frustration au travail, c\u2019est de ne pas r\u00e9ussir \u00e0 s\u2019exprimer comme on le souhaiterait. \u00c0 la longue, cela peut provoquer beaucoup de stress, puisque vous accumulez de l\u2019insatisfaction. En revanche, vous pouvez apprendre \u00e0 mieux communiquer avec vos collaborateurs, \u00e0 fixer vos limites et \u00e0 exprimer vos besoins. Le fait d&rsquo;avoir une parole ferme vous aidera \u00e0 \u00e9viter les situations conflictuelles et plus largement, \u00e0 pr\u00e9venir le stress professionnel.<\/p>\n\n\n\n<h3><strong>Avoir une vie sociale remplie<\/strong><\/h3>\n\n\n\n<p>Une vie sociale parfaitement \u00e9quilibr\u00e9e peut aussi vous aider \u00e0 l\u00e2cher prise plus facilement. Vous devez ainsi trouver le bon \u00e9quilibre entre votre vie priv\u00e9e et celle professionnelle et passer des moments de qualit\u00e9 avec votre famille ou vos amis. Autorisez-vous \u00e0 souffler une fois que le travail est termin\u00e9 et pensez \u00e0 discuter avec les personnes qui vous sont ch\u00e8res pour \u00e9vacuer les petites tensions avant qu\u2019elles ne s\u2019accumulent. Vous pouvez aussi oser la l\u00e9g\u00e8ret\u00e9 en adoptant plusieurs comportements :<br><br>\u2022 cultiver une vision positive de vous-m\u00eame,<br>\u2022 d\u00e9cider de contr\u00f4ler vos \u00e9motions,<br>\u2022 \u00e9largir votre compr\u00e9hension de vous et des autres,<br>\u2022 accepter le changement lorsqu\u2019il se pr\u00e9sente \u00e0 vous.<\/p>\n\n\n\n<h2><strong>Quels sont les avantages du l\u00e2cher prise ?<\/strong> <\/h2>\n\n\n\n<p>Le l\u00e2cher prise vous permet de gagner en s\u00e9r\u00e9nit\u00e9 et d\u2019adopter un \u00e9tat \u00e9motionnel de calme et de bien-\u00eatre. En milieu professionnel, cela vous aide \u00e0 vous sentir plus libre et \u00e0 adopter une attitude plus objective face aux situations stressantes. Non seulement, vous vous sentirez mieux dans votre peau, mais aussi, vous pourrez avoir un regain d\u2019\u00e9nergie au travail.<br><br>Pour y parvenir, vous pouvez suivre une <strong>formation l\u00e2cher prise au travail<\/strong> et \u00e9changer avec des coachs experts en communication relationnelle et d\u00e9veloppement personnel.<\/p>\n","protected":false},"excerpt":{"rendered":"<p>Ces derni\u00e8res ann\u00e9es, la recherche de l\u2019\u00e9quilibre entre vie professionnelle et familiale est au c\u0153ur de tous les d\u00e9bats. Les salari\u00e9s sont conscients des effets n\u00e9gatifs du stress, tant pour leur sant\u00e9 que pour leurs performances au travail. Dans cette logique, le l\u00e2cher prise se pr\u00e9sente comme une solution \u00e0 la fois simple et pratique, [&hellip;]<\/p>\n","protected":false},"author":8,"featured_media":11835,"comment_status":"open","ping_status":"open","sticky":false,"template":"","format":"standard","meta":{"_mi_skip_tracking":false},"categories":[185,179],"yoast_head":"<!-- This site is optimized with the Yoast SEO plugin v16.1 - https:\/\/yoast.com\/wordpress\/plugins\/seo\/ -->\n<title>Nos 5 conseils pour apprendre le l\u00e2cher prise au travail - Mag des comp\u00e9tences - Comundi<\/title>\n<meta name=\"description\" content=\"Suivez nos conseils pour apprendre \u00e0 l\u00e2cher prise au travail et \u00e0 vivre plus sereinement votre vie professionnelle mais aussi personnelle.\" \/>\n<meta name=\"robots\" content=\"index, follow, max-snippet:-1, max-image-preview:large, max-video-preview:-1\" \/>\n<link rel=\"canonical\" href=\"https:\/\/www.comundi.fr\/mag-des-competences\/nos-5-conseils-pour-apprendre-le-lacher-prise-au-travail\/\" \/>\n<meta property=\"og:locale\" content=\"fr_FR\" \/>\n<meta property=\"og:type\" content=\"article\" \/>\n<meta property=\"og:title\" content=\"Nos 5 conseils pour apprendre le l\u00e2cher prise au travail - Mag des comp\u00e9tences - Comundi\" \/>\n<meta property=\"og:description\" content=\"Suivez nos conseils pour apprendre \u00e0 l\u00e2cher prise au travail et \u00e0 vivre plus sereinement votre vie professionnelle mais aussi personnelle.\" \/>\n<meta property=\"og:url\" content=\"https:\/\/www.comundi.fr\/mag-des-competences\/nos-5-conseils-pour-apprendre-le-lacher-prise-au-travail\/\" \/>\n<meta property=\"og:site_name\" content=\"Mag des comp\u00e9tences - Comundi\" \/>\n<meta property=\"article:publisher\" content=\"https:\/\/www.facebook.com\/Comundi\/?fref=ts\" \/>\n<meta property=\"article:published_time\" content=\"2023-10-12T10:00:00+00:00\" \/>\n<meta property=\"article:modified_time\" content=\"2026-01-12T14:57:02+00:00\" \/>\n<meta property=\"og:image\" content=\"https:\/\/www.comundi.fr\/mag-des-competences\/wp-content\/uploads\/2023\/10\/Le-lacher-prise-au-travail.jpg\" \/>\n\t<meta property=\"og:image:width\" content=\"1200\" \/>\n\t<meta property=\"og:image:height\" content=\"675\" \/>\n<meta name=\"twitter:card\" content=\"summary_large_image\" \/>\n<meta name=\"twitter:creator\" content=\"@ComundiActu\" \/>\n<meta name=\"twitter:site\" content=\"@ComundiActu\" \/>\n<meta name=\"twitter:label1\" content=\"Dur\u00e9e de lecture est.\">\n\t<meta name=\"twitter:data1\" content=\"5 minutes\">\n<script type=\"application\/ld+json\" class=\"yoast-schema-graph\">{\"@context\":\"https:\/\/schema.org\",\"@graph\":[{\"@type\":\"Organization\",\"@id\":\"https:\/\/www.comundi.fr\/mag-des-competences\/#organization\",\"name\":\"Comundi\",\"url\":\"https:\/\/www.comundi.fr\/mag-des-competences\/\",\"sameAs\":[\"https:\/\/www.facebook.com\/Comundi\/?fref=ts\",\"https:\/\/www.linkedin.com\/company\/comundi\/\",\"https:\/\/www.youtube.com\/user\/ComundiFormations\",\"https:\/\/twitter.com\/ComundiActu\"],\"logo\":{\"@type\":\"ImageObject\",\"@id\":\"https:\/\/www.comundi.fr\/mag-des-competences\/#logo\",\"inLanguage\":\"fr-FR\",\"url\":\"https:\/\/www.comundi.fr\/mag-des-competences\/wp-content\/uploads\/2018\/01\/comundi.png\",\"contentUrl\":\"https:\/\/www.comundi.fr\/mag-des-competences\/wp-content\/uploads\/2018\/01\/comundi.png\",\"width\":300,\"height\":300,\"caption\":\"Comundi\"},\"image\":{\"@id\":\"https:\/\/www.comundi.fr\/mag-des-competences\/#logo\"}},{\"@type\":\"WebSite\",\"@id\":\"https:\/\/www.comundi.fr\/mag-des-competences\/#website\",\"url\":\"https:\/\/www.comundi.fr\/mag-des-competences\/\",\"name\":\"Mag des comp\\u00e9tences - Comundi\",\"description\":\"Le magazine des m\\u00e9tiers de demain\",\"publisher\":{\"@id\":\"https:\/\/www.comundi.fr\/mag-des-competences\/#organization\"},\"potentialAction\":[{\"@type\":\"SearchAction\",\"target\":\"https:\/\/www.comundi.fr\/mag-des-competences\/?s={search_term_string}\",\"query-input\":\"required name=search_term_string\"}],\"inLanguage\":\"fr-FR\"},{\"@type\":\"ImageObject\",\"@id\":\"https:\/\/www.comundi.fr\/mag-des-competences\/nos-5-conseils-pour-apprendre-le-lacher-prise-au-travail\/#primaryimage\",\"inLanguage\":\"fr-FR\",\"url\":\"https:\/\/www.comundi.fr\/mag-des-competences\/wp-content\/uploads\/2023\/10\/Le-lacher-prise-au-travail.jpg\",\"contentUrl\":\"https:\/\/www.comundi.fr\/mag-des-competences\/wp-content\/uploads\/2023\/10\/Le-lacher-prise-au-travail.jpg\",\"width\":1200,\"height\":675,\"caption\":\"Le l\\u00e2cher prise au travail\"},{\"@type\":\"WebPage\",\"@id\":\"https:\/\/www.comundi.fr\/mag-des-competences\/nos-5-conseils-pour-apprendre-le-lacher-prise-au-travail\/#webpage\",\"url\":\"https:\/\/www.comundi.fr\/mag-des-competences\/nos-5-conseils-pour-apprendre-le-lacher-prise-au-travail\/\",\"name\":\"Nos 5 conseils pour apprendre le l\\u00e2cher prise au travail - Mag des comp\\u00e9tences - Comundi\",\"isPartOf\":{\"@id\":\"https:\/\/www.comundi.fr\/mag-des-competences\/#website\"},\"primaryImageOfPage\":{\"@id\":\"https:\/\/www.comundi.fr\/mag-des-competences\/nos-5-conseils-pour-apprendre-le-lacher-prise-au-travail\/#primaryimage\"},\"datePublished\":\"2023-10-12T10:00:00+00:00\",\"dateModified\":\"2026-01-12T14:57:02+00:00\",\"description\":\"Suivez nos conseils pour apprendre \\u00e0 l\\u00e2cher prise au travail et \\u00e0 vivre plus sereinement votre vie professionnelle mais aussi personnelle.\",\"breadcrumb\":{\"@id\":\"https:\/\/www.comundi.fr\/mag-des-competences\/nos-5-conseils-pour-apprendre-le-lacher-prise-au-travail\/#breadcrumb\"},\"inLanguage\":\"fr-FR\",\"potentialAction\":[{\"@type\":\"ReadAction\",\"target\":[\"https:\/\/www.comundi.fr\/mag-des-competences\/nos-5-conseils-pour-apprendre-le-lacher-prise-au-travail\/\"]}]},{\"@type\":\"BreadcrumbList\",\"@id\":\"https:\/\/www.comundi.fr\/mag-des-competences\/nos-5-conseils-pour-apprendre-le-lacher-prise-au-travail\/#breadcrumb\",\"itemListElement\":[{\"@type\":\"ListItem\",\"position\":1,\"item\":{\"@type\":\"WebPage\",\"@id\":\"https:\/\/www.comundi.fr\/mag-des-competences\/\",\"url\":\"https:\/\/www.comundi.fr\/mag-des-competences\/\",\"name\":\"Accueil\"}},{\"@type\":\"ListItem\",\"position\":2,\"item\":{\"@type\":\"WebPage\",\"@id\":\"https:\/\/www.comundi.fr\/mag-des-competences\/nos-5-conseils-pour-apprendre-le-lacher-prise-au-travail\/\",\"url\":\"https:\/\/www.comundi.fr\/mag-des-competences\/nos-5-conseils-pour-apprendre-le-lacher-prise-au-travail\/\",\"name\":\"Nos 5 conseils pour apprendre le l\\u00e2cher prise au travail\"}}]},{\"@type\":\"Article\",\"@id\":\"https:\/\/www.comundi.fr\/mag-des-competences\/nos-5-conseils-pour-apprendre-le-lacher-prise-au-travail\/#article\",\"isPartOf\":{\"@id\":\"https:\/\/www.comundi.fr\/mag-des-competences\/nos-5-conseils-pour-apprendre-le-lacher-prise-au-travail\/#webpage\"},\"author\":{\"@id\":\"https:\/\/www.comundi.fr\/mag-des-competences\/#\/schema\/person\/d08f5c2cf9de6fcfd33c30314745578e\"},\"headline\":\"Nos 5 conseils pour apprendre le l\\u00e2cher prise au travail\",\"datePublished\":\"2023-10-12T10:00:00+00:00\",\"dateModified\":\"2026-01-12T14:57:02+00:00\",\"mainEntityOfPage\":{\"@id\":\"https:\/\/www.comundi.fr\/mag-des-competences\/nos-5-conseils-pour-apprendre-le-lacher-prise-au-travail\/#webpage\"},\"commentCount\":0,\"publisher\":{\"@id\":\"https:\/\/www.comundi.fr\/mag-des-competences\/#organization\"},\"image\":{\"@id\":\"https:\/\/www.comundi.fr\/mag-des-competences\/nos-5-conseils-pour-apprendre-le-lacher-prise-au-travail\/#primaryimage\"},\"articleSection\":\"D\\u00e9veloppement personnel,Sant\\u00e9 au travail - QVT\",\"inLanguage\":\"fr-FR\",\"potentialAction\":[{\"@type\":\"CommentAction\",\"name\":\"Comment\",\"target\":[\"https:\/\/www.comundi.fr\/mag-des-competences\/nos-5-conseils-pour-apprendre-le-lacher-prise-au-travail\/#respond\"]}]},{\"@type\":\"Person\",\"@id\":\"https:\/\/www.comundi.fr\/mag-des-competences\/#\/schema\/person\/d08f5c2cf9de6fcfd33c30314745578e\",\"name\":\"Comundi\",\"image\":{\"@type\":\"ImageObject\",\"@id\":\"https:\/\/www.comundi.fr\/mag-des-competences\/#personlogo\",\"inLanguage\":\"fr-FR\",\"url\":\"https:\/\/secure.gravatar.com\/avatar\/da2835ae7b2c1279e8e897d242f4cda6?s=96&d=mm&r=g\",\"contentUrl\":\"https:\/\/secure.gravatar.com\/avatar\/da2835ae7b2c1279e8e897d242f4cda6?s=96&d=mm&r=g\",\"caption\":\"Comundi\"}}]}<\/script>\n<!-- \/ Yoast SEO plugin. -->","amp_enabled":true,"_links":{"self":[{"href":"https:\/\/www.comundi.fr\/mag-des-competences\/wp-json\/wp\/v2\/posts\/11824"}],"collection":[{"href":"https:\/\/www.comundi.fr\/mag-des-competences\/wp-json\/wp\/v2\/posts"}],"about":[{"href":"https:\/\/www.comundi.fr\/mag-des-competences\/wp-json\/wp\/v2\/types\/post"}],"author":[{"embeddable":true,"href":"https:\/\/www.comundi.fr\/mag-des-competences\/wp-json\/wp\/v2\/users\/8"}],"replies":[{"embeddable":true,"href":"https:\/\/www.comundi.fr\/mag-des-competences\/wp-json\/wp\/v2\/comments?post=11824"}],"version-history":[{"count":5,"href":"https:\/\/www.comundi.fr\/mag-des-competences\/wp-json\/wp\/v2\/posts\/11824\/revisions"}],"predecessor-version":[{"id":14797,"href":"https:\/\/www.comundi.fr\/mag-des-competences\/wp-json\/wp\/v2\/posts\/11824\/revisions\/14797"}],"wp:featuredmedia":[{"embeddable":true,"href":"https:\/\/www.comundi.fr\/mag-des-competences\/wp-json\/wp\/v2\/media\/11835"}],"wp:attachment":[{"href":"https:\/\/www.comundi.fr\/mag-des-competences\/wp-json\/wp\/v2\/media?parent=11824"}],"wp:term":[{"taxonomy":"category","embeddable":true,"href":"https:\/\/www.comundi.fr\/mag-des-competences\/wp-json\/wp\/v2\/categories?post=11824"}],"curies":[{"name":"wp","href":"https:\/\/api.w.org\/{rel}","templated":true}]}}