{"id":11816,"date":"2023-10-05T08:50:00","date_gmt":"2023-10-05T06:50:00","guid":{"rendered":"https:\/\/www.comundi.fr\/mag-des-competences\/?p=11816"},"modified":"2023-10-04T20:39:34","modified_gmt":"2023-10-04T18:39:34","slug":"pourquoi-et-comment-developper-lestime-de-soi","status":"publish","type":"post","link":"https:\/\/www.comundi.fr\/mag-des-competences\/pourquoi-et-comment-developper-lestime-de-soi\/","title":{"rendered":"Pourquoi et comment d\u00e9velopper l&rsquo;estime de soi ?"},"content":{"rendered":"\n<p>L&rsquo;<strong>estime de soi<\/strong> occupe une place importante dans la sant\u00e9 mentale. \u00catre conscient de votre valeur et de vos propres limites vous aide \u00e0 vous sentir bien dans votre peau et \u00e0 vous \u00e9panouir, que ce soit dans votre vie personnelle ou professionnelle. Cela vous permet notamment de nouer des relations saines et d&rsquo;atteindre vos objectifs. \u00c0 l&rsquo;inverse, une mauvaise estime de soi est susceptible de nuire \u00e0 votre bien-\u00eatre au quotidien. Heureusement, il est possible de la travailler et de l&rsquo;am\u00e9liorer.<\/p>\n\n\n\n<h2><strong>Qu\u2019est-ce que l\u2019estime de soi&nbsp;?<\/strong><\/h2>\n\n\n\n<p>L&rsquo;<strong>estime de soi<\/strong> peut \u00eatre d\u00e9finie comme \u00e9tant le rapport entre ce que vous \u00eates et ce que vous aimeriez \u00eatre. Cela inclut aussi bien la personnalit\u00e9 et l&rsquo;apparence physique que la vie affective et la r\u00e9ussite professionnelle. Valeur plut\u00f4t fragile, votre estime personnelle est bonne lorsque ces deux variables sont en bon \u00e9quilibre. N\u00e9anmoins, ce rapport n&rsquo;est pas fig\u00e9 et \u00e9volue sans cesse au fil du temps.<\/p>\n\n\n\n<p>Avoir une bonne<strong> estime de soi au travail<\/strong> est essentiel pour une meilleure stabilit\u00e9 int\u00e9rieure. Vous \u00eates plus \u00e0 m\u00eame de conna\u00eetre vos capacit\u00e9s et vos comp\u00e9tences. De m\u00eame, vous \u00eates en mesure de mieux comprendre vos coll\u00e8gues de travail et de nouer des relations constructives. Vous arr\u00eatez d&rsquo;attendre la validation des autres et arrivez \u00e0 vous faire entendre sans taper du poing sur la table.<\/p>\n\n\n\n<h2><strong>Une bonne estime de soi pour s&rsquo;\u00e9panouir dans tous les domaines<\/strong><\/h2>\n\n\n\n<p>Compte tenu de l&rsquo;importance de l&rsquo;estime personnelle, suivre une <strong><a href=\"https:\/\/www.comundi.fr\/formations\/formation-developper-son-estime-de-soi-pour-se-realiser-au-travail.html\">formation estime de soi<\/a> <\/strong>pr\u00e9sente de nombreux avantages. D&rsquo;abord, elle vous permet de gagner en confiance et en assurance. En cultivant son estime de soi, <a href=\"https:\/\/www.comundi.fr\/mag-des-competences\/laffirmation-soi-etre-mieux-soi-autres\/\">vous apprenez \u00e0 avoir confiance, en vous et en l&rsquo;autre<\/a>. Gr\u00e2ce \u00e0 la confiance en soi, il est plus facile d&rsquo;agir et d&rsquo;entreprendre diverses actions en d\u00e9pit des peurs et des obstacles.<\/p>\n\n\n\n<p>Par ailleurs, une bonne <strong>estime de soi<\/strong> est n\u00e9cessaire \u00e0 la r\u00e9alisation de vos objectifs. Lorsque vous avez confiance en vous, vous vous affirmez et vous osez. En d&rsquo;autres termes, <a href=\"https:\/\/www.comundi.fr\/mag-des-competences\/4-points-cles-pour-apprendre-a-saffirmer\/\">l&rsquo;affirmation de soi n&rsquo;est autre que l&rsquo;estime de soi en action<\/a>. Elle vous permet aussi de vous accepter et d&rsquo;\u00eatre heureux. De ce fait, vous vous ouvrez \u00e0 vous-m\u00eame et aux autres, que ce soit dans votre vie personnelle ou dans votre vie professionnelle.<\/p>\n\n\n\n<h2><strong>Savoir reconna\u00eetre les signes d&rsquo;une bonne estime de soi<\/strong><\/h2>\n\n\n\n<p>Afin d\u2019adopter les bonnes m\u00e9thodes pour am\u00e9liorer l&rsquo;<strong>estime de soi au travail<\/strong>, il est essentiel de savoir en quoi consiste une bonne estime de soi afin de faire votre auto-\u00e9valuation en toute objectivit\u00e9. En premier lieu, vous devez \u00eatre capable d&rsquo;identifier et de nommer vos qualit\u00e9s et vos faiblesses, ainsi que vos habilet\u00e9s. Cela rev\u00eat une importance capitale pour travailler sur votre perception de vous-m\u00eame.<\/p>\n\n\n\n<p>Un autre signe d&rsquo;une bonne estime de soi est l&rsquo;autonomie. Lorsque vous estimez positivement votre personne, vous \u00eates capable de prendre des initiatives et d&rsquo;affronter les difficult\u00e9s qui se pr\u00e9sentent dans votre vie, tant personnelle que professionnelle. Vous \u00eates plus dispos\u00e9 \u00e0 faire confiance aux autres et \u00e0 coop\u00e9rer tout en affirmant vos id\u00e9es. Enfin, vous r\u00e9glez vos conflits de mani\u00e8re pacifique.<\/p>\n\n\n\n<h2><strong>Avoir la capacit\u00e9 d&rsquo;\u00eatre assertif pour adopter les bonnes attitudes<\/strong><\/h2>\n\n\n\n<p>Dans votre vie personnelle comme au travail, il est important de savoir vous affirmer et vous faire \u00e9couter. Toutefois, cela ne doit pas se faire au d\u00e9triment des autres, il vous faut donc trouver le juste milieu dans votre attitude. Dans cette optique, une <strong>formation estime de soi<\/strong> est d&rsquo;une aide pr\u00e9cieuse. Elle vous permet d&rsquo;acqu\u00e9rir une attitude assertive pour favoriser des \u00e9changes constructifs et respectueux.<\/p>\n\n\n\n<p>Avoir la capacit\u00e9 d&rsquo;\u00eatre assertif signifie que vous trouvez le bon dosage dans vos actions et attitudes. Plus pr\u00e9cis\u00e9ment, vous devez savoir faire preuve de fermet\u00e9 sans montrer de l&rsquo;agressivit\u00e9. Il faut aussi faire preuve d&rsquo;amabilit\u00e9 sans pour autant vous inhiber. Autrement dit, vous cherchez le compromis qui respecte les droits de tous les protagonistes et ne l\u00e8se personne, ce qui cr\u00e9e une dynamique positive.<\/p>\n\n\n\n<h2><strong>Apprendre \u00e0 g\u00e9rer le stress et les \u00e9motions dans toutes les situations<\/strong><\/h2>\n\n\n\n<p>Il est impossible de d\u00e9velopper l&rsquo;<strong>estime de soi au travail<\/strong> si la personne n&rsquo;est pas capable de g\u00e9rer le stress et les \u00e9motions. En effet, la capacit\u00e9 d&rsquo;\u00eatre assertif ne se d\u00e9cr\u00e8te pas. Cela implique un profond travail sur soi dans un objectif de d\u00e9veloppement personnel. En suivant une formation ad\u00e9quate, vous savez o\u00f9 et comment vous positionner. Vous \u00eates plus r\u00e9silient face aux diverses situations stressantes.<\/p>\n\n\n\n<p>Lorsque vous vous laissez submerger par le stress et les \u00e9motions n\u00e9gatives, vous vous retrouvez dans une situation de blocage. Par exemple, vous ne trouvez plus les mots justes pour exprimer ce que vous souhaitez dire. Le but est d&rsquo;arriver \u00e0 g\u00e9rer vos \u00e9motions pour avoir une expression orale fluide et percutante. Plusieurs m\u00e9thodes existent pour g\u00e9rer efficacement votre stress et vos \u00e9motions.<\/p>\n\n\n\n<h2><strong>Identifier et assimiler les bonnes habitudes et postures au quotidien<\/strong><\/h2>\n\n\n\n<p>Une <strong>formation estime de soi<\/strong> est b\u00e9n\u00e9fique pour s&rsquo;affirmer et s&rsquo;\u00e9panouir dans la vie personnelle et au travail. Elle vous enseigne \u00e0 \u00eatre responsable de vous-m\u00eame et prendre les d\u00e9cisions qui vous m\u00e8nent l\u00e0 o\u00f9 vous le souhaitez. Vous apprenez \u00e0 d\u00e9passer vos croyances limitantes, \u00e0 d\u00e9velopper votre confiance en vous et \u00e0 verbaliser vos pens\u00e9es, m\u00eame les plus n\u00e9gatives. Avoir la bonne estime de soi au travail vous permet de vous affirmer, d\u2019\u00eatre plus proactif, mais aussi de savoir accepter la critique afin d\u2019\u00e9voluer positivement sans remettre en questions votre personne ou vos comp\u00e9tences.<\/p>\n\n\n\n<p>Pour d\u00e9velopper votre estime personnelle, il est essentiel de savoir relativiser. Cela signifie que vous devez abandonner la pens\u00e9e binaire classique : \u00eatre parfait ou \u00eatre nul. Il faut apprendre \u00e0 accepter la r\u00e9alit\u00e9, \u00e9viter toute comparaison avec les autres et vous estimer \u00e0 votre juste valeur. Apprenez \u00e0 vous accepter avec vos qualit\u00e9s et vos d\u00e9fauts. Enfin, \u00e0 la fin de chaque journ\u00e9e, prenez l&rsquo;habitude de vous auto-\u00e9valuer et de vous auto-congratuler.<\/p>\n","protected":false},"excerpt":{"rendered":"<p>L&rsquo;estime de soi occupe une place importante dans la sant\u00e9 mentale. \u00catre conscient de votre valeur et de vos propres limites vous aide \u00e0 vous sentir bien dans votre peau et \u00e0 vous \u00e9panouir, que ce soit dans votre vie personnelle ou professionnelle. Cela vous permet notamment de nouer des relations saines et d&rsquo;atteindre vos [&hellip;]<\/p>\n","protected":false},"author":8,"featured_media":11820,"comment_status":"open","ping_status":"open","sticky":false,"template":"","format":"standard","meta":{"_mi_skip_tracking":false},"categories":[185],"yoast_head":"<!-- This site is optimized with the Yoast SEO plugin v16.1 - https:\/\/yoast.com\/wordpress\/plugins\/seo\/ -->\n<title>Pourquoi et comment d\u00e9velopper l&#039;estime de soi ? - Mag des comp\u00e9tences - Comundi<\/title>\n<meta name=\"description\" content=\"Une bonne estime de soi au travail permet de d\u00e9velopper sa confiance en soi et en l&#039;autre et d&#039;atteindre ses objectifs. D\u00e9couvrez nos conseils\" \/>\n<meta name=\"robots\" content=\"index, follow, max-snippet:-1, max-image-preview:large, max-video-preview:-1\" \/>\n<link rel=\"canonical\" href=\"https:\/\/www.comundi.fr\/mag-des-competences\/pourquoi-et-comment-developper-lestime-de-soi\/\" \/>\n<meta property=\"og:locale\" content=\"fr_FR\" \/>\n<meta property=\"og:type\" content=\"article\" \/>\n<meta property=\"og:title\" content=\"Pourquoi et comment d\u00e9velopper l&#039;estime de soi ? - Mag des comp\u00e9tences - Comundi\" \/>\n<meta property=\"og:description\" content=\"Une bonne estime de soi au travail permet de d\u00e9velopper sa confiance en soi et en l&#039;autre et d&#039;atteindre ses objectifs. D\u00e9couvrez nos conseils\" \/>\n<meta property=\"og:url\" content=\"https:\/\/www.comundi.fr\/mag-des-competences\/pourquoi-et-comment-developper-lestime-de-soi\/\" \/>\n<meta property=\"og:site_name\" content=\"Mag des comp\u00e9tences - Comundi\" \/>\n<meta property=\"article:publisher\" content=\"https:\/\/www.facebook.com\/Comundi\/?fref=ts\" \/>\n<meta property=\"article:published_time\" content=\"2023-10-05T06:50:00+00:00\" \/>\n<meta property=\"article:modified_time\" content=\"2023-10-04T18:39:34+00:00\" \/>\n<meta property=\"og:image\" content=\"https:\/\/www.comundi.fr\/mag-des-competences\/wp-content\/uploads\/2023\/10\/Lestime-de-soi-au-travail.jpg\" \/>\n\t<meta property=\"og:image:width\" content=\"1200\" \/>\n\t<meta property=\"og:image:height\" content=\"675\" \/>\n<meta name=\"twitter:card\" content=\"summary_large_image\" \/>\n<meta name=\"twitter:creator\" content=\"@ComundiActu\" \/>\n<meta name=\"twitter:site\" content=\"@ComundiActu\" \/>\n<meta name=\"twitter:label1\" content=\"Dur\u00e9e de lecture est.\">\n\t<meta name=\"twitter:data1\" content=\"5 minutes\">\n<script type=\"application\/ld+json\" class=\"yoast-schema-graph\">{\"@context\":\"https:\/\/schema.org\",\"@graph\":[{\"@type\":\"Organization\",\"@id\":\"https:\/\/www.comundi.fr\/mag-des-competences\/#organization\",\"name\":\"Comundi\",\"url\":\"https:\/\/www.comundi.fr\/mag-des-competences\/\",\"sameAs\":[\"https:\/\/www.facebook.com\/Comundi\/?fref=ts\",\"https:\/\/www.linkedin.com\/company\/comundi\/\",\"https:\/\/www.youtube.com\/user\/ComundiFormations\",\"https:\/\/twitter.com\/ComundiActu\"],\"logo\":{\"@type\":\"ImageObject\",\"@id\":\"https:\/\/www.comundi.fr\/mag-des-competences\/#logo\",\"inLanguage\":\"fr-FR\",\"url\":\"https:\/\/www.comundi.fr\/mag-des-competences\/wp-content\/uploads\/2018\/01\/comundi.png\",\"contentUrl\":\"https:\/\/www.comundi.fr\/mag-des-competences\/wp-content\/uploads\/2018\/01\/comundi.png\",\"width\":300,\"height\":300,\"caption\":\"Comundi\"},\"image\":{\"@id\":\"https:\/\/www.comundi.fr\/mag-des-competences\/#logo\"}},{\"@type\":\"WebSite\",\"@id\":\"https:\/\/www.comundi.fr\/mag-des-competences\/#website\",\"url\":\"https:\/\/www.comundi.fr\/mag-des-competences\/\",\"name\":\"Mag des comp\\u00e9tences - Comundi\",\"description\":\"Le magazine des m\\u00e9tiers de demain\",\"publisher\":{\"@id\":\"https:\/\/www.comundi.fr\/mag-des-competences\/#organization\"},\"potentialAction\":[{\"@type\":\"SearchAction\",\"target\":\"https:\/\/www.comundi.fr\/mag-des-competences\/?s={search_term_string}\",\"query-input\":\"required name=search_term_string\"}],\"inLanguage\":\"fr-FR\"},{\"@type\":\"ImageObject\",\"@id\":\"https:\/\/www.comundi.fr\/mag-des-competences\/pourquoi-et-comment-developper-lestime-de-soi\/#primaryimage\",\"inLanguage\":\"fr-FR\",\"url\":\"https:\/\/www.comundi.fr\/mag-des-competences\/wp-content\/uploads\/2023\/10\/Lestime-de-soi-au-travail.jpg\",\"contentUrl\":\"https:\/\/www.comundi.fr\/mag-des-competences\/wp-content\/uploads\/2023\/10\/Lestime-de-soi-au-travail.jpg\",\"width\":1200,\"height\":675,\"caption\":\"L'estime de soi au travail\"},{\"@type\":\"WebPage\",\"@id\":\"https:\/\/www.comundi.fr\/mag-des-competences\/pourquoi-et-comment-developper-lestime-de-soi\/#webpage\",\"url\":\"https:\/\/www.comundi.fr\/mag-des-competences\/pourquoi-et-comment-developper-lestime-de-soi\/\",\"name\":\"Pourquoi et comment d\\u00e9velopper l'estime de soi ? - Mag des comp\\u00e9tences - Comundi\",\"isPartOf\":{\"@id\":\"https:\/\/www.comundi.fr\/mag-des-competences\/#website\"},\"primaryImageOfPage\":{\"@id\":\"https:\/\/www.comundi.fr\/mag-des-competences\/pourquoi-et-comment-developper-lestime-de-soi\/#primaryimage\"},\"datePublished\":\"2023-10-05T06:50:00+00:00\",\"dateModified\":\"2023-10-04T18:39:34+00:00\",\"description\":\"Une bonne estime de soi au travail permet de d\\u00e9velopper sa confiance en soi et en l'autre et d'atteindre ses objectifs. D\\u00e9couvrez nos conseils\",\"breadcrumb\":{\"@id\":\"https:\/\/www.comundi.fr\/mag-des-competences\/pourquoi-et-comment-developper-lestime-de-soi\/#breadcrumb\"},\"inLanguage\":\"fr-FR\",\"potentialAction\":[{\"@type\":\"ReadAction\",\"target\":[\"https:\/\/www.comundi.fr\/mag-des-competences\/pourquoi-et-comment-developper-lestime-de-soi\/\"]}]},{\"@type\":\"BreadcrumbList\",\"@id\":\"https:\/\/www.comundi.fr\/mag-des-competences\/pourquoi-et-comment-developper-lestime-de-soi\/#breadcrumb\",\"itemListElement\":[{\"@type\":\"ListItem\",\"position\":1,\"item\":{\"@type\":\"WebPage\",\"@id\":\"https:\/\/www.comundi.fr\/mag-des-competences\/\",\"url\":\"https:\/\/www.comundi.fr\/mag-des-competences\/\",\"name\":\"Accueil\"}},{\"@type\":\"ListItem\",\"position\":2,\"item\":{\"@type\":\"WebPage\",\"@id\":\"https:\/\/www.comundi.fr\/mag-des-competences\/pourquoi-et-comment-developper-lestime-de-soi\/\",\"url\":\"https:\/\/www.comundi.fr\/mag-des-competences\/pourquoi-et-comment-developper-lestime-de-soi\/\",\"name\":\"Pourquoi et comment d\\u00e9velopper l&rsquo;estime de soi ?\"}}]},{\"@type\":\"Article\",\"@id\":\"https:\/\/www.comundi.fr\/mag-des-competences\/pourquoi-et-comment-developper-lestime-de-soi\/#article\",\"isPartOf\":{\"@id\":\"https:\/\/www.comundi.fr\/mag-des-competences\/pourquoi-et-comment-developper-lestime-de-soi\/#webpage\"},\"author\":{\"@id\":\"https:\/\/www.comundi.fr\/mag-des-competences\/#\/schema\/person\/d08f5c2cf9de6fcfd33c30314745578e\"},\"headline\":\"Pourquoi et comment d\\u00e9velopper l&rsquo;estime de soi ?\",\"datePublished\":\"2023-10-05T06:50:00+00:00\",\"dateModified\":\"2023-10-04T18:39:34+00:00\",\"mainEntityOfPage\":{\"@id\":\"https:\/\/www.comundi.fr\/mag-des-competences\/pourquoi-et-comment-developper-lestime-de-soi\/#webpage\"},\"commentCount\":1,\"publisher\":{\"@id\":\"https:\/\/www.comundi.fr\/mag-des-competences\/#organization\"},\"image\":{\"@id\":\"https:\/\/www.comundi.fr\/mag-des-competences\/pourquoi-et-comment-developper-lestime-de-soi\/#primaryimage\"},\"articleSection\":\"D\\u00e9veloppement personnel\",\"inLanguage\":\"fr-FR\",\"potentialAction\":[{\"@type\":\"CommentAction\",\"name\":\"Comment\",\"target\":[\"https:\/\/www.comundi.fr\/mag-des-competences\/pourquoi-et-comment-developper-lestime-de-soi\/#respond\"]}]},{\"@type\":\"Person\",\"@id\":\"https:\/\/www.comundi.fr\/mag-des-competences\/#\/schema\/person\/d08f5c2cf9de6fcfd33c30314745578e\",\"name\":\"Comundi\",\"image\":{\"@type\":\"ImageObject\",\"@id\":\"https:\/\/www.comundi.fr\/mag-des-competences\/#personlogo\",\"inLanguage\":\"fr-FR\",\"url\":\"https:\/\/secure.gravatar.com\/avatar\/da2835ae7b2c1279e8e897d242f4cda6?s=96&d=mm&r=g\",\"contentUrl\":\"https:\/\/secure.gravatar.com\/avatar\/da2835ae7b2c1279e8e897d242f4cda6?s=96&d=mm&r=g\",\"caption\":\"Comundi\"}}]}<\/script>\n<!-- \/ Yoast SEO plugin. -->","amp_enabled":true,"_links":{"self":[{"href":"https:\/\/www.comundi.fr\/mag-des-competences\/wp-json\/wp\/v2\/posts\/11816"}],"collection":[{"href":"https:\/\/www.comundi.fr\/mag-des-competences\/wp-json\/wp\/v2\/posts"}],"about":[{"href":"https:\/\/www.comundi.fr\/mag-des-competences\/wp-json\/wp\/v2\/types\/post"}],"author":[{"embeddable":true,"href":"https:\/\/www.comundi.fr\/mag-des-competences\/wp-json\/wp\/v2\/users\/8"}],"replies":[{"embeddable":true,"href":"https:\/\/www.comundi.fr\/mag-des-competences\/wp-json\/wp\/v2\/comments?post=11816"}],"version-history":[{"count":1,"href":"https:\/\/www.comundi.fr\/mag-des-competences\/wp-json\/wp\/v2\/posts\/11816\/revisions"}],"predecessor-version":[{"id":11819,"href":"https:\/\/www.comundi.fr\/mag-des-competences\/wp-json\/wp\/v2\/posts\/11816\/revisions\/11819"}],"wp:featuredmedia":[{"embeddable":true,"href":"https:\/\/www.comundi.fr\/mag-des-competences\/wp-json\/wp\/v2\/media\/11820"}],"wp:attachment":[{"href":"https:\/\/www.comundi.fr\/mag-des-competences\/wp-json\/wp\/v2\/media?parent=11816"}],"wp:term":[{"taxonomy":"category","embeddable":true,"href":"https:\/\/www.comundi.fr\/mag-des-competences\/wp-json\/wp\/v2\/categories?post=11816"}],"curies":[{"name":"wp","href":"https:\/\/api.w.org\/{rel}","templated":true}]}}