{"id":11748,"date":"2023-09-05T09:22:40","date_gmt":"2023-09-05T07:22:40","guid":{"rendered":"https:\/\/www.comundi.fr\/mag-des-competences\/?p=11748"},"modified":"2023-09-07T15:14:01","modified_gmt":"2023-09-07T13:14:01","slug":"teletravail-salaires-recrutements-les-chantiers-rh-de-la-rentree","status":"publish","type":"post","link":"https:\/\/www.comundi.fr\/mag-des-competences\/teletravail-salaires-recrutements-les-chantiers-rh-de-la-rentree\/","title":{"rendered":"T\u00e9l\u00e9travail, salaires, recrutements : les chantiers RH de la rentr\u00e9e"},"content":{"rendered":"\n<p>Avec le ralentissement de la croissance, les salari\u00e9s perdent peu \u00e0 peu la main face aux employeurs. Cela devrait bient\u00f4t se ressentir dans les n\u00e9gociations salariales et les p\u00e9nuries de main-d\u2019\u0153uvre.<\/p>\n\n\n\n<p>Les chefs d&rsquo;entreprise vont-ils encore s&rsquo;arracher les cheveux cet automne pour trouver du personnel ? \u00ab Mon sentiment est que les p\u00e9nuries se calment. Le nombre de postes vacants recule depuis six mois. On trouve davantage de personnel \u00bb, constate Roland Gomez, le patron de Proman, le num\u00e9ro quatre de l&rsquo;int\u00e9rim en France.<\/p>\n\n\n\n<p>Le r\u00e9sultat de l&rsquo;\u00e9volution de la conjoncture \u00e9conomique, d&rsquo;abord. \u00ab Les chefs d&rsquo;entreprise nous parlent moins de p\u00e9nurie. Leur pr\u00e9occupation premi\u00e8re est d\u00e9sormais le manque de visibilit\u00e9 sur leur carnet de commandes, le flou sur leurs plans de charges \u00bb, ajoute ce sp\u00e9cialiste.<\/p>\n\n\n\n<p>Pour beaucoup, c&rsquo;est \u00e9galement l&rsquo;heure des choix en mati\u00e8re d&rsquo;organisation du travail. \u00ab Depuis le Covid, les diff\u00e9rents modes ont \u00e9t\u00e9 test\u00e9s, et il faut maintenant choisir son mod\u00e8le : 100 % de t\u00e9l\u00e9travail ? Le plus possible au bureau ? Syst\u00e8me \u00e0 la carte ? C&rsquo;est le moment de trancher \u00bb, juge un patron appartenant au monde du conseil.<strong><\/strong><\/p>\n\n\n\n<h2><strong>Accalmie sur les salaires<\/strong><\/h2>\n\n\n\n<p>Voil\u00e0 la tonalit\u00e9 g\u00e9n\u00e9rale du moment sur le front RH en France. \u00ab Les entreprises sont plus attentistes, confirme Fr\u00e9d\u00e9ric Coirier, le pr\u00e9sident du Meti, la f\u00e9d\u00e9ration des entreprises moyennes. La cr\u00e9ation d&#8217;emploi se poursuit, mais \u00e0 petit rythme \u00bb, dit-il. De plus de 10.000 cr\u00e9ations nettes par mois l&rsquo;an dernier, les entreprises qu&rsquo;il repr\u00e9sente sont tomb\u00e9es \u00e0 moins de 3.000 en ce moment.<\/p>\n\n\n\n<p>Concr\u00e8tement, la balance qui penchait s\u00e9rieusement en faveur des salari\u00e9s l&rsquo;an dernier s&rsquo;est recentr\u00e9e en faveur des entreprises. Cela se ressent sur l&rsquo;aspect salarial. Cette saison, les n\u00e9gociations ne devraient pas conduire \u00e0 de fortes augmentations, du moins pas autant que l&rsquo;an dernier, qui avait abouti \u00e0 des hausses de 4-5 % de la masse salariale en moyenne. L&rsquo;essentiel de la vague de l&rsquo;inflation est pass\u00e9, juge le patronat.<\/p>\n\n\n\n<h2><strong>Situation nuanc\u00e9e<\/strong><\/h2>\n\n\n\n<p>\u00ab Nous avons fait le job l&rsquo;an dernier pour aligner les salaires sur l&rsquo;inflation. A priori, et sauf mauvais chiffres sur la hausse des prix \u00e0 la rentr\u00e9e, les clauses de revoyure ne donneront rien \u00bb, tranche un dirigeant industriel.<\/p>\n\n\n\n<p>Dans le d\u00e9tail, la situation est souvent plus nuanc\u00e9e et les tensions sur le recrutement restent parfois vives. Le manque de main-d&rsquo;oeuvre se fait toujours ressentir dans l&rsquo;industrie, et chez les cadres, par exemple. \u00ab Les m\u00e9tiers p\u00e9nibles physiquement et mal r\u00e9mun\u00e9r\u00e9s dans la construction, la s\u00e9curit\u00e9, la propret\u00e9, ou ceux aux horaires charg\u00e9s \u00e0 l&rsquo;instar de l&rsquo;h\u00f4tellerie et de la restauration, restent peu attirants \u00bb et en mal de bras, souligne Roland Gomez, chez Proman.<\/p>\n\n\n\n<p>\u00ab C&rsquo;est un peu moins tendu dans l&rsquo;h\u00f4tellerie car les salaires ont augment\u00e9 l&rsquo;an dernier \u00bb temp\u00e8re Vangu\u00e9lis Panayotis, le pr\u00e9sident du cabinet MKG Consulting. Cela a mis un peu de temps \u00e0 produire ses effets, mais le m\u00e9tier est d\u00e9sormais plus attractif\ufeff. Mais nous n&rsquo;avons pas retrouv\u00e9 les anciens collaborateurs, notamment dans les \u00e9tablissements de luxe \u00bb, dit-il. Dans l&rsquo;\u00e9v\u00e9nementiel, en pr\u00e9vision des Jeux Olympiques, les acteurs ont s\u00e9curis\u00e9 les recrutements en proposant de meilleurs salaires et en s&rsquo;engageant sur la dur\u00e9e, pointe G\u00e9rard Pont, cofondateur de Morgane Production (Les Francos, le Printemps de Bourges\u2026).<\/p>\n\n\n\n<p>Le contexte reste aussi complexe dans le b\u00e2timent, o\u00f9 le manque de main-d&rsquo;oeuvre persiste, malgr\u00e9 la crise de la construction de logements. Selon une r\u00e9cente note de l&rsquo;Insee, \u00ab la proportion de chefs d&rsquo;entreprise d\u00e9clarant faire face \u00e0 une insuffisance de personnel est quasi stable (42 %) \u00e0 un niveau bien sup\u00e9rieur \u00e0 sa moyenne de longue p\u00e9riode \u00bb. En parall\u00e8le, les perspectives de cr\u00e9ation d&#8217;emplois du secteur continuent de se d\u00e9grader, un mouvement enclench\u00e9 en d\u00e9but d&rsquo;ann\u00e9e. Pour m\u00e9moire, le b\u00e2timent a cr\u00e9\u00e9, \u00e0 la fin 2022, pr\u00e8s de 100.000 postes en trois ans, et plus 120.000 en incluant les non-salari\u00e9s, selon la f\u00e9d\u00e9ration professionnelle FFB.<\/p>\n\n\n\n<p>Par Martine Robert, Yann Duvert, Christophe Palierse, Julien Dupont-Calbo<\/p>\n","protected":false},"excerpt":{"rendered":"<p>Avec le ralentissement de la croissance, les salari\u00e9s perdent peu \u00e0 peu la main face aux employeurs. Cela devrait bient\u00f4t se ressentir dans les n\u00e9gociations salariales et les p\u00e9nuries de main-d\u2019\u0153uvre. Les chefs d&rsquo;entreprise vont-ils encore s&rsquo;arracher les cheveux cet automne pour trouver du personnel ? \u00ab Mon sentiment est que les p\u00e9nuries se calment. [&hellip;]<\/p>\n","protected":false},"author":6,"featured_media":11749,"comment_status":"open","ping_status":"open","sticky":false,"template":"","format":"standard","meta":{"_mi_skip_tracking":false},"categories":[200],"yoast_head":"<!-- This site is optimized with the Yoast SEO plugin v16.1 - https:\/\/yoast.com\/wordpress\/plugins\/seo\/ -->\n<title>T\u00e9l\u00e9travail, salaires, recrutements : les chantiers RH de la rentr\u00e9e - Mag des comp\u00e9tences - Comundi<\/title>\n<meta name=\"robots\" content=\"noindex, nofollow\" \/>\n<meta property=\"og:locale\" content=\"fr_FR\" \/>\n<meta property=\"og:type\" content=\"article\" \/>\n<meta property=\"og:title\" content=\"T\u00e9l\u00e9travail, salaires, recrutements : les chantiers RH de la rentr\u00e9e - Mag des comp\u00e9tences - Comundi\" \/>\n<meta property=\"og:description\" content=\"Avec le ralentissement de la croissance, les salari\u00e9s perdent peu \u00e0 peu la main face aux employeurs. Cela devrait bient\u00f4t se ressentir dans les n\u00e9gociations salariales et les p\u00e9nuries de main-d\u2019\u0153uvre. Les chefs d&rsquo;entreprise vont-ils encore s&rsquo;arracher les cheveux cet automne pour trouver du personnel ? \u00ab Mon sentiment est que les p\u00e9nuries se calment. [&hellip;]\" \/>\n<meta property=\"og:url\" content=\"https:\/\/www.comundi.fr\/mag-des-competences\/teletravail-salaires-recrutements-les-chantiers-rh-de-la-rentree\/\" \/>\n<meta property=\"og:site_name\" content=\"Mag des comp\u00e9tences - Comundi\" \/>\n<meta property=\"article:publisher\" content=\"https:\/\/www.facebook.com\/Comundi\/?fref=ts\" \/>\n<meta property=\"article:published_time\" content=\"2023-09-05T07:22:40+00:00\" \/>\n<meta property=\"article:modified_time\" content=\"2023-09-07T13:14:01+00:00\" \/>\n<meta property=\"og:image\" content=\"https:\/\/www.comundi.fr\/mag-des-competences\/wp-content\/uploads\/2023\/09\/Les-chantiers-RH-de-la-rentree.jpg\" \/>\n\t<meta property=\"og:image:width\" content=\"1200\" \/>\n\t<meta property=\"og:image:height\" content=\"675\" \/>\n<meta name=\"twitter:card\" content=\"summary_large_image\" \/>\n<meta name=\"twitter:creator\" content=\"@ComundiActu\" \/>\n<meta name=\"twitter:site\" content=\"@ComundiActu\" \/>\n<meta name=\"twitter:label1\" content=\"Dur\u00e9e de lecture est.\">\n\t<meta name=\"twitter:data1\" content=\"3 minutes\">\n<script type=\"application\/ld+json\" class=\"yoast-schema-graph\">{\"@context\":\"https:\/\/schema.org\",\"@graph\":[{\"@type\":\"Organization\",\"@id\":\"https:\/\/www.comundi.fr\/mag-des-competences\/#organization\",\"name\":\"Comundi\",\"url\":\"https:\/\/www.comundi.fr\/mag-des-competences\/\",\"sameAs\":[\"https:\/\/www.facebook.com\/Comundi\/?fref=ts\",\"https:\/\/www.linkedin.com\/company\/comundi\/\",\"https:\/\/www.youtube.com\/user\/ComundiFormations\",\"https:\/\/twitter.com\/ComundiActu\"],\"logo\":{\"@type\":\"ImageObject\",\"@id\":\"https:\/\/www.comundi.fr\/mag-des-competences\/#logo\",\"inLanguage\":\"fr-FR\",\"url\":\"https:\/\/www.comundi.fr\/mag-des-competences\/wp-content\/uploads\/2018\/01\/comundi.png\",\"contentUrl\":\"https:\/\/www.comundi.fr\/mag-des-competences\/wp-content\/uploads\/2018\/01\/comundi.png\",\"width\":300,\"height\":300,\"caption\":\"Comundi\"},\"image\":{\"@id\":\"https:\/\/www.comundi.fr\/mag-des-competences\/#logo\"}},{\"@type\":\"WebSite\",\"@id\":\"https:\/\/www.comundi.fr\/mag-des-competences\/#website\",\"url\":\"https:\/\/www.comundi.fr\/mag-des-competences\/\",\"name\":\"Mag des comp\\u00e9tences - Comundi\",\"description\":\"Le magazine des m\\u00e9tiers de demain\",\"publisher\":{\"@id\":\"https:\/\/www.comundi.fr\/mag-des-competences\/#organization\"},\"potentialAction\":[{\"@type\":\"SearchAction\",\"target\":\"https:\/\/www.comundi.fr\/mag-des-competences\/?s={search_term_string}\",\"query-input\":\"required name=search_term_string\"}],\"inLanguage\":\"fr-FR\"},{\"@type\":\"ImageObject\",\"@id\":\"https:\/\/www.comundi.fr\/mag-des-competences\/teletravail-salaires-recrutements-les-chantiers-rh-de-la-rentree\/#primaryimage\",\"inLanguage\":\"fr-FR\",\"url\":\"https:\/\/www.comundi.fr\/mag-des-competences\/wp-content\/uploads\/2023\/09\/Les-chantiers-RH-de-la-rentree.jpg\",\"contentUrl\":\"https:\/\/www.comundi.fr\/mag-des-competences\/wp-content\/uploads\/2023\/09\/Les-chantiers-RH-de-la-rentree.jpg\",\"width\":1200,\"height\":675,\"caption\":\"Les chantiers RH de la rentr\\u00e9e\"},{\"@type\":\"WebPage\",\"@id\":\"https:\/\/www.comundi.fr\/mag-des-competences\/teletravail-salaires-recrutements-les-chantiers-rh-de-la-rentree\/#webpage\",\"url\":\"https:\/\/www.comundi.fr\/mag-des-competences\/teletravail-salaires-recrutements-les-chantiers-rh-de-la-rentree\/\",\"name\":\"T\\u00e9l\\u00e9travail, salaires, recrutements : les chantiers RH de la rentr\\u00e9e - Mag des comp\\u00e9tences - Comundi\",\"isPartOf\":{\"@id\":\"https:\/\/www.comundi.fr\/mag-des-competences\/#website\"},\"primaryImageOfPage\":{\"@id\":\"https:\/\/www.comundi.fr\/mag-des-competences\/teletravail-salaires-recrutements-les-chantiers-rh-de-la-rentree\/#primaryimage\"},\"datePublished\":\"2023-09-05T07:22:40+00:00\",\"dateModified\":\"2023-09-07T13:14:01+00:00\",\"breadcrumb\":{\"@id\":\"https:\/\/www.comundi.fr\/mag-des-competences\/teletravail-salaires-recrutements-les-chantiers-rh-de-la-rentree\/#breadcrumb\"},\"inLanguage\":\"fr-FR\",\"potentialAction\":[{\"@type\":\"ReadAction\",\"target\":[\"https:\/\/www.comundi.fr\/mag-des-competences\/teletravail-salaires-recrutements-les-chantiers-rh-de-la-rentree\/\"]}]},{\"@type\":\"BreadcrumbList\",\"@id\":\"https:\/\/www.comundi.fr\/mag-des-competences\/teletravail-salaires-recrutements-les-chantiers-rh-de-la-rentree\/#breadcrumb\",\"itemListElement\":[{\"@type\":\"ListItem\",\"position\":1,\"item\":{\"@type\":\"WebPage\",\"@id\":\"https:\/\/www.comundi.fr\/mag-des-competences\/\",\"url\":\"https:\/\/www.comundi.fr\/mag-des-competences\/\",\"name\":\"Accueil\"}},{\"@type\":\"ListItem\",\"position\":2,\"item\":{\"@type\":\"WebPage\",\"@id\":\"https:\/\/www.comundi.fr\/mag-des-competences\/teletravail-salaires-recrutements-les-chantiers-rh-de-la-rentree\/\",\"url\":\"https:\/\/www.comundi.fr\/mag-des-competences\/teletravail-salaires-recrutements-les-chantiers-rh-de-la-rentree\/\",\"name\":\"T\\u00e9l\\u00e9travail, salaires, recrutements : les chantiers RH de la rentr\\u00e9e\"}}]},{\"@type\":\"Article\",\"@id\":\"https:\/\/www.comundi.fr\/mag-des-competences\/teletravail-salaires-recrutements-les-chantiers-rh-de-la-rentree\/#article\",\"isPartOf\":{\"@id\":\"https:\/\/www.comundi.fr\/mag-des-competences\/teletravail-salaires-recrutements-les-chantiers-rh-de-la-rentree\/#webpage\"},\"author\":{\"@id\":\"https:\/\/www.comundi.fr\/mag-des-competences\/#\/schema\/person\/96b8f219e4cddee126473c6fbcc0e089\"},\"headline\":\"T\\u00e9l\\u00e9travail, salaires, recrutements : les chantiers RH de la rentr\\u00e9e\",\"datePublished\":\"2023-09-05T07:22:40+00:00\",\"dateModified\":\"2023-09-07T13:14:01+00:00\",\"mainEntityOfPage\":{\"@id\":\"https:\/\/www.comundi.fr\/mag-des-competences\/teletravail-salaires-recrutements-les-chantiers-rh-de-la-rentree\/#webpage\"},\"commentCount\":0,\"publisher\":{\"@id\":\"https:\/\/www.comundi.fr\/mag-des-competences\/#organization\"},\"image\":{\"@id\":\"https:\/\/www.comundi.fr\/mag-des-competences\/teletravail-salaires-recrutements-les-chantiers-rh-de-la-rentree\/#primaryimage\"},\"articleSection\":\"Ressources humaines\",\"inLanguage\":\"fr-FR\",\"potentialAction\":[{\"@type\":\"CommentAction\",\"name\":\"Comment\",\"target\":[\"https:\/\/www.comundi.fr\/mag-des-competences\/teletravail-salaires-recrutements-les-chantiers-rh-de-la-rentree\/#respond\"]}]},{\"@type\":\"Person\",\"@id\":\"https:\/\/www.comundi.fr\/mag-des-competences\/#\/schema\/person\/96b8f219e4cddee126473c6fbcc0e089\",\"name\":\"Les Echos\",\"image\":{\"@type\":\"ImageObject\",\"@id\":\"https:\/\/www.comundi.fr\/mag-des-competences\/#personlogo\",\"inLanguage\":\"fr-FR\",\"url\":\"https:\/\/secure.gravatar.com\/avatar\/041d1b3114ce5dce17eaefa721d4ed06?s=96&d=mm&r=g\",\"contentUrl\":\"https:\/\/secure.gravatar.com\/avatar\/041d1b3114ce5dce17eaefa721d4ed06?s=96&d=mm&r=g\",\"caption\":\"Les Echos\"}}]}<\/script>\n<!-- \/ Yoast SEO plugin. -->","amp_enabled":true,"_links":{"self":[{"href":"https:\/\/www.comundi.fr\/mag-des-competences\/wp-json\/wp\/v2\/posts\/11748"}],"collection":[{"href":"https:\/\/www.comundi.fr\/mag-des-competences\/wp-json\/wp\/v2\/posts"}],"about":[{"href":"https:\/\/www.comundi.fr\/mag-des-competences\/wp-json\/wp\/v2\/types\/post"}],"author":[{"embeddable":true,"href":"https:\/\/www.comundi.fr\/mag-des-competences\/wp-json\/wp\/v2\/users\/6"}],"replies":[{"embeddable":true,"href":"https:\/\/www.comundi.fr\/mag-des-competences\/wp-json\/wp\/v2\/comments?post=11748"}],"version-history":[{"count":1,"href":"https:\/\/www.comundi.fr\/mag-des-competences\/wp-json\/wp\/v2\/posts\/11748\/revisions"}],"predecessor-version":[{"id":11750,"href":"https:\/\/www.comundi.fr\/mag-des-competences\/wp-json\/wp\/v2\/posts\/11748\/revisions\/11750"}],"wp:featuredmedia":[{"embeddable":true,"href":"https:\/\/www.comundi.fr\/mag-des-competences\/wp-json\/wp\/v2\/media\/11749"}],"wp:attachment":[{"href":"https:\/\/www.comundi.fr\/mag-des-competences\/wp-json\/wp\/v2\/media?parent=11748"}],"wp:term":[{"taxonomy":"category","embeddable":true,"href":"https:\/\/www.comundi.fr\/mag-des-competences\/wp-json\/wp\/v2\/categories?post=11748"}],"curies":[{"name":"wp","href":"https:\/\/api.w.org\/{rel}","templated":true}]}}