{"id":11675,"date":"2023-08-03T08:50:00","date_gmt":"2023-08-03T06:50:00","guid":{"rendered":"https:\/\/www.comundi.fr\/mag-des-competences\/?p=11675"},"modified":"2025-09-01T11:56:08","modified_gmt":"2025-09-01T09:56:08","slug":"ameliorer-sa-communication-au-travail-pour-un-environnement-sain-et-productif","status":"publish","type":"post","link":"https:\/\/www.comundi.fr\/mag-des-competences\/ameliorer-sa-communication-au-travail-pour-un-environnement-sain-et-productif\/","title":{"rendered":"Comment am\u00e9liorer sa communication au travail pour cr\u00e9er un environnement sain et productif ?"},"content":{"rendered":"\n<p>En milieu professionnel, le dynamisme du personnel d\u00e9pend largement de la qualit\u00e9 de l\u2019environnement. Lorsque l\u2019atmosph\u00e8re est saine et qu\u2019elle mise sur la consid\u00e9ration de chaque employ\u00e9, cela se ressent aussit\u00f4t \u00e0 travers des r\u00e9sultats positifs. Pour am\u00e9liorer leur productivit\u00e9, de nombreuses entreprises mettent en \u0153uvre une communication forte et \u00e9quilibr\u00e9e. <\/p>\n\n\n\n<p>Pourquoi cela est-il important et comment rendre la <strong>communication au travail<\/strong> plus performante ?<\/p>\n\n\n\n<h2><strong>Pourquoi faut-il am\u00e9liorer la communication en entreprise ?<\/strong><\/h2>\n\n\n\n<p>La communication est un facteur qui se place au c\u0153ur de toute logique de d\u00e9veloppement ou de croissance. En milieu professionnel, il s\u2019agit, plus simplement, des techniques permettant de faire passer un message \u00e0 des \u00e9quipes de travail, \u00e0 des sup\u00e9rieurs ou \u00e0 des collaborateurs directs.<br><br>Quel que soit le secteur d\u2019activit\u00e9 concern\u00e9, les d\u00e9marches de travail et les m\u00e9thodes de productions ne seront valablement comprises que si elles ont \u00e9t\u00e9 correctement pr\u00e9sent\u00e9es au public concern\u00e9. De m\u00eame, les employ\u00e9s pourront s\u2019exprimer plus facilement si l\u2019environnement professionnel les y autorise. Pour qu\u2019ils soient encourag\u00e9s \u00e0 travailler efficacement, il est important de les toucher de la meilleure des mani\u00e8res. Dans cette logique, la mise en \u0153uvre d\u2019une excellente communication pr\u00e9sente divers avantages, tant pour les employ\u00e9s que pour l\u2019\u00e9quipe dirigeante :<br><br>\u2022 cr\u00e9er un climat propice \u00e0 l\u2019\u00e9change et au travail,<br>\u2022 favoriser la cr\u00e9ation de liens significatifs au sein du personnel,<br>\u2022 pr\u00e9venir les conflits et pouvoir les r\u00e9soudre efficacement,<br>\u2022 <a href=\"https:\/\/www.comundi.fr\/mag-des-competences\/communication-positive-comment-la-mettre-en-place\/\">optimiser l\u2019\u00e9nergie du groupe et le redynamiser<\/a>,<br>\u2022 f\u00e9d\u00e9rer les employ\u00e9s autour de l\u2019objectif d\u2019une r\u00e9ussite commune.<\/p>\n\n\n\n<h2><strong>Miser sur des m\u00e9thodes simples et pratiques pour am\u00e9liorer la communication au travail<\/strong><\/h2>\n\n\n\n<p>Dans certaines entreprises, il est conseill\u00e9 de suivre une <strong><a href=\"https:\/\/www.comundi.fr\/formations\/formation-co-developpement-ameliorer-sa-communication-relationnelle.html\">formation pour am\u00e9liorer sa communication<\/a><\/strong>. Cette solution s\u2019adresse majoritairement aux RH, mais aussi aux chefs d\u2019\u00e9quipe et aux responsables \u00e0 divers niveaux. <a href=\"https:\/\/www.comundi.fr\/mag-des-competences\/4-raisons-dutiliser-le-profiling-pour-ameliorer-votre-communication-interne\/\">Plusieurs autres m\u00e9thodes<\/a> peuvent \u00eatre employ\u00e9es dans ce sens.<\/p>\n\n\n\n<h2><strong>Privil\u00e9gier les communications en personne<\/strong><\/h2>\n\n\n\n<p>La communication peut se faire en personne ou \u00e0 travers un support num\u00e9rique. Lorsqu\u2019on vise l\u2019efficacit\u00e9, il est important de transmettre les bonnes informations au bon moment. Dans ce contexte, notez que les \u00e9changes en personne limitent les risques d\u2019erreur et permettent \u00e0 chacun de s\u2019exprimer en retour.<br><br>M\u00eame lorsqu\u2019une \u00e9quipe travaille sur un projet \u00e0 distance, il est conseill\u00e9 d\u2019organiser des visioconf\u00e9rences r\u00e9guli\u00e8res ou tout au moins des appels t\u00e9l\u00e9phoniques. Cela permet de discerner les expressions faciales des collaborateurs ou le ton de leur voix. Cette m\u00e9thode favorise une communication honn\u00eate et fluide. Bien entendu, les documents et les commentaires peuvent \u00eatre partag\u00e9s \u00e0 travers un outil num\u00e9rique. Ils seront mieux per\u00e7us s\u2019ils sont accompagn\u00e9s par une r\u00e9elle discussion.<\/p>\n\n\n\n<h2><strong>D\u00e9velopper sa capacit\u00e9 \u00e0 bien communiquer<\/strong><\/h2>\n\n\n\n<p>Que ce soit dans un cadre personnel ou professionnel, il est possible de choisir une <strong><a href=\"https:\/\/www.comundi.fr\/formations\/formation-techniques-de-communication-relationnelle.html\">formation pour am\u00e9liorer sa communication<\/a><\/strong>. Vous aurez ainsi l\u2019occasion d\u2019apprendre plusieurs techniques, depuis la prise de parole jusqu\u2019\u00e0 la gestion des diff\u00e9rends en entreprise. Bien communiquer ne signifie pas \u00eatre d\u2019accord avec les opinions de ses interlocuteurs. Il faut plut\u00f4t trouver le moyen de pr\u00e9senter efficacement son point de vue, et dans un contexte professionnel, <a href=\"https:\/\/www.comundi.fr\/mag-des-competences\/les-5-cles-de-la-communication-pour-renforcer-son-leadership\/\">faire adh\u00e9rer les \u00e9quipes \u00e0 la vision des dirigeants<\/a>.<br><br><a href=\"https:\/\/www.comundi.fr\/formations\/formation-communiquer-clairement-a-l-ecrit-et-a-l-oral.html\">Le bon communicateur veille \u00e0 utiliser un langage clair et \u00e0 choisir ses mots avec soin<\/a>. Il essaie autant que possible de formuler des demandes et non des exigences. Quel que soit le public consid\u00e9r\u00e9, les humains sont plus r\u00e9ceptifs aux suggestions plut\u00f4t qu\u2019aux critiques. <\/p>\n\n\n\n<p>Si vous devez \u00e9mettre des critiques, il est important qu\u2019elles s\u2019accompagnent d\u2019id\u00e9es d\u2019am\u00e9lioration. Autrement, ce sont les critiques qui resteront \u00e0 l\u2019esprit de vos interlocuteurs, une fois la discussion termin\u00e9e.<\/p>\n\n\n\n<h2><strong>Faire attention au ton de sa voix et au langage corporel<\/strong><\/h2>\n\n\n\n<p>Autant les mots sont importants, autant la <a href=\"https:\/\/www.comundi.fr\/mag-des-competences\/communication-non-verbale-comment-decoder-le-langage-corporel\/\">communication non verbale<\/a> l\u2019est aussi. Or, l\u2019\u00e9tat int\u00e9rieur d\u2019une personne peut agir sur son comportement. Si un communicateur est fatigu\u00e9 ou stress\u00e9 sur le plan personnel, il aura tendance \u00e0 se passer la main sur le front, croiser les bras ou pousser des soupirs. <\/p>\n\n\n\n<p>Tous ces petits d\u00e9tails peuvent diluer l\u2019importance du message ou donner une interpr\u00e9tation erron\u00e9e au public auquel il s\u2019adresse. Avant de prendre la parole, il est important de se cr\u00e9er une expression faciale neutre et faire attention \u00e0 ne pas transmettre des signaux involontaires.<\/p>\n\n\n\n<h2><strong>S\u2019en tenir aux faits et \u00e9viter de faire r\u00e9f\u00e9rence aux rumeurs<\/strong><\/h2>\n\n\n\n<p>Pour une <strong>communication au travail <\/strong>ouverte et harmonieuse, il est pr\u00e9f\u00e9rable de bannir les mythes, les \u00ab on-dit \u00bb et les t\u00e9moignages. Le bon communicant s\u2019en tiendra plut\u00f4t aux faits, \u00e0 tout \u00e9v\u00e9nement qui a r\u00e9ellement eu lieu et dont les preuves sont disponibles. L\u2019\u00e9vocation de rumeurs dans une discussion d\u2019\u00e9quipe peut avoir trois inconv\u00e9nients majeurs :<br><br>\u2022 instaurer une atmosph\u00e8re de suspicion au sein du groupe,<br>\u2022 d\u00e9tourner les collaborateurs de leurs t\u00e2ches principales en les d\u00e9concentrant,<br>\u2022 fragiliser la coh\u00e9sion et pousser les collaborateurs \u00e0 former des sortes de clans.<\/p>\n\n\n\n<h2><strong>S\u2019assurer que l\u2019on s\u2019adresse \u00e0 la bonne personne<\/strong><\/h2>\n\n\n\n<p>Quel que soit le contenu d\u2019une communication, elle ne produira les effets attendus, que si elle est re\u00e7ue par le bon destinataire. Il est alors important de v\u00e9rifier que les personnes auxquelles on s\u2019adresse, sont celles concern\u00e9es par le message. Cela permet de gagner du temps, tout en \u00e9vitant les probl\u00e8mes de compr\u00e9hension.<br><br>Au cours des derni\u00e8res ann\u00e9es, les entreprises ont \u00e9norm\u00e9ment mis\u00e9 sur la <strong>communication au travail<\/strong>. Les r\u00e9sultats d\u2019une bonne d\u00e9marche se ressentent \u00e0 travers l\u2019am\u00e9lioration des relations professionnelles, mais aussi, sur le plan des performances et de la productivit\u00e9.<\/p>\n\n\n\n<p>Notre <a href=\"https:\/\/www.comundi.fr\/formations\/formation-communication-interne.html\">formation peut vous aider \u00e0 am\u00e9liorer votre communication interne<\/a>.<\/p>\n","protected":false},"excerpt":{"rendered":"<p>En milieu professionnel, le dynamisme du personnel d\u00e9pend largement de la qualit\u00e9 de l\u2019environnement. Lorsque l\u2019atmosph\u00e8re est saine et qu\u2019elle mise sur la consid\u00e9ration de chaque employ\u00e9, cela se ressent aussit\u00f4t \u00e0 travers des r\u00e9sultats positifs. Pour am\u00e9liorer leur productivit\u00e9, de nombreuses entreprises mettent en \u0153uvre une communication forte et \u00e9quilibr\u00e9e. Pourquoi cela est-il important [&hellip;]<\/p>\n","protected":false},"author":8,"featured_media":11680,"comment_status":"open","ping_status":"open","sticky":false,"template":"","format":"standard","meta":{"_mi_skip_tracking":false},"categories":[185],"yoast_head":"<!-- This site is optimized with the Yoast SEO plugin v16.1 - https:\/\/yoast.com\/wordpress\/plugins\/seo\/ -->\n<title>Comment am\u00e9liorer sa communication au travail pour cr\u00e9er un environnement sain et productif ? - Mag des comp\u00e9tences - Comundi<\/title>\n<meta name=\"description\" content=\"Am\u00e9liorer sa communication au travail est essentiel pour favoriser le bien-\u00eatre et la productivit\u00e9 des salari\u00e9s. D\u00e9couvrez notre article.\" \/>\n<meta name=\"robots\" content=\"index, follow, max-snippet:-1, max-image-preview:large, max-video-preview:-1\" \/>\n<link rel=\"canonical\" href=\"https:\/\/www.comundi.fr\/mag-des-competences\/ameliorer-sa-communication-au-travail-pour-un-environnement-sain-et-productif\/\" \/>\n<meta property=\"og:locale\" content=\"fr_FR\" \/>\n<meta property=\"og:type\" content=\"article\" \/>\n<meta property=\"og:title\" content=\"Comment am\u00e9liorer sa communication au travail pour cr\u00e9er un environnement sain et productif ? - Mag des comp\u00e9tences - Comundi\" \/>\n<meta property=\"og:description\" content=\"Am\u00e9liorer sa communication au travail est essentiel pour favoriser le bien-\u00eatre et la productivit\u00e9 des salari\u00e9s. D\u00e9couvrez notre article.\" \/>\n<meta property=\"og:url\" content=\"https:\/\/www.comundi.fr\/mag-des-competences\/ameliorer-sa-communication-au-travail-pour-un-environnement-sain-et-productif\/\" \/>\n<meta property=\"og:site_name\" content=\"Mag des comp\u00e9tences - Comundi\" \/>\n<meta property=\"article:publisher\" content=\"https:\/\/www.facebook.com\/Comundi\/?fref=ts\" \/>\n<meta property=\"article:published_time\" content=\"2023-08-03T06:50:00+00:00\" \/>\n<meta property=\"article:modified_time\" content=\"2025-09-01T09:56:08+00:00\" \/>\n<meta property=\"og:image\" content=\"https:\/\/www.comundi.fr\/mag-des-competences\/wp-content\/uploads\/2023\/07\/Ameliorer-la-communication-au-travail.jpg\" \/>\n\t<meta property=\"og:image:width\" content=\"1200\" \/>\n\t<meta property=\"og:image:height\" content=\"675\" \/>\n<meta name=\"twitter:card\" content=\"summary_large_image\" \/>\n<meta name=\"twitter:creator\" content=\"@ComundiActu\" \/>\n<meta name=\"twitter:site\" content=\"@ComundiActu\" \/>\n<meta name=\"twitter:label1\" content=\"Dur\u00e9e de lecture est.\">\n\t<meta name=\"twitter:data1\" content=\"4 minutes\">\n<script type=\"application\/ld+json\" class=\"yoast-schema-graph\">{\"@context\":\"https:\/\/schema.org\",\"@graph\":[{\"@type\":\"Organization\",\"@id\":\"https:\/\/www.comundi.fr\/mag-des-competences\/#organization\",\"name\":\"Comundi\",\"url\":\"https:\/\/www.comundi.fr\/mag-des-competences\/\",\"sameAs\":[\"https:\/\/www.facebook.com\/Comundi\/?fref=ts\",\"https:\/\/www.linkedin.com\/company\/comundi\/\",\"https:\/\/www.youtube.com\/user\/ComundiFormations\",\"https:\/\/twitter.com\/ComundiActu\"],\"logo\":{\"@type\":\"ImageObject\",\"@id\":\"https:\/\/www.comundi.fr\/mag-des-competences\/#logo\",\"inLanguage\":\"fr-FR\",\"url\":\"https:\/\/www.comundi.fr\/mag-des-competences\/wp-content\/uploads\/2018\/01\/comundi.png\",\"contentUrl\":\"https:\/\/www.comundi.fr\/mag-des-competences\/wp-content\/uploads\/2018\/01\/comundi.png\",\"width\":300,\"height\":300,\"caption\":\"Comundi\"},\"image\":{\"@id\":\"https:\/\/www.comundi.fr\/mag-des-competences\/#logo\"}},{\"@type\":\"WebSite\",\"@id\":\"https:\/\/www.comundi.fr\/mag-des-competences\/#website\",\"url\":\"https:\/\/www.comundi.fr\/mag-des-competences\/\",\"name\":\"Mag des comp\\u00e9tences - Comundi\",\"description\":\"Le magazine des m\\u00e9tiers de demain\",\"publisher\":{\"@id\":\"https:\/\/www.comundi.fr\/mag-des-competences\/#organization\"},\"potentialAction\":[{\"@type\":\"SearchAction\",\"target\":\"https:\/\/www.comundi.fr\/mag-des-competences\/?s={search_term_string}\",\"query-input\":\"required name=search_term_string\"}],\"inLanguage\":\"fr-FR\"},{\"@type\":\"ImageObject\",\"@id\":\"https:\/\/www.comundi.fr\/mag-des-competences\/ameliorer-sa-communication-au-travail-pour-un-environnement-sain-et-productif\/#primaryimage\",\"inLanguage\":\"fr-FR\",\"url\":\"https:\/\/www.comundi.fr\/mag-des-competences\/wp-content\/uploads\/2023\/07\/Ameliorer-la-communication-au-travail.jpg\",\"contentUrl\":\"https:\/\/www.comundi.fr\/mag-des-competences\/wp-content\/uploads\/2023\/07\/Ameliorer-la-communication-au-travail.jpg\",\"width\":1200,\"height\":675,\"caption\":\"Am\\u00e9liorer sa communication au travail\"},{\"@type\":\"WebPage\",\"@id\":\"https:\/\/www.comundi.fr\/mag-des-competences\/ameliorer-sa-communication-au-travail-pour-un-environnement-sain-et-productif\/#webpage\",\"url\":\"https:\/\/www.comundi.fr\/mag-des-competences\/ameliorer-sa-communication-au-travail-pour-un-environnement-sain-et-productif\/\",\"name\":\"Comment am\\u00e9liorer sa communication au travail pour cr\\u00e9er un environnement sain et productif ? - Mag des comp\\u00e9tences - Comundi\",\"isPartOf\":{\"@id\":\"https:\/\/www.comundi.fr\/mag-des-competences\/#website\"},\"primaryImageOfPage\":{\"@id\":\"https:\/\/www.comundi.fr\/mag-des-competences\/ameliorer-sa-communication-au-travail-pour-un-environnement-sain-et-productif\/#primaryimage\"},\"datePublished\":\"2023-08-03T06:50:00+00:00\",\"dateModified\":\"2025-09-01T09:56:08+00:00\",\"description\":\"Am\\u00e9liorer sa communication au travail est essentiel pour favoriser le bien-\\u00eatre et la productivit\\u00e9 des salari\\u00e9s. D\\u00e9couvrez notre article.\",\"breadcrumb\":{\"@id\":\"https:\/\/www.comundi.fr\/mag-des-competences\/ameliorer-sa-communication-au-travail-pour-un-environnement-sain-et-productif\/#breadcrumb\"},\"inLanguage\":\"fr-FR\",\"potentialAction\":[{\"@type\":\"ReadAction\",\"target\":[\"https:\/\/www.comundi.fr\/mag-des-competences\/ameliorer-sa-communication-au-travail-pour-un-environnement-sain-et-productif\/\"]}]},{\"@type\":\"BreadcrumbList\",\"@id\":\"https:\/\/www.comundi.fr\/mag-des-competences\/ameliorer-sa-communication-au-travail-pour-un-environnement-sain-et-productif\/#breadcrumb\",\"itemListElement\":[{\"@type\":\"ListItem\",\"position\":1,\"item\":{\"@type\":\"WebPage\",\"@id\":\"https:\/\/www.comundi.fr\/mag-des-competences\/\",\"url\":\"https:\/\/www.comundi.fr\/mag-des-competences\/\",\"name\":\"Accueil\"}},{\"@type\":\"ListItem\",\"position\":2,\"item\":{\"@type\":\"WebPage\",\"@id\":\"https:\/\/www.comundi.fr\/mag-des-competences\/ameliorer-sa-communication-au-travail-pour-un-environnement-sain-et-productif\/\",\"url\":\"https:\/\/www.comundi.fr\/mag-des-competences\/ameliorer-sa-communication-au-travail-pour-un-environnement-sain-et-productif\/\",\"name\":\"Comment am\\u00e9liorer sa communication au travail pour cr\\u00e9er un environnement sain et productif ?\"}}]},{\"@type\":\"Article\",\"@id\":\"https:\/\/www.comundi.fr\/mag-des-competences\/ameliorer-sa-communication-au-travail-pour-un-environnement-sain-et-productif\/#article\",\"isPartOf\":{\"@id\":\"https:\/\/www.comundi.fr\/mag-des-competences\/ameliorer-sa-communication-au-travail-pour-un-environnement-sain-et-productif\/#webpage\"},\"author\":{\"@id\":\"https:\/\/www.comundi.fr\/mag-des-competences\/#\/schema\/person\/d08f5c2cf9de6fcfd33c30314745578e\"},\"headline\":\"Comment am\\u00e9liorer sa communication au travail pour cr\\u00e9er un environnement sain et productif ?\",\"datePublished\":\"2023-08-03T06:50:00+00:00\",\"dateModified\":\"2025-09-01T09:56:08+00:00\",\"mainEntityOfPage\":{\"@id\":\"https:\/\/www.comundi.fr\/mag-des-competences\/ameliorer-sa-communication-au-travail-pour-un-environnement-sain-et-productif\/#webpage\"},\"commentCount\":0,\"publisher\":{\"@id\":\"https:\/\/www.comundi.fr\/mag-des-competences\/#organization\"},\"image\":{\"@id\":\"https:\/\/www.comundi.fr\/mag-des-competences\/ameliorer-sa-communication-au-travail-pour-un-environnement-sain-et-productif\/#primaryimage\"},\"articleSection\":\"D\\u00e9veloppement personnel\",\"inLanguage\":\"fr-FR\",\"potentialAction\":[{\"@type\":\"CommentAction\",\"name\":\"Comment\",\"target\":[\"https:\/\/www.comundi.fr\/mag-des-competences\/ameliorer-sa-communication-au-travail-pour-un-environnement-sain-et-productif\/#respond\"]}]},{\"@type\":\"Person\",\"@id\":\"https:\/\/www.comundi.fr\/mag-des-competences\/#\/schema\/person\/d08f5c2cf9de6fcfd33c30314745578e\",\"name\":\"Comundi\",\"image\":{\"@type\":\"ImageObject\",\"@id\":\"https:\/\/www.comundi.fr\/mag-des-competences\/#personlogo\",\"inLanguage\":\"fr-FR\",\"url\":\"https:\/\/secure.gravatar.com\/avatar\/da2835ae7b2c1279e8e897d242f4cda6?s=96&d=mm&r=g\",\"contentUrl\":\"https:\/\/secure.gravatar.com\/avatar\/da2835ae7b2c1279e8e897d242f4cda6?s=96&d=mm&r=g\",\"caption\":\"Comundi\"}}]}<\/script>\n<!-- \/ Yoast SEO plugin. -->","amp_enabled":true,"_links":{"self":[{"href":"https:\/\/www.comundi.fr\/mag-des-competences\/wp-json\/wp\/v2\/posts\/11675"}],"collection":[{"href":"https:\/\/www.comundi.fr\/mag-des-competences\/wp-json\/wp\/v2\/posts"}],"about":[{"href":"https:\/\/www.comundi.fr\/mag-des-competences\/wp-json\/wp\/v2\/types\/post"}],"author":[{"embeddable":true,"href":"https:\/\/www.comundi.fr\/mag-des-competences\/wp-json\/wp\/v2\/users\/8"}],"replies":[{"embeddable":true,"href":"https:\/\/www.comundi.fr\/mag-des-competences\/wp-json\/wp\/v2\/comments?post=11675"}],"version-history":[{"count":7,"href":"https:\/\/www.comundi.fr\/mag-des-competences\/wp-json\/wp\/v2\/posts\/11675\/revisions"}],"predecessor-version":[{"id":14361,"href":"https:\/\/www.comundi.fr\/mag-des-competences\/wp-json\/wp\/v2\/posts\/11675\/revisions\/14361"}],"wp:featuredmedia":[{"embeddable":true,"href":"https:\/\/www.comundi.fr\/mag-des-competences\/wp-json\/wp\/v2\/media\/11680"}],"wp:attachment":[{"href":"https:\/\/www.comundi.fr\/mag-des-competences\/wp-json\/wp\/v2\/media?parent=11675"}],"wp:term":[{"taxonomy":"category","embeddable":true,"href":"https:\/\/www.comundi.fr\/mag-des-competences\/wp-json\/wp\/v2\/categories?post=11675"}],"curies":[{"name":"wp","href":"https:\/\/api.w.org\/{rel}","templated":true}]}}