{"id":11670,"date":"2023-07-27T08:50:00","date_gmt":"2023-07-27T06:50:00","guid":{"rendered":"https:\/\/www.comundi.fr\/mag-des-competences\/?p=11670"},"modified":"2023-07-26T14:03:17","modified_gmt":"2023-07-26T12:03:17","slug":"a-quel-age-commencer-a-preparer-sa-retraite","status":"publish","type":"post","link":"https:\/\/www.comundi.fr\/mag-des-competences\/a-quel-age-commencer-a-preparer-sa-retraite\/","title":{"rendered":"\u00c0 quel \u00e2ge commencer \u00e0 pr\u00e9parer sa retraite ?"},"content":{"rendered":"\n<p>Pour profiter d\u2019une retraite sereine et paisible, il est n\u00e9cessaire de s\u2019y pr\u00e9parer suffisamment t\u00f4t, pendant la p\u00e9riode active. Les travailleurs peuvent choisir diff\u00e9rentes p\u00e9riodes de leur vie pour commencer \u00e0 <strong>pr\u00e9parer leur retraite<\/strong>. <\/p>\n\n\n\n<p>Alors quand faut-il commencer \u00e0 <strong>pr\u00e9parer sa retraite <\/strong>et comment bien s\u2019y prendre\u00a0?<\/p>\n\n\n\n<h2><strong>Quel est le meilleur moment pour commencer \u00e0 pr\u00e9parer sa retraite ?<\/strong><\/h2>\n\n\n\n<p>Il y a plusieurs ann\u00e9es, les Fran\u00e7ais attendaient de travailler quelque temps avant de faire le bilan sur leur situation financi\u00e8re. D\u00e9sormais, la retraite se pr\u00e9pare de plus en plus t\u00f4t. Parfois m\u00eame, cette pr\u00e9paration d\u00e9bute d\u00e8s la premi\u00e8re ann\u00e9e de prise de service. D\u2019apr\u00e8s un sondage r\u00e9alis\u00e9 en 2021 par Odoxa, les jeunes actifs commencent \u00e0 pr\u00e9parer leur retraite \u00e0 34 ans, contre 44 ans pour leurs pr\u00e9d\u00e9cesseurs. La m\u00eame \u00e9tude r\u00e9v\u00e8le que 36 % des non-retrait\u00e9s voudraient \u00e9pargner plus et 50% des actifs interrog\u00e9s affirment qu\u2019ils souhaitent continuer \u00e0 travailler apr\u00e8s leur retraite afin de compl\u00e9ter leurs ressources financi\u00e8res. De toute \u00e9vidence, il est pr\u00e9f\u00e9rable de commencer \u00e0<strong> pr\u00e9parer sa retraite<\/strong> le plus t\u00f4t possible. Il est aussi conseill\u00e9 de suivre une <strong>formation pr\u00e9parer sa retraite<\/strong>, quel que soit votre \u00e2ge.<\/p>\n\n\n\n<h2><strong>Quelles sont les meilleures options pour pr\u00e9parer sa retraite selon son \u00e2ge&nbsp;?<\/strong><\/h2>\n\n\n\n<p>Les \u00e9tudes men\u00e9es par Odoxa r\u00e9v\u00e8lent que 88 % des Fran\u00e7ais pensent \u00e0 se constituer une \u00e9pargne-retraite individuelle afin de disposer d\u2019un niveau de pension suffisant. Mais pr\u00e9parer sa retraite implique plusieurs \u00e9tapes.<\/p>\n\n\n\n<h3><strong>Comment pr\u00e9parer sa retraite \u00e0 40 ans ?<\/strong><\/h3>\n\n\n\n<p>\u00c0 40 ans, le temps qui vous s\u00e9pare du d\u00e9part \u00e0 la retraite est relativement long. Vous pouvez donc avoir une vue d\u2019ensemble sur la situation et mieux anticiper vos besoins. Pour commencer, il est souhaitable de faire un bilan sur votre situation professionnelle et financi\u00e8re.<\/p>\n\n\n\n<h4><strong>Sauvegardez tous les documents administratifs li\u00e9s \u00e0 votre carri\u00e8re<\/strong><\/h4>\n\n\n\n<p>Cette d\u00e9marche est valable d\u00e8s le premier jour de votre prise d\u2019activit\u00e9. Si vous n\u2019y aviez pas pens\u00e9, il est encore temps de rassembler les documents administratifs qui pr\u00e9sentent un lien avec votre carri\u00e8re&nbsp;(contrats de travail, fiches&nbsp;de paie, allocations ch\u00f4mage, indemnit\u00e9s pour cong\u00e9 maladie). Collectez tous les documents disponibles et pensez \u00e0 les archiver sous un format papier et num\u00e9rique.<\/p>\n\n\n\n<h4><strong>Faites le point sur votre situation&nbsp;financi\u00e8re<\/strong><\/h4>\n\n\n\n<p>Apr\u00e8s deux ou trois ann\u00e9es d\u2019activit\u00e9, vous pouvez d\u00e9j\u00e0 estimer le montant de votre future pension de retraite. Cette estimation se fait sur la base de votre r\u00e9mun\u00e9ration actuelle et des possibles \u00e9volutions salariales. Si vous voulez apprendre \u00e0 interpr\u00e9ter les documents financiers, vous pouvez d\u00e9cider de suivre une <strong>formation pour pr\u00e9parer sa retraite<\/strong>. Ce sera l\u2019occasion d\u2019apprendre plusieurs m\u00e9thodes pour planifier sereinement votre plan de vie.<\/p>\n\n\n\n<h4><strong>Anticipez vos besoins<\/strong><\/h4>\n\n\n\n<p>En toute logique, vous ne pouvez pas tout anticiper pendant votre p\u00e9riode active. Toutefois, il est possible d\u2019identifier vos d\u00e9penses futures, compte tenu de votre situation actuelle. Pensez, par exemple, \u00e0 vos besoins sur le plan de la sant\u00e9 personnelle et familiale, \u00e0 vos envies de loisirs ou de d\u00e9m\u00e9nagement, au financement des \u00e9tudes des enfants, \u00e0 une \u00e9ventuelle r\u00e9novation de votre maison ou au financement de cette construction. En r\u00e9alisant un \u00e9tat des lieux de ces diff\u00e9rents aspects, vous pouvez estimer le compl\u00e9ment de retraite dont vous aurez besoin. Il ne vous restera plus qu\u2019\u00e0 identifier les mesures ad\u00e9quates et \u00e0 les mettre en \u0153uvre pour financer votre retraite.<\/p>\n\n\n\n<h3><strong>Comment pr\u00e9parer sa retraite \u00e0 50 ans ?<\/strong><\/h3>\n\n\n\n<p>Vous songez \u00e0<strong> pr\u00e9parer votre retraite \u00e0 50 ans<\/strong>\u00a0? Notez que toutes les \u00e9tapes pr\u00e9c\u00e9demment cit\u00e9es sont valables \u00e0 n\u2019importe quel \u00e2ge.\u00a0Vous pouvez pr\u00e9parer votre retraite tranquillement et prendre le temps de r\u00e9fl\u00e9chir au type de retraite que vous souhaitez avoir.<\/p>\n\n\n\n<p>De plus, \u00e0 50 ans, vous disposez peut-\u00eatre d\u2019une \u00e9pargne suffisante pour commencer \u00e0 pr\u00e9parer vos projets et votre vie \u00e0 la retraites. C\u2019est donc un \u00e2ge o\u00f9 vous pouvez percevoir plus concr\u00e8tement quelles seront vos possibilit\u00e9s pour en profiter.<\/p>\n\n\n\n<h3><strong>Comment pr\u00e9parer sa retraite \u00e0 55 ans ?<\/strong><\/h3>\n\n\n\n<p>Si vous commencez \u00e0 <strong>pr\u00e9parer votre retraite \u00e0 55 ans<\/strong>, pensez \u00e0 v\u00e9rifier, en priorit\u00e9, les informations de la caisse des retraites. Il n\u2019est pas rare que des erreurs s\u2019y glissent, et celles-ci pourraient vous p\u00e9naliser le moment venu. En outre, vous pouvez opter pour un rachat de trimestres manquants. C\u2019est aussi le moment de v\u00e9rifier les risques de vos \u00e9ventuels placements et de r\u00e9aliser les d\u00e9marches administratives li\u00e9es \u00e0 votre d\u00e9part \u00e0 la retraite.\u00a0Vous avez moins de temps pour vous pr\u00e9parer \u00e0 55 ans qu\u2019\u00e0 40 ans. Alors n\u2019h\u00e9sitez pas \u00e0 demander un accompagnement et \u00e0 suivre une <strong>formation pr\u00e9parer sa retraite<\/strong> pour \u00eatre s\u00fbr de ne rien oublier et pour \u00eatre pr\u00eat \u00e0 profiter pleinement de votre retraite le moment venu.<\/p>\n\n\n\n<h2><strong>Se pr\u00e9parer \u00e0 une nouvelle vie<\/strong><\/h2>\n\n\n\n<p>La retraite est une p\u00e9riode o\u00f9 vous devrez aussi repenser votre vie dans un nouveau rythme et peut-\u00eatre un nouvel environnement. Vous aurez plus de temps \u00e0 consacrer \u00e0 votre famille et \u00e0 d&rsquo;autres activit\u00e9s. Il peut \u00eatre judicieux de r\u00e9fl\u00e9chir aux diff\u00e9rents projets que vous souhaitez r\u00e9aliser \u00e0 ce moment-l\u00e0.<\/p>\n\n\n\n<p>Par ailleurs, vous passez du statut de travailleur \u00e0 celui de retrait\u00e9. Ce changement de statut peut parfois \u00eatre difficile \u00e0 vivre. Vous pouvez \u00e9ventuellement pr\u00e9voir un coaching pour vous aider \u00e0 pr\u00e9parer votre nouvelle image de retrait\u00e9.<\/p>\n\n\n\n<p><br>Enfin, notez que, quel que soit votre \u00e2ge, qu\u2019il est toujours temps de suivre une <strong><a href=\"https:\/\/www.comundi.fr\/formations\/formation-bien-preparer-sa-retraite.html\">formation pr\u00e9parer sa retraite<\/a><\/strong>. Cela est d\u2019ailleurs conseill\u00e9 si vous ne savez pas par o\u00f9 commencer ou si vous craignez de faire des erreurs. Des sp\u00e9cialistes sauront vous guider en r\u00e9pondant \u00e0 chacune \u00e0 vos pr\u00e9occupations.\u00a0<\/p>\n","protected":false},"excerpt":{"rendered":"<p>Pour profiter d\u2019une retraite sereine et paisible, il est n\u00e9cessaire de s\u2019y pr\u00e9parer suffisamment t\u00f4t, pendant la p\u00e9riode active. Les travailleurs peuvent choisir diff\u00e9rentes p\u00e9riodes de leur vie pour commencer \u00e0 pr\u00e9parer leur retraite. Alors quand faut-il commencer \u00e0 pr\u00e9parer sa retraite et comment bien s\u2019y prendre\u00a0? Quel est le meilleur moment pour commencer \u00e0 [&hellip;]<\/p>\n","protected":false},"author":8,"featured_media":11671,"comment_status":"open","ping_status":"open","sticky":false,"template":"","format":"standard","meta":{"_mi_skip_tracking":false},"categories":[186],"yoast_head":"<!-- This site is optimized with the Yoast SEO plugin v16.1 - https:\/\/yoast.com\/wordpress\/plugins\/seo\/ -->\n<title>\u00c0 quel \u00e2ge commencer \u00e0 pr\u00e9parer sa retraite ? - Mag des comp\u00e9tences - Comundi<\/title>\n<meta name=\"description\" content=\"On ne pr\u00e9pare pas sa retraite de la m\u00eame mani\u00e8re \u00e0 40 ans, 50 ans ou 55 ans, Alors suivez nos conseils pour bien pr\u00e9parer votre retraite.\" \/>\n<meta name=\"robots\" content=\"index, follow, max-snippet:-1, max-image-preview:large, max-video-preview:-1\" \/>\n<link rel=\"canonical\" href=\"https:\/\/www.comundi.fr\/mag-des-competences\/a-quel-age-commencer-a-preparer-sa-retraite\/\" \/>\n<meta property=\"og:locale\" content=\"fr_FR\" \/>\n<meta property=\"og:type\" content=\"article\" \/>\n<meta property=\"og:title\" content=\"\u00c0 quel \u00e2ge commencer \u00e0 pr\u00e9parer sa retraite ? - Mag des comp\u00e9tences - Comundi\" \/>\n<meta property=\"og:description\" content=\"On ne pr\u00e9pare pas sa retraite de la m\u00eame mani\u00e8re \u00e0 40 ans, 50 ans ou 55 ans, Alors suivez nos conseils pour bien pr\u00e9parer votre retraite.\" \/>\n<meta property=\"og:url\" content=\"https:\/\/www.comundi.fr\/mag-des-competences\/a-quel-age-commencer-a-preparer-sa-retraite\/\" \/>\n<meta property=\"og:site_name\" content=\"Mag des comp\u00e9tences - Comundi\" \/>\n<meta property=\"article:publisher\" content=\"https:\/\/www.facebook.com\/Comundi\/?fref=ts\" \/>\n<meta property=\"article:published_time\" content=\"2023-07-27T06:50:00+00:00\" \/>\n<meta property=\"article:modified_time\" content=\"2023-07-26T12:03:17+00:00\" \/>\n<meta property=\"og:image\" content=\"https:\/\/www.comundi.fr\/mag-des-competences\/wp-content\/uploads\/2023\/07\/A-quel-age-commencer-a-preparer-sa-retraite.jpg\" \/>\n\t<meta property=\"og:image:width\" content=\"1200\" \/>\n\t<meta property=\"og:image:height\" content=\"675\" \/>\n<meta name=\"twitter:card\" content=\"summary_large_image\" \/>\n<meta name=\"twitter:creator\" content=\"@ComundiActu\" \/>\n<meta name=\"twitter:site\" content=\"@ComundiActu\" \/>\n<meta name=\"twitter:label1\" content=\"Dur\u00e9e de lecture est.\">\n\t<meta name=\"twitter:data1\" content=\"4 minutes\">\n<script type=\"application\/ld+json\" class=\"yoast-schema-graph\">{\"@context\":\"https:\/\/schema.org\",\"@graph\":[{\"@type\":\"Organization\",\"@id\":\"https:\/\/www.comundi.fr\/mag-des-competences\/#organization\",\"name\":\"Comundi\",\"url\":\"https:\/\/www.comundi.fr\/mag-des-competences\/\",\"sameAs\":[\"https:\/\/www.facebook.com\/Comundi\/?fref=ts\",\"https:\/\/www.linkedin.com\/company\/comundi\/\",\"https:\/\/www.youtube.com\/user\/ComundiFormations\",\"https:\/\/twitter.com\/ComundiActu\"],\"logo\":{\"@type\":\"ImageObject\",\"@id\":\"https:\/\/www.comundi.fr\/mag-des-competences\/#logo\",\"inLanguage\":\"fr-FR\",\"url\":\"https:\/\/www.comundi.fr\/mag-des-competences\/wp-content\/uploads\/2018\/01\/comundi.png\",\"contentUrl\":\"https:\/\/www.comundi.fr\/mag-des-competences\/wp-content\/uploads\/2018\/01\/comundi.png\",\"width\":300,\"height\":300,\"caption\":\"Comundi\"},\"image\":{\"@id\":\"https:\/\/www.comundi.fr\/mag-des-competences\/#logo\"}},{\"@type\":\"WebSite\",\"@id\":\"https:\/\/www.comundi.fr\/mag-des-competences\/#website\",\"url\":\"https:\/\/www.comundi.fr\/mag-des-competences\/\",\"name\":\"Mag des comp\\u00e9tences - Comundi\",\"description\":\"Le magazine des m\\u00e9tiers de demain\",\"publisher\":{\"@id\":\"https:\/\/www.comundi.fr\/mag-des-competences\/#organization\"},\"potentialAction\":[{\"@type\":\"SearchAction\",\"target\":\"https:\/\/www.comundi.fr\/mag-des-competences\/?s={search_term_string}\",\"query-input\":\"required name=search_term_string\"}],\"inLanguage\":\"fr-FR\"},{\"@type\":\"ImageObject\",\"@id\":\"https:\/\/www.comundi.fr\/mag-des-competences\/a-quel-age-commencer-a-preparer-sa-retraite\/#primaryimage\",\"inLanguage\":\"fr-FR\",\"url\":\"https:\/\/www.comundi.fr\/mag-des-competences\/wp-content\/uploads\/2023\/07\/A-quel-age-commencer-a-preparer-sa-retraite.jpg\",\"contentUrl\":\"https:\/\/www.comundi.fr\/mag-des-competences\/wp-content\/uploads\/2023\/07\/A-quel-age-commencer-a-preparer-sa-retraite.jpg\",\"width\":1200,\"height\":675,\"caption\":\"A quel \\u00e2ge commencer \\u00e0 pr\\u00e9parer sa retraite\"},{\"@type\":\"WebPage\",\"@id\":\"https:\/\/www.comundi.fr\/mag-des-competences\/a-quel-age-commencer-a-preparer-sa-retraite\/#webpage\",\"url\":\"https:\/\/www.comundi.fr\/mag-des-competences\/a-quel-age-commencer-a-preparer-sa-retraite\/\",\"name\":\"\\u00c0 quel \\u00e2ge commencer \\u00e0 pr\\u00e9parer sa retraite ? - Mag des comp\\u00e9tences - Comundi\",\"isPartOf\":{\"@id\":\"https:\/\/www.comundi.fr\/mag-des-competences\/#website\"},\"primaryImageOfPage\":{\"@id\":\"https:\/\/www.comundi.fr\/mag-des-competences\/a-quel-age-commencer-a-preparer-sa-retraite\/#primaryimage\"},\"datePublished\":\"2023-07-27T06:50:00+00:00\",\"dateModified\":\"2023-07-26T12:03:17+00:00\",\"description\":\"On ne pr\\u00e9pare pas sa retraite de la m\\u00eame mani\\u00e8re \\u00e0 40 ans, 50 ans ou 55 ans, Alors suivez nos conseils pour bien pr\\u00e9parer votre retraite.\",\"breadcrumb\":{\"@id\":\"https:\/\/www.comundi.fr\/mag-des-competences\/a-quel-age-commencer-a-preparer-sa-retraite\/#breadcrumb\"},\"inLanguage\":\"fr-FR\",\"potentialAction\":[{\"@type\":\"ReadAction\",\"target\":[\"https:\/\/www.comundi.fr\/mag-des-competences\/a-quel-age-commencer-a-preparer-sa-retraite\/\"]}]},{\"@type\":\"BreadcrumbList\",\"@id\":\"https:\/\/www.comundi.fr\/mag-des-competences\/a-quel-age-commencer-a-preparer-sa-retraite\/#breadcrumb\",\"itemListElement\":[{\"@type\":\"ListItem\",\"position\":1,\"item\":{\"@type\":\"WebPage\",\"@id\":\"https:\/\/www.comundi.fr\/mag-des-competences\/\",\"url\":\"https:\/\/www.comundi.fr\/mag-des-competences\/\",\"name\":\"Accueil\"}},{\"@type\":\"ListItem\",\"position\":2,\"item\":{\"@type\":\"WebPage\",\"@id\":\"https:\/\/www.comundi.fr\/mag-des-competences\/a-quel-age-commencer-a-preparer-sa-retraite\/\",\"url\":\"https:\/\/www.comundi.fr\/mag-des-competences\/a-quel-age-commencer-a-preparer-sa-retraite\/\",\"name\":\"\\u00c0 quel \\u00e2ge commencer \\u00e0 pr\\u00e9parer sa retraite ?\"}}]},{\"@type\":\"Article\",\"@id\":\"https:\/\/www.comundi.fr\/mag-des-competences\/a-quel-age-commencer-a-preparer-sa-retraite\/#article\",\"isPartOf\":{\"@id\":\"https:\/\/www.comundi.fr\/mag-des-competences\/a-quel-age-commencer-a-preparer-sa-retraite\/#webpage\"},\"author\":{\"@id\":\"https:\/\/www.comundi.fr\/mag-des-competences\/#\/schema\/person\/d08f5c2cf9de6fcfd33c30314745578e\"},\"headline\":\"\\u00c0 quel \\u00e2ge commencer \\u00e0 pr\\u00e9parer sa retraite ?\",\"datePublished\":\"2023-07-27T06:50:00+00:00\",\"dateModified\":\"2023-07-26T12:03:17+00:00\",\"mainEntityOfPage\":{\"@id\":\"https:\/\/www.comundi.fr\/mag-des-competences\/a-quel-age-commencer-a-preparer-sa-retraite\/#webpage\"},\"commentCount\":0,\"publisher\":{\"@id\":\"https:\/\/www.comundi.fr\/mag-des-competences\/#organization\"},\"image\":{\"@id\":\"https:\/\/www.comundi.fr\/mag-des-competences\/a-quel-age-commencer-a-preparer-sa-retraite\/#primaryimage\"},\"articleSection\":\"Carri\\u00e8re &amp; reconversion\",\"inLanguage\":\"fr-FR\",\"potentialAction\":[{\"@type\":\"CommentAction\",\"name\":\"Comment\",\"target\":[\"https:\/\/www.comundi.fr\/mag-des-competences\/a-quel-age-commencer-a-preparer-sa-retraite\/#respond\"]}]},{\"@type\":\"Person\",\"@id\":\"https:\/\/www.comundi.fr\/mag-des-competences\/#\/schema\/person\/d08f5c2cf9de6fcfd33c30314745578e\",\"name\":\"Comundi\",\"image\":{\"@type\":\"ImageObject\",\"@id\":\"https:\/\/www.comundi.fr\/mag-des-competences\/#personlogo\",\"inLanguage\":\"fr-FR\",\"url\":\"https:\/\/secure.gravatar.com\/avatar\/da2835ae7b2c1279e8e897d242f4cda6?s=96&d=mm&r=g\",\"contentUrl\":\"https:\/\/secure.gravatar.com\/avatar\/da2835ae7b2c1279e8e897d242f4cda6?s=96&d=mm&r=g\",\"caption\":\"Comundi\"}}]}<\/script>\n<!-- \/ Yoast SEO plugin. -->","amp_enabled":true,"_links":{"self":[{"href":"https:\/\/www.comundi.fr\/mag-des-competences\/wp-json\/wp\/v2\/posts\/11670"}],"collection":[{"href":"https:\/\/www.comundi.fr\/mag-des-competences\/wp-json\/wp\/v2\/posts"}],"about":[{"href":"https:\/\/www.comundi.fr\/mag-des-competences\/wp-json\/wp\/v2\/types\/post"}],"author":[{"embeddable":true,"href":"https:\/\/www.comundi.fr\/mag-des-competences\/wp-json\/wp\/v2\/users\/8"}],"replies":[{"embeddable":true,"href":"https:\/\/www.comundi.fr\/mag-des-competences\/wp-json\/wp\/v2\/comments?post=11670"}],"version-history":[{"count":1,"href":"https:\/\/www.comundi.fr\/mag-des-competences\/wp-json\/wp\/v2\/posts\/11670\/revisions"}],"predecessor-version":[{"id":11672,"href":"https:\/\/www.comundi.fr\/mag-des-competences\/wp-json\/wp\/v2\/posts\/11670\/revisions\/11672"}],"wp:featuredmedia":[{"embeddable":true,"href":"https:\/\/www.comundi.fr\/mag-des-competences\/wp-json\/wp\/v2\/media\/11671"}],"wp:attachment":[{"href":"https:\/\/www.comundi.fr\/mag-des-competences\/wp-json\/wp\/v2\/media?parent=11670"}],"wp:term":[{"taxonomy":"category","embeddable":true,"href":"https:\/\/www.comundi.fr\/mag-des-competences\/wp-json\/wp\/v2\/categories?post=11670"}],"curies":[{"name":"wp","href":"https:\/\/api.w.org\/{rel}","templated":true}]}}