{"id":11530,"date":"2023-06-15T08:50:00","date_gmt":"2023-06-15T06:50:00","guid":{"rendered":"https:\/\/www.comundi.fr\/mag-des-competences\/?p=11530"},"modified":"2023-06-12T21:27:41","modified_gmt":"2023-06-12T19:27:41","slug":"renault-accelere-sur-la-formation-de-son-reseau-a-lelectrique","status":"publish","type":"post","link":"https:\/\/www.comundi.fr\/mag-des-competences\/renault-accelere-sur-la-formation-de-son-reseau-a-lelectrique\/","title":{"rendered":"Renault acc\u00e9l\u00e8re sur la formation de son r\u00e9seau \u00e0 l\u2019\u00e9lectrique"},"content":{"rendered":"\n<p>C\u2019est un d\u00e9fi de taille qui attend la fili\u00e8re automobile : l\u2019interdiction, d\u2019ici une dizaine d\u2019ann\u00e9e, de la vente de voitures thermiques \u00e9mettant du CO<sub>2<\/sub> au sein de l\u2019Union Europ\u00e9enne. Pour anticiper au mieux ce changement majeur, la <strong>Direction de la formation R\u00e9seau France<\/strong> s\u2019est fix\u00e9 pour objectif de former l\u2019int\u00e9gralit\u00e9 de son r\u00e9seau, soit 7.500 personnes, \u00e0 l\u2019\u00e9lectrique d\u2019ici fin 2024. Explications.<\/p>\n\n\n\n<h2><strong>A quels enjeux fait face Renault distribution ? <\/strong><\/h2>\n\n\n\n<div class=\"wp-block-image\"><figure class=\"alignright size-large is-resized\"><img loading=\"lazy\" src=\"https:\/\/www.comundi.fr\/mag-des-competences\/wp-content\/uploads\/2023\/06\/Arnaud-Sautier.jpg\" alt=\"Arnaud Sautier\" class=\"wp-image-11557\" width=\"142\" height=\"189\" srcset=\"https:\/\/www.comundi.fr\/mag-des-competences\/wp-content\/uploads\/2023\/06\/Arnaud-Sautier.jpg 424w, https:\/\/www.comundi.fr\/mag-des-competences\/wp-content\/uploads\/2023\/06\/Arnaud-Sautier-225x300.jpg 225w\" sizes=\"(max-width: 142px) 100vw, 142px\" \/><figcaption>Directeur de la Formation R\u00e9seau France<\/figcaption><\/figure><\/div>\n\n\n\n<p><strong>Arnaud Sautier : <\/strong>Un enjeu de main d\u2019\u0153uvre dans un contexte de p\u00e9nurie et un enjeu de transformation m\u00e9tier. Ce dernier d\u00e9coule du futur plan produit de <strong>Renault <\/strong>en lien avec la directive europ\u00e9enne qui va interdire, \u00e0 partir de 2035, la vente de v\u00e9hicules \u00e0 essence, diesel ou hybrides neufs.<\/p>\n\n\n\n<p>Notre priorit\u00e9 est d\u2019accompagner le r\u00e9seau de distribution dans l\u2019apprentissage de la r\u00e9paration des v\u00e9hicules \u00e9lectriques. Mais nous devons \u00e9galement les maintenir \u00e0 niveau sur le thermique car nous continuerons, dans les 20 prochaines ann\u00e9es, \u00e0 entretenir ces v\u00e9hicules.<\/p>\n\n\n\n<h2>Quelle est votre strat\u00e9gie ?<\/h2>\n\n\n\n<p><strong>A. S. : <\/strong>D\u2019une part, notre ambition est de former un maximum de m\u00e9caniciens au titre professionnel de Technicien \u00c9lectrom\u00e9canicien Automobile. De l\u2019autre, dans un march\u00e9 p\u00e9nurique, nous devons trouver des jeunes et des personnes en reconversion pour augmenter le nombre de m\u00e9caniciens du r\u00e9seau. Ma conviction est que l\u2019avenir de la <strong><a href=\"https:\/\/www.comundi.fr\/\">formation professionnelle<\/a><\/strong> ne doit plus passer uniquement par le <strong>centre de formation Renault <\/strong>mais par tout un \u00e9cosyst\u00e8me de partenaires.<\/p>\n\n\n\n<h2>Quels dispositifs avez-vous mis en place ?<\/h2>\n\n\n\n<p><strong>A. S. : <\/strong>Nous nous sommes appuy\u00e9s sur la loi Avenir de septembre 2018 pour cr\u00e9er un <strong>CFA <\/strong>hors les murs Renaults. Cela nous a permis de d\u00e9ployer de la formation continue dans les <strong>CFA <\/strong>et de l<strong>\u2019apprentissage dans les lyc\u00e9es professionnel<\/strong>. Nous r\u00e9pondons au march\u00e9 p\u00e9nurique \u00e0 travers la cr\u00e9ation de parcours de formation Bac professionnel en m\u00e9canique et en carrosserie pour \u00eatre m\u00e9canicien dans le r\u00e9seau, et de titres professionnels technicien \u00e9lectrom\u00e9canicien automobile, r\u00e9parateur en carrosserie et peintre en carrosserie pour devenir \u00e9lectrom\u00e9canicien ou carrossier r\u00e9f\u00e9rent.<\/p>\n\n\n\n<h2>Pourquoi votre choix s\u2019est port\u00e9 vers le CFA ?<\/h2>\n\n\n\n<p><strong>A. S. : <\/strong>Le <strong>CFA <\/strong>est une structure qui permet d\u2019\u00e9tablir une relation gagnant-gagnant avec nos partenaires parce qu\u2019elle contribue \u00e0 rapprocher le monde de l\u2019entreprise du monde des jeunes. Pour dispenser des formations coloris\u00e9es Renault (en apprentissage ou en formation continue), nous dotons les partenaires des derniers v\u00e9hicules, des technologies de pointe, des outils de diagnostic\u2026 de tout ce dont ils ont besoin pour leur pratique atelier.<\/p>\n\n\n\n<h2>Combien de personnes avez-vous form\u00e9 ?<\/h2>\n\n\n\n<p><strong>A. S. : <\/strong>Entre la <strong>formation continue<\/strong> \u00e0 travers le <strong>CFA <\/strong>et le parcours de d\u00e9veloppement de comp\u00e9tences pour passer de m\u00e9canicien \u00e0 \u00e9lectrom\u00e9canicien, nous formons chaque ann\u00e9e entre 300 et 400 personnes. Nous ambitionnons de former 1 500 personnes par an : 500 jeunes en apprentissage pour le Bac pro m\u00e9canique, 200 en carrosserie et 500 en formation continue pour le titre de technicien.<\/p>\n\n\n\n<h2>Quelles sont les difficult\u00e9s auxquelles vous avez \u00e9t\u00e9 confront\u00e9 ?<\/h2>\n\n\n\n<p><strong>A. S. : <\/strong>La mise \u00e0 disposition de moyens &#8211; financiers mais aussi logistiques &#8211; dans les <strong>CFA <\/strong>et les lyc\u00e9es professionnels et la n\u00e9cessit\u00e9 de donner une coloration Renault aux <a href=\"https:\/\/www.comundi.fr\/mag-des-competences\/quelles-sont-les-5-qualites-pour-etre-un-bon-formateur\/\">formateurs<\/a>. Pour cela, nous avons travaill\u00e9 avec le cabinet Spinpart et Ali\u00e9nor Desprez qui \u00e9tait en charge avec moi d\u2019organiser et de mettre en place cette infrastructure.<\/p>\n\n\n\n<blockquote class=\"wp-block-quote\"><p>L\u2019Avenir de la formation professionnelle doit passer par un \u00e9cosyst\u00e8me de partenaires<\/p><\/blockquote>\n\n\n\n<h2>Que diriez-vous \u00e0 un jeune qui voudrait se lancer ?<\/h2>\n\n\n\n<p><strong>A. S. : <\/strong>Les m\u00e9tiers de la distribution automobile sont tr\u00e8s enrichissants, ils offrent des \u00e9volutions de carri\u00e8re int\u00e9ressantes et rapides. Les v\u00e9hicules \u00e9voluent vite, sont de plus en plus techniques, complexes et haut-de-gamme. Pour cela, nous avons besoin de personnes form\u00e9es, de haut niveau.<\/p>\n\n\n\n<p>D\u00e9couvrez l&rsquo;int\u00e9gralit\u00e9 du <a href=\"https:\/\/www.comundi.fr\/mag-des-competences\/accompagner-vos-talents-avec-le-mag-des-competences-printemps-2023\/\">Mag des Comp\u00e9tences printemps 2023 ici<\/a>. <\/p>\n\n\n\n<p><\/p>\n","protected":false},"excerpt":{"rendered":"<p>C\u2019est un d\u00e9fi de taille qui attend la fili\u00e8re automobile : l\u2019interdiction, d\u2019ici une dizaine d\u2019ann\u00e9e, de la vente de voitures thermiques \u00e9mettant du CO2 au sein de l\u2019Union Europ\u00e9enne. Pour anticiper au mieux ce changement majeur, la Direction de la formation R\u00e9seau France s\u2019est fix\u00e9 pour objectif de former l\u2019int\u00e9gralit\u00e9 de son r\u00e9seau, soit [&hellip;]<\/p>\n","protected":false},"author":8,"featured_media":11565,"comment_status":"open","ping_status":"open","sticky":false,"template":"","format":"standard","meta":{"_mi_skip_tracking":false},"categories":[201],"yoast_head":"<!-- This site is optimized with the Yoast SEO plugin v16.1 - https:\/\/yoast.com\/wordpress\/plugins\/seo\/ -->\n<title>Renault acc\u00e9l\u00e8re sur la formation de son r\u00e9seau \u00e0 l\u2019\u00e9lectrique - Mag des comp\u00e9tences - Comundi<\/title>\n<meta name=\"description\" content=\"Face \u00e0 l&#039;innovation, former ses \u00e9quipes est essentiel. Exemple avec Arnaud Sautier, Directeur de la Formation R\u00e9seau France de Renault.\" \/>\n<meta name=\"robots\" content=\"index, follow, max-snippet:-1, max-image-preview:large, max-video-preview:-1\" \/>\n<link rel=\"canonical\" href=\"https:\/\/www.comundi.fr\/mag-des-competences\/renault-accelere-sur-la-formation-de-son-reseau-a-lelectrique\/\" \/>\n<meta property=\"og:locale\" content=\"fr_FR\" \/>\n<meta property=\"og:type\" content=\"article\" \/>\n<meta property=\"og:title\" content=\"Renault acc\u00e9l\u00e8re sur la formation de son r\u00e9seau \u00e0 l\u2019\u00e9lectrique - Mag des comp\u00e9tences - Comundi\" \/>\n<meta property=\"og:description\" content=\"Face \u00e0 l&#039;innovation, former ses \u00e9quipes est essentiel. Exemple avec Arnaud Sautier, Directeur de la Formation R\u00e9seau France de Renault.\" \/>\n<meta property=\"og:url\" content=\"https:\/\/www.comundi.fr\/mag-des-competences\/renault-accelere-sur-la-formation-de-son-reseau-a-lelectrique\/\" \/>\n<meta property=\"og:site_name\" content=\"Mag des comp\u00e9tences - Comundi\" \/>\n<meta property=\"article:publisher\" content=\"https:\/\/www.facebook.com\/Comundi\/?fref=ts\" \/>\n<meta property=\"article:published_time\" content=\"2023-06-15T06:50:00+00:00\" \/>\n<meta property=\"article:modified_time\" content=\"2023-06-12T19:27:41+00:00\" \/>\n<meta property=\"og:image\" content=\"https:\/\/www.comundi.fr\/mag-des-competences\/wp-content\/uploads\/2023\/06\/Visuel-Mag-des-competence-Renault.jpg\" \/>\n\t<meta property=\"og:image:width\" content=\"1200\" \/>\n\t<meta property=\"og:image:height\" content=\"675\" \/>\n<meta name=\"twitter:card\" content=\"summary_large_image\" \/>\n<meta name=\"twitter:creator\" content=\"@ComundiActu\" \/>\n<meta name=\"twitter:site\" content=\"@ComundiActu\" \/>\n<meta name=\"twitter:label1\" content=\"Dur\u00e9e de lecture est.\">\n\t<meta name=\"twitter:data1\" content=\"3 minutes\">\n<script type=\"application\/ld+json\" class=\"yoast-schema-graph\">{\"@context\":\"https:\/\/schema.org\",\"@graph\":[{\"@type\":\"Organization\",\"@id\":\"https:\/\/www.comundi.fr\/mag-des-competences\/#organization\",\"name\":\"Comundi\",\"url\":\"https:\/\/www.comundi.fr\/mag-des-competences\/\",\"sameAs\":[\"https:\/\/www.facebook.com\/Comundi\/?fref=ts\",\"https:\/\/www.linkedin.com\/company\/comundi\/\",\"https:\/\/www.youtube.com\/user\/ComundiFormations\",\"https:\/\/twitter.com\/ComundiActu\"],\"logo\":{\"@type\":\"ImageObject\",\"@id\":\"https:\/\/www.comundi.fr\/mag-des-competences\/#logo\",\"inLanguage\":\"fr-FR\",\"url\":\"https:\/\/www.comundi.fr\/mag-des-competences\/wp-content\/uploads\/2018\/01\/comundi.png\",\"contentUrl\":\"https:\/\/www.comundi.fr\/mag-des-competences\/wp-content\/uploads\/2018\/01\/comundi.png\",\"width\":300,\"height\":300,\"caption\":\"Comundi\"},\"image\":{\"@id\":\"https:\/\/www.comundi.fr\/mag-des-competences\/#logo\"}},{\"@type\":\"WebSite\",\"@id\":\"https:\/\/www.comundi.fr\/mag-des-competences\/#website\",\"url\":\"https:\/\/www.comundi.fr\/mag-des-competences\/\",\"name\":\"Mag des comp\\u00e9tences - Comundi\",\"description\":\"Le magazine des m\\u00e9tiers de demain\",\"publisher\":{\"@id\":\"https:\/\/www.comundi.fr\/mag-des-competences\/#organization\"},\"potentialAction\":[{\"@type\":\"SearchAction\",\"target\":\"https:\/\/www.comundi.fr\/mag-des-competences\/?s={search_term_string}\",\"query-input\":\"required name=search_term_string\"}],\"inLanguage\":\"fr-FR\"},{\"@type\":\"ImageObject\",\"@id\":\"https:\/\/www.comundi.fr\/mag-des-competences\/renault-accelere-sur-la-formation-de-son-reseau-a-lelectrique\/#primaryimage\",\"inLanguage\":\"fr-FR\",\"url\":\"https:\/\/www.comundi.fr\/mag-des-competences\/wp-content\/uploads\/2023\/06\/Visuel-Mag-des-competence-Renault.jpg\",\"contentUrl\":\"https:\/\/www.comundi.fr\/mag-des-competences\/wp-content\/uploads\/2023\/06\/Visuel-Mag-des-competence-Renault.jpg\",\"width\":1200,\"height\":675,\"caption\":\"Mag des comp\\u00e9tence, Arnaud Sautier, Renault\"},{\"@type\":\"WebPage\",\"@id\":\"https:\/\/www.comundi.fr\/mag-des-competences\/renault-accelere-sur-la-formation-de-son-reseau-a-lelectrique\/#webpage\",\"url\":\"https:\/\/www.comundi.fr\/mag-des-competences\/renault-accelere-sur-la-formation-de-son-reseau-a-lelectrique\/\",\"name\":\"Renault acc\\u00e9l\\u00e8re sur la formation de son r\\u00e9seau \\u00e0 l\\u2019\\u00e9lectrique - Mag des comp\\u00e9tences - Comundi\",\"isPartOf\":{\"@id\":\"https:\/\/www.comundi.fr\/mag-des-competences\/#website\"},\"primaryImageOfPage\":{\"@id\":\"https:\/\/www.comundi.fr\/mag-des-competences\/renault-accelere-sur-la-formation-de-son-reseau-a-lelectrique\/#primaryimage\"},\"datePublished\":\"2023-06-15T06:50:00+00:00\",\"dateModified\":\"2023-06-12T19:27:41+00:00\",\"description\":\"Face \\u00e0 l'innovation, former ses \\u00e9quipes est essentiel. Exemple avec Arnaud Sautier, Directeur de la Formation R\\u00e9seau France de Renault.\",\"breadcrumb\":{\"@id\":\"https:\/\/www.comundi.fr\/mag-des-competences\/renault-accelere-sur-la-formation-de-son-reseau-a-lelectrique\/#breadcrumb\"},\"inLanguage\":\"fr-FR\",\"potentialAction\":[{\"@type\":\"ReadAction\",\"target\":[\"https:\/\/www.comundi.fr\/mag-des-competences\/renault-accelere-sur-la-formation-de-son-reseau-a-lelectrique\/\"]}]},{\"@type\":\"BreadcrumbList\",\"@id\":\"https:\/\/www.comundi.fr\/mag-des-competences\/renault-accelere-sur-la-formation-de-son-reseau-a-lelectrique\/#breadcrumb\",\"itemListElement\":[{\"@type\":\"ListItem\",\"position\":1,\"item\":{\"@type\":\"WebPage\",\"@id\":\"https:\/\/www.comundi.fr\/mag-des-competences\/\",\"url\":\"https:\/\/www.comundi.fr\/mag-des-competences\/\",\"name\":\"Accueil\"}},{\"@type\":\"ListItem\",\"position\":2,\"item\":{\"@type\":\"WebPage\",\"@id\":\"https:\/\/www.comundi.fr\/mag-des-competences\/renault-accelere-sur-la-formation-de-son-reseau-a-lelectrique\/\",\"url\":\"https:\/\/www.comundi.fr\/mag-des-competences\/renault-accelere-sur-la-formation-de-son-reseau-a-lelectrique\/\",\"name\":\"Renault acc\\u00e9l\\u00e8re sur la formation de son r\\u00e9seau \\u00e0 l\\u2019\\u00e9lectrique\"}}]},{\"@type\":\"Article\",\"@id\":\"https:\/\/www.comundi.fr\/mag-des-competences\/renault-accelere-sur-la-formation-de-son-reseau-a-lelectrique\/#article\",\"isPartOf\":{\"@id\":\"https:\/\/www.comundi.fr\/mag-des-competences\/renault-accelere-sur-la-formation-de-son-reseau-a-lelectrique\/#webpage\"},\"author\":{\"@id\":\"https:\/\/www.comundi.fr\/mag-des-competences\/#\/schema\/person\/d08f5c2cf9de6fcfd33c30314745578e\"},\"headline\":\"Renault acc\\u00e9l\\u00e8re sur la formation de son r\\u00e9seau \\u00e0 l\\u2019\\u00e9lectrique\",\"datePublished\":\"2023-06-15T06:50:00+00:00\",\"dateModified\":\"2023-06-12T19:27:41+00:00\",\"mainEntityOfPage\":{\"@id\":\"https:\/\/www.comundi.fr\/mag-des-competences\/renault-accelere-sur-la-formation-de-son-reseau-a-lelectrique\/#webpage\"},\"commentCount\":0,\"publisher\":{\"@id\":\"https:\/\/www.comundi.fr\/mag-des-competences\/#organization\"},\"image\":{\"@id\":\"https:\/\/www.comundi.fr\/mag-des-competences\/renault-accelere-sur-la-formation-de-son-reseau-a-lelectrique\/#primaryimage\"},\"articleSection\":\"Formation professionnelle\",\"inLanguage\":\"fr-FR\",\"potentialAction\":[{\"@type\":\"CommentAction\",\"name\":\"Comment\",\"target\":[\"https:\/\/www.comundi.fr\/mag-des-competences\/renault-accelere-sur-la-formation-de-son-reseau-a-lelectrique\/#respond\"]}]},{\"@type\":\"Person\",\"@id\":\"https:\/\/www.comundi.fr\/mag-des-competences\/#\/schema\/person\/d08f5c2cf9de6fcfd33c30314745578e\",\"name\":\"Comundi\",\"image\":{\"@type\":\"ImageObject\",\"@id\":\"https:\/\/www.comundi.fr\/mag-des-competences\/#personlogo\",\"inLanguage\":\"fr-FR\",\"url\":\"https:\/\/secure.gravatar.com\/avatar\/da2835ae7b2c1279e8e897d242f4cda6?s=96&d=mm&r=g\",\"contentUrl\":\"https:\/\/secure.gravatar.com\/avatar\/da2835ae7b2c1279e8e897d242f4cda6?s=96&d=mm&r=g\",\"caption\":\"Comundi\"}}]}<\/script>\n<!-- \/ Yoast SEO plugin. -->","amp_enabled":true,"_links":{"self":[{"href":"https:\/\/www.comundi.fr\/mag-des-competences\/wp-json\/wp\/v2\/posts\/11530"}],"collection":[{"href":"https:\/\/www.comundi.fr\/mag-des-competences\/wp-json\/wp\/v2\/posts"}],"about":[{"href":"https:\/\/www.comundi.fr\/mag-des-competences\/wp-json\/wp\/v2\/types\/post"}],"author":[{"embeddable":true,"href":"https:\/\/www.comundi.fr\/mag-des-competences\/wp-json\/wp\/v2\/users\/8"}],"replies":[{"embeddable":true,"href":"https:\/\/www.comundi.fr\/mag-des-competences\/wp-json\/wp\/v2\/comments?post=11530"}],"version-history":[{"count":6,"href":"https:\/\/www.comundi.fr\/mag-des-competences\/wp-json\/wp\/v2\/posts\/11530\/revisions"}],"predecessor-version":[{"id":11559,"href":"https:\/\/www.comundi.fr\/mag-des-competences\/wp-json\/wp\/v2\/posts\/11530\/revisions\/11559"}],"wp:featuredmedia":[{"embeddable":true,"href":"https:\/\/www.comundi.fr\/mag-des-competences\/wp-json\/wp\/v2\/media\/11565"}],"wp:attachment":[{"href":"https:\/\/www.comundi.fr\/mag-des-competences\/wp-json\/wp\/v2\/media?parent=11530"}],"wp:term":[{"taxonomy":"category","embeddable":true,"href":"https:\/\/www.comundi.fr\/mag-des-competences\/wp-json\/wp\/v2\/categories?post=11530"}],"curies":[{"name":"wp","href":"https:\/\/api.w.org\/{rel}","templated":true}]}}