{"id":11496,"date":"2023-05-25T08:45:00","date_gmt":"2023-05-25T06:45:00","guid":{"rendered":"https:\/\/www.comundi.fr\/mag-des-competences\/?p=11496"},"modified":"2023-06-03T11:52:23","modified_gmt":"2023-06-03T09:52:23","slug":"accompagner-vos-talents-avec-le-mag-des-competences-printemps-2023","status":"publish","type":"post","link":"https:\/\/www.comundi.fr\/mag-des-competences\/accompagner-vos-talents-avec-le-mag-des-competences-printemps-2023\/","title":{"rendered":"Accompagner vos talents avec le Mag des comp\u00e9tences Printemps 2023"},"content":{"rendered":"\n<p>Le printemps apporte ses nouveaut\u00e9s et avec lui le nouveau <strong>Mag des comp\u00e9tences<\/strong>. D\u00e9couvrez les derni\u00e8res infos <strong>rh<\/strong> et <strong>formation<\/strong>.&nbsp;<\/p>\n\n\n\n<p>Au programme&nbsp;:&nbsp;<\/p>\n\n\n\n<ul><li>Un entretien exclusif avec <strong>J\u00e9r\u00f4me Nanty, directeur ex\u00e9cutif ressources humaines du groupe Carrefour<\/strong>, qui nous parle de la valorisation des talents,<\/li><li>Le lancement du centre d\u2019apprentis de <strong>Fnac Darty<\/strong> expliqu\u00e9 par <strong>Fabrice Attelann<\/strong>, <strong>responsable CFA<\/strong>,<\/li><li>La formation aux outils num\u00e9riques des agents de la ville de Rennes avec <strong>Johan Theuret, Directeur g\u00e9n\u00e9ral adjoint charg\u00e9 du p\u00f4le \u201cRessources\u201d de la ville<\/strong><\/li><li>L\u2019enjeu de la formation \u00e0 l\u2019\u00e9lectrique chez Renault avec <strong>Arnaud Sautier, Directeur de la Formation R\u00e9seau France<\/strong><\/li><li>La construction d\u2019une culture manag\u00e9riale \u00e0 l\u2019<strong>AFPA<\/strong> avec <strong>Olivier Cagnac, DRH, V\u00e9ronique Devermelles, Responsable nationale du programme \u201cTalent Manager\u201d, Val\u00e9rie Belleville-Lopez, Directrice du D\u00e9veloppement Professionnel au sein de l\u2019AFPA <\/strong>et<strong> Christine Boufelle, Ing\u00e9nieure commerciale<\/strong> chez <strong>Comundi<\/strong>.<\/li><\/ul>\n\n\n\n<h2><strong>Le grand entretien<\/strong><\/h2>\n\n\n\n<p>Pour ce nouveau magazine, <strong>J\u00e9r\u00f4me Nanty<\/strong>, <strong>Directeur Ex\u00e9cutif Ressources Humaines du groupe Carrefour,<\/strong> s\u2019est entretenu avec nous sur la strat\u00e9gie de d\u00e9veloppement des talents en interne. Chez Carrefour, 70 % des directeurs de magasins en France sont issus de la promotion interne. Aujourd\u2019hui, Carrefour met en place un processus destin\u00e9 \u00e0 identifier et \u00e0 former ses talents en interne avec l\u2019\u00c9cole des Leaders.&nbsp;<\/p>\n\n\n\n<h2><strong>Le centre de formation apprentis&nbsp;: un investissement b\u00e9n\u00e9fique pour Fnac Darty<\/strong><\/h2>\n\n\n\n<p><strong>Fnac Darty <\/strong>lance son centre de formation apprenti pour former ses collaborateurs. Le CFA offre plusieurs possibilit\u00e9s d\u2019acc\u00e8s \u00e0 la formation avec des parcours adapt\u00e9s \u00e0 diff\u00e9rents profils. Ainsi, il est possible de faire une formation en alternance pour les nouveaux apprenants ou encore une formation de 4 mois pour les profils professionnels disposant d\u2019une base de connaissances solides.<\/p>\n\n\n\n<h2><strong>Former ses \u00e9quipes : un enjeu d\u2019avenir pour s\u2019adapter aux derni\u00e8res innovations<\/strong><\/h2>\n\n\n\n<p>Avec la transformation digitale et le d\u00e9veloppement des outils num\u00e9riques, il devient indispensable pour les agents de la fonction publique de se former au digital. Dans ce num\u00e9ro du Mag, <strong>Johan Theuret, Directeur g\u00e9n\u00e9ral adjoint charg\u00e9 du p\u00f4le \u201cRessources\u201d de la ville de Rennes et de Rennes m\u00e9tropole<\/strong>, nous parle de la mise en place d\u2019un plan de d\u00e9veloppement de comp\u00e9tences pour accompagner ses \u00e9quipes.&nbsp;<\/p>\n\n\n\n<p>Chez Renault, la formation se concentre davantage sur l\u2019\u00e9lectrique. L\u2019Union Europ\u00e9enne a r\u00e9cemment valid\u00e9 l\u2019interdiction de la vente de voiture thermique neuve \u00e0 partir de 2035. C\u2019est pourquoi, <strong>Arnaud Sautier, Directeur de la Formation R\u00e9seau France<\/strong>, nous explique le d\u00e9veloppement de la formation des \u00e9quipes \u00e0 l\u2019\u00e9lectrique afin r\u00e9pondre aux nouveaux enjeux du secteur de l\u2019automobile et du changement climatique.<\/p>\n\n\n\n<h2><strong>Accompagnement le changement avec la formation manag\u00e9riale<\/strong><\/h2>\n\n\n\n<p>Le manager est au c\u0153ur du changement. Afin d\u2019accompagner au mieux ses \u00e9quipes, il lui est n\u00e9cessaire d\u2019acqu\u00e9rir des comp\u00e9tences manag\u00e9riales. C\u2019est dans cet objectif que l\u2019<strong>AFPA<\/strong> a mis en place des parcours de formations destin\u00e9s aux managers dans des formats innovants. Ainsi, les managers, managers de manager ou futurs managers sont amen\u00e9s \u00e0 se rencontrer et \u00e0 d\u00e9velopper ensemble des comp\u00e9tences qui leur permettront de donner du sens \u00e0 l\u2019action de chacun dans leur structure.<\/p>\n\n\n\n<h2><strong>Et toujours plus d\u2019actualit\u00e9s RH \u2026<\/strong><\/h2>\n\n\n\n<p>\u2026 avec la r\u00e9forme des retraites et l\u2019adoption de l\u2019index seniors, la sant\u00e9 mentale des salari\u00e9s, les DRH et la rentr\u00e9e sociale ainsi que des pistes pour motiver et fid\u00e9liser les salari\u00e9s.<\/p>\n\n\n\n<p>N\u2019attendez plus pour d\u00e9couvrir le nouveau Mag&nbsp;!<\/p>\n\n\n\n<div class=\"wp-block-buttons aligncenter\">\n<div class=\"wp-block-button\">T\u00e9l\u00e9chargez le Mag des Comp\u00e9tences<\/div>\n<\/div>\n","protected":false},"excerpt":{"rendered":"<p>Le printemps apporte ses nouveaut\u00e9s et avec lui le nouveau Mag des comp\u00e9tences. D\u00e9couvrez les derni\u00e8res infos rh et formation.&nbsp; Au programme&nbsp;:&nbsp; Un entretien exclusif avec J\u00e9r\u00f4me Nanty, directeur ex\u00e9cutif ressources humaines du groupe Carrefour, qui nous parle de la valorisation des talents, Le lancement du centre d\u2019apprentis de Fnac Darty expliqu\u00e9 par Fabrice Attelann, [&hellip;]<\/p>\n","protected":false},"author":8,"featured_media":11500,"comment_status":"open","ping_status":"open","sticky":false,"template":"","format":"standard","meta":{"_mi_skip_tracking":false},"categories":[201,200],"yoast_head":"<!-- This site is optimized with the Yoast SEO plugin v16.1 - https:\/\/yoast.com\/wordpress\/plugins\/seo\/ -->\n<title>Accompagner vos talents avec le Mag des comp\u00e9tences Printemps 2023 - Mag des comp\u00e9tences - Comundi<\/title>\n<meta name=\"description\" content=\"Le printemps apporte ses nouveaut\u00e9s et avec lui le nouveau Mag des comp\u00e9tences. D\u00e9couvrez les derni\u00e8res infos rh et formation.\" \/>\n<meta name=\"robots\" content=\"index, follow, max-snippet:-1, max-image-preview:large, max-video-preview:-1\" \/>\n<link rel=\"canonical\" href=\"https:\/\/www.comundi.fr\/mag-des-competences\/accompagner-vos-talents-avec-le-mag-des-competences-printemps-2023\/\" \/>\n<meta property=\"og:locale\" content=\"fr_FR\" \/>\n<meta property=\"og:type\" content=\"article\" \/>\n<meta property=\"og:title\" content=\"Accompagner vos talents avec le Mag des comp\u00e9tences Printemps 2023 - Mag des comp\u00e9tences - Comundi\" \/>\n<meta property=\"og:description\" content=\"Le printemps apporte ses nouveaut\u00e9s et avec lui le nouveau Mag des comp\u00e9tences. D\u00e9couvrez les derni\u00e8res infos rh et formation.\" \/>\n<meta property=\"og:url\" content=\"https:\/\/www.comundi.fr\/mag-des-competences\/accompagner-vos-talents-avec-le-mag-des-competences-printemps-2023\/\" \/>\n<meta property=\"og:site_name\" content=\"Mag des comp\u00e9tences - Comundi\" \/>\n<meta property=\"article:publisher\" content=\"https:\/\/www.facebook.com\/Comundi\/?fref=ts\" \/>\n<meta property=\"article:published_time\" content=\"2023-05-25T06:45:00+00:00\" \/>\n<meta property=\"article:modified_time\" content=\"2023-06-03T09:52:23+00:00\" \/>\n<meta property=\"og:image\" content=\"https:\/\/www.comundi.fr\/mag-des-competences\/wp-content\/uploads\/2023\/05\/Visuel-Mag-des-competence1.jpg\" \/>\n\t<meta property=\"og:image:width\" content=\"1200\" \/>\n\t<meta property=\"og:image:height\" content=\"675\" \/>\n<meta name=\"twitter:card\" content=\"summary_large_image\" \/>\n<meta name=\"twitter:creator\" content=\"@ComundiActu\" \/>\n<meta name=\"twitter:site\" content=\"@ComundiActu\" \/>\n<meta name=\"twitter:label1\" content=\"Dur\u00e9e de lecture est.\">\n\t<meta name=\"twitter:data1\" content=\"3 minutes\">\n<script type=\"application\/ld+json\" class=\"yoast-schema-graph\">{\"@context\":\"https:\/\/schema.org\",\"@graph\":[{\"@type\":\"Organization\",\"@id\":\"https:\/\/www.comundi.fr\/mag-des-competences\/#organization\",\"name\":\"Comundi\",\"url\":\"https:\/\/www.comundi.fr\/mag-des-competences\/\",\"sameAs\":[\"https:\/\/www.facebook.com\/Comundi\/?fref=ts\",\"https:\/\/www.linkedin.com\/company\/comundi\/\",\"https:\/\/www.youtube.com\/user\/ComundiFormations\",\"https:\/\/twitter.com\/ComundiActu\"],\"logo\":{\"@type\":\"ImageObject\",\"@id\":\"https:\/\/www.comundi.fr\/mag-des-competences\/#logo\",\"inLanguage\":\"fr-FR\",\"url\":\"https:\/\/www.comundi.fr\/mag-des-competences\/wp-content\/uploads\/2018\/01\/comundi.png\",\"contentUrl\":\"https:\/\/www.comundi.fr\/mag-des-competences\/wp-content\/uploads\/2018\/01\/comundi.png\",\"width\":300,\"height\":300,\"caption\":\"Comundi\"},\"image\":{\"@id\":\"https:\/\/www.comundi.fr\/mag-des-competences\/#logo\"}},{\"@type\":\"WebSite\",\"@id\":\"https:\/\/www.comundi.fr\/mag-des-competences\/#website\",\"url\":\"https:\/\/www.comundi.fr\/mag-des-competences\/\",\"name\":\"Mag des comp\\u00e9tences - Comundi\",\"description\":\"Le magazine des m\\u00e9tiers de demain\",\"publisher\":{\"@id\":\"https:\/\/www.comundi.fr\/mag-des-competences\/#organization\"},\"potentialAction\":[{\"@type\":\"SearchAction\",\"target\":\"https:\/\/www.comundi.fr\/mag-des-competences\/?s={search_term_string}\",\"query-input\":\"required name=search_term_string\"}],\"inLanguage\":\"fr-FR\"},{\"@type\":\"ImageObject\",\"@id\":\"https:\/\/www.comundi.fr\/mag-des-competences\/accompagner-vos-talents-avec-le-mag-des-competences-printemps-2023\/#primaryimage\",\"inLanguage\":\"fr-FR\",\"url\":\"https:\/\/www.comundi.fr\/mag-des-competences\/wp-content\/uploads\/2023\/05\/Visuel-Mag-des-competence1.jpg\",\"contentUrl\":\"https:\/\/www.comundi.fr\/mag-des-competences\/wp-content\/uploads\/2023\/05\/Visuel-Mag-des-competence1.jpg\",\"width\":1200,\"height\":675,\"caption\":\"Mag des comp\\u00e9tence Printemps 2023\"},{\"@type\":\"WebPage\",\"@id\":\"https:\/\/www.comundi.fr\/mag-des-competences\/accompagner-vos-talents-avec-le-mag-des-competences-printemps-2023\/#webpage\",\"url\":\"https:\/\/www.comundi.fr\/mag-des-competences\/accompagner-vos-talents-avec-le-mag-des-competences-printemps-2023\/\",\"name\":\"Accompagner vos talents avec le Mag des comp\\u00e9tences Printemps 2023 - Mag des comp\\u00e9tences - Comundi\",\"isPartOf\":{\"@id\":\"https:\/\/www.comundi.fr\/mag-des-competences\/#website\"},\"primaryImageOfPage\":{\"@id\":\"https:\/\/www.comundi.fr\/mag-des-competences\/accompagner-vos-talents-avec-le-mag-des-competences-printemps-2023\/#primaryimage\"},\"datePublished\":\"2023-05-25T06:45:00+00:00\",\"dateModified\":\"2023-06-03T09:52:23+00:00\",\"description\":\"Le printemps apporte ses nouveaut\\u00e9s et avec lui le nouveau Mag des comp\\u00e9tences. D\\u00e9couvrez les derni\\u00e8res infos rh et formation.\",\"breadcrumb\":{\"@id\":\"https:\/\/www.comundi.fr\/mag-des-competences\/accompagner-vos-talents-avec-le-mag-des-competences-printemps-2023\/#breadcrumb\"},\"inLanguage\":\"fr-FR\",\"potentialAction\":[{\"@type\":\"ReadAction\",\"target\":[\"https:\/\/www.comundi.fr\/mag-des-competences\/accompagner-vos-talents-avec-le-mag-des-competences-printemps-2023\/\"]}]},{\"@type\":\"BreadcrumbList\",\"@id\":\"https:\/\/www.comundi.fr\/mag-des-competences\/accompagner-vos-talents-avec-le-mag-des-competences-printemps-2023\/#breadcrumb\",\"itemListElement\":[{\"@type\":\"ListItem\",\"position\":1,\"item\":{\"@type\":\"WebPage\",\"@id\":\"https:\/\/www.comundi.fr\/mag-des-competences\/\",\"url\":\"https:\/\/www.comundi.fr\/mag-des-competences\/\",\"name\":\"Accueil\"}},{\"@type\":\"ListItem\",\"position\":2,\"item\":{\"@type\":\"WebPage\",\"@id\":\"https:\/\/www.comundi.fr\/mag-des-competences\/accompagner-vos-talents-avec-le-mag-des-competences-printemps-2023\/\",\"url\":\"https:\/\/www.comundi.fr\/mag-des-competences\/accompagner-vos-talents-avec-le-mag-des-competences-printemps-2023\/\",\"name\":\"Accompagner vos talents avec le Mag des comp\\u00e9tences Printemps 2023\"}}]},{\"@type\":\"Article\",\"@id\":\"https:\/\/www.comundi.fr\/mag-des-competences\/accompagner-vos-talents-avec-le-mag-des-competences-printemps-2023\/#article\",\"isPartOf\":{\"@id\":\"https:\/\/www.comundi.fr\/mag-des-competences\/accompagner-vos-talents-avec-le-mag-des-competences-printemps-2023\/#webpage\"},\"author\":{\"@id\":\"https:\/\/www.comundi.fr\/mag-des-competences\/#\/schema\/person\/d08f5c2cf9de6fcfd33c30314745578e\"},\"headline\":\"Accompagner vos talents avec le Mag des comp\\u00e9tences Printemps 2023\",\"datePublished\":\"2023-05-25T06:45:00+00:00\",\"dateModified\":\"2023-06-03T09:52:23+00:00\",\"mainEntityOfPage\":{\"@id\":\"https:\/\/www.comundi.fr\/mag-des-competences\/accompagner-vos-talents-avec-le-mag-des-competences-printemps-2023\/#webpage\"},\"commentCount\":0,\"publisher\":{\"@id\":\"https:\/\/www.comundi.fr\/mag-des-competences\/#organization\"},\"image\":{\"@id\":\"https:\/\/www.comundi.fr\/mag-des-competences\/accompagner-vos-talents-avec-le-mag-des-competences-printemps-2023\/#primaryimage\"},\"articleSection\":\"Formation professionnelle,Ressources humaines\",\"inLanguage\":\"fr-FR\",\"potentialAction\":[{\"@type\":\"CommentAction\",\"name\":\"Comment\",\"target\":[\"https:\/\/www.comundi.fr\/mag-des-competences\/accompagner-vos-talents-avec-le-mag-des-competences-printemps-2023\/#respond\"]}]},{\"@type\":\"Person\",\"@id\":\"https:\/\/www.comundi.fr\/mag-des-competences\/#\/schema\/person\/d08f5c2cf9de6fcfd33c30314745578e\",\"name\":\"Comundi\",\"image\":{\"@type\":\"ImageObject\",\"@id\":\"https:\/\/www.comundi.fr\/mag-des-competences\/#personlogo\",\"inLanguage\":\"fr-FR\",\"url\":\"https:\/\/secure.gravatar.com\/avatar\/da2835ae7b2c1279e8e897d242f4cda6?s=96&d=mm&r=g\",\"contentUrl\":\"https:\/\/secure.gravatar.com\/avatar\/da2835ae7b2c1279e8e897d242f4cda6?s=96&d=mm&r=g\",\"caption\":\"Comundi\"}}]}<\/script>\n<!-- \/ Yoast SEO plugin. -->","amp_enabled":true,"_links":{"self":[{"href":"https:\/\/www.comundi.fr\/mag-des-competences\/wp-json\/wp\/v2\/posts\/11496"}],"collection":[{"href":"https:\/\/www.comundi.fr\/mag-des-competences\/wp-json\/wp\/v2\/posts"}],"about":[{"href":"https:\/\/www.comundi.fr\/mag-des-competences\/wp-json\/wp\/v2\/types\/post"}],"author":[{"embeddable":true,"href":"https:\/\/www.comundi.fr\/mag-des-competences\/wp-json\/wp\/v2\/users\/8"}],"replies":[{"embeddable":true,"href":"https:\/\/www.comundi.fr\/mag-des-competences\/wp-json\/wp\/v2\/comments?post=11496"}],"version-history":[{"count":2,"href":"https:\/\/www.comundi.fr\/mag-des-competences\/wp-json\/wp\/v2\/posts\/11496\/revisions"}],"predecessor-version":[{"id":11518,"href":"https:\/\/www.comundi.fr\/mag-des-competences\/wp-json\/wp\/v2\/posts\/11496\/revisions\/11518"}],"wp:featuredmedia":[{"embeddable":true,"href":"https:\/\/www.comundi.fr\/mag-des-competences\/wp-json\/wp\/v2\/media\/11500"}],"wp:attachment":[{"href":"https:\/\/www.comundi.fr\/mag-des-competences\/wp-json\/wp\/v2\/media?parent=11496"}],"wp:term":[{"taxonomy":"category","embeddable":true,"href":"https:\/\/www.comundi.fr\/mag-des-competences\/wp-json\/wp\/v2\/categories?post=11496"}],"curies":[{"name":"wp","href":"https:\/\/api.w.org\/{rel}","templated":true}]}}