{"id":11294,"date":"2023-03-20T11:40:00","date_gmt":"2023-03-20T10:40:00","guid":{"rendered":"https:\/\/www.comundi.fr\/mag-des-competences\/?p=11294"},"modified":"2023-07-25T17:48:03","modified_gmt":"2023-07-25T15:48:03","slug":"communication-responsable-les-6-chiffres-cles","status":"publish","type":"post","link":"https:\/\/www.comundi.fr\/mag-des-competences\/communication-responsable-les-6-chiffres-cles\/","title":{"rendered":"Communication Responsable : les 6 chiffres cl\u00e9s"},"content":{"rendered":"\n<p>Nous savons aujourd\u2019hui que la communication responsable est devenue indispensable aux entreprises. Selon l\u2019ADEME&nbsp;: 83 % des Fran\u00e7ais pr\u00e9f\u00e8rent acheter des produits de marques et entreprises dont le comportement est align\u00e9 sur leurs convictions. Le \u00ab consommer mieux \u00bb remplace le \u00ab consommer moins \u00bb.&nbsp;<\/p>\n\n\n\n<p>Si les communicants l\u2019ont bien compris et mettent en \u0153uvre des actions pour aider leurs clients \u00e0 faire passer des messages \u00e9coresponsables inspirants, ils sont cependant plus h\u00e9sitants \u00e0 remettre en question leurs propres pratiques. Pourtant, si l\u2019on y regarde de plus pr\u00e8s, la durabilit\u00e9 et l&rsquo;inclusion restent des domaines encore peu explor\u00e9s dans le monde de la publicit\u00e9. Et si l\u2019on mesurait l\u2019impact des \u00e9missions de CO2 g\u00e9n\u00e9r\u00e9es par une campagne de pub digitale, celles-ci seraient consid\u00e9rables. L\u2019augmentation du nombre d\u2019agences de communication labellis\u00e9es montre \u00e0 quel point il est indispensable aujourd\u2019hui de modifier leur propre approche, pour am\u00e9liorer l\u2019image et l\u2019attractivit\u00e9 du secteur de la communication.<\/p>\n\n\n\n<p>D\u00e9couvrez notre infographie<\/p>\n\n\n\n<div class=\"wp-block-image\"><figure class=\"aligncenter size-large is-resized\"><img loading=\"lazy\" src=\"https:\/\/www.comundi.fr\/mag-des-competences\/wp-content\/uploads\/2023\/03\/Infographie-808x1024.png\" alt=\"\" class=\"wp-image-11295\" width=\"422\" height=\"534\" srcset=\"https:\/\/www.comundi.fr\/mag-des-competences\/wp-content\/uploads\/2023\/03\/Infographie-808x1024.png 808w, https:\/\/www.comundi.fr\/mag-des-competences\/wp-content\/uploads\/2023\/03\/Infographie-237x300.png 237w, https:\/\/www.comundi.fr\/mag-des-competences\/wp-content\/uploads\/2023\/03\/Infographie-768x974.png 768w, https:\/\/www.comundi.fr\/mag-des-competences\/wp-content\/uploads\/2023\/03\/Infographie-1211x1536.png 1211w, https:\/\/www.comundi.fr\/mag-des-competences\/wp-content\/uploads\/2023\/03\/Infographie-1615x2048.png 1615w, https:\/\/www.comundi.fr\/mag-des-competences\/wp-content\/uploads\/2023\/03\/Infographie-364x460.png 364w\" sizes=\"(max-width: 422px) 100vw, 422px\" \/><\/figure><\/div>\n\n\n\n<p><strong>1%des cr\u00e9ations publicitaires<\/strong><br>Le Handicap est pr\u00e9sent dans moins de 1% des cr\u00e9ations publicitaires depuis les 25 derni\u00e8res ann\u00e9es (\u00e9tude 2022 de Kantar pour le compte de COM-ENT)<\/p>\n\n\n\n<p><strong>35 vols A\/R Paris \u2013 New York<\/strong><br>Equivalent en \u00e9missions carbone d\u2019une campagne de pub digitale selon le cabinet fifty-five \u2013 2022<\/p>\n\n\n\n<p><strong>15&nbsp;% de CA en plus<\/strong><br>Les entreprises qui ont int\u00e9gr\u00e9 des crit\u00e8res de durabilit\u00e9 dans leur communication ont vu leur chiffre d&rsquo;affaires augmenter de 15&nbsp;% en moyenne, selon une \u00e9tude r\u00e9alis\u00e9e en 2022 par le cabinet de conseil en strat\u00e9gie de communication responsable Sustainability Partners.<\/p>\n\n\n\n<p><strong>50% des entreprises du CAC40<\/strong><br>Plus de 50% des entreprises du CAC40 ont int\u00e9gr\u00e9 des crit\u00e8res de durabilit\u00e9 dans leur strat\u00e9gie de communication, selon une \u00e9tude r\u00e9alis\u00e9e en 2022 par l&rsquo;agence de communication responsable Goodwill Communications.<\/p>\n\n\n\n<p><strong>94 agences<\/strong><br>94 agences sont actuellement lab\u00e9lis\u00e9es RSE &#8211; Agences Actives&nbsp;<\/p>\n\n\n\n<p><strong>6,7\/10 d\u2019attractivit\u00e9<\/strong><br>6,7\/10 : c\u2019est le niveau d\u2019attractivit\u00e9 du secteur de la communication par les professionnels de la communication (\u00e9tude Occurrence pour COM-ENT et la Fili\u00e8re Communication, janvier 2023)<\/p>\n\n\n\n<p>Pour aller plus loin, retrouvez nos 11 experts lors de la conf\u00e9rence Communication Responsable le jeudi 20 avril 2023 \u00e0 Paris ou \u00e0 distance.<\/p>\n","protected":false},"excerpt":{"rendered":"<p>Nous savons aujourd\u2019hui que la communication responsable est devenue indispensable aux entreprises. Selon l\u2019ADEME&nbsp;: 83 % des Fran\u00e7ais pr\u00e9f\u00e8rent acheter des produits de marques et entreprises dont le comportement est align\u00e9 sur leurs convictions. Le \u00ab consommer mieux \u00bb remplace le \u00ab consommer moins \u00bb.&nbsp; Si les communicants l\u2019ont bien compris et mettent en \u0153uvre [&hellip;]<\/p>\n","protected":false},"author":8,"featured_media":11298,"comment_status":"open","ping_status":"open","sticky":false,"template":"","format":"standard","meta":{"_mi_skip_tracking":false},"categories":[187],"yoast_head":"<!-- This site is optimized with the Yoast SEO plugin v16.1 - https:\/\/yoast.com\/wordpress\/plugins\/seo\/ -->\n<title>Communication Responsable : les 6 chiffres cl\u00e9s - Mag des comp\u00e9tences - Comundi<\/title>\n<meta name=\"description\" content=\"A l&#039;heure du &quot;consommer mieux&quot;, quels sont les chiffres cl\u00e9s de la communication responsable ? D\u00e9couvrez-les dans notre infographie.\" \/>\n<meta name=\"robots\" content=\"index, follow, max-snippet:-1, max-image-preview:large, max-video-preview:-1\" \/>\n<link rel=\"canonical\" href=\"https:\/\/www.comundi.fr\/mag-des-competences\/communication-responsable-les-6-chiffres-cles\/\" \/>\n<meta property=\"og:locale\" content=\"fr_FR\" \/>\n<meta property=\"og:type\" content=\"article\" \/>\n<meta property=\"og:title\" content=\"Communication Responsable : les 6 chiffres cl\u00e9s - Mag des comp\u00e9tences - Comundi\" \/>\n<meta property=\"og:description\" content=\"A l&#039;heure du &quot;consommer mieux&quot;, quels sont les chiffres cl\u00e9s de la communication responsable ? D\u00e9couvrez-les dans notre infographie.\" \/>\n<meta property=\"og:url\" content=\"https:\/\/www.comundi.fr\/mag-des-competences\/communication-responsable-les-6-chiffres-cles\/\" \/>\n<meta property=\"og:site_name\" content=\"Mag des comp\u00e9tences - Comundi\" \/>\n<meta property=\"article:publisher\" content=\"https:\/\/www.facebook.com\/Comundi\/?fref=ts\" \/>\n<meta property=\"article:published_time\" content=\"2023-03-20T10:40:00+00:00\" \/>\n<meta property=\"article:modified_time\" content=\"2023-07-25T15:48:03+00:00\" \/>\n<meta property=\"og:image\" content=\"https:\/\/www.comundi.fr\/mag-des-competences\/wp-content\/uploads\/2023\/03\/1200-x-675.png\" \/>\n\t<meta property=\"og:image:width\" content=\"1200\" \/>\n\t<meta property=\"og:image:height\" content=\"675\" \/>\n<meta name=\"twitter:card\" content=\"summary_large_image\" \/>\n<meta name=\"twitter:creator\" content=\"@ComundiActu\" \/>\n<meta name=\"twitter:site\" content=\"@ComundiActu\" \/>\n<meta name=\"twitter:label1\" content=\"Dur\u00e9e de lecture est.\">\n\t<meta name=\"twitter:data1\" content=\"2 minutes\">\n<script type=\"application\/ld+json\" class=\"yoast-schema-graph\">{\"@context\":\"https:\/\/schema.org\",\"@graph\":[{\"@type\":\"Organization\",\"@id\":\"https:\/\/www.comundi.fr\/mag-des-competences\/#organization\",\"name\":\"Comundi\",\"url\":\"https:\/\/www.comundi.fr\/mag-des-competences\/\",\"sameAs\":[\"https:\/\/www.facebook.com\/Comundi\/?fref=ts\",\"https:\/\/www.linkedin.com\/company\/comundi\/\",\"https:\/\/www.youtube.com\/user\/ComundiFormations\",\"https:\/\/twitter.com\/ComundiActu\"],\"logo\":{\"@type\":\"ImageObject\",\"@id\":\"https:\/\/www.comundi.fr\/mag-des-competences\/#logo\",\"inLanguage\":\"fr-FR\",\"url\":\"https:\/\/www.comundi.fr\/mag-des-competences\/wp-content\/uploads\/2018\/01\/comundi.png\",\"contentUrl\":\"https:\/\/www.comundi.fr\/mag-des-competences\/wp-content\/uploads\/2018\/01\/comundi.png\",\"width\":300,\"height\":300,\"caption\":\"Comundi\"},\"image\":{\"@id\":\"https:\/\/www.comundi.fr\/mag-des-competences\/#logo\"}},{\"@type\":\"WebSite\",\"@id\":\"https:\/\/www.comundi.fr\/mag-des-competences\/#website\",\"url\":\"https:\/\/www.comundi.fr\/mag-des-competences\/\",\"name\":\"Mag des comp\\u00e9tences - Comundi\",\"description\":\"Le magazine des m\\u00e9tiers de demain\",\"publisher\":{\"@id\":\"https:\/\/www.comundi.fr\/mag-des-competences\/#organization\"},\"potentialAction\":[{\"@type\":\"SearchAction\",\"target\":\"https:\/\/www.comundi.fr\/mag-des-competences\/?s={search_term_string}\",\"query-input\":\"required name=search_term_string\"}],\"inLanguage\":\"fr-FR\"},{\"@type\":\"ImageObject\",\"@id\":\"https:\/\/www.comundi.fr\/mag-des-competences\/communication-responsable-les-6-chiffres-cles\/#primaryimage\",\"inLanguage\":\"fr-FR\",\"url\":\"https:\/\/www.comundi.fr\/mag-des-competences\/wp-content\/uploads\/2023\/03\/1200-x-675.png\",\"contentUrl\":\"https:\/\/www.comundi.fr\/mag-des-competences\/wp-content\/uploads\/2023\/03\/1200-x-675.png\",\"width\":1200,\"height\":675,\"caption\":\"Communication responsable - chiffres cl\\u00e9s\"},{\"@type\":\"WebPage\",\"@id\":\"https:\/\/www.comundi.fr\/mag-des-competences\/communication-responsable-les-6-chiffres-cles\/#webpage\",\"url\":\"https:\/\/www.comundi.fr\/mag-des-competences\/communication-responsable-les-6-chiffres-cles\/\",\"name\":\"Communication Responsable : les 6 chiffres cl\\u00e9s - Mag des comp\\u00e9tences - Comundi\",\"isPartOf\":{\"@id\":\"https:\/\/www.comundi.fr\/mag-des-competences\/#website\"},\"primaryImageOfPage\":{\"@id\":\"https:\/\/www.comundi.fr\/mag-des-competences\/communication-responsable-les-6-chiffres-cles\/#primaryimage\"},\"datePublished\":\"2023-03-20T10:40:00+00:00\",\"dateModified\":\"2023-07-25T15:48:03+00:00\",\"description\":\"A l'heure du \\\"consommer mieux\\\", quels sont les chiffres cl\\u00e9s de la communication responsable ? D\\u00e9couvrez-les dans notre infographie.\",\"breadcrumb\":{\"@id\":\"https:\/\/www.comundi.fr\/mag-des-competences\/communication-responsable-les-6-chiffres-cles\/#breadcrumb\"},\"inLanguage\":\"fr-FR\",\"potentialAction\":[{\"@type\":\"ReadAction\",\"target\":[\"https:\/\/www.comundi.fr\/mag-des-competences\/communication-responsable-les-6-chiffres-cles\/\"]}]},{\"@type\":\"BreadcrumbList\",\"@id\":\"https:\/\/www.comundi.fr\/mag-des-competences\/communication-responsable-les-6-chiffres-cles\/#breadcrumb\",\"itemListElement\":[{\"@type\":\"ListItem\",\"position\":1,\"item\":{\"@type\":\"WebPage\",\"@id\":\"https:\/\/www.comundi.fr\/mag-des-competences\/\",\"url\":\"https:\/\/www.comundi.fr\/mag-des-competences\/\",\"name\":\"Accueil\"}},{\"@type\":\"ListItem\",\"position\":2,\"item\":{\"@type\":\"WebPage\",\"@id\":\"https:\/\/www.comundi.fr\/mag-des-competences\/communication-responsable-les-6-chiffres-cles\/\",\"url\":\"https:\/\/www.comundi.fr\/mag-des-competences\/communication-responsable-les-6-chiffres-cles\/\",\"name\":\"Communication Responsable : les 6 chiffres cl\\u00e9s\"}}]},{\"@type\":\"Article\",\"@id\":\"https:\/\/www.comundi.fr\/mag-des-competences\/communication-responsable-les-6-chiffres-cles\/#article\",\"isPartOf\":{\"@id\":\"https:\/\/www.comundi.fr\/mag-des-competences\/communication-responsable-les-6-chiffres-cles\/#webpage\"},\"author\":{\"@id\":\"https:\/\/www.comundi.fr\/mag-des-competences\/#\/schema\/person\/d08f5c2cf9de6fcfd33c30314745578e\"},\"headline\":\"Communication Responsable : les 6 chiffres cl\\u00e9s\",\"datePublished\":\"2023-03-20T10:40:00+00:00\",\"dateModified\":\"2023-07-25T15:48:03+00:00\",\"mainEntityOfPage\":{\"@id\":\"https:\/\/www.comundi.fr\/mag-des-competences\/communication-responsable-les-6-chiffres-cles\/#webpage\"},\"commentCount\":0,\"publisher\":{\"@id\":\"https:\/\/www.comundi.fr\/mag-des-competences\/#organization\"},\"image\":{\"@id\":\"https:\/\/www.comundi.fr\/mag-des-competences\/communication-responsable-les-6-chiffres-cles\/#primaryimage\"},\"articleSection\":\"Communication\",\"inLanguage\":\"fr-FR\",\"potentialAction\":[{\"@type\":\"CommentAction\",\"name\":\"Comment\",\"target\":[\"https:\/\/www.comundi.fr\/mag-des-competences\/communication-responsable-les-6-chiffres-cles\/#respond\"]}]},{\"@type\":\"Person\",\"@id\":\"https:\/\/www.comundi.fr\/mag-des-competences\/#\/schema\/person\/d08f5c2cf9de6fcfd33c30314745578e\",\"name\":\"Comundi\",\"image\":{\"@type\":\"ImageObject\",\"@id\":\"https:\/\/www.comundi.fr\/mag-des-competences\/#personlogo\",\"inLanguage\":\"fr-FR\",\"url\":\"https:\/\/secure.gravatar.com\/avatar\/da2835ae7b2c1279e8e897d242f4cda6?s=96&d=mm&r=g\",\"contentUrl\":\"https:\/\/secure.gravatar.com\/avatar\/da2835ae7b2c1279e8e897d242f4cda6?s=96&d=mm&r=g\",\"caption\":\"Comundi\"}}]}<\/script>\n<!-- \/ Yoast SEO plugin. -->","amp_enabled":true,"_links":{"self":[{"href":"https:\/\/www.comundi.fr\/mag-des-competences\/wp-json\/wp\/v2\/posts\/11294"}],"collection":[{"href":"https:\/\/www.comundi.fr\/mag-des-competences\/wp-json\/wp\/v2\/posts"}],"about":[{"href":"https:\/\/www.comundi.fr\/mag-des-competences\/wp-json\/wp\/v2\/types\/post"}],"author":[{"embeddable":true,"href":"https:\/\/www.comundi.fr\/mag-des-competences\/wp-json\/wp\/v2\/users\/8"}],"replies":[{"embeddable":true,"href":"https:\/\/www.comundi.fr\/mag-des-competences\/wp-json\/wp\/v2\/comments?post=11294"}],"version-history":[{"count":4,"href":"https:\/\/www.comundi.fr\/mag-des-competences\/wp-json\/wp\/v2\/posts\/11294\/revisions"}],"predecessor-version":[{"id":11308,"href":"https:\/\/www.comundi.fr\/mag-des-competences\/wp-json\/wp\/v2\/posts\/11294\/revisions\/11308"}],"wp:featuredmedia":[{"embeddable":true,"href":"https:\/\/www.comundi.fr\/mag-des-competences\/wp-json\/wp\/v2\/media\/11298"}],"wp:attachment":[{"href":"https:\/\/www.comundi.fr\/mag-des-competences\/wp-json\/wp\/v2\/media?parent=11294"}],"wp:term":[{"taxonomy":"category","embeddable":true,"href":"https:\/\/www.comundi.fr\/mag-des-competences\/wp-json\/wp\/v2\/categories?post=11294"}],"curies":[{"name":"wp","href":"https:\/\/api.w.org\/{rel}","templated":true}]}}