{"id":10649,"date":"2022-09-22T08:50:00","date_gmt":"2022-09-22T06:50:00","guid":{"rendered":"https:\/\/www.comundi.fr\/mag-des-competences\/?p=10649"},"modified":"2022-11-15T14:43:11","modified_gmt":"2022-11-15T13:43:11","slug":"nouvel-imperatif-gerer-les-emotions-des-salaries","status":"publish","type":"post","link":"https:\/\/www.comundi.fr\/mag-des-competences\/nouvel-imperatif-gerer-les-emotions-des-salaries\/","title":{"rendered":"Nouvel imp\u00e9ratif : g\u00e9rer les \u00e9motions des salari\u00e9s"},"content":{"rendered":"\n<p>Les collaborateurs aspirent d\u00e9sormais non seulement \u00e0 vivre une aventure professionnelle riche de sens, mais souhaitent aussi \u00eatre per\u00e7us, par leurs managers et leurs, coll\u00e8gues comme des individus dot\u00e9s d&rsquo;une personnalit\u00e9, de forces et faiblesses, de besoins sp\u00e9cifiques et d&rsquo;une sensibilit\u00e9 qui leur est propre.<\/p>\n\n\n\n<p>Qui se soucie des <strong>besoins \u00e9motionnels des collaborateurs <\/strong>? Les prendre en compte constitue pourtant un puissant levier pour l&rsquo;entreprise en mati\u00e8re non seulement de s\u00e9lection et de\u00a0<a href=\"https:\/\/www.lesechos.fr\/idees-debats\/leadership-management\/comment-retenir-et-valoriser-les-talents-1777770\">r\u00e9tention des talents<\/a>\u00a0, mais aussi de performance au quotidien.<\/p>\n\n\n\n<p>On le r\u00e9p\u00e8te \u00e0 l&rsquo;envi, la&nbsp;<a href=\"https:\/\/www.lesechos.fr\/idees-debats\/leadership-management\/reinventer-le-leadership-le-grand-defi-du-xxie-siecle-1390922\">culture manag\u00e9riale doit \u00e9voluer<\/a>&nbsp;afin de r\u00e9pondre aux nouvelles attentes des collaborateurs. Ces derniers aspirent non seulement \u00e0 vivre une aventure professionnelle riche de sens, mais souhaitent aussi \u00eatre consid\u00e9r\u00e9s par leurs managers et coll\u00e8gues comme des individus \u00e0 part enti\u00e8re. Donc avec une personnalit\u00e9, des forces et faiblesses, des besoins sp\u00e9cifiques et une sensibilit\u00e9 qui leur sont propres.<\/p>\n\n\n\n<p><a href=\"https:\/\/www.comundi.fr\/mag-des-competences\/bien-etre-des-salaries-ou-sarrete-la-responsabilite-des-entreprises\/\" target=\"_blank\" rel=\"noreferrer noopener\">Les entreprises doivent, en cons\u00e9quence, inventer de nouvelles fa\u00e7ons de travailler plus humaines<\/a>, bas\u00e9es sur la confiance mutuelle et adapt\u00e9es aux exigences de notre \u00e9poque. Pour faire en sorte que le travail soit un vecteur d&rsquo;\u00e9panouissement personnel, compte tenu de la sociabilisation qu&rsquo;il garantit chaque jour, du sentiment d&rsquo;utilit\u00e9 qu&rsquo;il peut procurer ou encore du d\u00e9veloppement de la confiance en soi auquel il peut contribuer.<\/p>\n\n\n\n<h2><strong>Rupture avec le mod\u00e8le classique<\/strong><\/h2>\n\n\n\n<p>Les <strong>besoins \u00e9motionnels<\/strong> ne se r\u00e9sument pas au seul&nbsp;<a href=\"https:\/\/www.lesechos.fr\/idees-debats\/leadership-management\/vie-pro-donner-de-la-reconnaissance-sans-en-recevoir-est-epuisant-1345822\">d\u00e9sir de reconnaissance<\/a>&nbsp;, ils regroupent tous les affects qu&rsquo;un collaborateur peut ressentir : la confiance, l&#8217;empathie, l&rsquo;\u00e9tonnement mais aussi le doute, la frustration ou la perte de sens. Il n&rsquo;est d&rsquo;ailleurs pas surprenant que les Fran\u00e7ais d\u00e9clarent avoir besoin de la dimension sociale et \u00e9motionnelle du travail.<\/p>\n\n\n\n<p>L&rsquo;envie de replacer la dimension humaine au coeur du travail n&rsquo;aura jamais \u00e9t\u00e9 autant d&rsquo;actualit\u00e9. Les longs mois d&rsquo;interactions limit\u00e9es et digitalis\u00e9es ont soulign\u00e9 \u00e0 quel point les \u00e9changes et moments informels \u00e9taient n\u00e9cessaires au bien-\u00eatre des collaborateurs, \u00e0 leur engagement et \u00e0 leur sentiment d&rsquo;appartenance \u00e0 un collectif ou \u00e0 un projet d&rsquo;entreprise.<\/p>\n\n\n\n<p>Il est donc imp\u00e9ratif que les <strong>besoins \u00e9motionnels<\/strong> soient dor\u00e9navant pris en consid\u00e9ration par les entreprises, \u00e0 commencer par leurs dirigeants, responsables des ressources humaines et managers. Car seule une impulsion de la transformation de la culture manag\u00e9riale au plus haut niveau permettra son infusion partout dans l&rsquo;organisation &#8211; l&rsquo;exemplarit\u00e9 et l&rsquo;incarnation concr\u00e8te des valeurs humaines par la direction \u00e9tant indispensables \u00e0 la cr\u00e9dibilit\u00e9 du discours.<\/p>\n\n\n\n<p>Les collaborateurs appellent clairement \u00e0 la rupture avec le mod\u00e8le classique de l&rsquo;entreprise : ils sont en qu\u00eate de changements holistiques et ont \u00e0 coeur que leurs souhaits et propositions soient consid\u00e9r\u00e9s, sans quoi, ils se d\u00e9sengageront au d\u00e9triment de la performance de l&rsquo;entreprise.<\/p>\n\n\n\n<h2><strong>Limiter les erreurs de casting<\/strong><\/h2>\n\n\n\n<p><a href=\"https:\/\/www.lesechos.fr\/idees-debats\/leadership-management\/ecouter-ses-salaries-cest-doper-leur-engagement-1303973\">L&rsquo;\u00e9coute<\/a>&nbsp;et l&rsquo;\u00e9tablissement d&rsquo;une relation de confiance sont donc fondamentaux, c&rsquo;est pourquoi les entreprises doivent proposer des&nbsp;<a href=\"https:\/\/www.lesechos.fr\/idees-debats\/leadership-management\/travail-la-flexibilite-est-elle-en-train-de-tuer-la-fidelite-professionnelle-1383510\">formes de travail plus flexibles<\/a>&nbsp;, collaboratives, inclusives et surtout plus soucieuses des besoins et probl\u00e9matiques de chacun.<\/p>\n\n\n\n<p>\u00c9videmment,&nbsp;<a href=\"https:\/\/www.lesechos.fr\/idees-debats\/leadership-management\/hybridation-digital-inclusion-les-nouveaux-parametres-cles-pour-recruter-1777086\">le recrutement<\/a>&nbsp;doit lui aussi \u00e9voluer de mani\u00e8re \u00e0 mieux conna\u00eetre les candidats et leurs aspirations individuelles. Il ne s&rsquo;agit plus d&rsquo;un processus unilat\u00e9ral, o\u00f9 seul le candidat doit d\u00e9montrer l&rsquo;ad\u00e9quation de son profil avec le poste vis\u00e9.<\/p>\n\n\n\n<p>Aujourd&rsquo;hui, pour faire la diff\u00e9rence en tant que marque employeur, l&rsquo;entreprise doit mettre en place des dispositifs et outils r\u00e9pondant aux besoins des collaborateurs, en plus d&rsquo;attacher davantage d&rsquo;importance \u00e0 ce que le CV n&rsquo;indique pas.<\/p>\n\n\n\n<p>Au-del\u00e0 des comp\u00e9tences techniques, une attention particuli\u00e8re doit effectivement \u00eatre port\u00e9e au savoir-\u00eatre, aux valeurs et \u00e0 la personnalit\u00e9 des candidats, notamment pour confirmer la sym\u00e9trie de leurs attentes avec la raison d&rsquo;\u00eatre et le fonctionnement de l&rsquo;entreprise. En d&rsquo;autres termes, comprendre les<strong> besoins \u00e9motionnels <\/strong>constitue un moyen efficace de limiter les erreurs de casting.<\/p>\n\n\n\n<h2><strong>Place au libre-arbitre<\/strong><\/h2>\n\n\n\n<p>La prise en compte des \u00e9motions de chacun implique la n\u00e9cessaire \u00e9volution des m\u00e9thodes de management. En France, la culture manag\u00e9riale se caract\u00e9rise entre autres par la confiance a posteriori (plut\u00f4t qu&rsquo;a priori) et par un mod\u00e8le vertical et process\u00e9 \u00ab je d\u00e9l\u00e8gue &#8211; je contr\u00f4le \u00bb (plut\u00f4t que \u00ab je f\u00e9d\u00e8re &#8211; je d\u00e9veloppe \u00bb).<\/p>\n\n\n\n<p>Aujourd&rsquo;hui, sur la base de leur intelligence \u00e9motionnelle, les managers doivent apprendre \u00e0 faire confiance, \u00e0 favoriser la cr\u00e9ativit\u00e9 et \u00e0 responsabiliser leurs \u00e9quipes en laissant une place plus importante au libre-arbitre. Ce dernier pourrait, en partie, r\u00e9pondre \u00e0 la qu\u00eate de sens des collaborateurs : \u00ab voil\u00e0 comment tu dois\u2026 \u00bb doit devenir \u00ab voil\u00e0 pourquoi tu dois\u2026 \u00bb.<\/p>\n\n\n\n<p>Cette \u00e9volution du management, ce sont les collaborateurs qui la r\u00e9clament. Pour preuve, interrog\u00e9s quant \u00e0 ce que l&rsquo;entreprise doit faire \u00e9voluer prioritairement dans son fonctionnement,&nbsp;<a href=\"https:\/\/www.mazars.fr\/Accueil\/Insights\/Publications-et-evenements\/Etudes\/Livre-blanc-Construire-la-sortie-de-crise\">les Fran\u00e7ais ont cit\u00e9 l&rsquo;organisation du travail<\/a>&nbsp;et la culture manag\u00e9riale avant m\u00eame la meilleure r\u00e9partition de la richesse cr\u00e9\u00e9e.<\/p>\n\n\n\n<h2><strong>Collaboration personnalis\u00e9e<\/strong><\/h2>\n\n\n\n<p>Il est d\u00e9sormais attendu du manager, per\u00e7u comme la pierre angulaire d&rsquo;un environnement sain, qu&rsquo;il soit un animateur bienveillant &#8211; la bienveillance n&rsquo;\u00e9tant pas synonyme de complaisance mais d&rsquo;&nbsp;<a href=\"https:\/\/www.lesechos.fr\/idees-debats\/leadership-management\/attention-lecoute-sans-dialogue-est-une-illusion-dechange-1317362\">\u00e9coute attentive,<\/a>&nbsp;sinc\u00e8re, empathique et respectueuse. D&rsquo;o\u00f9 l&rsquo;indispensable partage des ressentis en entreprise. A cet effet, les managers peuvent, par exemple, recourir au coaching en d\u00e9veloppement personnel et au&nbsp;<a href=\"https:\/\/www.lesechos.fr\/idees-debats\/leadership-management\/valoriser-encourager-prevenir-les-secrets-dun-feedback-reussi-1777295\">feedback permanent<\/a>&nbsp;(individuel et collectif) avec leurs \u00e9quipes.<\/p>\n\n\n\n<p>Soutenu par la direction de l&rsquo;entreprise, le manager sera la figure de proue de la transformation du management : plut\u00f4t que de distribuer les cartes, surveiller et recadrer, le management de demain devra privil\u00e9gier un mod\u00e8le de \u00ab soft power \u00bb fond\u00e9 sur la collaboration personnalis\u00e9e avec les diff\u00e9rents talents. Il en va de l&rsquo;\u00e9panouissement de ces derniers donc de leur engagement et de leur productivit\u00e9, mais aussi de la survie des entreprises, au vu du march\u00e9 de l&#8217;emploi en forte tension et des priorit\u00e9s de la&nbsp;<a href=\"https:\/\/www.lesechos.fr\/idees-debats\/leadership-management\/drh-etes-vous-prets-a-accueillir-la-gen-z-1245057\">g\u00e9n\u00e9ration Z<\/a>&nbsp;, exigeante, guid\u00e9e par ses valeurs et peu encline \u00e0 faire des concessions.<\/p>\n\n\n\n<p><strong>Mathilde Le Coz<\/strong>, DRH de Mazars<\/p>\n","protected":false},"excerpt":{"rendered":"<p>Les collaborateurs aspirent d\u00e9sormais non seulement \u00e0 vivre une aventure professionnelle riche de sens, mais souhaitent aussi \u00eatre per\u00e7us, par leurs managers et leurs, coll\u00e8gues comme des individus dot\u00e9s d&rsquo;une personnalit\u00e9, de forces et faiblesses, de besoins sp\u00e9cifiques et d&rsquo;une sensibilit\u00e9 qui leur est propre. Qui se soucie des besoins \u00e9motionnels des collaborateurs ? Les [&hellip;]<\/p>\n","protected":false},"author":6,"featured_media":10651,"comment_status":"open","ping_status":"open","sticky":false,"template":"","format":"standard","meta":{"_mi_skip_tracking":false},"categories":[185,184],"yoast_head":"<!-- This site is optimized with the Yoast SEO plugin v16.1 - https:\/\/yoast.com\/wordpress\/plugins\/seo\/ -->\n<title>Nouvel imp\u00e9ratif : g\u00e9rer les \u00e9motions des salari\u00e9s - Mag des comp\u00e9tences - Comundi<\/title>\n<meta name=\"description\" content=\"Prendre en compte les besoins \u00e9motionnels des collaborateurs constitue un levier de r\u00e9tention des talents pour l&#039;entreprise.\" \/>\n<meta name=\"robots\" content=\"noindex, nofollow\" \/>\n<meta property=\"og:locale\" content=\"fr_FR\" \/>\n<meta property=\"og:type\" content=\"article\" \/>\n<meta property=\"og:title\" content=\"Nouvel imp\u00e9ratif : g\u00e9rer les \u00e9motions des salari\u00e9s - Mag des comp\u00e9tences - Comundi\" \/>\n<meta property=\"og:description\" content=\"Prendre en compte les besoins \u00e9motionnels des collaborateurs constitue un levier de r\u00e9tention des talents pour l&#039;entreprise.\" \/>\n<meta property=\"og:url\" content=\"https:\/\/www.comundi.fr\/mag-des-competences\/nouvel-imperatif-gerer-les-emotions-des-salaries\/\" \/>\n<meta property=\"og:site_name\" content=\"Mag des comp\u00e9tences - Comundi\" \/>\n<meta property=\"article:publisher\" content=\"https:\/\/www.facebook.com\/Comundi\/?fref=ts\" \/>\n<meta property=\"article:published_time\" content=\"2022-09-22T06:50:00+00:00\" \/>\n<meta property=\"article:modified_time\" content=\"2022-11-15T13:43:11+00:00\" \/>\n<meta property=\"og:image\" content=\"https:\/\/www.comundi.fr\/mag-des-competences\/wp-content\/uploads\/2022\/09\/Gerer-les-emotions-des-salaries.jpg\" \/>\n\t<meta property=\"og:image:width\" content=\"1200\" \/>\n\t<meta property=\"og:image:height\" content=\"675\" \/>\n<meta name=\"twitter:card\" content=\"summary_large_image\" \/>\n<meta name=\"twitter:creator\" content=\"@ComundiActu\" \/>\n<meta name=\"twitter:site\" content=\"@ComundiActu\" \/>\n<meta name=\"twitter:label1\" content=\"Dur\u00e9e de lecture est.\">\n\t<meta name=\"twitter:data1\" content=\"5 minutes\">\n<script type=\"application\/ld+json\" class=\"yoast-schema-graph\">{\"@context\":\"https:\/\/schema.org\",\"@graph\":[{\"@type\":\"Organization\",\"@id\":\"https:\/\/www.comundi.fr\/mag-des-competences\/#organization\",\"name\":\"Comundi\",\"url\":\"https:\/\/www.comundi.fr\/mag-des-competences\/\",\"sameAs\":[\"https:\/\/www.facebook.com\/Comundi\/?fref=ts\",\"https:\/\/www.linkedin.com\/company\/comundi\/\",\"https:\/\/www.youtube.com\/user\/ComundiFormations\",\"https:\/\/twitter.com\/ComundiActu\"],\"logo\":{\"@type\":\"ImageObject\",\"@id\":\"https:\/\/www.comundi.fr\/mag-des-competences\/#logo\",\"inLanguage\":\"fr-FR\",\"url\":\"https:\/\/www.comundi.fr\/mag-des-competences\/wp-content\/uploads\/2018\/01\/comundi.png\",\"contentUrl\":\"https:\/\/www.comundi.fr\/mag-des-competences\/wp-content\/uploads\/2018\/01\/comundi.png\",\"width\":300,\"height\":300,\"caption\":\"Comundi\"},\"image\":{\"@id\":\"https:\/\/www.comundi.fr\/mag-des-competences\/#logo\"}},{\"@type\":\"WebSite\",\"@id\":\"https:\/\/www.comundi.fr\/mag-des-competences\/#website\",\"url\":\"https:\/\/www.comundi.fr\/mag-des-competences\/\",\"name\":\"Mag des comp\\u00e9tences - Comundi\",\"description\":\"Le magazine des m\\u00e9tiers de demain\",\"publisher\":{\"@id\":\"https:\/\/www.comundi.fr\/mag-des-competences\/#organization\"},\"potentialAction\":[{\"@type\":\"SearchAction\",\"target\":\"https:\/\/www.comundi.fr\/mag-des-competences\/?s={search_term_string}\",\"query-input\":\"required name=search_term_string\"}],\"inLanguage\":\"fr-FR\"},{\"@type\":\"ImageObject\",\"@id\":\"https:\/\/www.comundi.fr\/mag-des-competences\/nouvel-imperatif-gerer-les-emotions-des-salaries\/#primaryimage\",\"inLanguage\":\"fr-FR\",\"url\":\"https:\/\/www.comundi.fr\/mag-des-competences\/wp-content\/uploads\/2022\/09\/Gerer-les-emotions-des-salaries.jpg\",\"contentUrl\":\"https:\/\/www.comundi.fr\/mag-des-competences\/wp-content\/uploads\/2022\/09\/Gerer-les-emotions-des-salaries.jpg\",\"width\":1200,\"height\":675,\"caption\":\"G\\u00e9rer les \\u00e9motions des salari\\u00e9s\"},{\"@type\":\"WebPage\",\"@id\":\"https:\/\/www.comundi.fr\/mag-des-competences\/nouvel-imperatif-gerer-les-emotions-des-salaries\/#webpage\",\"url\":\"https:\/\/www.comundi.fr\/mag-des-competences\/nouvel-imperatif-gerer-les-emotions-des-salaries\/\",\"name\":\"Nouvel imp\\u00e9ratif : g\\u00e9rer les \\u00e9motions des salari\\u00e9s - Mag des comp\\u00e9tences - Comundi\",\"isPartOf\":{\"@id\":\"https:\/\/www.comundi.fr\/mag-des-competences\/#website\"},\"primaryImageOfPage\":{\"@id\":\"https:\/\/www.comundi.fr\/mag-des-competences\/nouvel-imperatif-gerer-les-emotions-des-salaries\/#primaryimage\"},\"datePublished\":\"2022-09-22T06:50:00+00:00\",\"dateModified\":\"2022-11-15T13:43:11+00:00\",\"description\":\"Prendre en compte les besoins \\u00e9motionnels des collaborateurs constitue un levier de r\\u00e9tention des talents pour l'entreprise.\",\"breadcrumb\":{\"@id\":\"https:\/\/www.comundi.fr\/mag-des-competences\/nouvel-imperatif-gerer-les-emotions-des-salaries\/#breadcrumb\"},\"inLanguage\":\"fr-FR\",\"potentialAction\":[{\"@type\":\"ReadAction\",\"target\":[\"https:\/\/www.comundi.fr\/mag-des-competences\/nouvel-imperatif-gerer-les-emotions-des-salaries\/\"]}]},{\"@type\":\"BreadcrumbList\",\"@id\":\"https:\/\/www.comundi.fr\/mag-des-competences\/nouvel-imperatif-gerer-les-emotions-des-salaries\/#breadcrumb\",\"itemListElement\":[{\"@type\":\"ListItem\",\"position\":1,\"item\":{\"@type\":\"WebPage\",\"@id\":\"https:\/\/www.comundi.fr\/mag-des-competences\/\",\"url\":\"https:\/\/www.comundi.fr\/mag-des-competences\/\",\"name\":\"Accueil\"}},{\"@type\":\"ListItem\",\"position\":2,\"item\":{\"@type\":\"WebPage\",\"@id\":\"https:\/\/www.comundi.fr\/mag-des-competences\/nouvel-imperatif-gerer-les-emotions-des-salaries\/\",\"url\":\"https:\/\/www.comundi.fr\/mag-des-competences\/nouvel-imperatif-gerer-les-emotions-des-salaries\/\",\"name\":\"Nouvel imp\\u00e9ratif : g\\u00e9rer les \\u00e9motions des salari\\u00e9s\"}}]},{\"@type\":\"Article\",\"@id\":\"https:\/\/www.comundi.fr\/mag-des-competences\/nouvel-imperatif-gerer-les-emotions-des-salaries\/#article\",\"isPartOf\":{\"@id\":\"https:\/\/www.comundi.fr\/mag-des-competences\/nouvel-imperatif-gerer-les-emotions-des-salaries\/#webpage\"},\"author\":{\"@id\":\"https:\/\/www.comundi.fr\/mag-des-competences\/#\/schema\/person\/96b8f219e4cddee126473c6fbcc0e089\"},\"headline\":\"Nouvel imp\\u00e9ratif : g\\u00e9rer les \\u00e9motions des salari\\u00e9s\",\"datePublished\":\"2022-09-22T06:50:00+00:00\",\"dateModified\":\"2022-11-15T13:43:11+00:00\",\"mainEntityOfPage\":{\"@id\":\"https:\/\/www.comundi.fr\/mag-des-competences\/nouvel-imperatif-gerer-les-emotions-des-salaries\/#webpage\"},\"commentCount\":1,\"publisher\":{\"@id\":\"https:\/\/www.comundi.fr\/mag-des-competences\/#organization\"},\"image\":{\"@id\":\"https:\/\/www.comundi.fr\/mag-des-competences\/nouvel-imperatif-gerer-les-emotions-des-salaries\/#primaryimage\"},\"articleSection\":\"D\\u00e9veloppement personnel,management\",\"inLanguage\":\"fr-FR\",\"potentialAction\":[{\"@type\":\"CommentAction\",\"name\":\"Comment\",\"target\":[\"https:\/\/www.comundi.fr\/mag-des-competences\/nouvel-imperatif-gerer-les-emotions-des-salaries\/#respond\"]}]},{\"@type\":\"Person\",\"@id\":\"https:\/\/www.comundi.fr\/mag-des-competences\/#\/schema\/person\/96b8f219e4cddee126473c6fbcc0e089\",\"name\":\"Les Echos\",\"image\":{\"@type\":\"ImageObject\",\"@id\":\"https:\/\/www.comundi.fr\/mag-des-competences\/#personlogo\",\"inLanguage\":\"fr-FR\",\"url\":\"https:\/\/secure.gravatar.com\/avatar\/041d1b3114ce5dce17eaefa721d4ed06?s=96&d=mm&r=g\",\"contentUrl\":\"https:\/\/secure.gravatar.com\/avatar\/041d1b3114ce5dce17eaefa721d4ed06?s=96&d=mm&r=g\",\"caption\":\"Les Echos\"}}]}<\/script>\n<!-- \/ Yoast SEO plugin. -->","amp_enabled":true,"_links":{"self":[{"href":"https:\/\/www.comundi.fr\/mag-des-competences\/wp-json\/wp\/v2\/posts\/10649"}],"collection":[{"href":"https:\/\/www.comundi.fr\/mag-des-competences\/wp-json\/wp\/v2\/posts"}],"about":[{"href":"https:\/\/www.comundi.fr\/mag-des-competences\/wp-json\/wp\/v2\/types\/post"}],"author":[{"embeddable":true,"href":"https:\/\/www.comundi.fr\/mag-des-competences\/wp-json\/wp\/v2\/users\/6"}],"replies":[{"embeddable":true,"href":"https:\/\/www.comundi.fr\/mag-des-competences\/wp-json\/wp\/v2\/comments?post=10649"}],"version-history":[{"count":3,"href":"https:\/\/www.comundi.fr\/mag-des-competences\/wp-json\/wp\/v2\/posts\/10649\/revisions"}],"predecessor-version":[{"id":10839,"href":"https:\/\/www.comundi.fr\/mag-des-competences\/wp-json\/wp\/v2\/posts\/10649\/revisions\/10839"}],"wp:featuredmedia":[{"embeddable":true,"href":"https:\/\/www.comundi.fr\/mag-des-competences\/wp-json\/wp\/v2\/media\/10651"}],"wp:attachment":[{"href":"https:\/\/www.comundi.fr\/mag-des-competences\/wp-json\/wp\/v2\/media?parent=10649"}],"wp:term":[{"taxonomy":"category","embeddable":true,"href":"https:\/\/www.comundi.fr\/mag-des-competences\/wp-json\/wp\/v2\/categories?post=10649"}],"curies":[{"name":"wp","href":"https:\/\/api.w.org\/{rel}","templated":true}]}}