{"id":10617,"date":"2022-09-13T08:59:03","date_gmt":"2022-09-13T06:59:03","guid":{"rendered":"https:\/\/www.comundi.fr\/mag-des-competences\/?p=10617"},"modified":"2022-09-13T09:29:27","modified_gmt":"2022-09-13T07:29:27","slug":"travail-lengagement-des-salaries-est-il-vraiment-en-crise","status":"publish","type":"post","link":"https:\/\/www.comundi.fr\/mag-des-competences\/travail-lengagement-des-salaries-est-il-vraiment-en-crise\/","title":{"rendered":"Travail : l&rsquo;engagement des salari\u00e9s est-il vraiment en crise ?"},"content":{"rendered":"\n<p>Ce sujet n&rsquo;a jamais autant relev\u00e9 qu&rsquo;aujourd&rsquo;hui de la mission des managers et dirigeants d&rsquo;entreprise. Pour l&rsquo;aborder, le cantonner aux seules ressources humaines, au m\u00eame titre que la r\u00e9mun\u00e9ration ou la gestion de la carri\u00e8re, serait une erreur.<\/p>\n\n\n\n<p>En cette rentr\u00e9e de septembre, nombre d&rsquo;organisations continuent de faire face \u00e0 un nombre grandissant de salari\u00e9s qui, r\u00e9visant leurs priorit\u00e9s, affichent moins de constance dans leur engagement.<\/p>\n\n\n\n<p>Ces professionnels nourrissent l&rsquo;espoir de trouver une activit\u00e9 professionnelle plus \u00e9panouissante, avec de meilleures conditions de travail et, si possible, moins de risques de conflit entre certaines pratiques professionnelles et leur \u00e9thique personnelle. Cette inexorable&nbsp;<a href=\"https:\/\/www.lesechos.fr\/economie-france\/social\/emploi-la-grande-demission-un-phenomene-a-relativiser-en-france-1782641#:~:text=Social-,Emploi%20%3A%20la%20%C2%AB%20grande%20d%C3%A9mission%20%C2%BB%2C%20un%20ph%C3%A9nom%C3%A8ne%20%C3%A0%20relativiser,en%20de%C3%A7%C3%A0%20de%20p%C3%A9riodes%20ant%C3%A9rieures.\">mont\u00e9e des individualismes<\/a>&nbsp;et du repli sur soi nourrit-elle une crise manifeste de l&rsquo;engagement au sein des entreprises&nbsp;?<\/p>\n\n\n\n<h2><strong>\u00ab&nbsp;Faire soci\u00e9t\u00e9&nbsp;\u00bb<\/strong><\/h2>\n\n\n\n<p>Les entreprises du CAC&nbsp;40, qui enregistrent depuis deux-trois ans leurs taux d&rsquo;engagement les plus \u00e9lev\u00e9s, r\u00e9pondent par la n\u00e9gative tout en \u00e9tant bien conscientes que l&rsquo;implication des salari\u00e9s s&rsquo;entretient inlassablement.<\/p>\n\n\n\n<p>\u00ab&nbsp;Entreprise tr\u00e8s horizontalis\u00e9e, le groupe Cr\u00e9dit Agricole r\u00e9siste tr\u00e8s bien au ph\u00e9nom\u00e8ne de grande d\u00e9mission car il a pos\u00e9 un diagnostic et effectu\u00e9 de nombreuses exp\u00e9riences pilotes sur la base de th\u00e8mes fondamentaux&nbsp;: le sentiment d&rsquo;utilit\u00e9 au coeur du business et de la motivation des femmes et des hommes qui y travaillent, l&rsquo;impact de la r\u00e9volution du digital sur la fin du management tayloriste et le progr\u00e8s mat\u00e9riel collectif&nbsp;\u00bb, rel\u00e8ve Philippe Brassac, directeur g\u00e9n\u00e9ral de Cr\u00e9dit Agricole SA.<\/p>\n\n\n\n<p>Ce dirigeant a particip\u00e9 \u00e0 un ouvrage collectif &#8211; \u00ab&nbsp;Engagements &#8211; agir, incarner, transmettre&nbsp;\u00bb, publi\u00e9 aujourd&rsquo;hui par les \u00e9ditions EMS &#8211; qui offre des cl\u00e9s de compr\u00e9hension du r\u00f4le crucial que joue l&rsquo;engagement des salari\u00e9s &#8211; les Anglo-saxons parlent&nbsp;<a href=\"https:\/\/www.lesechos.fr\/idees-debats\/leadership-management\/management-les-malentendus-de-lempowerment-1293970\">d&#8217;empowerment<\/a>&nbsp;&#8211; en cette p\u00e9riode tout \u00e0 la fois de transition et de transformation.<\/p>\n\n\n\n<p>S&rsquo;engager, c&rsquo;est agir dans le but de \u00ab&nbsp;faire soci\u00e9t\u00e9&nbsp;\u00bb au sein de divers collectifs, sous diff\u00e9rentes formes et avec des degr\u00e9s variables d&rsquo;intensit\u00e9, comprend-on \u00e0 la lecture de cet opus coordonn\u00e9 par Gilles Bonnenfant, le pr\u00e9sident d&rsquo;&nbsp;<a href=\"https:\/\/www.lesechos.fr\/industrie-services\/services-conseils\/conseil-changement-de-gouvernance-et-transmission-en-douceur-chez-eurogroup-consulting-1321277\">Eurogroup<\/a>&nbsp;, qui regorge des t\u00e9moignages d&rsquo;une grande vari\u00e9t\u00e9 d&rsquo;acteurs et de rep\u00e8res historiques et philosophiques.<\/p>\n\n\n\n<h2><strong>Entre exigence et bienveillance<\/strong><\/h2>\n\n\n\n<p>Indicateurs pr\u00e9cieux, les \u00e9tudes quantitatives de l&rsquo;engagement des salari\u00e9s &#8211; via le NPS (Net Promoter Score) &#8211; ne doivent pas laisser penser que ce sujet, au m\u00eame titre que la r\u00e9mun\u00e9ration ou la gestion de la carri\u00e8re, est du seul ressort des ressources humaines (RH).<\/p>\n\n\n\n<p>Veiller \u00e0 la&nbsp;<a href=\"https:\/\/www.lesechos.fr\/idees-debats\/leadership-management\/la-qualite-de-vie-au-travail-cest-aussi-important-que-le-salaire-1244988\">qualit\u00e9 de vie<\/a>&nbsp;des collaborateurs, susciter leur envie de s&rsquo;impliquer au travail et leur fid\u00e9lit\u00e9, encourager leurs progr\u00e8s, instaurer une saine ambiance de travail&#8230; n&rsquo;a jamais autant relev\u00e9 qu&rsquo;aujourd&rsquo;hui de la mission des chefs d&rsquo;\u00e9quipe, managers et dirigeants d&rsquo;entreprise, qui doivent tout \u00e0 la fois trouver un \u00e9quilibre entre exigence et&nbsp;<a href=\"https:\/\/www.lesechos.fr\/idees-debats\/leadership-management\/les-5-idees-a-retenir-de-la-bienveillance-au-travail-1245143\">bienveillance<\/a>&nbsp;et instaurer une relation de confiance et de transparence.<\/p>\n\n\n\n<p><em>\u00ab&nbsp;L&rsquo;engagement se nourrit d&rsquo;une multitude d&rsquo;\u00e9l\u00e9ments au nombre desquels figurent, aux premiers rangs, le style de leadership en place&nbsp;\u00bb<\/em><\/p>\n\n\n\n<p>Fragile toutefois, l&rsquo;engagement se nourrit d&rsquo;une multitude d&rsquo;\u00e9l\u00e9ments au nombre desquels figurent, aux premiers rangs, le style de leadership en place. Ce sont en effet les dirigeants qui fa\u00e7onnent la culture interne par leur exemplarit\u00e9,&nbsp;<a href=\"https:\/\/www.lesechos.fr\/idees-debats\/leadership-management\/la-parole-des-dirigeants-influe-sur-le-bien-etre-des-salaries-1358696\">leurs paroles<\/a>&nbsp;, comportements et r\u00e9actions. En bonne place aussi,&nbsp;<a href=\"https:\/\/www.lesechos.fr\/idees-debats\/leadership-management\/vie-pro-donner-de-la-reconnaissance-sans-en-recevoir-est-epuisant-1345822\">la reconnaissance<\/a>&nbsp;et son large \u00e9ventail d&rsquo;expressions, qu&rsquo;il s&rsquo;agisse de retours r\u00e9guliers dans une d\u00e9marche d&rsquo;am\u00e9lioration continue (\u00ab&nbsp;<a href=\"https:\/\/www.lesechos.fr\/idees-debats\/leadership-management\/valoriser-encourager-prevenir-les-secrets-dun-feedback-reussi-1777295\">feedback<\/a>&nbsp;\u00bb) comme de reconnaissances financi\u00e8res, sociales ou symboliques.<\/p>\n\n\n\n<p>Enfin, \u00e9l\u00e9ment capital&nbsp;: le degr\u00e9 de sociabilit\u00e9 au travail &#8211; que le&nbsp;<a href=\"https:\/\/www.lesechos.fr\/idees-debats\/leadership-management\/teletravail-les-sujets-qui-fachent-1359052\">t\u00e9l\u00e9travail<\/a>&nbsp;et les&nbsp;<a href=\"https:\/\/www.lesechos.fr\/idees-debats\/leadership-management\/lorganisation-hybride-langoisse-dun-bon-nombre-de-managers-1344171\">organisations hybrides<\/a>&nbsp;ne facilitent pas &#8211; qui par exemple repose sur de l&rsquo;\u00e9coute, des sollicitations, de l&rsquo;information, du dialogue, un projet soci\u00e9tal ou encore une juste allocation des ressources pour bien travailler (les irritants et les dysfonctionnements d&rsquo;une organisation sont particuli\u00e8rement d\u00e9motivants).<\/p>\n\n\n\n<p>\u00ab&nbsp;Il revient aux dirigeants de donner la&nbsp;<a href=\"https:\/\/www.lesechos.fr\/idees-debats\/leadership-management\/exclusif-la-securite-psychologique-est-le-secret-des-equipes-creatives-et-performantes-1316145\">s\u00e9curit\u00e9 psychologique<\/a>&nbsp;n\u00e9cessaire aux managers pour les ouvrir \u00e0 des m\u00e9thodes manag\u00e9riales diff\u00e9rentes&nbsp;\u00bb, confirme Philippe Brassac dont le groupe, \u00e0 partir de ce mois-ci, va s&#8217;employer \u00e0 d\u00e9terminer, en plus de son indicateur d&rsquo;engagement classique, un \u00ab&nbsp;indicateur de mise en responsabilit\u00e9&nbsp;\u00bb. \u00ab&nbsp;L&rsquo;id\u00e9e est d&rsquo;\u00e9viter que la pr\u00e9-d\u00e9cision prenne le pas sur le discernement. Bien souvent, au lieu de r\u00e9pondre \u00e0 la complexit\u00e9 par de l&rsquo;intelligence humaine, on cherche \u00e0 appliquer des r\u00e8gles pr\u00e9d\u00e9termin\u00e9es avant d&rsquo;affronter la r\u00e9alit\u00e9 d&rsquo;une situation. Et c&rsquo;est ainsi que des \u00eatres humains en viennent \u00e0 se comporter comme des robots&nbsp;\u00bb, d\u00e9plore-t-il.<\/p>\n\n\n\n<h2><strong>Plus qu&rsquo;une transaction de prestation<\/strong><\/h2>\n\n\n\n<p>S&rsquo;engager, c&rsquo;est faire son travail \u00ab&nbsp;avec un petit plus&nbsp;\u00bb pas si facile \u00e0 faire \u00e9clore quand les emplois du temps sont charg\u00e9s d&rsquo;imp\u00e9ratifs pratiques et op\u00e9rationnels. Mais \u00ab&nbsp;savoir donner le sens de ce qu&rsquo;on fait est le b.a.-ba pour les managers [&#8230;] S&rsquo;ils ne savent pas faire \u00e7a, ils ne peuvent pas \u00eatre managers&nbsp;\u00bb, juge Muriel Barn\u00e9oud, directrice de l&rsquo;engagement soci\u00e9tal du groupe La Poste, qui rappelle que l&rsquo;on octroie aux entreprises, pour la premi\u00e8re fois, des responsabilit\u00e9s soci\u00e9tales et environnementales qui d\u00e9passent leurs fronti\u00e8res. \u00ab&nbsp;Ceux qui ne savent pas articuler le sens qu&rsquo;ils donnent \u00e0 leur activit\u00e9 \u00e9conomique dispara\u00eetront ou deviendront les sous-traitants de ceux qui l&rsquo;ont fait. C&rsquo;est une \u00e9nergie qui permet de&nbsp;<a href=\"https:\/\/www.lesechos.fr\/idees-debats\/leadership-management\/talents-les-codes-du-recrutement-ont-change-1415154\">capter les talents<\/a>&nbsp;et de les fid\u00e9liser&nbsp;\u00bb. \u00ab&nbsp;La marque ne suffit plus, il faut aller au-del\u00e0&nbsp;\u00bb, acquiesce Gilles Bonnenfant.<\/p>\n\n\n\n<p>S&rsquo;engager, c&rsquo;est surtout \u00ab&nbsp;construire autre chose que la simple transaction de prestations entre un \u00ab&nbsp;mercenaire&nbsp;\u00bb et son commanditaire. Du reste, l&rsquo;ouvrage collectif invite tout un chacun \u00e0 lire Machiavel et \u00e0 se rem\u00e9morer que \u00ab&nbsp;la loyaut\u00e9, l&rsquo;engagement, le d\u00e9vouement sont li\u00e9s \u00e0 l&rsquo;attachement, \u00e0 la croyance, au sentiment d&rsquo;\u00eatre d&rsquo;un groupe&nbsp;\u00bb.<\/p>\n\n\n\n<p>Les grands concepts de leadership d\u00e9crivent un management pragmatique de type anglo-saxon. Mais cette tentative de convergence vers un unique mod\u00e8le de leadership peut \u00eatre d\u00e9l\u00e9t\u00e8re, car \u00ab&nbsp;si le terreau culturel n&rsquo;est pas fertile, on g\u00e9n\u00e8re chez les managers culpabilit\u00e9, frustration, d\u00e9motivation et d\u00e9sengagement&nbsp;\u00bb, avertit le collectif d&rsquo;auteurs. \u00ab&nbsp;La France, latine et d&rsquo;une culture analytique, pourrait imposer un mod\u00e8le int\u00e9ressant si elle admettait mieux le droit \u00e0 l&rsquo;erreur&nbsp;\u00bb, d\u00e9code Gilles Bonnenfant.<\/p>\n\n\n\n<p>En cette rentr\u00e9e, les informations se percutent d&rsquo;une bien curieuse fa\u00e7on. Quand&nbsp;<a href=\"https:\/\/www.lesechos.fr\/economie-france\/social\/emploi-la-grande-demission-un-phenomene-a-relativiser-en-france-1782641\">520.000 salari\u00e9s ont d\u00e9missionn\u00e9<\/a>&nbsp;en d\u00e9but d&rsquo;ann\u00e9e, une \u00e9tude d&rsquo;UKG, fournisseur mondial de solutions RH, pointe que 65&nbsp;% des d\u00e9missionnaires fran\u00e7ais regretteraient d\u00e9j\u00e0 leur ancien employeur. Ecartel\u00e9es entre des mod\u00e8les \u00e9conomiques qu&rsquo;elles croyaient maitriser et un environnement qui &#8211; \u00e0 dire d&rsquo;experts &#8211; de \u00ab&nbsp;vuca&nbsp;\u00bb (volatil, incertain, complexe et ambigu) tend \u00e0 devenir \u00ab&nbsp;bani&nbsp;\u00bb (\u00ab&nbsp;brittle&nbsp;\u00bb ou fragile, anxieux, non lin\u00e9aire et incompr\u00e9hensible), les entreprises et administrations, dont les difficult\u00e9s \u00e0 recruter perdurent, sont-elles pr\u00eates \u00e0 leur accorder une seconde chance&nbsp;?<\/p>\n\n\n\n<h2><strong>Sondage Gallup dans 38 pays<\/strong><\/h2>\n\n\n\n<p>Seulement 6% des employ\u00e9s fran\u00e7ais seraient \u00ab engag\u00e9s \u00bb au travail, d&rsquo;apr\u00e8s le dernier rapport de Gallup. Sond\u00e9s sur les \u00e9motions n\u00e9gatives qui les impactent le plus au quotidien, le stress est le facteur qu&rsquo;ils citent le plus.<\/p>\n\n\n\n<p><a href=\"https:\/\/www.lesechos.fr\/@muriel-jasor\"><strong>Muriel Jasor<\/strong><\/a><\/p>\n","protected":false},"excerpt":{"rendered":"<p>Ce sujet n&rsquo;a jamais autant relev\u00e9 qu&rsquo;aujourd&rsquo;hui de la mission des managers et dirigeants d&rsquo;entreprise. Pour l&rsquo;aborder, le cantonner aux seules ressources humaines, au m\u00eame titre que la r\u00e9mun\u00e9ration ou la gestion de la carri\u00e8re, serait une erreur. En cette rentr\u00e9e de septembre, nombre d&rsquo;organisations continuent de faire face \u00e0 un nombre grandissant de salari\u00e9s [&hellip;]<\/p>\n","protected":false},"author":6,"featured_media":10618,"comment_status":"open","ping_status":"open","sticky":false,"template":"","format":"standard","meta":{"_mi_skip_tracking":false},"categories":[184],"yoast_head":"<!-- This site is optimized with the Yoast SEO plugin v16.1 - https:\/\/yoast.com\/wordpress\/plugins\/seo\/ -->\n<title>Travail : l&#039;engagement des salari\u00e9s est-il vraiment en crise ? - Mag des comp\u00e9tences - Comundi<\/title>\n<meta name=\"description\" content=\"Ce sujet n&#039;a jamais autant relev\u00e9 qu&#039;aujourd&#039;hui de la mission des managers et dirigeants d&#039;entreprise. Comment y rem\u00e9dier ?\" \/>\n<meta name=\"robots\" content=\"noindex, nofollow\" \/>\n<meta property=\"og:locale\" content=\"fr_FR\" \/>\n<meta property=\"og:type\" content=\"article\" \/>\n<meta property=\"og:title\" content=\"Travail : l&#039;engagement des salari\u00e9s est-il vraiment en crise ? - Mag des comp\u00e9tences - Comundi\" \/>\n<meta property=\"og:description\" content=\"Ce sujet n&#039;a jamais autant relev\u00e9 qu&#039;aujourd&#039;hui de la mission des managers et dirigeants d&#039;entreprise. Comment y rem\u00e9dier ?\" \/>\n<meta property=\"og:url\" content=\"https:\/\/www.comundi.fr\/mag-des-competences\/travail-lengagement-des-salaries-est-il-vraiment-en-crise\/\" \/>\n<meta property=\"og:site_name\" content=\"Mag des comp\u00e9tences - Comundi\" \/>\n<meta property=\"article:publisher\" content=\"https:\/\/www.facebook.com\/Comundi\/?fref=ts\" \/>\n<meta property=\"article:published_time\" content=\"2022-09-13T06:59:03+00:00\" \/>\n<meta property=\"article:modified_time\" content=\"2022-09-13T07:29:27+00:00\" \/>\n<meta property=\"og:image\" content=\"https:\/\/www.comundi.fr\/mag-des-competences\/wp-content\/uploads\/2022\/09\/Lengagement-des-salaries.jpg\" \/>\n\t<meta property=\"og:image:width\" content=\"1200\" \/>\n\t<meta property=\"og:image:height\" content=\"675\" \/>\n<meta name=\"twitter:card\" content=\"summary_large_image\" \/>\n<meta name=\"twitter:creator\" content=\"@ComundiActu\" \/>\n<meta name=\"twitter:site\" content=\"@ComundiActu\" \/>\n<meta name=\"twitter:label1\" content=\"Dur\u00e9e de lecture est.\">\n\t<meta name=\"twitter:data1\" content=\"5 minutes\">\n<script type=\"application\/ld+json\" class=\"yoast-schema-graph\">{\"@context\":\"https:\/\/schema.org\",\"@graph\":[{\"@type\":\"Organization\",\"@id\":\"https:\/\/www.comundi.fr\/mag-des-competences\/#organization\",\"name\":\"Comundi\",\"url\":\"https:\/\/www.comundi.fr\/mag-des-competences\/\",\"sameAs\":[\"https:\/\/www.facebook.com\/Comundi\/?fref=ts\",\"https:\/\/www.linkedin.com\/company\/comundi\/\",\"https:\/\/www.youtube.com\/user\/ComundiFormations\",\"https:\/\/twitter.com\/ComundiActu\"],\"logo\":{\"@type\":\"ImageObject\",\"@id\":\"https:\/\/www.comundi.fr\/mag-des-competences\/#logo\",\"inLanguage\":\"fr-FR\",\"url\":\"https:\/\/www.comundi.fr\/mag-des-competences\/wp-content\/uploads\/2018\/01\/comundi.png\",\"contentUrl\":\"https:\/\/www.comundi.fr\/mag-des-competences\/wp-content\/uploads\/2018\/01\/comundi.png\",\"width\":300,\"height\":300,\"caption\":\"Comundi\"},\"image\":{\"@id\":\"https:\/\/www.comundi.fr\/mag-des-competences\/#logo\"}},{\"@type\":\"WebSite\",\"@id\":\"https:\/\/www.comundi.fr\/mag-des-competences\/#website\",\"url\":\"https:\/\/www.comundi.fr\/mag-des-competences\/\",\"name\":\"Mag des comp\\u00e9tences - Comundi\",\"description\":\"Le magazine des m\\u00e9tiers de demain\",\"publisher\":{\"@id\":\"https:\/\/www.comundi.fr\/mag-des-competences\/#organization\"},\"potentialAction\":[{\"@type\":\"SearchAction\",\"target\":\"https:\/\/www.comundi.fr\/mag-des-competences\/?s={search_term_string}\",\"query-input\":\"required name=search_term_string\"}],\"inLanguage\":\"fr-FR\"},{\"@type\":\"ImageObject\",\"@id\":\"https:\/\/www.comundi.fr\/mag-des-competences\/travail-lengagement-des-salaries-est-il-vraiment-en-crise\/#primaryimage\",\"inLanguage\":\"fr-FR\",\"url\":\"https:\/\/www.comundi.fr\/mag-des-competences\/wp-content\/uploads\/2022\/09\/Lengagement-des-salaries.jpg\",\"contentUrl\":\"https:\/\/www.comundi.fr\/mag-des-competences\/wp-content\/uploads\/2022\/09\/Lengagement-des-salaries.jpg\",\"width\":1200,\"height\":675,\"caption\":\"L'engagement des salari\\u00e9s\"},{\"@type\":\"WebPage\",\"@id\":\"https:\/\/www.comundi.fr\/mag-des-competences\/travail-lengagement-des-salaries-est-il-vraiment-en-crise\/#webpage\",\"url\":\"https:\/\/www.comundi.fr\/mag-des-competences\/travail-lengagement-des-salaries-est-il-vraiment-en-crise\/\",\"name\":\"Travail : l'engagement des salari\\u00e9s est-il vraiment en crise ? - Mag des comp\\u00e9tences - Comundi\",\"isPartOf\":{\"@id\":\"https:\/\/www.comundi.fr\/mag-des-competences\/#website\"},\"primaryImageOfPage\":{\"@id\":\"https:\/\/www.comundi.fr\/mag-des-competences\/travail-lengagement-des-salaries-est-il-vraiment-en-crise\/#primaryimage\"},\"datePublished\":\"2022-09-13T06:59:03+00:00\",\"dateModified\":\"2022-09-13T07:29:27+00:00\",\"description\":\"Ce sujet n'a jamais autant relev\\u00e9 qu'aujourd'hui de la mission des managers et dirigeants d'entreprise. Comment y rem\\u00e9dier ?\",\"breadcrumb\":{\"@id\":\"https:\/\/www.comundi.fr\/mag-des-competences\/travail-lengagement-des-salaries-est-il-vraiment-en-crise\/#breadcrumb\"},\"inLanguage\":\"fr-FR\",\"potentialAction\":[{\"@type\":\"ReadAction\",\"target\":[\"https:\/\/www.comundi.fr\/mag-des-competences\/travail-lengagement-des-salaries-est-il-vraiment-en-crise\/\"]}]},{\"@type\":\"BreadcrumbList\",\"@id\":\"https:\/\/www.comundi.fr\/mag-des-competences\/travail-lengagement-des-salaries-est-il-vraiment-en-crise\/#breadcrumb\",\"itemListElement\":[{\"@type\":\"ListItem\",\"position\":1,\"item\":{\"@type\":\"WebPage\",\"@id\":\"https:\/\/www.comundi.fr\/mag-des-competences\/\",\"url\":\"https:\/\/www.comundi.fr\/mag-des-competences\/\",\"name\":\"Accueil\"}},{\"@type\":\"ListItem\",\"position\":2,\"item\":{\"@type\":\"WebPage\",\"@id\":\"https:\/\/www.comundi.fr\/mag-des-competences\/travail-lengagement-des-salaries-est-il-vraiment-en-crise\/\",\"url\":\"https:\/\/www.comundi.fr\/mag-des-competences\/travail-lengagement-des-salaries-est-il-vraiment-en-crise\/\",\"name\":\"Travail : l&rsquo;engagement des salari\\u00e9s est-il vraiment en crise ?\"}}]},{\"@type\":\"Article\",\"@id\":\"https:\/\/www.comundi.fr\/mag-des-competences\/travail-lengagement-des-salaries-est-il-vraiment-en-crise\/#article\",\"isPartOf\":{\"@id\":\"https:\/\/www.comundi.fr\/mag-des-competences\/travail-lengagement-des-salaries-est-il-vraiment-en-crise\/#webpage\"},\"author\":{\"@id\":\"https:\/\/www.comundi.fr\/mag-des-competences\/#\/schema\/person\/96b8f219e4cddee126473c6fbcc0e089\"},\"headline\":\"Travail : l&rsquo;engagement des salari\\u00e9s est-il vraiment en crise ?\",\"datePublished\":\"2022-09-13T06:59:03+00:00\",\"dateModified\":\"2022-09-13T07:29:27+00:00\",\"mainEntityOfPage\":{\"@id\":\"https:\/\/www.comundi.fr\/mag-des-competences\/travail-lengagement-des-salaries-est-il-vraiment-en-crise\/#webpage\"},\"commentCount\":0,\"publisher\":{\"@id\":\"https:\/\/www.comundi.fr\/mag-des-competences\/#organization\"},\"image\":{\"@id\":\"https:\/\/www.comundi.fr\/mag-des-competences\/travail-lengagement-des-salaries-est-il-vraiment-en-crise\/#primaryimage\"},\"articleSection\":\"management\",\"inLanguage\":\"fr-FR\",\"potentialAction\":[{\"@type\":\"CommentAction\",\"name\":\"Comment\",\"target\":[\"https:\/\/www.comundi.fr\/mag-des-competences\/travail-lengagement-des-salaries-est-il-vraiment-en-crise\/#respond\"]}]},{\"@type\":\"Person\",\"@id\":\"https:\/\/www.comundi.fr\/mag-des-competences\/#\/schema\/person\/96b8f219e4cddee126473c6fbcc0e089\",\"name\":\"Les Echos\",\"image\":{\"@type\":\"ImageObject\",\"@id\":\"https:\/\/www.comundi.fr\/mag-des-competences\/#personlogo\",\"inLanguage\":\"fr-FR\",\"url\":\"https:\/\/secure.gravatar.com\/avatar\/041d1b3114ce5dce17eaefa721d4ed06?s=96&d=mm&r=g\",\"contentUrl\":\"https:\/\/secure.gravatar.com\/avatar\/041d1b3114ce5dce17eaefa721d4ed06?s=96&d=mm&r=g\",\"caption\":\"Les Echos\"}}]}<\/script>\n<!-- \/ Yoast SEO plugin. -->","amp_enabled":true,"_links":{"self":[{"href":"https:\/\/www.comundi.fr\/mag-des-competences\/wp-json\/wp\/v2\/posts\/10617"}],"collection":[{"href":"https:\/\/www.comundi.fr\/mag-des-competences\/wp-json\/wp\/v2\/posts"}],"about":[{"href":"https:\/\/www.comundi.fr\/mag-des-competences\/wp-json\/wp\/v2\/types\/post"}],"author":[{"embeddable":true,"href":"https:\/\/www.comundi.fr\/mag-des-competences\/wp-json\/wp\/v2\/users\/6"}],"replies":[{"embeddable":true,"href":"https:\/\/www.comundi.fr\/mag-des-competences\/wp-json\/wp\/v2\/comments?post=10617"}],"version-history":[{"count":1,"href":"https:\/\/www.comundi.fr\/mag-des-competences\/wp-json\/wp\/v2\/posts\/10617\/revisions"}],"predecessor-version":[{"id":10619,"href":"https:\/\/www.comundi.fr\/mag-des-competences\/wp-json\/wp\/v2\/posts\/10617\/revisions\/10619"}],"wp:featuredmedia":[{"embeddable":true,"href":"https:\/\/www.comundi.fr\/mag-des-competences\/wp-json\/wp\/v2\/media\/10618"}],"wp:attachment":[{"href":"https:\/\/www.comundi.fr\/mag-des-competences\/wp-json\/wp\/v2\/media?parent=10617"}],"wp:term":[{"taxonomy":"category","embeddable":true,"href":"https:\/\/www.comundi.fr\/mag-des-competences\/wp-json\/wp\/v2\/categories?post=10617"}],"curies":[{"name":"wp","href":"https:\/\/api.w.org\/{rel}","templated":true}]}}