{"id":1041,"date":"2018-06-14T09:00:03","date_gmt":"2018-06-14T07:00:03","guid":{"rendered":"https:\/\/www.comundi.fr\/mag-des-competences\/?p=1041"},"modified":"2019-10-17T16:27:51","modified_gmt":"2019-10-17T14:27:51","slug":"formation-professionnelle-les-drh-tenus-a-lecart-de-la-reforme","status":"publish","type":"post","link":"https:\/\/www.comundi.fr\/mag-des-competences\/formation-professionnelle-les-drh-tenus-a-lecart-de-la-reforme\/","title":{"rendered":"Formation professionnelle\u00a0:\u00a0les DRH tenus \u00e0 l&rsquo;\u00e9cart de la r\u00e9forme"},"content":{"rendered":"<p>L&rsquo;actuel projet de loi ne prend pas en compte les besoins des entreprises, d\u00e9plore l&rsquo;Association nationale des DRH.<\/p>\n<p>Les DRH sont-ils, sinon oubli\u00e9s, du moins\u00a0\u00a0tenus \u00e0 l&rsquo;\u00e9cart du projet de loi\u00a0\u00ab\u00a0pour la libert\u00e9 de choisir son avenir professionnel\u00a0\u00bb\u00a0? C&rsquo;est la conviction de Jean-Paul Charlez, pr\u00e9sident de l&rsquo;Association nationale des DRH (ANDRH). Il souhaite attirer l&rsquo;attention sur les\u00a0\u00ab\u00a0points de vigilance\u00a0\u00bb\u00a0relev\u00e9s par les membres de son association.<\/p>\n<p>\u00ab\u00a0Certaines dispositions du projet de loi, par exemple, concernent le plan de formation de l&rsquo;entreprise, mais de quel plan s&rsquo;agit-il\u00a0? Et avec quels fonds est-il construit\u00a0?\u00a0\u00bb<\/p>\n<h2><strong>Plan de formation\u00a0: le financement introuvable<\/strong><\/h2>\n<p>Une contribution unique pour la formation professionnelle et l&rsquo;apprentissage devrait \u00eatre mise en place, dont la collecte sera confi\u00e9e \u00e0 l&rsquo;Urssaf.\u00a0\u00ab\u00a0Dans l&rsquo;articulation de cette taxe, soit 1,6\u00a0% vers\u00e9 par les entreprises de plus de 250 salari\u00e9s, 0,85\u00a0% ira \u00e0 la cotisation alternance unique,\u00a0explique Jean-Paul Charlez. Et 0,75\u00a0% (correspondant \u00e0 la \u00ab\u00a0cotisation accompagnement et formation\u00a0\u00bb) ira au conseil en \u00e9volution professionnelle (CEP), au compte personnel de formation (CPF), au plan de formation des TPE et PME et \u00e0 la formation des demandeurs d&#8217;emploi.<\/p>\n<p>Il y a donc, dans cette taxe \u00e0 1,6\u00a0%, z\u00e9ro euro pr\u00e9vu pour les plans de formations de l&rsquo;entreprise\u00a0!\u00a0\u00bb\u00a0Celui qui est aussi le directeur g\u00e9n\u00e9ral des ressources humaines du groupe Etam rappelle qu&rsquo;il y avait, voil\u00e0 quelques ann\u00e9es, 0,9\u00a0% pr\u00e9vu pour le plan de formation de l&rsquo;entreprise.\u00a0\u00ab\u00a0Aujourd&rsquo;hui il n&rsquo;en est plus question\u00a0! Pourtant, le CPF ne devrait pas correspondre au seul ancien cong\u00e9 individuel formation, ou \u00e0 la pr\u00e9paration des reconversions.\u00a0\u00bb<\/p>\n<p>Les op\u00e9rateurs de comp\u00e9tences &#8211; qui devraient remplacer les\u00a0\u00a0organismes paritaires collecteurs agr\u00e9\u00e9s\u00a0(OPCA) &#8211; seront charg\u00e9s de mettre en place une gestion pr\u00e9visionnelle des emplois et des comp\u00e9tences (GPEC) en appui des entreprises et des branches. Un nouvel \u00e9tablissement public, France Comp\u00e9tences, centralisera la distribution des fonds collect\u00e9s par l&rsquo;Urssaf.<\/p>\n<p>Un dispositif qui suscite un certain attentisme <a href=\"https:\/\/www.comundi.fr\/mag-des-competences\/reforme-de-la-formation-professionnelle-quelles-sont-les-nouvelles-priorites-des-drh\/\">de la part des DRH<\/a>, et qualifi\u00e9 de\u00a0\u00ab\u00a0pari sur l&rsquo;avenir peu explicite, \u00e0 date\u00a0\u00bb\u00a0par le pr\u00e9sident de l&rsquo;association.<\/p>\n<h2><strong>Omerta sur les besoins de l&rsquo;entreprise<\/strong><\/h2>\n<p>Le projet de loi pr\u00e9voit une r\u00e9novation du CPF, qui devrait \u00eatre utilisable depuis une application mobile et aliment\u00e9 en euros, non plus en heures.\u00a0\u00ab\u00a0Jamais les entreprises n&rsquo;ont \u00e9t\u00e9 associ\u00e9es \u00e0 l&rsquo;\u00e9laboration du CPF, alors m\u00eame qu&rsquo;elles le financent\u00a0! Il y a une v\u00e9ritable omerta \u00e0 ce sujet\u00a0\u00bb, regrette Jean-Paul Charlez.<\/p>\n<p>\u00ab\u00a0Quand un salari\u00e9 souhaite faire une formation, il est invit\u00e9 \u00e0 aller consulter son conseil en \u00e9volution professionnelle \u00e0 l&rsquo;ext\u00e9rieur de l&rsquo;entreprise. Alors que le premier conseiller en la mati\u00e8re, c&rsquo;est tout de m\u00eame le responsable RH\u00a0!\u00a0\u00bb\u00a0De fait,\u00a0\u00a0les ressources humaines n&rsquo;ont pas leur mot \u00e0 dire\u00a0sur l&rsquo;utilisation des heures, et demain des euros, du\u00a0\u00a0CPF par les salari\u00e9s.<\/p>\n<p>\u00ab\u00a0Ce dispositif cr\u00e9e un probl\u00e8me de coh\u00e9rence avec les besoins de l&rsquo;entreprise et des salari\u00e9s, mais aussi avec ceux de l&rsquo;Apec et de P\u00f4le emploi,\u00a0r\u00e9sume Jean-Paul Charlez.\u00a0Comment s&rsquo;assurer que ce compte sera utilis\u00e9 par chacun pour consolider ses comp\u00e9tences professionnelles ou favoriser une vraie mobilit\u00e9\u00a0?<\/p>\n<p>L&rsquo;id\u00e9e que les salari\u00e9s sont d\u00e9sormais responsables de leur employabilit\u00e9 est int\u00e9ressante, g\u00e9n\u00e9reuse et ambitieuse. Mais aujourd&rsquo;hui, sur le terrain, le CPF est utilis\u00e9 d&rsquo;abord par ceux qui en ont le moins besoin, pour leurs envies de formation, et qui sont \u00e0 m\u00eame de comprendre son fonctionnement.\u00a0\u00bb<\/p>\n<p>Pr\u00e9sent\u00e9 par Muriel P\u00e9nicaud en Conseil des ministres le 27\u00a0avril dernier, le projet de loi est actuellement examin\u00e9 par les parlementaires. Les r\u00e9gions ont d\u00e9j\u00e0 appel\u00e9 le Parlement \u00e0 amender fortement le texte sur la partie qui concerne le financement de l&rsquo;apprentissage.<\/p>\n<p>L&rsquo;ANDRH, elle aussi, compte bien faire entendre sa voix.\u00a0\u00ab\u00a0Nous voulons remettre la fonction RH dans le circuit, et intervenons activement aupr\u00e8s des parlementaires pour cela\u00a0\u00bb, assure Jean-Paul Charlez, qui dit militer personnellement pour une <a href=\"https:\/\/www.comundi.fr\/mag-des-competences\/formation-en-2019-comment-sy-retrouver-avec-le-cpf\/\">cogestion du CPF<\/a> entre l&rsquo;entreprise et les syndicats majoritaires. Le vote de la loi devrait avoir lieu fin ao\u00fbt ou d\u00e9but septembre.<\/p>\n<p>G\u00e9raldine d\u2019Auvergne<\/p>\n","protected":false},"excerpt":{"rendered":"<p>L&rsquo;actuel projet de loi ne prend pas en compte les besoins des entreprises, d\u00e9plore l&rsquo;Association nationale des DRH. Les DRH sont-ils, sinon oubli\u00e9s, du moins\u00a0\u00a0tenus \u00e0 l&rsquo;\u00e9cart du projet de loi\u00a0\u00ab\u00a0pour la libert\u00e9 de choisir son avenir professionnel\u00a0\u00bb\u00a0? C&rsquo;est la conviction de Jean-Paul Charlez, pr\u00e9sident de l&rsquo;Association nationale des DRH (ANDRH). Il souhaite attirer l&rsquo;attention [&hellip;]<\/p>\n","protected":false},"author":6,"featured_media":1037,"comment_status":"open","ping_status":"open","sticky":false,"template":"","format":"standard","meta":{"_mi_skip_tracking":false},"categories":[201],"yoast_head":"<!-- This site is optimized with the Yoast SEO plugin v16.1 - https:\/\/yoast.com\/wordpress\/plugins\/seo\/ -->\n<title>Formation professionnelle\u00a0:\u00a0les DRH tenus \u00e0 l&#039;\u00e9cart de la r\u00e9forme - Mag des comp\u00e9tences - Comundi<\/title>\n<meta name=\"description\" content=\"Pourquoi l&#039;Association nationale des DRH consid\u00e8re-t-elle que le projet de loi sur la formation ne prend pas en compte les besoins des entreprises ?\" \/>\n<meta name=\"robots\" content=\"noindex, nofollow\" \/>\n<meta property=\"og:locale\" content=\"fr_FR\" \/>\n<meta property=\"og:type\" content=\"article\" \/>\n<meta property=\"og:title\" content=\"Formation professionnelle\u00a0:\u00a0les DRH tenus \u00e0 l&#039;\u00e9cart de la r\u00e9forme - Mag des comp\u00e9tences - Comundi\" \/>\n<meta property=\"og:description\" content=\"Pourquoi l&#039;Association nationale des DRH consid\u00e8re-t-elle que le projet de loi sur la formation ne prend pas en compte les besoins des entreprises ?\" \/>\n<meta property=\"og:url\" content=\"https:\/\/www.comundi.fr\/mag-des-competences\/formation-professionnelle-les-drh-tenus-a-lecart-de-la-reforme\/\" \/>\n<meta property=\"og:site_name\" content=\"Mag des comp\u00e9tences - Comundi\" \/>\n<meta property=\"article:publisher\" content=\"https:\/\/www.facebook.com\/Comundi\/?fref=ts\" \/>\n<meta property=\"article:published_time\" content=\"2018-06-14T07:00:03+00:00\" \/>\n<meta property=\"article:modified_time\" content=\"2019-10-17T14:27:51+00:00\" \/>\n<meta property=\"og:image\" content=\"https:\/\/www.comundi.fr\/mag-des-competences\/wp-content\/uploads\/2018\/06\/DHR-tenus-\u00e0-l\u00e9cart-e1528375291967.jpg\" \/>\n\t<meta property=\"og:image:width\" content=\"1000\" \/>\n\t<meta property=\"og:image:height\" content=\"666\" \/>\n<meta name=\"twitter:card\" content=\"summary_large_image\" \/>\n<meta name=\"twitter:creator\" content=\"@ComundiActu\" \/>\n<meta name=\"twitter:site\" content=\"@ComundiActu\" \/>\n<meta name=\"twitter:label1\" content=\"Dur\u00e9e de lecture est.\">\n\t<meta name=\"twitter:data1\" content=\"3 minutes\">\n<script type=\"application\/ld+json\" class=\"yoast-schema-graph\">{\"@context\":\"https:\/\/schema.org\",\"@graph\":[{\"@type\":\"Organization\",\"@id\":\"https:\/\/www.comundi.fr\/mag-des-competences\/#organization\",\"name\":\"Comundi\",\"url\":\"https:\/\/www.comundi.fr\/mag-des-competences\/\",\"sameAs\":[\"https:\/\/www.facebook.com\/Comundi\/?fref=ts\",\"https:\/\/www.linkedin.com\/company\/comundi\/\",\"https:\/\/www.youtube.com\/user\/ComundiFormations\",\"https:\/\/twitter.com\/ComundiActu\"],\"logo\":{\"@type\":\"ImageObject\",\"@id\":\"https:\/\/www.comundi.fr\/mag-des-competences\/#logo\",\"inLanguage\":\"fr-FR\",\"url\":\"https:\/\/www.comundi.fr\/mag-des-competences\/wp-content\/uploads\/2018\/01\/comundi.png\",\"contentUrl\":\"https:\/\/www.comundi.fr\/mag-des-competences\/wp-content\/uploads\/2018\/01\/comundi.png\",\"width\":300,\"height\":300,\"caption\":\"Comundi\"},\"image\":{\"@id\":\"https:\/\/www.comundi.fr\/mag-des-competences\/#logo\"}},{\"@type\":\"WebSite\",\"@id\":\"https:\/\/www.comundi.fr\/mag-des-competences\/#website\",\"url\":\"https:\/\/www.comundi.fr\/mag-des-competences\/\",\"name\":\"Mag des comp\\u00e9tences - Comundi\",\"description\":\"Le magazine des m\\u00e9tiers de demain\",\"publisher\":{\"@id\":\"https:\/\/www.comundi.fr\/mag-des-competences\/#organization\"},\"potentialAction\":[{\"@type\":\"SearchAction\",\"target\":\"https:\/\/www.comundi.fr\/mag-des-competences\/?s={search_term_string}\",\"query-input\":\"required name=search_term_string\"}],\"inLanguage\":\"fr-FR\"},{\"@type\":\"ImageObject\",\"@id\":\"https:\/\/www.comundi.fr\/mag-des-competences\/formation-professionnelle-les-drh-tenus-a-lecart-de-la-reforme\/#primaryimage\",\"inLanguage\":\"fr-FR\",\"url\":\"https:\/\/www.comundi.fr\/mag-des-competences\/wp-content\/uploads\/2018\/06\/DHR-tenus-\\u00e0-l\\u00e9cart-e1528375291967.jpg\",\"contentUrl\":\"https:\/\/www.comundi.fr\/mag-des-competences\/wp-content\/uploads\/2018\/06\/DHR-tenus-\\u00e0-l\\u00e9cart-e1528375291967.jpg\",\"width\":1000,\"height\":666,\"caption\":\"Les DHR tenus \\u00e0 l'\\u00e9cart\"},{\"@type\":\"WebPage\",\"@id\":\"https:\/\/www.comundi.fr\/mag-des-competences\/formation-professionnelle-les-drh-tenus-a-lecart-de-la-reforme\/#webpage\",\"url\":\"https:\/\/www.comundi.fr\/mag-des-competences\/formation-professionnelle-les-drh-tenus-a-lecart-de-la-reforme\/\",\"name\":\"Formation professionnelle\\u00a0:\\u00a0les DRH tenus \\u00e0 l'\\u00e9cart de la r\\u00e9forme - Mag des comp\\u00e9tences - Comundi\",\"isPartOf\":{\"@id\":\"https:\/\/www.comundi.fr\/mag-des-competences\/#website\"},\"primaryImageOfPage\":{\"@id\":\"https:\/\/www.comundi.fr\/mag-des-competences\/formation-professionnelle-les-drh-tenus-a-lecart-de-la-reforme\/#primaryimage\"},\"datePublished\":\"2018-06-14T07:00:03+00:00\",\"dateModified\":\"2019-10-17T14:27:51+00:00\",\"description\":\"Pourquoi l'Association nationale des DRH consid\\u00e8re-t-elle que le projet de loi sur la formation ne prend pas en compte les besoins des entreprises ?\",\"breadcrumb\":{\"@id\":\"https:\/\/www.comundi.fr\/mag-des-competences\/formation-professionnelle-les-drh-tenus-a-lecart-de-la-reforme\/#breadcrumb\"},\"inLanguage\":\"fr-FR\",\"potentialAction\":[{\"@type\":\"ReadAction\",\"target\":[\"https:\/\/www.comundi.fr\/mag-des-competences\/formation-professionnelle-les-drh-tenus-a-lecart-de-la-reforme\/\"]}]},{\"@type\":\"BreadcrumbList\",\"@id\":\"https:\/\/www.comundi.fr\/mag-des-competences\/formation-professionnelle-les-drh-tenus-a-lecart-de-la-reforme\/#breadcrumb\",\"itemListElement\":[{\"@type\":\"ListItem\",\"position\":1,\"item\":{\"@type\":\"WebPage\",\"@id\":\"https:\/\/www.comundi.fr\/mag-des-competences\/\",\"url\":\"https:\/\/www.comundi.fr\/mag-des-competences\/\",\"name\":\"Accueil\"}},{\"@type\":\"ListItem\",\"position\":2,\"item\":{\"@type\":\"WebPage\",\"@id\":\"https:\/\/www.comundi.fr\/mag-des-competences\/formation-professionnelle-les-drh-tenus-a-lecart-de-la-reforme\/\",\"url\":\"https:\/\/www.comundi.fr\/mag-des-competences\/formation-professionnelle-les-drh-tenus-a-lecart-de-la-reforme\/\",\"name\":\"Formation professionnelle\\u00a0:\\u00a0les DRH tenus \\u00e0 l&rsquo;\\u00e9cart de la r\\u00e9forme\"}}]},{\"@type\":\"Article\",\"@id\":\"https:\/\/www.comundi.fr\/mag-des-competences\/formation-professionnelle-les-drh-tenus-a-lecart-de-la-reforme\/#article\",\"isPartOf\":{\"@id\":\"https:\/\/www.comundi.fr\/mag-des-competences\/formation-professionnelle-les-drh-tenus-a-lecart-de-la-reforme\/#webpage\"},\"author\":{\"@id\":\"https:\/\/www.comundi.fr\/mag-des-competences\/#\/schema\/person\/96b8f219e4cddee126473c6fbcc0e089\"},\"headline\":\"Formation professionnelle\\u00a0:\\u00a0les DRH tenus \\u00e0 l&rsquo;\\u00e9cart de la r\\u00e9forme\",\"datePublished\":\"2018-06-14T07:00:03+00:00\",\"dateModified\":\"2019-10-17T14:27:51+00:00\",\"mainEntityOfPage\":{\"@id\":\"https:\/\/www.comundi.fr\/mag-des-competences\/formation-professionnelle-les-drh-tenus-a-lecart-de-la-reforme\/#webpage\"},\"commentCount\":0,\"publisher\":{\"@id\":\"https:\/\/www.comundi.fr\/mag-des-competences\/#organization\"},\"image\":{\"@id\":\"https:\/\/www.comundi.fr\/mag-des-competences\/formation-professionnelle-les-drh-tenus-a-lecart-de-la-reforme\/#primaryimage\"},\"articleSection\":\"Formation professionnelle\",\"inLanguage\":\"fr-FR\",\"potentialAction\":[{\"@type\":\"CommentAction\",\"name\":\"Comment\",\"target\":[\"https:\/\/www.comundi.fr\/mag-des-competences\/formation-professionnelle-les-drh-tenus-a-lecart-de-la-reforme\/#respond\"]}]},{\"@type\":\"Person\",\"@id\":\"https:\/\/www.comundi.fr\/mag-des-competences\/#\/schema\/person\/96b8f219e4cddee126473c6fbcc0e089\",\"name\":\"Les Echos\",\"image\":{\"@type\":\"ImageObject\",\"@id\":\"https:\/\/www.comundi.fr\/mag-des-competences\/#personlogo\",\"inLanguage\":\"fr-FR\",\"url\":\"https:\/\/secure.gravatar.com\/avatar\/041d1b3114ce5dce17eaefa721d4ed06?s=96&d=mm&r=g\",\"contentUrl\":\"https:\/\/secure.gravatar.com\/avatar\/041d1b3114ce5dce17eaefa721d4ed06?s=96&d=mm&r=g\",\"caption\":\"Les Echos\"}}]}<\/script>\n<!-- \/ Yoast SEO plugin. -->","amp_enabled":true,"_links":{"self":[{"href":"https:\/\/www.comundi.fr\/mag-des-competences\/wp-json\/wp\/v2\/posts\/1041"}],"collection":[{"href":"https:\/\/www.comundi.fr\/mag-des-competences\/wp-json\/wp\/v2\/posts"}],"about":[{"href":"https:\/\/www.comundi.fr\/mag-des-competences\/wp-json\/wp\/v2\/types\/post"}],"author":[{"embeddable":true,"href":"https:\/\/www.comundi.fr\/mag-des-competences\/wp-json\/wp\/v2\/users\/6"}],"replies":[{"embeddable":true,"href":"https:\/\/www.comundi.fr\/mag-des-competences\/wp-json\/wp\/v2\/comments?post=1041"}],"version-history":[{"count":4,"href":"https:\/\/www.comundi.fr\/mag-des-competences\/wp-json\/wp\/v2\/posts\/1041\/revisions"}],"predecessor-version":[{"id":3238,"href":"https:\/\/www.comundi.fr\/mag-des-competences\/wp-json\/wp\/v2\/posts\/1041\/revisions\/3238"}],"wp:featuredmedia":[{"embeddable":true,"href":"https:\/\/www.comundi.fr\/mag-des-competences\/wp-json\/wp\/v2\/media\/1037"}],"wp:attachment":[{"href":"https:\/\/www.comundi.fr\/mag-des-competences\/wp-json\/wp\/v2\/media?parent=1041"}],"wp:term":[{"taxonomy":"category","embeddable":true,"href":"https:\/\/www.comundi.fr\/mag-des-competences\/wp-json\/wp\/v2\/categories?post=1041"}],"curies":[{"name":"wp","href":"https:\/\/api.w.org\/{rel}","templated":true}]}}