{"id":10347,"date":"2022-05-26T08:50:00","date_gmt":"2022-05-26T06:50:00","guid":{"rendered":"https:\/\/www.comundi.fr\/mag-des-competences\/?p=10347"},"modified":"2022-05-23T16:19:11","modified_gmt":"2022-05-23T14:19:11","slug":"le-role-et-les-missions-du-referent-harcelement","status":"publish","type":"post","link":"https:\/\/www.comundi.fr\/mag-des-competences\/le-role-et-les-missions-du-referent-harcelement\/","title":{"rendered":"Le r\u00f4le et les missions du r\u00e9f\u00e9rent harc\u00e8lement"},"content":{"rendered":"\n<p>Conform\u00e9ment \u00e0 la loi \u00ab Pour la libert\u00e9 de choisir son avenir professionnel \u00bb en date du 5 septembre 2018, la d\u00e9signation de nouveaux r\u00e9f\u00e9rents est devenue obligatoire pour tout employeur. Cela se fait sous certaines conditions d&rsquo;effectif. De ce fait, depuis le 1er janvier 2019, une entreprise avec au moins 250 employeurs est tenue d&rsquo;avoir un r\u00e9f\u00e9rent en mati\u00e8re de <strong>lutte contre le harc\u00e8lement sexuel et les agissements sexistes<\/strong>. Le <strong>r\u00e9f\u00e9rent harc\u00e8lement<\/strong> peut \u00eatre sollicit\u00e9 dans le cadre de diff\u00e9rents types de  harc\u00e8lement comme le <strong>harc\u00e8lement moral<\/strong> qui est un d\u00e9lit. De m\u00eame, le CSE ou Comit\u00e9 social et \u00e9conomique doit en compter un parmi ses membres.<\/p>\n\n\n\n<h2><strong>R\u00e9f\u00e9rents harc\u00e8lements : d\u00e9finition<\/strong><\/h2>\n\n\n\n<p>Comme son nom l&rsquo;indique, le <strong>r\u00e9f\u00e9rent harc\u00e8lement<\/strong> est la personne nomm\u00e9e pour pr\u00e9venir et lutter contre les diff\u00e9rentes formes de harc\u00e8lement au sein d&rsquo;une entreprise. Il doit \u00eatre mis \u00e0 sa disposition un certain nombre de moyens et de pr\u00e9rogatives pour lui permettre d&rsquo;accomplir son r\u00f4le et de mener \u00e0 bien ses missions. Dans la r\u00e9alit\u00e9, la loi en vigueur depuis 2018 a instaur\u00e9 l&rsquo;obligation de nomination de deux r\u00e9f\u00e9rents : le premier par le CSE et le second par l&#8217;employeur.<\/p>\n\n\n\n<p>Le r\u00e9f\u00e9rent CSE a pour principal objectif le renforcement des capacit\u00e9s des \u00e9lus \u00e0 \u00eatre identifi\u00e9s par les salari\u00e9s comme \u00e9tant des recours fiables face \u00e0 toutes formes de harc\u00e8lement. Il doit aussi \u00eatre en mesure de proposer des actions concr\u00e8tes de pr\u00e9vention. Pour rappel, la mise en place d&rsquo;un CSE est obligatoire pour toute entreprise de plus de 11 salari\u00e9s. Quant au r\u00e9f\u00e9rent d\u00e9sign\u00e9 par l&#8217;employeur, il peut s&rsquo;agir de n&rsquo;importe quel salari\u00e9, et non un repr\u00e9sentant \u00e9lu par le personnel.<\/p>\n\n\n\n<h2><strong>Comment sont d\u00e9sign\u00e9s les r\u00e9f\u00e9rents harc\u00e8lement ?<\/strong><\/h2>\n\n\n\n<p>Qu&rsquo;il soit \u00e9lu au sein du CSE ou nomm\u00e9 par l&#8217;employeur, le r\u00f4le du r\u00e9f\u00e9rent est en g\u00e9n\u00e9ral de pr\u00e9venir et de lutter contre les diff\u00e9rents types de <strong>harc\u00e8lement au travail<\/strong>. Pour \u00eatre r\u00e9f\u00e9rent au CSE, il faut en \u00eatre membre pour \u00eatre autoris\u00e9 \u00e0 assurer ce r\u00f4le dans l&rsquo;entreprise. N\u00e9anmoins, il n&rsquo;est pas n\u00e9cessaire que la personne soit titulaire pour faire l&rsquo;objet d&rsquo;une d\u00e9signation. En revanche, l&rsquo;approbation par un vote \u00e0 la majorit\u00e9 des membres du CSE est imp\u00e9rative pour valider sa candidature.<\/p>\n\n\n\n<p>\u00c0 l&rsquo;inverse, le r\u00e9f\u00e9rent nomm\u00e9 par l&#8217;employeur n&rsquo;est pas soumis \u00e0 des conditions de nomination. En th\u00e9orie, tout salari\u00e9 peut \u00eatre d\u00e9sign\u00e9. Toutefois, il est recommand\u00e9 de suivre une <strong><a href=\"https:\/\/www.comundi.fr\/formations\/formation-referent-harcelement-sexuel-et-agissements-sexistes.html\" target=\"_blank\" rel=\"noreferrer noopener\">formation r\u00e9f\u00e9rent harc\u00e8lement<\/a><\/strong> pour \u00eatre capable de r\u00e9aliser l&rsquo;ensemble des missions qui lui sont attribu\u00e9es. De plus, sa nomination n&rsquo;est pas corr\u00e9l\u00e9e \u00e0 une dur\u00e9e de mandat. En effet, la validit\u00e9 de la d\u00e9signation du r\u00e9f\u00e9rent CSE est limit\u00e9e \u00e0 la dur\u00e9e du mandat du membre choisi.<\/p>\n\n\n\n<h2><strong>Quelles sont les missions des r\u00e9f\u00e9rents harc\u00e8lements ?<\/strong><\/h2>\n\n\n\n<p>Le <strong>r\u00f4le r\u00e9f\u00e9rent harc\u00e8lement<\/strong> toute d\u00e9signation confondue n&rsquo;est pas d\u00e9fini par le Code du travail. Si un <strong>r\u00e9f\u00e9rent CSE<\/strong> et un r\u00e9f\u00e9rent d&#8217;employeur sont cependant d\u00e9sign\u00e9s de l&rsquo;entreprise, il est essentiel que leurs missions s&rsquo;articulent autour de la m\u00e9diation et de la r\u00e9alisation d&rsquo;enqu\u00eates aupr\u00e8s des salari\u00e9s. Ils sont tenus d&rsquo;apporter des r\u00e9ponses concr\u00e8tes \u00e0 toutes les questions pos\u00e9es par un employ\u00e9, qu&rsquo;il soit victime ou t\u00e9moin d&rsquo;un harc\u00e8lement. Dans les cas av\u00e9r\u00e9s, ils jouent aussi le r\u00f4le d&rsquo;interlocuteurs.<\/p>\n\n\n\n<p>Pour qu&rsquo;ils puissent accomplir pleinement leurs missions, une <strong>formation r\u00e9f\u00e9rent harc\u00e8lement CSE<\/strong> est ainsi primordiale. En effet, ils sont \u00e0 m\u00eame d&rsquo;orienter, d&rsquo;informer et d&rsquo;accompagner les salari\u00e9s dans la pr\u00e9vention et la lutte contre les diff\u00e9rentes formes de <strong>harc\u00e8lement au travail<\/strong>. Dans cette perspective, le <strong>r\u00f4le r\u00e9f\u00e9rent harc\u00e8lement<\/strong> peut s&rsquo;\u00e9tendre \u00e0 la mise en \u0153uvre de formations sur les risques et les <strong>cons\u00e9quences du harc\u00e8lement<\/strong> en milieu professionnel. Ce dernier impacte le bien-\u00eatre de l&#8217;employ\u00e9.<\/p>\n\n\n\n<h2><strong>Quels sont les moyens mis \u00e0 la disposition du r\u00e9f\u00e9rent ?<\/strong><\/h2>\n\n\n\n<p>Le Code du travail ne stipule aucun moyen sp\u00e9cifique pour les <strong>r\u00e9f\u00e9rents harc\u00e8lement en entreprise<\/strong>. En revanche, ils b\u00e9n\u00e9ficient d&rsquo;une <strong>formation r\u00e9f\u00e9rent harc\u00e8lement<\/strong> pour leur permettre de ma\u00eetriser les aspects de la l\u00e9gislation en la mati\u00e8re et d&rsquo;apprendre \u00e0 interagir avec les victimes et les t\u00e9moins des faits. S&rsquo;ils ne disposent de pouvoirs particuliers pour exercer son r\u00f4le au sein de l&rsquo;entreprise, il leur est toutefois accord\u00e9 des pr\u00e9rogatives et une protection afin de garantir la p\u00e9rennit\u00e9 de leurs missions.<\/p>\n\n\n\n<p>Par ailleurs, une <strong>formation r\u00e9f\u00e9rent harc\u00e8lement CSE<\/strong> ax\u00e9e sur la pr\u00e9vention est indispensable. Elle doit les aider \u00e0 reconna\u00eetre les <strong>signes du harc\u00e8lement<\/strong> et d&rsquo;en comprendre les m\u00e9canismes. En outre, une telle formation est d&rsquo;une grande utilit\u00e9 pour la d\u00e9finition et l&rsquo;application de strat\u00e9gies efficaces de <strong>lutte contre le harc\u00e8lement<\/strong> et de pr\u00e9vention des risques. Enfin, prot\u00e9g\u00e9s contre le licenciement, ils sont libres de circuler dans l&rsquo;entreprise et de s&rsquo;entretenir avec les inspecteurs du travail.<\/p>\n\n\n\n<h2><strong>Qu&rsquo;est-ce que le harc\u00e8lement au travail ?<\/strong><\/h2>\n\n\n\n<p>Il existe plusieurs types de <strong>harc\u00e8lement au travail<\/strong>. Sont consid\u00e9r\u00e9s comme tels les comportements, les gestes et les paroles dans le cadre des relations de travail qui sont de nature \u00e0 alt\u00e9rer les conditions de travail d&rsquo;un employ\u00e9. Le <strong>harc\u00e8lement peut \u00eatre collectif ou individuel<\/strong>, du fait de l&#8217;employeur ou de coll\u00e8gue de travail. Dans le premier cas, il consiste en des techniques manag\u00e9riales touchant la totalit\u00e9 des salari\u00e9s. Dans le second cas, il ne concerne qu&rsquo;un seul employ\u00e9 de l&rsquo;entreprise.<\/p>\n\n\n\n<p>Pour l&rsquo;heure, le<strong> r\u00e9f\u00e9rent harc\u00e8lement <\/strong>est charg\u00e9 de pr\u00e9venir et de <strong>lutter contre le harc\u00e8lement sexuel et les agissements sexistes<\/strong>. Le <strong>harc\u00e8lement sexuel<\/strong> est d\u00e9fini comme tout propos et\/ou comportement \u00e0 connotation sexuelle r\u00e9p\u00e9t\u00e9. En revanche, un agissement sexiste est li\u00e9 au sexe de la personne. Dans les deux cas, les gestes et les paroles en question portent atteinte \u00e0 la dignit\u00e9 et\/ou cr\u00e9e un environnement hostile. Le <strong>harc\u00e8lement moral, l&rsquo;intimidation et la discrimination<\/strong> sont d&rsquo;autres formes de harc\u00e8lement.<\/p>\n","protected":false},"excerpt":{"rendered":"<p>Conform\u00e9ment \u00e0 la loi \u00ab Pour la libert\u00e9 de choisir son avenir professionnel \u00bb en date du 5 septembre 2018, la d\u00e9signation de nouveaux r\u00e9f\u00e9rents est devenue obligatoire pour tout employeur. Cela se fait sous certaines conditions d&rsquo;effectif. De ce fait, depuis le 1er janvier 2019, une entreprise avec au moins 250 employeurs est tenue [&hellip;]<\/p>\n","protected":false},"author":8,"featured_media":10358,"comment_status":"open","ping_status":"open","sticky":false,"template":"","format":"standard","meta":{"_mi_skip_tracking":false},"categories":[179],"yoast_head":"<!-- This site is optimized with the Yoast SEO plugin v16.1 - https:\/\/yoast.com\/wordpress\/plugins\/seo\/ -->\n<title>Le r\u00f4le et les missions du r\u00e9f\u00e9rent harc\u00e8lement - Mag des comp\u00e9tences - Comundi<\/title>\n<meta name=\"description\" content=\"Quel est le r\u00f4le du r\u00e9f\u00e9rent harc\u00e8lement ? Comment le devenir ? Quels sont les obligations de l&#039;entreprise ? R\u00e9ponses dans notre article.\" \/>\n<meta name=\"robots\" content=\"index, follow, max-snippet:-1, max-image-preview:large, max-video-preview:-1\" \/>\n<link rel=\"canonical\" href=\"https:\/\/www.comundi.fr\/mag-des-competences\/le-role-et-les-missions-du-referent-harcelement\/\" \/>\n<meta property=\"og:locale\" content=\"fr_FR\" \/>\n<meta property=\"og:type\" content=\"article\" \/>\n<meta property=\"og:title\" content=\"Le r\u00f4le et les missions du r\u00e9f\u00e9rent harc\u00e8lement - Mag des comp\u00e9tences - Comundi\" \/>\n<meta property=\"og:description\" content=\"Quel est le r\u00f4le du r\u00e9f\u00e9rent harc\u00e8lement ? Comment le devenir ? Quels sont les obligations de l&#039;entreprise ? R\u00e9ponses dans notre article.\" \/>\n<meta property=\"og:url\" content=\"https:\/\/www.comundi.fr\/mag-des-competences\/le-role-et-les-missions-du-referent-harcelement\/\" \/>\n<meta property=\"og:site_name\" content=\"Mag des comp\u00e9tences - Comundi\" \/>\n<meta property=\"article:publisher\" content=\"https:\/\/www.facebook.com\/Comundi\/?fref=ts\" \/>\n<meta property=\"article:published_time\" content=\"2022-05-26T06:50:00+00:00\" \/>\n<meta property=\"article:modified_time\" content=\"2022-05-23T14:19:11+00:00\" \/>\n<meta property=\"og:image\" content=\"https:\/\/www.comundi.fr\/mag-des-competences\/wp-content\/uploads\/2022\/05\/Le-harcelement-au-travail.jpg\" \/>\n\t<meta property=\"og:image:width\" content=\"1200\" \/>\n\t<meta property=\"og:image:height\" content=\"675\" \/>\n<meta name=\"twitter:card\" content=\"summary_large_image\" \/>\n<meta name=\"twitter:creator\" content=\"@ComundiActu\" \/>\n<meta name=\"twitter:site\" content=\"@ComundiActu\" \/>\n<meta name=\"twitter:label1\" content=\"Dur\u00e9e de lecture est.\">\n\t<meta name=\"twitter:data1\" content=\"5 minutes\">\n<script type=\"application\/ld+json\" class=\"yoast-schema-graph\">{\"@context\":\"https:\/\/schema.org\",\"@graph\":[{\"@type\":\"Organization\",\"@id\":\"https:\/\/www.comundi.fr\/mag-des-competences\/#organization\",\"name\":\"Comundi\",\"url\":\"https:\/\/www.comundi.fr\/mag-des-competences\/\",\"sameAs\":[\"https:\/\/www.facebook.com\/Comundi\/?fref=ts\",\"https:\/\/www.linkedin.com\/company\/comundi\/\",\"https:\/\/www.youtube.com\/user\/ComundiFormations\",\"https:\/\/twitter.com\/ComundiActu\"],\"logo\":{\"@type\":\"ImageObject\",\"@id\":\"https:\/\/www.comundi.fr\/mag-des-competences\/#logo\",\"inLanguage\":\"fr-FR\",\"url\":\"https:\/\/www.comundi.fr\/mag-des-competences\/wp-content\/uploads\/2018\/01\/comundi.png\",\"contentUrl\":\"https:\/\/www.comundi.fr\/mag-des-competences\/wp-content\/uploads\/2018\/01\/comundi.png\",\"width\":300,\"height\":300,\"caption\":\"Comundi\"},\"image\":{\"@id\":\"https:\/\/www.comundi.fr\/mag-des-competences\/#logo\"}},{\"@type\":\"WebSite\",\"@id\":\"https:\/\/www.comundi.fr\/mag-des-competences\/#website\",\"url\":\"https:\/\/www.comundi.fr\/mag-des-competences\/\",\"name\":\"Mag des comp\\u00e9tences - Comundi\",\"description\":\"Le magazine des m\\u00e9tiers de demain\",\"publisher\":{\"@id\":\"https:\/\/www.comundi.fr\/mag-des-competences\/#organization\"},\"potentialAction\":[{\"@type\":\"SearchAction\",\"target\":\"https:\/\/www.comundi.fr\/mag-des-competences\/?s={search_term_string}\",\"query-input\":\"required name=search_term_string\"}],\"inLanguage\":\"fr-FR\"},{\"@type\":\"ImageObject\",\"@id\":\"https:\/\/www.comundi.fr\/mag-des-competences\/le-role-et-les-missions-du-referent-harcelement\/#primaryimage\",\"inLanguage\":\"fr-FR\",\"url\":\"https:\/\/www.comundi.fr\/mag-des-competences\/wp-content\/uploads\/2022\/05\/Le-harcelement-au-travail.jpg\",\"contentUrl\":\"https:\/\/www.comundi.fr\/mag-des-competences\/wp-content\/uploads\/2022\/05\/Le-harcelement-au-travail.jpg\",\"width\":1200,\"height\":675,\"caption\":\"Le harc\\u00e8lement au travail\"},{\"@type\":\"WebPage\",\"@id\":\"https:\/\/www.comundi.fr\/mag-des-competences\/le-role-et-les-missions-du-referent-harcelement\/#webpage\",\"url\":\"https:\/\/www.comundi.fr\/mag-des-competences\/le-role-et-les-missions-du-referent-harcelement\/\",\"name\":\"Le r\\u00f4le et les missions du r\\u00e9f\\u00e9rent harc\\u00e8lement - Mag des comp\\u00e9tences - Comundi\",\"isPartOf\":{\"@id\":\"https:\/\/www.comundi.fr\/mag-des-competences\/#website\"},\"primaryImageOfPage\":{\"@id\":\"https:\/\/www.comundi.fr\/mag-des-competences\/le-role-et-les-missions-du-referent-harcelement\/#primaryimage\"},\"datePublished\":\"2022-05-26T06:50:00+00:00\",\"dateModified\":\"2022-05-23T14:19:11+00:00\",\"description\":\"Quel est le r\\u00f4le du r\\u00e9f\\u00e9rent harc\\u00e8lement ? Comment le devenir ? Quels sont les obligations de l'entreprise ? R\\u00e9ponses dans notre article.\",\"breadcrumb\":{\"@id\":\"https:\/\/www.comundi.fr\/mag-des-competences\/le-role-et-les-missions-du-referent-harcelement\/#breadcrumb\"},\"inLanguage\":\"fr-FR\",\"potentialAction\":[{\"@type\":\"ReadAction\",\"target\":[\"https:\/\/www.comundi.fr\/mag-des-competences\/le-role-et-les-missions-du-referent-harcelement\/\"]}]},{\"@type\":\"BreadcrumbList\",\"@id\":\"https:\/\/www.comundi.fr\/mag-des-competences\/le-role-et-les-missions-du-referent-harcelement\/#breadcrumb\",\"itemListElement\":[{\"@type\":\"ListItem\",\"position\":1,\"item\":{\"@type\":\"WebPage\",\"@id\":\"https:\/\/www.comundi.fr\/mag-des-competences\/\",\"url\":\"https:\/\/www.comundi.fr\/mag-des-competences\/\",\"name\":\"Accueil\"}},{\"@type\":\"ListItem\",\"position\":2,\"item\":{\"@type\":\"WebPage\",\"@id\":\"https:\/\/www.comundi.fr\/mag-des-competences\/le-role-et-les-missions-du-referent-harcelement\/\",\"url\":\"https:\/\/www.comundi.fr\/mag-des-competences\/le-role-et-les-missions-du-referent-harcelement\/\",\"name\":\"Le r\\u00f4le et les missions du r\\u00e9f\\u00e9rent harc\\u00e8lement\"}}]},{\"@type\":\"Article\",\"@id\":\"https:\/\/www.comundi.fr\/mag-des-competences\/le-role-et-les-missions-du-referent-harcelement\/#article\",\"isPartOf\":{\"@id\":\"https:\/\/www.comundi.fr\/mag-des-competences\/le-role-et-les-missions-du-referent-harcelement\/#webpage\"},\"author\":{\"@id\":\"https:\/\/www.comundi.fr\/mag-des-competences\/#\/schema\/person\/d08f5c2cf9de6fcfd33c30314745578e\"},\"headline\":\"Le r\\u00f4le et les missions du r\\u00e9f\\u00e9rent harc\\u00e8lement\",\"datePublished\":\"2022-05-26T06:50:00+00:00\",\"dateModified\":\"2022-05-23T14:19:11+00:00\",\"mainEntityOfPage\":{\"@id\":\"https:\/\/www.comundi.fr\/mag-des-competences\/le-role-et-les-missions-du-referent-harcelement\/#webpage\"},\"commentCount\":0,\"publisher\":{\"@id\":\"https:\/\/www.comundi.fr\/mag-des-competences\/#organization\"},\"image\":{\"@id\":\"https:\/\/www.comundi.fr\/mag-des-competences\/le-role-et-les-missions-du-referent-harcelement\/#primaryimage\"},\"articleSection\":\"Sant\\u00e9 au travail - QVT\",\"inLanguage\":\"fr-FR\",\"potentialAction\":[{\"@type\":\"CommentAction\",\"name\":\"Comment\",\"target\":[\"https:\/\/www.comundi.fr\/mag-des-competences\/le-role-et-les-missions-du-referent-harcelement\/#respond\"]}]},{\"@type\":\"Person\",\"@id\":\"https:\/\/www.comundi.fr\/mag-des-competences\/#\/schema\/person\/d08f5c2cf9de6fcfd33c30314745578e\",\"name\":\"Comundi\",\"image\":{\"@type\":\"ImageObject\",\"@id\":\"https:\/\/www.comundi.fr\/mag-des-competences\/#personlogo\",\"inLanguage\":\"fr-FR\",\"url\":\"https:\/\/secure.gravatar.com\/avatar\/da2835ae7b2c1279e8e897d242f4cda6?s=96&d=mm&r=g\",\"contentUrl\":\"https:\/\/secure.gravatar.com\/avatar\/da2835ae7b2c1279e8e897d242f4cda6?s=96&d=mm&r=g\",\"caption\":\"Comundi\"}}]}<\/script>\n<!-- \/ Yoast SEO plugin. -->","amp_enabled":true,"_links":{"self":[{"href":"https:\/\/www.comundi.fr\/mag-des-competences\/wp-json\/wp\/v2\/posts\/10347"}],"collection":[{"href":"https:\/\/www.comundi.fr\/mag-des-competences\/wp-json\/wp\/v2\/posts"}],"about":[{"href":"https:\/\/www.comundi.fr\/mag-des-competences\/wp-json\/wp\/v2\/types\/post"}],"author":[{"embeddable":true,"href":"https:\/\/www.comundi.fr\/mag-des-competences\/wp-json\/wp\/v2\/users\/8"}],"replies":[{"embeddable":true,"href":"https:\/\/www.comundi.fr\/mag-des-competences\/wp-json\/wp\/v2\/comments?post=10347"}],"version-history":[{"count":3,"href":"https:\/\/www.comundi.fr\/mag-des-competences\/wp-json\/wp\/v2\/posts\/10347\/revisions"}],"predecessor-version":[{"id":10361,"href":"https:\/\/www.comundi.fr\/mag-des-competences\/wp-json\/wp\/v2\/posts\/10347\/revisions\/10361"}],"wp:featuredmedia":[{"embeddable":true,"href":"https:\/\/www.comundi.fr\/mag-des-competences\/wp-json\/wp\/v2\/media\/10358"}],"wp:attachment":[{"href":"https:\/\/www.comundi.fr\/mag-des-competences\/wp-json\/wp\/v2\/media?parent=10347"}],"wp:term":[{"taxonomy":"category","embeddable":true,"href":"https:\/\/www.comundi.fr\/mag-des-competences\/wp-json\/wp\/v2\/categories?post=10347"}],"curies":[{"name":"wp","href":"https:\/\/api.w.org\/{rel}","templated":true}]}}