{"id":10022,"date":"2022-02-01T08:45:00","date_gmt":"2022-02-01T07:45:00","guid":{"rendered":"https:\/\/www.comundi.fr\/mag-des-competences\/?p=10022"},"modified":"2022-01-31T14:06:10","modified_gmt":"2022-01-31T13:06:10","slug":"nouveau-projet-comment-dissiper-la-resistance-au-changement","status":"publish","type":"post","link":"https:\/\/www.comundi.fr\/mag-des-competences\/nouveau-projet-comment-dissiper-la-resistance-au-changement\/","title":{"rendered":"Nouveau projet : comment dissiper la r\u00e9sistance au changement"},"content":{"rendered":"\n<p>Pour \u00eatre accept\u00e9e, une transformation doit \u00eatre organique et apprenante, et donc prendre du temps. La conduite du changement requiert p\u00e9dagogie, exclut toute brutalit\u00e9 et pose un cadre qui laisse respirer l&rsquo;initiative.<\/p>\n\n\n\n<p>Je suis s\u00fbre que cela vous est d\u00e9j\u00e0 arriv\u00e9&nbsp;! Avant de d\u00e9cider la mise en \u0153uvre, dans toute votre entreprise, d&rsquo;<a href=\"https:\/\/www.lesechos.fr\/idees-debats\/leadership-management\/dirigeants-maitrisez-vous-la-pedagogie-du-changement-1309651\">une grande ambition<\/a>&nbsp;cens\u00e9e en r\u00e9volutionner le fonctionnement, vous avez jug\u00e9 prudent de l&rsquo;exp\u00e9rimenter. Vous avez mis un soin particulier \u00e0 faire un pilote, lequel a bien fonctionn\u00e9, et vous avez pu valider la pertinence de votre projet.<\/p>\n\n\n\n<p>C&rsquo;est apr\u00e8s que les ennuis ont commenc\u00e9. Au moment de la g\u00e9n\u00e9ralisation, contre toute attente, vous avez fait face \u00e0 des r\u00e9sistances et des freins de toutes parts. Et des mois plus tard, le r\u00e9sultat est&nbsp;<a href=\"https:\/\/www.lesechos.fr\/idees-debats\/leadership-management\/transformations-80-des-patrons-favorables-a-leur-acceleration-1248463\">loin d&rsquo;\u00eatre \u00e0 la hauteur de vos attentes<\/a>&nbsp;.<\/p>\n\n\n\n<h2><strong>Pilote versus d\u00e9ploiement<\/strong><\/h2>\n\n\n\n<p>Plus le projet est ambitieux, plus on est pr\u00e9cautionneux dans la zone test de l&rsquo;entreprise, o\u00f9 on d\u00e9cide de l&rsquo;incuber. Un pilote, c&rsquo;est un b\u00e9b\u00e9 sur le berceau duquel toutes les bonnes f\u00e9es viennent se pencher. <a href=\"https:\/\/www.comundi.fr\/mag-des-competences\/le-manager-leader-de-la-transformation\/\" target=\"_blank\" rel=\"noreferrer noopener\">Les \u00e9quipes &#8211; qu&rsquo;on a aussi s\u00e9lectionn\u00e9es pour leur leadership &#8211; ont le temps de maturation requis pour tester, mesurer, corriger<\/a>. Elles peuvent compter sur la confiance et le soutien des dirigeants, elles disposent de tous les moyens n\u00e9cessaires, elles sont encourag\u00e9es, valoris\u00e9es, c\u00e9l\u00e9br\u00e9es. Elles ne subissent pas le changement, elles le conduisent. Et elles r\u00e9ussissent.<\/p>\n\n\n\n<p>Le<strong> d\u00e9ploiement du projet<\/strong>, c&rsquo;est autre chose. Quand on g\u00e9n\u00e9ralise, on impose une d\u00e9ferlante de contraintes \u00e0 des \u00e9quipes qui n&rsquo;ont pas d&rsquo;autres choix que de faire ce qu&rsquo;on leur demande. Elles n&rsquo;ont pas le loisir d&rsquo;y mettre un peu d&rsquo;elles-m\u00eames puisque tout a d\u00e9j\u00e0 \u00e9t\u00e9 imagin\u00e9 par d&rsquo;autres. Or tout le monde a le droit de b\u00e9n\u00e9ficier de l&rsquo;exp\u00e9rience suffisante pour se mettre en route vers un changement.<\/p>\n\n\n\n<h2><strong>Trois pistes d&rsquo;action<\/strong><\/h2>\n\n\n\n<p>On n&rsquo;accepte facilement de bouger que si on le d\u00e9cide, et que\u00a0<a href=\"https:\/\/www.lesechos.fr\/idees-debats\/leadership-management\/decisions-strategiques-les-acteurs-de-terrain-en-sont-encore-trop-exclus-1263949\">si on est invit\u00e9 \u00e0 participer<\/a>\u00a0, \u00e0 \u00e9laborer le nouveau fonctionnement qui deviendra le sien. A minima, on doit comprendre o\u00f9 on va, pourquoi on y va, et participer activement au comment. Alors, <a href=\"https:\/\/www.comundi.fr\/mag-des-competences\/un-management-reinvente-levier-indispensable-a-la-transformation\/\" target=\"_blank\" rel=\"noreferrer noopener\">comment proc\u00e9der \u00e0 la <strong>transformation d&rsquo;un fonctionnement<\/strong> sans se heurter \u00e0 ces r\u00e9sistances\u00a0<\/a>? Trois pistes d&rsquo;action.<\/p>\n\n\n\n<p>D&rsquo;abord, s&rsquo;\u00f4ter de la t\u00eate la croyance selon laquelle les gens ont forc\u00e9ment des freins. Moins on subit le changement, mieux on le comprend et plus on parvient \u00e0 mobiliser en soi l&rsquo;\u00e9nergie n\u00e9cessaire pour s&rsquo;adapter.<\/p>\n\n\n\n<p>Ensuite, choisir un sujet op\u00e9rationnel bien circonscrit sur lequel on cherche \u00e0 faire des progr\u00e8s visibles et dont personne ne peut contester la l\u00e9gitimit\u00e9. Mobiliser toutes les bonnes volont\u00e9s pour le \u00ab&nbsp;craquer&nbsp;\u00bb en d\u00e9finissant un cadre, des r\u00e8gles du jeu, mais pas de solution a priori. En m\u00eame temps qu&rsquo;on avance et qu&rsquo;on progresse effectivement, travailler sur les enseignements que ces pratiques nous inspirent. C&rsquo;est l&rsquo;occasion de valider, en parall\u00e8le, les solutions propos\u00e9es par les \u00e9quipes et le bon niveau de gouvernance pour les faire \u00e9clore et se d\u00e9velopper.<\/p>\n\n\n\n<p>Enfin, ne pas chercher \u00e0 g\u00e9n\u00e9raliser les solutions propos\u00e9es, mais plut\u00f4t consacrer son \u00e9nergie \u00e0 diffuser le nouveau cadre, les nouvelles r\u00e8gles et les autorisations donn\u00e9es aux \u00e9quipes.<\/p>\n\n\n\n<h2><strong>Patrons mod\u00e9lisants<\/strong><\/h2>\n\n\n\n<p>Tout cela engage bien s\u00fbr les dirigeants. La transformation s&rsquo;effectuera d&rsquo;autant mieux que leur propre comportement accompagnera les \u00ab&nbsp;boug\u00e9s&nbsp;\u00bb de l&rsquo;organisation. On le sait, les patrons sont mod\u00e9lisants. Chacun les observe et ils n&rsquo;inspirent plus aujourd&rsquo;hui que par ce qu&rsquo;ils font.<\/p>\n\n\n\n<p>Les transformations r\u00e9ussies sont organiques et apprenantes, et donc prennent du temps. <a href=\"https:\/\/www.comundi.fr\/mag-des-competences\/haier-les-managers-au-coeur-de-la-transformation\/\" target=\"_blank\" rel=\"noreferrer noopener\">Elles posent un cadre qui laisse respirer l&rsquo;initiative et permet \u00e0 chacun d&rsquo;\u00eatre \u00e0 l&rsquo;aise et <strong>actif dans le changement<\/strong><\/a>.<\/p>\n\n\n\n<p>ANALYSE &#8211;<a href=\"https:\/\/www.lesechos.fr\/idees-debats\/leadership-management\/les-5-ruptures-qui-tracent-les-contours-du-futur-du-travail-1378774\"><strong>Les 5 ruptures qui tracent les contours du futur du travail<\/strong><\/a><\/p>\n\n\n\n<p>DECRYPTAGE &#8211;<a href=\"https:\/\/www.lesechos.fr\/idees-debats\/leadership-management\/management-du-laisser-faire-une-etude-pointe-le-role-cle-de-la-remuneration-1374823\"><strong>Management du \u00ab laisser-faire \u00bb<\/strong><\/a><\/p>\n\n\n\n<p>CHRONIQUE &#8211;<a href=\"https:\/\/www.lesechos.fr\/idees-debats\/leadership-management\/un-collaborateur-senior-qui-sen-va-cest-du-savoir-faire-qui-part-en-fumee-1367544\"><strong>Un collaborateur senior qui s&rsquo;en va, c&rsquo;est du savoir-faire qui part en fum\u00e9e<\/strong><\/a><\/p>\n\n\n\n<p>ANALYSE &#8211;<a href=\"https:\/\/www.lesechos.fr\/idees-debats\/leadership-management\/exclusif-globalement-femmes-et-hommes-prennent-des-risques-de-la-meme-facon-1377027\"><strong>Globalement, femmes et hommes prennent des risques de la m\u00eame fa\u00e7on<\/strong><\/a><\/p>\n\n\n\n<p>CHRONIQUE &#8211;<a href=\"https:\/\/www.lesechos.fr\/idees-debats\/leadership-management\/dirigeants-ne-cessez-jamais-de-retravailler-vos-competences-manageriales-1372609\"><strong>Dirigeants, ne cessez jamais de retravailler vos comp\u00e9tences manag\u00e9riales !<\/strong><\/a><\/p>\n\n\n\n<p>ANALYSE &#8211;<a href=\"https:\/\/www.lesechos.fr\/idees-debats\/leadership-management\/le-covid-pousse-aussi-a-multiplier-les-business-models-1301339\"><strong>Le Covid pousse aussi \u00e0 multiplier les business models<\/strong><\/a><\/p>\n\n\n\n<p><strong>B\u00e9n\u00e9dicte Tilloy<\/strong><\/p>\n","protected":false},"excerpt":{"rendered":"<p>Pour \u00eatre accept\u00e9e, une transformation doit \u00eatre organique et apprenante, et donc prendre du temps. La conduite du changement requiert p\u00e9dagogie, exclut toute brutalit\u00e9 et pose un cadre qui laisse respirer l&rsquo;initiative. Je suis s\u00fbre que cela vous est d\u00e9j\u00e0 arriv\u00e9&nbsp;! Avant de d\u00e9cider la mise en \u0153uvre, dans toute votre entreprise, d&rsquo;une grande ambition&nbsp;cens\u00e9e [&hellip;]<\/p>\n","protected":false},"author":6,"featured_media":10024,"comment_status":"open","ping_status":"open","sticky":false,"template":"","format":"standard","meta":{"_mi_skip_tracking":false},"categories":[184],"yoast_head":"<!-- This site is optimized with the Yoast SEO plugin v16.1 - https:\/\/yoast.com\/wordpress\/plugins\/seo\/ -->\n<title>Nouveau projet : comment dissiper la r\u00e9sistance au changement - Mag des comp\u00e9tences - Comundi<\/title>\n<meta name=\"description\" content=\"La conduite du changement requiert p\u00e9dagogie. Comment faire accepter un projet de transformation dans l&#039;entreprise ?\" \/>\n<meta name=\"robots\" content=\"noindex, nofollow\" \/>\n<meta property=\"og:locale\" content=\"fr_FR\" \/>\n<meta property=\"og:type\" content=\"article\" \/>\n<meta property=\"og:title\" content=\"Nouveau projet : comment dissiper la r\u00e9sistance au changement - Mag des comp\u00e9tences - Comundi\" \/>\n<meta property=\"og:description\" content=\"La conduite du changement requiert p\u00e9dagogie. Comment faire accepter un projet de transformation dans l&#039;entreprise ?\" \/>\n<meta property=\"og:url\" content=\"https:\/\/www.comundi.fr\/mag-des-competences\/nouveau-projet-comment-dissiper-la-resistance-au-changement\/\" \/>\n<meta property=\"og:site_name\" content=\"Mag des comp\u00e9tences - Comundi\" \/>\n<meta property=\"article:publisher\" content=\"https:\/\/www.facebook.com\/Comundi\/?fref=ts\" \/>\n<meta property=\"article:published_time\" content=\"2022-02-01T07:45:00+00:00\" \/>\n<meta property=\"article:modified_time\" content=\"2022-01-31T13:06:10+00:00\" \/>\n<meta property=\"og:image\" content=\"https:\/\/www.comundi.fr\/mag-des-competences\/wp-content\/uploads\/2022\/02\/Le-changement-dans-lentreprise.jpg\" \/>\n\t<meta property=\"og:image:width\" content=\"1200\" \/>\n\t<meta property=\"og:image:height\" content=\"675\" \/>\n<meta name=\"twitter:card\" content=\"summary_large_image\" \/>\n<meta name=\"twitter:creator\" content=\"@ComundiActu\" \/>\n<meta name=\"twitter:site\" content=\"@ComundiActu\" \/>\n<meta name=\"twitter:label1\" content=\"Dur\u00e9e de lecture est.\">\n\t<meta name=\"twitter:data1\" content=\"3 minutes\">\n<script type=\"application\/ld+json\" class=\"yoast-schema-graph\">{\"@context\":\"https:\/\/schema.org\",\"@graph\":[{\"@type\":\"Organization\",\"@id\":\"https:\/\/www.comundi.fr\/mag-des-competences\/#organization\",\"name\":\"Comundi\",\"url\":\"https:\/\/www.comundi.fr\/mag-des-competences\/\",\"sameAs\":[\"https:\/\/www.facebook.com\/Comundi\/?fref=ts\",\"https:\/\/www.linkedin.com\/company\/comundi\/\",\"https:\/\/www.youtube.com\/user\/ComundiFormations\",\"https:\/\/twitter.com\/ComundiActu\"],\"logo\":{\"@type\":\"ImageObject\",\"@id\":\"https:\/\/www.comundi.fr\/mag-des-competences\/#logo\",\"inLanguage\":\"fr-FR\",\"url\":\"https:\/\/www.comundi.fr\/mag-des-competences\/wp-content\/uploads\/2018\/01\/comundi.png\",\"contentUrl\":\"https:\/\/www.comundi.fr\/mag-des-competences\/wp-content\/uploads\/2018\/01\/comundi.png\",\"width\":300,\"height\":300,\"caption\":\"Comundi\"},\"image\":{\"@id\":\"https:\/\/www.comundi.fr\/mag-des-competences\/#logo\"}},{\"@type\":\"WebSite\",\"@id\":\"https:\/\/www.comundi.fr\/mag-des-competences\/#website\",\"url\":\"https:\/\/www.comundi.fr\/mag-des-competences\/\",\"name\":\"Mag des comp\\u00e9tences - Comundi\",\"description\":\"Le magazine des m\\u00e9tiers de demain\",\"publisher\":{\"@id\":\"https:\/\/www.comundi.fr\/mag-des-competences\/#organization\"},\"potentialAction\":[{\"@type\":\"SearchAction\",\"target\":\"https:\/\/www.comundi.fr\/mag-des-competences\/?s={search_term_string}\",\"query-input\":\"required name=search_term_string\"}],\"inLanguage\":\"fr-FR\"},{\"@type\":\"ImageObject\",\"@id\":\"https:\/\/www.comundi.fr\/mag-des-competences\/nouveau-projet-comment-dissiper-la-resistance-au-changement\/#primaryimage\",\"inLanguage\":\"fr-FR\",\"url\":\"https:\/\/www.comundi.fr\/mag-des-competences\/wp-content\/uploads\/2022\/02\/Le-changement-dans-lentreprise.jpg\",\"contentUrl\":\"https:\/\/www.comundi.fr\/mag-des-competences\/wp-content\/uploads\/2022\/02\/Le-changement-dans-lentreprise.jpg\",\"width\":1200,\"height\":675,\"caption\":\"Le changement dans l'entreprise\"},{\"@type\":\"WebPage\",\"@id\":\"https:\/\/www.comundi.fr\/mag-des-competences\/nouveau-projet-comment-dissiper-la-resistance-au-changement\/#webpage\",\"url\":\"https:\/\/www.comundi.fr\/mag-des-competences\/nouveau-projet-comment-dissiper-la-resistance-au-changement\/\",\"name\":\"Nouveau projet : comment dissiper la r\\u00e9sistance au changement - Mag des comp\\u00e9tences - Comundi\",\"isPartOf\":{\"@id\":\"https:\/\/www.comundi.fr\/mag-des-competences\/#website\"},\"primaryImageOfPage\":{\"@id\":\"https:\/\/www.comundi.fr\/mag-des-competences\/nouveau-projet-comment-dissiper-la-resistance-au-changement\/#primaryimage\"},\"datePublished\":\"2022-02-01T07:45:00+00:00\",\"dateModified\":\"2022-01-31T13:06:10+00:00\",\"description\":\"La conduite du changement requiert p\\u00e9dagogie. Comment faire accepter un projet de transformation dans l'entreprise ?\",\"breadcrumb\":{\"@id\":\"https:\/\/www.comundi.fr\/mag-des-competences\/nouveau-projet-comment-dissiper-la-resistance-au-changement\/#breadcrumb\"},\"inLanguage\":\"fr-FR\",\"potentialAction\":[{\"@type\":\"ReadAction\",\"target\":[\"https:\/\/www.comundi.fr\/mag-des-competences\/nouveau-projet-comment-dissiper-la-resistance-au-changement\/\"]}]},{\"@type\":\"BreadcrumbList\",\"@id\":\"https:\/\/www.comundi.fr\/mag-des-competences\/nouveau-projet-comment-dissiper-la-resistance-au-changement\/#breadcrumb\",\"itemListElement\":[{\"@type\":\"ListItem\",\"position\":1,\"item\":{\"@type\":\"WebPage\",\"@id\":\"https:\/\/www.comundi.fr\/mag-des-competences\/\",\"url\":\"https:\/\/www.comundi.fr\/mag-des-competences\/\",\"name\":\"Accueil\"}},{\"@type\":\"ListItem\",\"position\":2,\"item\":{\"@type\":\"WebPage\",\"@id\":\"https:\/\/www.comundi.fr\/mag-des-competences\/nouveau-projet-comment-dissiper-la-resistance-au-changement\/\",\"url\":\"https:\/\/www.comundi.fr\/mag-des-competences\/nouveau-projet-comment-dissiper-la-resistance-au-changement\/\",\"name\":\"Nouveau projet : comment dissiper la r\\u00e9sistance au changement\"}}]},{\"@type\":\"Article\",\"@id\":\"https:\/\/www.comundi.fr\/mag-des-competences\/nouveau-projet-comment-dissiper-la-resistance-au-changement\/#article\",\"isPartOf\":{\"@id\":\"https:\/\/www.comundi.fr\/mag-des-competences\/nouveau-projet-comment-dissiper-la-resistance-au-changement\/#webpage\"},\"author\":{\"@id\":\"https:\/\/www.comundi.fr\/mag-des-competences\/#\/schema\/person\/96b8f219e4cddee126473c6fbcc0e089\"},\"headline\":\"Nouveau projet : comment dissiper la r\\u00e9sistance au changement\",\"datePublished\":\"2022-02-01T07:45:00+00:00\",\"dateModified\":\"2022-01-31T13:06:10+00:00\",\"mainEntityOfPage\":{\"@id\":\"https:\/\/www.comundi.fr\/mag-des-competences\/nouveau-projet-comment-dissiper-la-resistance-au-changement\/#webpage\"},\"commentCount\":0,\"publisher\":{\"@id\":\"https:\/\/www.comundi.fr\/mag-des-competences\/#organization\"},\"image\":{\"@id\":\"https:\/\/www.comundi.fr\/mag-des-competences\/nouveau-projet-comment-dissiper-la-resistance-au-changement\/#primaryimage\"},\"articleSection\":\"management\",\"inLanguage\":\"fr-FR\",\"potentialAction\":[{\"@type\":\"CommentAction\",\"name\":\"Comment\",\"target\":[\"https:\/\/www.comundi.fr\/mag-des-competences\/nouveau-projet-comment-dissiper-la-resistance-au-changement\/#respond\"]}]},{\"@type\":\"Person\",\"@id\":\"https:\/\/www.comundi.fr\/mag-des-competences\/#\/schema\/person\/96b8f219e4cddee126473c6fbcc0e089\",\"name\":\"Les Echos\",\"image\":{\"@type\":\"ImageObject\",\"@id\":\"https:\/\/www.comundi.fr\/mag-des-competences\/#personlogo\",\"inLanguage\":\"fr-FR\",\"url\":\"https:\/\/secure.gravatar.com\/avatar\/041d1b3114ce5dce17eaefa721d4ed06?s=96&d=mm&r=g\",\"contentUrl\":\"https:\/\/secure.gravatar.com\/avatar\/041d1b3114ce5dce17eaefa721d4ed06?s=96&d=mm&r=g\",\"caption\":\"Les Echos\"}}]}<\/script>\n<!-- \/ Yoast SEO plugin. -->","amp_enabled":true,"_links":{"self":[{"href":"https:\/\/www.comundi.fr\/mag-des-competences\/wp-json\/wp\/v2\/posts\/10022"}],"collection":[{"href":"https:\/\/www.comundi.fr\/mag-des-competences\/wp-json\/wp\/v2\/posts"}],"about":[{"href":"https:\/\/www.comundi.fr\/mag-des-competences\/wp-json\/wp\/v2\/types\/post"}],"author":[{"embeddable":true,"href":"https:\/\/www.comundi.fr\/mag-des-competences\/wp-json\/wp\/v2\/users\/6"}],"replies":[{"embeddable":true,"href":"https:\/\/www.comundi.fr\/mag-des-competences\/wp-json\/wp\/v2\/comments?post=10022"}],"version-history":[{"count":4,"href":"https:\/\/www.comundi.fr\/mag-des-competences\/wp-json\/wp\/v2\/posts\/10022\/revisions"}],"predecessor-version":[{"id":10029,"href":"https:\/\/www.comundi.fr\/mag-des-competences\/wp-json\/wp\/v2\/posts\/10022\/revisions\/10029"}],"wp:featuredmedia":[{"embeddable":true,"href":"https:\/\/www.comundi.fr\/mag-des-competences\/wp-json\/wp\/v2\/media\/10024"}],"wp:attachment":[{"href":"https:\/\/www.comundi.fr\/mag-des-competences\/wp-json\/wp\/v2\/media?parent=10022"}],"wp:term":[{"taxonomy":"category","embeddable":true,"href":"https:\/\/www.comundi.fr\/mag-des-competences\/wp-json\/wp\/v2\/categories?post=10022"}],"curies":[{"name":"wp","href":"https:\/\/api.w.org\/{rel}","templated":true}]}}